{"id":1918,"date":"2015-07-20T22:58:02","date_gmt":"2015-07-20T20:58:02","guid":{"rendered":"http:\/\/www.altercampagne.net\/?p=1918"},"modified":"2016-04-10T21:29:44","modified_gmt":"2016-04-10T19:29:44","slug":"bure-la-resistance-change-de-visage","status":"publish","type":"post","link":"https:\/\/www.altercampagne.net\/?p=1918","title":{"rendered":"Bure \u2013 La r\u00e9sistance change de visage"},"content":{"rendered":"<div class=\"single-post-caption\"><a href=\"http:\/\/www.lequotidien.lu\/grande-region\/bure-la-resistance-change-de-visage\/\" target=\"_blank\"><img loading=\"lazy\" decoding=\"async\" class=\"attachment-slider wp-post-image alignright\" src=\"http:\/\/www.lequotidien.lu\/wp-content\/uploads\/2015\/07\/490_0008_14225455_bure_r_publicain_lorrain-480x330.jpg\" alt=\"Manifestation gentillette, hier, devant le laboratoire de l'Andra, o\u00f9 les cyclistes de l'AlterTour ont fait \u00e9tape. Le camp VMC de d\u00e9but ao\u00fbt s'annonce beaucoup plus radical. (Photo : RL)\" width=\"480\" height=\"330\" \/><\/a>Manifestation gentillette, hier, devant le laboratoire de l&rsquo;Andra, o\u00f9 les cyclistes de l&rsquo;AlterTour ont fait \u00e9tape. Le <a href=\"https:\/\/campvmc.noblogs.org\/\" target=\"_blank\">camp VMC<\/a> de d\u00e9but ao\u00fbt s&rsquo;annonce beaucoup plus radical. (Photo : RL)<\/div>\n<div class=\"single-post-caption\">Les manifestations antinucl\u00e9aires se succ\u00e8dent cet \u00e9t\u00e9 sur le site. Hier, l\u2019AlterTour a fait \u00e9tape en Meuse (Lorraine). Mais du 1er au 10 ao\u00fbt se tiendra un grand camp rassemblant les \u00e9colos les plus radicaux. Signe que la lutte prend une autre tournure.<\/div>\n<div class=\"post-inner\">\n<div class=\"entry\">\n<p>Une trentaine de cyclistes tournent en rond devant les grilles du laboratoire de l\u2019Andra (Agence nationale de gestion des d\u00e9chets nucl\u00e9aires). Pour sa premi\u00e8re \u00e9tape hier, l\u2019AlterTour a choisi Bure : \u00abNous venons d\u00e9noncer l\u2019aberration \u00e9cologique du projet Cig\u00e9o.\u00bb Il aura fallu attendre la 8e \u00e9dition pour que ce tour \u00e9colo \u00e0 v\u00e9los de 1 400 km sur cinq semaines passe enfin par la Meuse. Pour le plus grand plaisir des opposants historiques locaux. \u00ab2015 restera comme l\u2019ann\u00e9e du renouveau. Bure devient le centre des luttes environnementales\u00bb, se f\u00e9licite Claude. \u00abL\u2019an dernier, \u00e0 Notre-Dame-des-Landes, Cig\u00e9o \u00e9tait \u00e0 peine connu. Cet \u00e9t\u00e9, tout le monde en parlait\u00bb, ajoute Ir\u00e8ne de retour de Loire-Atlantique. Le passage en force du gouvernement et des parlementaires via le 49-3 de la loi Macron sur la r\u00e9versibilit\u00e9 de Cig\u00e9o et la phrase de S\u00e9gol\u00e8ne Royal se disant personnellement d\u00e9favorable \u00e0 l\u2019enfouissement des d\u00e9chets ont fini par galvaniser, ces derni\u00e8res semaines, l\u2019opposition.<\/p>\n<p>Pas \u00e9tonnant que les <a href=\"http:\/\/amies.revuesilence.net\/\" target=\"_blank\">Ami(e)s de silence<\/a>, collectif publiant une revue tr\u00e8s appr\u00e9ci\u00e9e dans le milieu \u00e9colo, aient choisi la Meuse pour ses 14e rencontres estivales. Son camp est install\u00e9, jusqu\u2019au 2 ao\u00fbt, \u00e0 6 km de Bure.<\/p>\n<p><strong>Convergence polici\u00e8re<\/strong><\/p>\n<p>C\u2019est l\u00e0, sur les 8 hectares de l\u2019ancienne gare de Lum\u00e9ville-en-Ornois pr\u00eat\u00e9s par les propri\u00e9taires, que se pr\u00e9pare l\u2019\u00e9v\u00e9nement de l\u2019\u00e9t\u00e9 : le camp VMC, pour Vladimir, Martine &amp; Co. L\u2019explication de ce sobriquet permet de mieux cerner le mouvement. Il fait r\u00e9f\u00e9rence \u00e0 Vladimir Martynenko, l\u2019agent d\u2019entretien de l\u2019a\u00e9roport de Vnoukovo \u00e0 Moscou qui a oubli\u00e9 la d\u00e9neigeuse ayant provoqu\u00e9 le crash de l\u2019avion du PDG de Total, Christophe De Margerie.<\/p>\n<p>Bien d\u00e9cid\u00e9s \u00e0 \u00abmettre leur grain de sel dans les vertes vall\u00e9es et les belles for\u00eats de Meuse et Haute-Marne\u00bb, les organisateurs annoncent d\u00e9j\u00e0 que ce camp \u00abantiautoritaire et anticapitaliste\u00bb sera tr\u00e8s suivi. Ce \u00abtemps de r\u00e9flexion\u00bb pacifique, programm\u00e9 du 1er au 10 ao\u00fbt, a pour objectif de \u00abpermettre la rencontre de groupes en lutte et de renforcer la lutte contre Cig\u00e9o.\u00bb<\/p>\n<p>Le collectif VMC est n\u00e9 des multiples rencontres effectu\u00e9es au fil des camps NoBorder ou Action climat, ou des luttes contre l\u2019a\u00e9roport de Notre-Dame-des-Landes, le TGV Lyon-Turin au Val Susa, la ligne \u00e0 tr\u00e8s haute tension de Chefresne (Manche) ou la gare des trains Castor de Valognes (Manche). Des zadistes, engag\u00e9es dans des zones \u00e0 d\u00e9fendre (Zad), seront \u00e9videmment de la partie.<\/p>\n<p><em>Philippe Marque (Le R\u00e9publicain lorrain)<\/em><\/p>\n<p>Source, le R\u00e9publicain lorrain : <a href=\"http:\/\/www.lequotidien.lu\/grande-region\/bure-la-resistance-change-de-visage\/\" target=\"_blank\">http:\/\/www.lequotidien.lu\/grande-region\/bure-la-resistance-change-de-visage\/<\/a><\/p>\n<\/div>\n<\/div>\n","protected":false},"excerpt":{"rendered":"<p>Manifestation gentillette, hier, devant le laboratoire de l&rsquo;Andra, o\u00f9 les cyclistes de l&rsquo;AlterTour ont fait \u00e9tape. Le camp VMC de d\u00e9but ao\u00fbt s&rsquo;annonce beaucoup plus radical. (Photo : RL) Les manifestations antinucl\u00e9aires se succ\u00e8dent cet \u00e9t\u00e9 sur le site. Hier, l\u2019AlterTour a fait \u00e9tape en Meuse (Lorraine). Mais du 1er &#8230; <\/p>\n<div><a href=\"https:\/\/www.altercampagne.net\/?p=1918\" class=\"more-link\">Read More<\/a><\/div>\n","protected":false},"author":214,"featured_media":0,"comment_status":"closed","ping_status":"closed","sticky":false,"template":"","format":"standard","meta":{"footnotes":""},"categories":[239],"tags":[25,44,192,193,233,247,330,1259,1514,1567,1568,1569,1672],"class_list":["post-1918","post","type-post","status-publish","format-standard","hentry","category-revue-de-presse","tag-bure","tag-climat","tag-altertour-2015","tag-cigeo","tag-cop21","tag-lorraine","tag-andra","tag-ami-e-s-de-silence","tag-meuse","tag-camp-vmc","tag-nucelaire","tag-collectif-vmc","tag-1672","no-post-thumbnail"],"yoast_head":"<!-- This site is optimized with the Yoast SEO plugin v27.3 - https:\/\/yoast.com\/product\/yoast-seo-wordpress\/ -->\n<title>Bure \u2013 La r\u00e9sistance change de visage - AlterTour<\/title>\n<meta name=\"robots\" content=\"index, follow, max-snippet:-1, max-image-preview:large, max-video-preview:-1\" \/>\n<link rel=\"canonical\" href=\"https:\/\/www.altercampagne.net\/?p=1918\" \/>\n<meta property=\"og:locale\" content=\"fr_FR\" \/>\n<meta property=\"og:type\" content=\"article\" \/>\n<meta property=\"og:title\" content=\"Bure \u2013 La r\u00e9sistance change de visage - AlterTour\" \/>\n<meta property=\"og:description\" content=\"Manifestation gentillette, hier, devant le laboratoire de l&rsquo;Andra, o\u00f9 les cyclistes de l&rsquo;AlterTour ont fait \u00e9tape. Le camp VMC de d\u00e9but ao\u00fbt s&rsquo;annonce beaucoup plus radical. (Photo : RL) Les manifestations antinucl\u00e9aires se succ\u00e8dent cet \u00e9t\u00e9 sur le site. Hier, l\u2019AlterTour a fait \u00e9tape en Meuse (Lorraine). Mais du 1er ... Read More\" \/>\n<meta property=\"og:url\" content=\"https:\/\/www.altercampagne.net\/?p=1918\" \/>\n<meta property=\"og:site_name\" content=\"AlterTour\" \/>\n<meta property=\"article:published_time\" content=\"2015-07-20T20:58:02+00:00\" \/>\n<meta property=\"article:modified_time\" content=\"2016-04-10T19:29:44+00:00\" \/>\n<meta property=\"og:image\" content=\"http:\/\/www.lequotidien.lu\/wp-content\/uploads\/2015\/07\/490_0008_14225455_bure_r_publicain_lorrain-480x330.jpg\" \/>\n<meta name=\"author\" content=\"Mathieu\" \/>\n<meta name=\"twitter:card\" content=\"summary_large_image\" \/>\n<meta name=\"twitter:label1\" content=\"\u00c9crit par\" \/>\n\t<meta name=\"twitter:data1\" content=\"Mathieu\" \/>\n\t<meta name=\"twitter:label2\" content=\"Dur\u00e9e de lecture estim\u00e9e\" \/>\n\t<meta name=\"twitter:data2\" content=\"3 minutes\" \/>\n<script type=\"application\/ld+json\" class=\"yoast-schema-graph\">{\"@context\":\"https:\\\/\\\/schema.org\",\"@graph\":[{\"@type\":\"Article\",\"@id\":\"https:\\\/\\\/www.altercampagne.net\\\/?p=1918#article\",\"isPartOf\":{\"@id\":\"https:\\\/\\\/www.altercampagne.net\\\/?p=1918\"},\"author\":{\"name\":\"Mathieu\",\"@id\":\"https:\\\/\\\/www.altercampagne.net\\\/#\\\/schema\\\/person\\\/0f261460c09e430caa0f9bcffa319109\"},\"headline\":\"Bure \u2013 La r\u00e9sistance change de visage\",\"datePublished\":\"2015-07-20T20:58:02+00:00\",\"dateModified\":\"2016-04-10T19:29:44+00:00\",\"mainEntityOfPage\":{\"@id\":\"https:\\\/\\\/www.altercampagne.net\\\/?p=1918\"},\"wordCount\":541,\"image\":{\"@id\":\"https:\\\/\\\/www.altercampagne.net\\\/?p=1918#primaryimage\"},\"thumbnailUrl\":\"http:\\\/\\\/www.lequotidien.lu\\\/wp-content\\\/uploads\\\/2015\\\/07\\\/490_0008_14225455_bure_r_publicain_lorrain-480x330.jpg\",\"keywords\":[\"Bure\",\"climat\",\"AlterTour 2015\",\"CIGEO\",\"cop21\",\"Lorraine\",\"andra\",\"ami-e-s de silence\",\"Meuse\",\"camp vmc\",\"nuc\u00e9laire\",\"collectif VMC\",\"2015\"],\"articleSection\":[\"Revue de presse\"],\"inLanguage\":\"fr-FR\"},{\"@type\":\"WebPage\",\"@id\":\"https:\\\/\\\/www.altercampagne.net\\\/?p=1918\",\"url\":\"https:\\\/\\\/www.altercampagne.net\\\/?p=1918\",\"name\":\"Bure \u2013 La r\u00e9sistance change de visage - AlterTour\",\"isPartOf\":{\"@id\":\"https:\\\/\\\/www.altercampagne.net\\\/#website\"},\"primaryImageOfPage\":{\"@id\":\"https:\\\/\\\/www.altercampagne.net\\\/?p=1918#primaryimage\"},\"image\":{\"@id\":\"https:\\\/\\\/www.altercampagne.net\\\/?p=1918#primaryimage\"},\"thumbnailUrl\":\"http:\\\/\\\/www.lequotidien.lu\\\/wp-content\\\/uploads\\\/2015\\\/07\\\/490_0008_14225455_bure_r_publicain_lorrain-480x330.jpg\",\"datePublished\":\"2015-07-20T20:58:02+00:00\",\"dateModified\":\"2016-04-10T19:29:44+00:00\",\"author\":{\"@id\":\"https:\\\/\\\/www.altercampagne.net\\\/#\\\/schema\\\/person\\\/0f261460c09e430caa0f9bcffa319109\"},\"breadcrumb\":{\"@id\":\"https:\\\/\\\/www.altercampagne.net\\\/?p=1918#breadcrumb\"},\"inLanguage\":\"fr-FR\",\"potentialAction\":[{\"@type\":\"ReadAction\",\"target\":[\"https:\\\/\\\/www.altercampagne.net\\\/?p=1918\"]}]},{\"@type\":\"ImageObject\",\"inLanguage\":\"fr-FR\",\"@id\":\"https:\\\/\\\/www.altercampagne.net\\\/?p=1918#primaryimage\",\"url\":\"http:\\\/\\\/www.lequotidien.lu\\\/wp-content\\\/uploads\\\/2015\\\/07\\\/490_0008_14225455_bure_r_publicain_lorrain-480x330.jpg\",\"contentUrl\":\"http:\\\/\\\/www.lequotidien.lu\\\/wp-content\\\/uploads\\\/2015\\\/07\\\/490_0008_14225455_bure_r_publicain_lorrain-480x330.jpg\"},{\"@type\":\"BreadcrumbList\",\"@id\":\"https:\\\/\\\/www.altercampagne.net\\\/?p=1918#breadcrumb\",\"itemListElement\":[{\"@type\":\"ListItem\",\"position\":1,\"name\":\"Accueil\",\"item\":\"https:\\\/\\\/www.altercampagne.net\\\/\"},{\"@type\":\"ListItem\",\"position\":2,\"name\":\"Bure \u2013 La r\u00e9sistance change de visage\"}]},{\"@type\":\"WebSite\",\"@id\":\"https:\\\/\\\/www.altercampagne.net\\\/#website\",\"url\":\"https:\\\/\\\/www.altercampagne.net\\\/\",\"name\":\"AlterTour\",\"description\":\"Reliez les Alternatives \u00e0 v\u00e9lo\",\"potentialAction\":[{\"@type\":\"SearchAction\",\"target\":{\"@type\":\"EntryPoint\",\"urlTemplate\":\"https:\\\/\\\/www.altercampagne.net\\\/?s={search_term_string}\"},\"query-input\":{\"@type\":\"PropertyValueSpecification\",\"valueRequired\":true,\"valueName\":\"search_term_string\"}}],\"inLanguage\":\"fr-FR\"},{\"@type\":\"Person\",\"@id\":\"https:\\\/\\\/www.altercampagne.net\\\/#\\\/schema\\\/person\\\/0f261460c09e430caa0f9bcffa319109\",\"name\":\"Mathieu\",\"image\":{\"@type\":\"ImageObject\",\"inLanguage\":\"fr-FR\",\"@id\":\"https:\\\/\\\/secure.gravatar.com\\\/avatar\\\/aa9d3d24c83f2141e5e2709d0f63d09a99f6be6bb7a50abc4915838d9f54501a?s=96&d=mm&r=g\",\"url\":\"https:\\\/\\\/secure.gravatar.com\\\/avatar\\\/aa9d3d24c83f2141e5e2709d0f63d09a99f6be6bb7a50abc4915838d9f54501a?s=96&d=mm&r=g\",\"contentUrl\":\"https:\\\/\\\/secure.gravatar.com\\\/avatar\\\/aa9d3d24c83f2141e5e2709d0f63d09a99f6be6bb7a50abc4915838d9f54501a?s=96&d=mm&r=g\",\"caption\":\"Mathieu\"},\"url\":\"https:\\\/\\\/www.altercampagne.net\\\/?author=214\"}]}<\/script>\n<!-- \/ Yoast SEO plugin. -->","yoast_head_json":{"title":"Bure \u2013 La r\u00e9sistance change de visage - AlterTour","robots":{"index":"index","follow":"follow","max-snippet":"max-snippet:-1","max-image-preview":"max-image-preview:large","max-video-preview":"max-video-preview:-1"},"canonical":"https:\/\/www.altercampagne.net\/?p=1918","og_locale":"fr_FR","og_type":"article","og_title":"Bure \u2013 La r\u00e9sistance change de visage - AlterTour","og_description":"Manifestation gentillette, hier, devant le laboratoire de l&rsquo;Andra, o\u00f9 les cyclistes de l&rsquo;AlterTour ont fait \u00e9tape. Le camp VMC de d\u00e9but ao\u00fbt s&rsquo;annonce beaucoup plus radical. (Photo : RL) Les manifestations antinucl\u00e9aires se succ\u00e8dent cet \u00e9t\u00e9 sur le site. Hier, l\u2019AlterTour a fait \u00e9tape en Meuse (Lorraine). Mais du 1er ... Read More","og_url":"https:\/\/www.altercampagne.net\/?p=1918","og_site_name":"AlterTour","article_published_time":"2015-07-20T20:58:02+00:00","article_modified_time":"2016-04-10T19:29:44+00:00","og_image":[{"url":"http:\/\/www.lequotidien.lu\/wp-content\/uploads\/2015\/07\/490_0008_14225455_bure_r_publicain_lorrain-480x330.jpg","type":"","width":"","height":""}],"author":"Mathieu","twitter_card":"summary_large_image","twitter_misc":{"\u00c9crit par":"Mathieu","Dur\u00e9e de lecture estim\u00e9e":"3 minutes"},"schema":{"@context":"https:\/\/schema.org","@graph":[{"@type":"Article","@id":"https:\/\/www.altercampagne.net\/?p=1918#article","isPartOf":{"@id":"https:\/\/www.altercampagne.net\/?p=1918"},"author":{"name":"Mathieu","@id":"https:\/\/www.altercampagne.net\/#\/schema\/person\/0f261460c09e430caa0f9bcffa319109"},"headline":"Bure \u2013 La r\u00e9sistance change de visage","datePublished":"2015-07-20T20:58:02+00:00","dateModified":"2016-04-10T19:29:44+00:00","mainEntityOfPage":{"@id":"https:\/\/www.altercampagne.net\/?p=1918"},"wordCount":541,"image":{"@id":"https:\/\/www.altercampagne.net\/?p=1918#primaryimage"},"thumbnailUrl":"http:\/\/www.lequotidien.lu\/wp-content\/uploads\/2015\/07\/490_0008_14225455_bure_r_publicain_lorrain-480x330.jpg","keywords":["Bure","climat","AlterTour 2015","CIGEO","cop21","Lorraine","andra","ami-e-s de silence","Meuse","camp vmc","nuc\u00e9laire","collectif VMC","2015"],"articleSection":["Revue de presse"],"inLanguage":"fr-FR"},{"@type":"WebPage","@id":"https:\/\/www.altercampagne.net\/?p=1918","url":"https:\/\/www.altercampagne.net\/?p=1918","name":"Bure \u2013 La r\u00e9sistance change de visage - AlterTour","isPartOf":{"@id":"https:\/\/www.altercampagne.net\/#website"},"primaryImageOfPage":{"@id":"https:\/\/www.altercampagne.net\/?p=1918#primaryimage"},"image":{"@id":"https:\/\/www.altercampagne.net\/?p=1918#primaryimage"},"thumbnailUrl":"http:\/\/www.lequotidien.lu\/wp-content\/uploads\/2015\/07\/490_0008_14225455_bure_r_publicain_lorrain-480x330.jpg","datePublished":"2015-07-20T20:58:02+00:00","dateModified":"2016-04-10T19:29:44+00:00","author":{"@id":"https:\/\/www.altercampagne.net\/#\/schema\/person\/0f261460c09e430caa0f9bcffa319109"},"breadcrumb":{"@id":"https:\/\/www.altercampagne.net\/?p=1918#breadcrumb"},"inLanguage":"fr-FR","potentialAction":[{"@type":"ReadAction","target":["https:\/\/www.altercampagne.net\/?p=1918"]}]},{"@type":"ImageObject","inLanguage":"fr-FR","@id":"https:\/\/www.altercampagne.net\/?p=1918#primaryimage","url":"http:\/\/www.lequotidien.lu\/wp-content\/uploads\/2015\/07\/490_0008_14225455_bure_r_publicain_lorrain-480x330.jpg","contentUrl":"http:\/\/www.lequotidien.lu\/wp-content\/uploads\/2015\/07\/490_0008_14225455_bure_r_publicain_lorrain-480x330.jpg"},{"@type":"BreadcrumbList","@id":"https:\/\/www.altercampagne.net\/?p=1918#breadcrumb","itemListElement":[{"@type":"ListItem","position":1,"name":"Accueil","item":"https:\/\/www.altercampagne.net\/"},{"@type":"ListItem","position":2,"name":"Bure \u2013 La r\u00e9sistance change de visage"}]},{"@type":"WebSite","@id":"https:\/\/www.altercampagne.net\/#website","url":"https:\/\/www.altercampagne.net\/","name":"AlterTour","description":"Reliez les Alternatives \u00e0 v\u00e9lo","potentialAction":[{"@type":"SearchAction","target":{"@type":"EntryPoint","urlTemplate":"https:\/\/www.altercampagne.net\/?s={search_term_string}"},"query-input":{"@type":"PropertyValueSpecification","valueRequired":true,"valueName":"search_term_string"}}],"inLanguage":"fr-FR"},{"@type":"Person","@id":"https:\/\/www.altercampagne.net\/#\/schema\/person\/0f261460c09e430caa0f9bcffa319109","name":"Mathieu","image":{"@type":"ImageObject","inLanguage":"fr-FR","@id":"https:\/\/secure.gravatar.com\/avatar\/aa9d3d24c83f2141e5e2709d0f63d09a99f6be6bb7a50abc4915838d9f54501a?s=96&d=mm&r=g","url":"https:\/\/secure.gravatar.com\/avatar\/aa9d3d24c83f2141e5e2709d0f63d09a99f6be6bb7a50abc4915838d9f54501a?s=96&d=mm&r=g","contentUrl":"https:\/\/secure.gravatar.com\/avatar\/aa9d3d24c83f2141e5e2709d0f63d09a99f6be6bb7a50abc4915838d9f54501a?s=96&d=mm&r=g","caption":"Mathieu"},"url":"https:\/\/www.altercampagne.net\/?author=214"}]}},"_links":{"self":[{"href":"https:\/\/www.altercampagne.net\/index.php?rest_route=\/wp\/v2\/posts\/1918","targetHints":{"allow":["GET"]}}],"collection":[{"href":"https:\/\/www.altercampagne.net\/index.php?rest_route=\/wp\/v2\/posts"}],"about":[{"href":"https:\/\/www.altercampagne.net\/index.php?rest_route=\/wp\/v2\/types\/post"}],"author":[{"embeddable":true,"href":"https:\/\/www.altercampagne.net\/index.php?rest_route=\/wp\/v2\/users\/214"}],"replies":[{"embeddable":true,"href":"https:\/\/www.altercampagne.net\/index.php?rest_route=%2Fwp%2Fv2%2Fcomments&post=1918"}],"version-history":[{"count":0,"href":"https:\/\/www.altercampagne.net\/index.php?rest_route=\/wp\/v2\/posts\/1918\/revisions"}],"wp:attachment":[{"href":"https:\/\/www.altercampagne.net\/index.php?rest_route=%2Fwp%2Fv2%2Fmedia&parent=1918"}],"wp:term":[{"taxonomy":"category","embeddable":true,"href":"https:\/\/www.altercampagne.net\/index.php?rest_route=%2Fwp%2Fv2%2Fcategories&post=1918"},{"taxonomy":"post_tag","embeddable":true,"href":"https:\/\/www.altercampagne.net\/index.php?rest_route=%2Fwp%2Fv2%2Ftags&post=1918"}],"curies":[{"name":"wp","href":"https:\/\/api.w.org\/{rel}","templated":true}]}}