{"id":19192,"date":"2020-08-17T20:03:00","date_gmt":"2020-08-17T18:03:00","guid":{"rendered":"http:\/\/www.altercampagne.net\/?p=19192"},"modified":"2024-08-27T16:31:52","modified_gmt":"2024-08-27T14:31:52","slug":"une-transmission-reussie-a-la-ferme-de-la-guilbardiere-a-monthou-sur-bievre","status":"publish","type":"post","link":"https:\/\/www.altercampagne.net\/?p=19192","title":{"rendered":"Une transmission r\u00e9ussie \u00e0 la Ferme de la Guilbardi\u00e8re \u00e0 Monthou-sur Bi\u00e8vre !"},"content":{"rendered":"\n<p>Apr\u00e8s 55 km de v\u00e9lo \u00e0 slalomer sur les routes du Loir-et-Cher entre \u00e9claircie et petit pluie, nous arrivons \u00e0 la <a href=\"https:\/\/la-guilbardiere.jimdosite.com\/\" target=\"_blank\" rel=\"noreferrer noopener\" aria-label=\"Ferme de la Guilbardi\u00e8re (s\u2019ouvre dans un nouvel onglet)\"><strong>Ferme de la Guilbardi\u00e8re<\/strong><\/a>. Nous sommes accueillis par Gilles, Anne, Bertrand, Melaine, Mathieu, Emily et M\u00e9lanie. Apr\u00e8s avoir install\u00e9 nos tentes \u00e0 c\u00f4t\u00e9 de l\u2019enclos des cochons, l\u2019\u00e9quipe nous pr\u00e9sente l\u2019histoire de la ferme et sa transmission qui a de quoi faire r\u00eaver plus d\u2019un\u00b7e candidat\u00b7e\u00b7s \u00e0 l\u2019installation, voil\u00e0 la chronologie du projet&nbsp;:<\/p>\n\n\n\n<p>En 1986, Gilles s\u2019associe avec son p\u00e8re en production de lait cru : 35 vaches sur 70 ha de p\u00e2tures. Au fur et \u00e0 mesure Gilles convertie la ferme en agriculture biologique.<\/p>\n\n\n\n<p>En\n1995, Anne s\u2019associe \u00e0 Gilles et monte deux nouveaux ateliers&nbsp;: la transformation\ndu lait en faisselle et l\u2019accueil p\u00e9dagogique.<\/p>\n\n\n\n<p>En 2015, Bertrand rejoint l\u2019\u00e9quipe et lance un atelier de fabrication de p\u00e2tes s\u00e8ches et fra\u00eeches. Il cultive et transforme 3 tonnes de bl\u00e9s anciens par an :&nbsp;\u00ab&nbsp;J\u2019ai fait une \u00e9cole d\u2019agro puis je suis devenu ouvrier agricole, puis j\u2019ai lanc\u00e9 mon projet.&nbsp;\u00bb<\/p>\n\n\n\n<p>En\n2016, Melaine devient salari\u00e9 de la ferme sur l\u2019\u00e9levage, la transformation et\nles cultures&nbsp;: \u00ab&nbsp;Je travaillais dans un CIVAM en Mayenne et j\u2019avais\nbesoin de mettre les mains dans la terre&nbsp;\u00bb<\/p>\n\n\n\n<p>En 2017, Mathieu devient \u00e0 son tour salari\u00e9 de la ferme sur l\u2019\u00e9levage, la transformation et les cultures&nbsp;: \u00ab&nbsp;Je suis fils de paysan et je ne pensais pas devenir \u00e9leveur un jour.&nbsp;\u00bb<\/p>\n\n\n\n<p>En\n2019, Emily entre en stage sur la ferme. Elle pr\u00e9pare alors un Brevet Professionnel\nd\u2019Exploitation Agricole (BPREA) elle fait de la transformation laiti\u00e8re (faisselle\net fromage frais) et de l\u2019accueil p\u00e9dagogique sur la ferme&nbsp;: \u00ab&nbsp;Plut\u00f4t\nurbaine au d\u00e9part,&nbsp; j\u2019avais dans l\u2019id\u00e9e de vivre dans une ferme mais pas\nforc\u00e9ment d\u2019y travailler. De fils en aiguille je me suis form\u00e9 \u00e0 la transfo&nbsp;\u00bb<\/p>\n\n\n\n<p>En\n2019, M\u00e9lanie rejoint l\u2019\u00e9quipe et cr\u00e9\u00e9 un atelier de cueillette et de\nproduction de plante aromatiques et m\u00e9dicinales&nbsp;: \u00ab&nbsp;j\u2019ai un parcours\n\u00e9duc pop, je travaillais au MRJC. J\u2019envisageais de d\u00e9velopper mon activit\u00e9\nexclusivement sur de la cueillette sauvage parce qu\u2019il y a d\u00e9j\u00e0 de quoi faire&nbsp;avec\nle sureau, le tilleul, le m\u00e9lilot, l\u2019acacia, l\u2019aub\u00e9pine, la primev\u00e8re\nofficinal, le pissenlit, l\u2019alliaire, le lamier pourpre, l\u2019ortie, le gaillet\ngratteron, le noisetier, le lierre terrestre, la matricaire, l\u2019achill\u00e9e, l\u2019\u00e9glantier,\nl\u2019ail des ours, la ronce, le rosier sauvage&#8230; J\u2019ai finalement, en plus de la\ncueillette sauvage mis en culture une petite surface sur la ferme sans serre\navec de la menthe, des rosiers, du romarin, de la mauve, du laurier, du bleuet,\ndu souci, de l\u2019hysope, de l\u2019agastache, de la m\u00e9lisse, de la lavande, de la sauge\nsclar\u00e9e\u2026&nbsp;\u00bb. M\u00e9lanie connais bien l\u2019AlterTour, elle a \u00e9t\u00e9 participante sur l\u2019\u00e9dition\n2014&nbsp;!<\/p>\n\n\n\n<p>Quand\nen 2019, Anne et Gilles d\u00e9cident de c\u00e9der la ferme. Bertrand, Melaine, Mathieu,\nEmily et M\u00e9lanie lance une r\u00e9flexion sur la reprise. <\/p>\n\n\n\n<p>Le 1<sup>er<\/sup> avril 2020&nbsp;:  Bertrand, Melaine, Mathieu et Emily cr\u00e9ent un  Groupement Agricole d&rsquo;Exploitation en Commun (GAEC). Il\u00b7elle\u00b7s maintiennent leurs activit\u00e9s respectives et s\u2019entraide pour permettre \u00e0 chacun\u00b7e de prendre des cong\u00e9s et des vacances. <\/p>\n\n\n\n<p>De son c\u00f4t\u00e9, M\u00e9lanie est en <strong><a rel=\"noreferrer noopener\" aria-label=\"Coop\u00e9rative d\u2019Installation en Agriculture Paysanne (s\u2019ouvre dans un nouvel onglet)\" href=\"https:\/\/www.inpact-centre.fr\/les-membres\/la-ciap\/le-stage-paysan-creatif\" target=\"_blank\">Coop\u00e9rative d\u2019Installation en Agriculture Paysanne<\/a><\/strong> (CIAP) avec 10 autres entrepreneurs \u00e0 l\u2019essai r\u00e9partis sur le territoire. La CIAP lui permet de tester son activit\u00e9 agricole en situation r\u00e9elle. Elle est encadr\u00e9e dans les domaines comptables, administratifs et juridiques. Au bout de deux ans elle aura le choix de devenir salari\u00e9 de la CIAP en CDI, de rejoindre le GAEC ou de lancer son entreprise. Elle cultive et fait de la cueillette plantes sauvages qu\u2019elle transforme en tisanes, pesto, confits et sels aromatiques. Pour plus d\u2019infos sur l\u2019activit\u00e9 de M\u00e9lanie, vous pouvez la suivre sur <strong><a rel=\"noreferrer noopener\" aria-label=\"M\u00e9m\u00e9 dans les Orties (s\u2019ouvre dans un nouvel onglet)\" href=\"https:\/\/www.facebook.com\/memedanslesorties41\/\" target=\"_blank\">M\u00e9m\u00e9 dans les Orties<\/a><\/strong>.<\/p>\n\n\n\n<figure class=\"wp-block-image size-large\"><img loading=\"lazy\" decoding=\"async\" width=\"900\" height=\"600\" src=\"http:\/\/www.altercampagne.net\/wp-content\/uploads\/2020\/08\/DSC0686.jpg\" alt=\"\" class=\"wp-image-19195\" srcset=\"https:\/\/www.altercampagne.net\/wp-content\/uploads\/2020\/08\/DSC0686.jpg 900w, https:\/\/www.altercampagne.net\/wp-content\/uploads\/2020\/08\/DSC0686-300x200.jpg 300w, https:\/\/www.altercampagne.net\/wp-content\/uploads\/2020\/08\/DSC0686-768x512.jpg 768w, https:\/\/www.altercampagne.net\/wp-content\/uploads\/2020\/08\/DSC0686-610x407.jpg 610w, https:\/\/www.altercampagne.net\/wp-content\/uploads\/2020\/08\/DSC0686-100x67.jpg 100w, https:\/\/www.altercampagne.net\/wp-content\/uploads\/2020\/08\/DSC0686-862x575.jpg 862w\" sizes=\"auto, (max-width: 900px) 100vw, 900px\" \/><figcaption class=\"wp-element-caption\">Photo de Luca Bon<\/figcaption><\/figure>\n\n\n\n<h4 class=\"wp-block-heading\">Nous\ntravaillons sur la qualit\u00e9 de nos produits. <\/h4>\n\n\n\n<p>\u00ab&nbsp;Sur la ferme, nous avons un syst\u00e8me de s\u00e9chage en grange pour garder les nutriments du foin. Le b\u00e2timent est \u00e9quip\u00e9 d\u2019une griffe, le foin entre dans la grange par le haut. Il y a des capteurs d\u2019hygrom\u00e9trie pour mesurer l\u2019humidit\u00e9 de foin. Quand il est trop humide, on active la soufflerie qui projette de l\u2019air par le bas. M\u00e9lanie a install\u00e9 ses s\u00e9choirs \u00e0 plantes \u00e0 c\u00f4t\u00e9 de la soufflerie, ce qui am\u00e9liore le processus de s\u00e9chage. En compl\u00e9ment, chaque s\u00e9choir contient un d\u00e9shumidificateur afin d\u2019optimiser le processus.<\/p>\n\n\n\n<p>Sur\nla Ferme, chaque atelier est inter-d\u00e9pendant&nbsp;: l\u2019accueil p\u00e9dagogique, l\u2019\u00e9levage,\nla culture, la transformation et la livraison qui englobe plusieurs ateliers. Nous\nnous relayons et nous nous aidons sur chaque atelier.&nbsp;\u00bb<\/p>\n\n\n\n<h4 class=\"wp-block-heading\">On\ns\u2019adapte et on avance<\/h4>\n\n\n\n<p>&nbsp;\u00ab&nbsp;On est sur un salaire \u00e9gal pour chaque membre du GAEC. On avait pour objectif de se r\u00e9mun\u00e9rer \u00e0 1200\u20ac\/mois par personne. Avec le COVID-19 on a pris peur et on se verse finalement 600 \u20ac\/mois. En avril 2021, nous r\u00e9\u00e9valuerons la situation en fonction du bilan de l\u2019ann\u00e9e.<br> On a gard\u00e9 le syst\u00e8me de distribution des c\u00e9dants&nbsp;: le magasin \u00e0 la ferme, les march\u00e9s, les Associations de Maintien de l\u2019Agriculture Paysanne (AMAP) et les magasins \u00e0 Blois (3 livraisons par semaine) : Biocoop, Leclerc, Cora.&nbsp;Le covid \u00e0 stopper les march\u00e9s, il y a eu des adaptations dans les AMAP. On livrait du vrac \u00e0 l\u2019origine, on nous a demand\u00e9 de livrer en pots. Pour les magasins nous n\u2019arrivions pas \u00e0 suivre la demande pendant le confinement, \u00e7a a beaucoup ralenti apr\u00e8s. Le magasin \u00e0 la ferme \u00e0 bien fonctionn\u00e9, \u00e7a faisait une petite sortie pour les gens. Du c\u00f4t\u00e9 du temps de travail, les vaches et la culture repr\u00e9sentent la part la plus importante, ensuite vient l\u2019accueil p\u00e9dagogique , la transfo laiti\u00e8re&nbsp;: 3 transfo par semaine, puis les p\u00e2tes&nbsp;: 3 \u00e0 4 transfo par semaine.&nbsp;\u00bb<\/p>\n\n\n\n<h4 class=\"wp-block-heading\"> On d\u00e9cide ensemble&nbsp;! <\/h4>\n\n\n\n<p>\u00ab&nbsp;Pendant\n6 mois on a r\u00e9fl\u00e9chit \u00e0 nos fondamentaux, \u00e0 notre rythme de vie, au projet, au chiffrage&#8230;\ndeux d\u2019entre nous \u00e9taient salari\u00e9s de la ferme. Nous avons eu le temps de\nr\u00e9fl\u00e9chir aux am\u00e9nagements, aux travaux. Nous louons les terres \u00e0 une 15aine de\npropri\u00e9taires terriens dont les c\u00e9dants. Le b\u00e2timent d\u2019accueil a \u00e9t\u00e9 financ\u00e9\npar un Groupement Foncier Agricole (GFA) de plus de 200 personnes. L\u2019investissement\ncollectif est de 164500 \u20ac, deux Altercyclistes pr\u00e9sent\u00b7e\u00b7s sur l\u2019\u00e9tape sont\nmembre du GFA. \u00c7a permet de trouver du financement, de faire du lien avec les\ncitoyens et d\u2019\u00eatre plus cr\u00e9dible vis \u00e0 vis des banques. Les b\u00e2timents agricoles\nont \u00e9t\u00e9 achet\u00e9s par le GAEC. Nous avons tous 25% des parts. Nous d\u00e9cidons\nensemble et nous int\u00e9grons M\u00e9lanie m\u00eame si elle n\u2019est pas encore dans le GAEC.\nNous cherchons \u00e0 \u00eatre tous d\u2019accord pour prendre une d\u00e9cision. Si une personne a\nune objection elle doit faire des propositions alternatives jusqu\u2019\u00e0 ce que le\ngroupe soit d\u2019accord. Le collectif se r\u00e9unis tous les lundis, nous d\u00e9butons\nchaque r\u00e9union avec un tour m\u00e9t\u00e9o. Nous \u00e9vitons aussi les non-dits et nous\nprenons en consid\u00e9ration les humeurs de chacun\u00b7e. A la fin de chaque r\u00e9union\nnous faisons un tour des p\u00e9pites (points positifs) et boulettes (points\nn\u00e9gatifs) sur la r\u00e9union. Nous avons c\u0153ur que chaque membre du collectif soit\nentendu. Nous avons suivi une formation avec les c\u00e9dants sur les non-dits, la\ncommunication entre eux et nous. Nous allons \u00eatre accompagn\u00e9s par une personne\ndu GFA une fois par an pour faire le point notre situation individuelle dans le\ngroupe.&nbsp;\u00bb<\/p>\n\n\n\n<p>Apr\u00e8s deux jours sur place, nous repartons avec des souvenirs pleins la t\u00eate&nbsp;: \u00e9changes, visite, ateliers collectifs, moment festifs. Longue vie \u00e0 la Ferme de la Guilbardi\u00e8re&nbsp;!<\/p>\n\n\n\n<p class=\"has-text-align-right\"><strong>Mathieu<\/strong><\/p>\n\n\n\n<p class=\"has-text-align-right has-white-color has-text-color has-link-color wp-elements-f5815a5c3a47af8a6bad51951c0bb8a2\">Mathieu Fromont<strong> <\/strong><\/p>\n\n\n\n<figure class=\"wp-block-image size-large\"><img loading=\"lazy\" decoding=\"async\" width=\"900\" height=\"600\" src=\"http:\/\/www.altercampagne.net\/wp-content\/uploads\/2020\/08\/DSC0608.jpg\" alt=\"\" class=\"wp-image-19198\" srcset=\"https:\/\/www.altercampagne.net\/wp-content\/uploads\/2020\/08\/DSC0608.jpg 900w, https:\/\/www.altercampagne.net\/wp-content\/uploads\/2020\/08\/DSC0608-300x200.jpg 300w, https:\/\/www.altercampagne.net\/wp-content\/uploads\/2020\/08\/DSC0608-768x512.jpg 768w, https:\/\/www.altercampagne.net\/wp-content\/uploads\/2020\/08\/DSC0608-610x407.jpg 610w, https:\/\/www.altercampagne.net\/wp-content\/uploads\/2020\/08\/DSC0608-100x67.jpg 100w, https:\/\/www.altercampagne.net\/wp-content\/uploads\/2020\/08\/DSC0608-862x575.jpg 862w\" sizes=\"auto, (max-width: 900px) 100vw, 900px\" \/><figcaption class=\"wp-element-caption\">Photo de Luca Bon<\/figcaption><\/figure>\n","protected":false},"excerpt":{"rendered":"<p>Apr\u00e8s 55 km de v\u00e9lo \u00e0 slalomer sur les routes du Loir-et-Cher entre \u00e9claircie et petit pluie, nous arrivons \u00e0 la Ferme de la Guilbardi\u00e8re. Nous sommes accueillis par Gilles, Anne, Bertrand, Melaine, Mathieu, Emily et M\u00e9lanie. Apr\u00e8s avoir install\u00e9 nos tentes \u00e0 c\u00f4t\u00e9 de l\u2019enclos des cochons, l\u2019\u00e9quipe nous &#8230; <\/p>\n<div><a href=\"https:\/\/www.altercampagne.net\/?p=19192\" class=\"more-link\">Read More<\/a><\/div>\n","protected":false},"author":214,"featured_media":19847,"comment_status":"closed","ping_status":"closed","sticky":false,"template":"","format":"standard","meta":{"footnotes":""},"categories":[3483,4313,3473,3967],"tags":[552,2346,4194,4195,4197,4482,4483,4484],"class_list":["post-19192","post","type-post","status-publish","format-standard","has-post-thumbnail","hentry","category-agriculture","category-altertour","category-centre-val-de-loire","category-edition-2020","tag-mathieu-fromont","tag-monthou-sur-bievre","tag-guilbardiere","tag-ferme-de-la-guilbardiere","tag-loire-et-cher","tag-melanie-bournez","tag-meme-dans-les-orties","tag-ciap"],"yoast_head":"<!-- This site is optimized with the Yoast SEO plugin v27.3 - https:\/\/yoast.com\/product\/yoast-seo-wordpress\/ -->\n<title>Une transmission r\u00e9ussie \u00e0 la Ferme de la Guilbardi\u00e8re \u00e0 Monthou-sur Bi\u00e8vre ! - AlterTour<\/title>\n<meta name=\"robots\" content=\"index, follow, max-snippet:-1, max-image-preview:large, max-video-preview:-1\" \/>\n<link rel=\"canonical\" href=\"https:\/\/www.altercampagne.net\/?p=19192\" \/>\n<meta property=\"og:locale\" content=\"fr_FR\" \/>\n<meta property=\"og:type\" content=\"article\" \/>\n<meta property=\"og:title\" content=\"Une transmission r\u00e9ussie \u00e0 la Ferme de la Guilbardi\u00e8re \u00e0 Monthou-sur Bi\u00e8vre ! - AlterTour\" \/>\n<meta property=\"og:description\" content=\"Apr\u00e8s 55 km de v\u00e9lo \u00e0 slalomer sur les routes du Loir-et-Cher entre \u00e9claircie et petit pluie, nous arrivons \u00e0 la Ferme de la Guilbardi\u00e8re. Nous sommes accueillis par Gilles, Anne, Bertrand, Melaine, Mathieu, Emily et M\u00e9lanie. Apr\u00e8s avoir install\u00e9 nos tentes \u00e0 c\u00f4t\u00e9 de l\u2019enclos des cochons, l\u2019\u00e9quipe nous ... Read More\" \/>\n<meta property=\"og:url\" content=\"https:\/\/www.altercampagne.net\/?p=19192\" \/>\n<meta property=\"og:site_name\" content=\"AlterTour\" \/>\n<meta property=\"article:published_time\" content=\"2020-08-17T18:03:00+00:00\" \/>\n<meta property=\"article:modified_time\" content=\"2024-08-27T14:31:52+00:00\" \/>\n<meta property=\"og:image\" content=\"https:\/\/www.altercampagne.net\/wp-content\/uploads\/2020\/11\/17082020-DSCF5121.jpg\" \/>\n\t<meta property=\"og:image:width\" content=\"900\" \/>\n\t<meta property=\"og:image:height\" content=\"472\" \/>\n\t<meta property=\"og:image:type\" content=\"image\/jpeg\" \/>\n<meta name=\"author\" content=\"Mathieu\" \/>\n<meta name=\"twitter:card\" content=\"summary_large_image\" \/>\n<meta name=\"twitter:label1\" content=\"\u00c9crit par\" \/>\n\t<meta name=\"twitter:data1\" content=\"Mathieu\" \/>\n\t<meta name=\"twitter:label2\" content=\"Dur\u00e9e de lecture estim\u00e9e\" \/>\n\t<meta name=\"twitter:data2\" content=\"7 minutes\" \/>\n<script type=\"application\/ld+json\" class=\"yoast-schema-graph\">{\"@context\":\"https:\\\/\\\/schema.org\",\"@graph\":[{\"@type\":\"Article\",\"@id\":\"https:\\\/\\\/www.altercampagne.net\\\/?p=19192#article\",\"isPartOf\":{\"@id\":\"https:\\\/\\\/www.altercampagne.net\\\/?p=19192\"},\"author\":{\"name\":\"Mathieu\",\"@id\":\"https:\\\/\\\/www.altercampagne.net\\\/#\\\/schema\\\/person\\\/0f261460c09e430caa0f9bcffa319109\"},\"headline\":\"Une transmission r\u00e9ussie \u00e0 la Ferme de la Guilbardi\u00e8re \u00e0 Monthou-sur Bi\u00e8vre !\",\"datePublished\":\"2020-08-17T18:03:00+00:00\",\"dateModified\":\"2024-08-27T14:31:52+00:00\",\"mainEntityOfPage\":{\"@id\":\"https:\\\/\\\/www.altercampagne.net\\\/?p=19192\"},\"wordCount\":1407,\"image\":{\"@id\":\"https:\\\/\\\/www.altercampagne.net\\\/?p=19192#primaryimage\"},\"thumbnailUrl\":\"https:\\\/\\\/www.altercampagne.net\\\/wp-content\\\/uploads\\\/2020\\\/11\\\/17082020-DSCF5121.jpg\",\"keywords\":[\"Mathieu Fromont\",\"Monthou sur Bi\u00e8vre\",\"Guilbardi\u00e8re\",\"ferme de la Guilbardi\u00e8re\",\"Loire-et-Cher\",\"M\u00e9lanie BOURNEZ\",\"M\u00e9m\u00e9 dans les orties\",\"Ciap\"],\"articleSection\":[\"Agriculture\",\"AlterTour\",\"Centre-Val de Loire\",\"Edition 2020\"],\"inLanguage\":\"fr-FR\"},{\"@type\":\"WebPage\",\"@id\":\"https:\\\/\\\/www.altercampagne.net\\\/?p=19192\",\"url\":\"https:\\\/\\\/www.altercampagne.net\\\/?p=19192\",\"name\":\"Une transmission r\u00e9ussie \u00e0 la Ferme de la Guilbardi\u00e8re \u00e0 Monthou-sur Bi\u00e8vre ! - AlterTour\",\"isPartOf\":{\"@id\":\"https:\\\/\\\/www.altercampagne.net\\\/#website\"},\"primaryImageOfPage\":{\"@id\":\"https:\\\/\\\/www.altercampagne.net\\\/?p=19192#primaryimage\"},\"image\":{\"@id\":\"https:\\\/\\\/www.altercampagne.net\\\/?p=19192#primaryimage\"},\"thumbnailUrl\":\"https:\\\/\\\/www.altercampagne.net\\\/wp-content\\\/uploads\\\/2020\\\/11\\\/17082020-DSCF5121.jpg\",\"datePublished\":\"2020-08-17T18:03:00+00:00\",\"dateModified\":\"2024-08-27T14:31:52+00:00\",\"author\":{\"@id\":\"https:\\\/\\\/www.altercampagne.net\\\/#\\\/schema\\\/person\\\/0f261460c09e430caa0f9bcffa319109\"},\"breadcrumb\":{\"@id\":\"https:\\\/\\\/www.altercampagne.net\\\/?p=19192#breadcrumb\"},\"inLanguage\":\"fr-FR\",\"potentialAction\":[{\"@type\":\"ReadAction\",\"target\":[\"https:\\\/\\\/www.altercampagne.net\\\/?p=19192\"]}]},{\"@type\":\"ImageObject\",\"inLanguage\":\"fr-FR\",\"@id\":\"https:\\\/\\\/www.altercampagne.net\\\/?p=19192#primaryimage\",\"url\":\"https:\\\/\\\/www.altercampagne.net\\\/wp-content\\\/uploads\\\/2020\\\/11\\\/17082020-DSCF5121.jpg\",\"contentUrl\":\"https:\\\/\\\/www.altercampagne.net\\\/wp-content\\\/uploads\\\/2020\\\/11\\\/17082020-DSCF5121.jpg\",\"width\":900,\"height\":472},{\"@type\":\"BreadcrumbList\",\"@id\":\"https:\\\/\\\/www.altercampagne.net\\\/?p=19192#breadcrumb\",\"itemListElement\":[{\"@type\":\"ListItem\",\"position\":1,\"name\":\"Accueil\",\"item\":\"https:\\\/\\\/www.altercampagne.net\\\/\"},{\"@type\":\"ListItem\",\"position\":2,\"name\":\"Une transmission r\u00e9ussie \u00e0 la Ferme de la Guilbardi\u00e8re \u00e0 Monthou-sur Bi\u00e8vre !\"}]},{\"@type\":\"WebSite\",\"@id\":\"https:\\\/\\\/www.altercampagne.net\\\/#website\",\"url\":\"https:\\\/\\\/www.altercampagne.net\\\/\",\"name\":\"AlterTour\",\"description\":\"Reliez les Alternatives \u00e0 v\u00e9lo\",\"potentialAction\":[{\"@type\":\"SearchAction\",\"target\":{\"@type\":\"EntryPoint\",\"urlTemplate\":\"https:\\\/\\\/www.altercampagne.net\\\/?s={search_term_string}\"},\"query-input\":{\"@type\":\"PropertyValueSpecification\",\"valueRequired\":true,\"valueName\":\"search_term_string\"}}],\"inLanguage\":\"fr-FR\"},{\"@type\":\"Person\",\"@id\":\"https:\\\/\\\/www.altercampagne.net\\\/#\\\/schema\\\/person\\\/0f261460c09e430caa0f9bcffa319109\",\"name\":\"Mathieu\",\"image\":{\"@type\":\"ImageObject\",\"inLanguage\":\"fr-FR\",\"@id\":\"https:\\\/\\\/secure.gravatar.com\\\/avatar\\\/aa9d3d24c83f2141e5e2709d0f63d09a99f6be6bb7a50abc4915838d9f54501a?s=96&d=mm&r=g\",\"url\":\"https:\\\/\\\/secure.gravatar.com\\\/avatar\\\/aa9d3d24c83f2141e5e2709d0f63d09a99f6be6bb7a50abc4915838d9f54501a?s=96&d=mm&r=g\",\"contentUrl\":\"https:\\\/\\\/secure.gravatar.com\\\/avatar\\\/aa9d3d24c83f2141e5e2709d0f63d09a99f6be6bb7a50abc4915838d9f54501a?s=96&d=mm&r=g\",\"caption\":\"Mathieu\"},\"url\":\"https:\\\/\\\/www.altercampagne.net\\\/?author=214\"}]}<\/script>\n<!-- \/ Yoast SEO plugin. -->","yoast_head_json":{"title":"Une transmission r\u00e9ussie \u00e0 la Ferme de la Guilbardi\u00e8re \u00e0 Monthou-sur Bi\u00e8vre ! - AlterTour","robots":{"index":"index","follow":"follow","max-snippet":"max-snippet:-1","max-image-preview":"max-image-preview:large","max-video-preview":"max-video-preview:-1"},"canonical":"https:\/\/www.altercampagne.net\/?p=19192","og_locale":"fr_FR","og_type":"article","og_title":"Une transmission r\u00e9ussie \u00e0 la Ferme de la Guilbardi\u00e8re \u00e0 Monthou-sur Bi\u00e8vre ! - AlterTour","og_description":"Apr\u00e8s 55 km de v\u00e9lo \u00e0 slalomer sur les routes du Loir-et-Cher entre \u00e9claircie et petit pluie, nous arrivons \u00e0 la Ferme de la Guilbardi\u00e8re. Nous sommes accueillis par Gilles, Anne, Bertrand, Melaine, Mathieu, Emily et M\u00e9lanie. Apr\u00e8s avoir install\u00e9 nos tentes \u00e0 c\u00f4t\u00e9 de l\u2019enclos des cochons, l\u2019\u00e9quipe nous ... Read More","og_url":"https:\/\/www.altercampagne.net\/?p=19192","og_site_name":"AlterTour","article_published_time":"2020-08-17T18:03:00+00:00","article_modified_time":"2024-08-27T14:31:52+00:00","og_image":[{"width":900,"height":472,"url":"https:\/\/www.altercampagne.net\/wp-content\/uploads\/2020\/11\/17082020-DSCF5121.jpg","type":"image\/jpeg"}],"author":"Mathieu","twitter_card":"summary_large_image","twitter_misc":{"\u00c9crit par":"Mathieu","Dur\u00e9e de lecture estim\u00e9e":"7 minutes"},"schema":{"@context":"https:\/\/schema.org","@graph":[{"@type":"Article","@id":"https:\/\/www.altercampagne.net\/?p=19192#article","isPartOf":{"@id":"https:\/\/www.altercampagne.net\/?p=19192"},"author":{"name":"Mathieu","@id":"https:\/\/www.altercampagne.net\/#\/schema\/person\/0f261460c09e430caa0f9bcffa319109"},"headline":"Une transmission r\u00e9ussie \u00e0 la Ferme de la Guilbardi\u00e8re \u00e0 Monthou-sur Bi\u00e8vre !","datePublished":"2020-08-17T18:03:00+00:00","dateModified":"2024-08-27T14:31:52+00:00","mainEntityOfPage":{"@id":"https:\/\/www.altercampagne.net\/?p=19192"},"wordCount":1407,"image":{"@id":"https:\/\/www.altercampagne.net\/?p=19192#primaryimage"},"thumbnailUrl":"https:\/\/www.altercampagne.net\/wp-content\/uploads\/2020\/11\/17082020-DSCF5121.jpg","keywords":["Mathieu Fromont","Monthou sur Bi\u00e8vre","Guilbardi\u00e8re","ferme de la Guilbardi\u00e8re","Loire-et-Cher","M\u00e9lanie BOURNEZ","M\u00e9m\u00e9 dans les orties","Ciap"],"articleSection":["Agriculture","AlterTour","Centre-Val de Loire","Edition 2020"],"inLanguage":"fr-FR"},{"@type":"WebPage","@id":"https:\/\/www.altercampagne.net\/?p=19192","url":"https:\/\/www.altercampagne.net\/?p=19192","name":"Une transmission r\u00e9ussie \u00e0 la Ferme de la Guilbardi\u00e8re \u00e0 Monthou-sur Bi\u00e8vre ! - AlterTour","isPartOf":{"@id":"https:\/\/www.altercampagne.net\/#website"},"primaryImageOfPage":{"@id":"https:\/\/www.altercampagne.net\/?p=19192#primaryimage"},"image":{"@id":"https:\/\/www.altercampagne.net\/?p=19192#primaryimage"},"thumbnailUrl":"https:\/\/www.altercampagne.net\/wp-content\/uploads\/2020\/11\/17082020-DSCF5121.jpg","datePublished":"2020-08-17T18:03:00+00:00","dateModified":"2024-08-27T14:31:52+00:00","author":{"@id":"https:\/\/www.altercampagne.net\/#\/schema\/person\/0f261460c09e430caa0f9bcffa319109"},"breadcrumb":{"@id":"https:\/\/www.altercampagne.net\/?p=19192#breadcrumb"},"inLanguage":"fr-FR","potentialAction":[{"@type":"ReadAction","target":["https:\/\/www.altercampagne.net\/?p=19192"]}]},{"@type":"ImageObject","inLanguage":"fr-FR","@id":"https:\/\/www.altercampagne.net\/?p=19192#primaryimage","url":"https:\/\/www.altercampagne.net\/wp-content\/uploads\/2020\/11\/17082020-DSCF5121.jpg","contentUrl":"https:\/\/www.altercampagne.net\/wp-content\/uploads\/2020\/11\/17082020-DSCF5121.jpg","width":900,"height":472},{"@type":"BreadcrumbList","@id":"https:\/\/www.altercampagne.net\/?p=19192#breadcrumb","itemListElement":[{"@type":"ListItem","position":1,"name":"Accueil","item":"https:\/\/www.altercampagne.net\/"},{"@type":"ListItem","position":2,"name":"Une transmission r\u00e9ussie \u00e0 la Ferme de la Guilbardi\u00e8re \u00e0 Monthou-sur Bi\u00e8vre !"}]},{"@type":"WebSite","@id":"https:\/\/www.altercampagne.net\/#website","url":"https:\/\/www.altercampagne.net\/","name":"AlterTour","description":"Reliez les Alternatives \u00e0 v\u00e9lo","potentialAction":[{"@type":"SearchAction","target":{"@type":"EntryPoint","urlTemplate":"https:\/\/www.altercampagne.net\/?s={search_term_string}"},"query-input":{"@type":"PropertyValueSpecification","valueRequired":true,"valueName":"search_term_string"}}],"inLanguage":"fr-FR"},{"@type":"Person","@id":"https:\/\/www.altercampagne.net\/#\/schema\/person\/0f261460c09e430caa0f9bcffa319109","name":"Mathieu","image":{"@type":"ImageObject","inLanguage":"fr-FR","@id":"https:\/\/secure.gravatar.com\/avatar\/aa9d3d24c83f2141e5e2709d0f63d09a99f6be6bb7a50abc4915838d9f54501a?s=96&d=mm&r=g","url":"https:\/\/secure.gravatar.com\/avatar\/aa9d3d24c83f2141e5e2709d0f63d09a99f6be6bb7a50abc4915838d9f54501a?s=96&d=mm&r=g","contentUrl":"https:\/\/secure.gravatar.com\/avatar\/aa9d3d24c83f2141e5e2709d0f63d09a99f6be6bb7a50abc4915838d9f54501a?s=96&d=mm&r=g","caption":"Mathieu"},"url":"https:\/\/www.altercampagne.net\/?author=214"}]}},"_links":{"self":[{"href":"https:\/\/www.altercampagne.net\/index.php?rest_route=\/wp\/v2\/posts\/19192","targetHints":{"allow":["GET"]}}],"collection":[{"href":"https:\/\/www.altercampagne.net\/index.php?rest_route=\/wp\/v2\/posts"}],"about":[{"href":"https:\/\/www.altercampagne.net\/index.php?rest_route=\/wp\/v2\/types\/post"}],"author":[{"embeddable":true,"href":"https:\/\/www.altercampagne.net\/index.php?rest_route=\/wp\/v2\/users\/214"}],"replies":[{"embeddable":true,"href":"https:\/\/www.altercampagne.net\/index.php?rest_route=%2Fwp%2Fv2%2Fcomments&post=19192"}],"version-history":[{"count":21,"href":"https:\/\/www.altercampagne.net\/index.php?rest_route=\/wp\/v2\/posts\/19192\/revisions"}],"predecessor-version":[{"id":28625,"href":"https:\/\/www.altercampagne.net\/index.php?rest_route=\/wp\/v2\/posts\/19192\/revisions\/28625"}],"wp:featuredmedia":[{"embeddable":true,"href":"https:\/\/www.altercampagne.net\/index.php?rest_route=\/wp\/v2\/media\/19847"}],"wp:attachment":[{"href":"https:\/\/www.altercampagne.net\/index.php?rest_route=%2Fwp%2Fv2%2Fmedia&parent=19192"}],"wp:term":[{"taxonomy":"category","embeddable":true,"href":"https:\/\/www.altercampagne.net\/index.php?rest_route=%2Fwp%2Fv2%2Fcategories&post=19192"},{"taxonomy":"post_tag","embeddable":true,"href":"https:\/\/www.altercampagne.net\/index.php?rest_route=%2Fwp%2Fv2%2Ftags&post=19192"}],"curies":[{"name":"wp","href":"https:\/\/api.w.org\/{rel}","templated":true}]}}