{"id":1921,"date":"2015-07-27T23:02:54","date_gmt":"2015-07-27T21:02:54","guid":{"rendered":"http:\/\/www.altercampagne.net\/?p=1921"},"modified":"2024-08-27T16:56:25","modified_gmt":"2024-08-27T14:56:25","slug":"les-altercyclistes-font-etape-a-thionville","status":"publish","type":"post","link":"https:\/\/www.altercampagne.net\/?p=1921","title":{"rendered":"Les altercyclistes font \u00e9tape \u00e0 Thionville"},"content":{"rendered":"<div class=\"gallerySlide\">\n<div id=\"sync1\" class=\"owl-carousel owl-theme\">\n<div class=\"owl-wrapper-outer autoHeight\">\n<div class=\"owl-wrapper\">\n<div class=\"owl-item\">\n<div class=\"item\">\n<div id=\"attachment_3872\" style=\"width: 310px\" class=\"wp-caption alignleft\"><a href=\"http:\/\/www.altercampagne.net\/wp-content\/uploads\/2015\/07\/jeunes-et-moins-jeunes-ecolos-ont-gonfle-leurs-pneus-et-leur-motivation-afin-de-braver-le-mauvais-temps-pour-le-climat-photo-julio-pelaez.jpg\"><img loading=\"lazy\" decoding=\"async\" aria-describedby=\"caption-attachment-3872\" class=\"wp-image-3872 size-medium\" src=\"http:\/\/www.altercampagne.net\/wp-content\/uploads\/2015\/07\/jeunes-et-moins-jeunes-ecolos-ont-gonfle-leurs-pneus-et-leur-motivation-afin-de-braver-le-mauvais-temps-pour-le-climat-photo-julio-pelaez-300x250.jpg\" alt=\"Alternatiba\" width=\"300\" height=\"250\" srcset=\"https:\/\/www.altercampagne.net\/wp-content\/uploads\/2015\/07\/jeunes-et-moins-jeunes-ecolos-ont-gonfle-leurs-pneus-et-leur-motivation-afin-de-braver-le-mauvais-temps-pour-le-climat-photo-julio-pelaez-300x250.jpg 300w, https:\/\/www.altercampagne.net\/wp-content\/uploads\/2015\/07\/jeunes-et-moins-jeunes-ecolos-ont-gonfle-leurs-pneus-et-leur-motivation-afin-de-braver-le-mauvais-temps-pour-le-climat-photo-julio-pelaez.jpg 900w\" sizes=\"auto, (max-width: 300px) 100vw, 300px\" \/><\/a><p id=\"caption-attachment-3872\" class=\"wp-caption-text\">Jeunes et moins jeunes \u00e9colos ont gonfl\u00e9 leurs pneus et leur motivation afin de braver le mauvais temps\u2026 pour le climat. Photo Julio PELAEZ<\/p><\/div>\n<\/div>\n<\/div>\n<p class=\"accroche\">Partis de Volstroff le matin, les cyclistes de l\u2019AlterTour et d\u2019Alternatiba se sont arr\u00eat\u00e9s quelques heures \u00e0 Rive en f\u00eate avant de partir en direction le Luxembourg. Ce groupe parcourt la fronti\u00e8re pour sensibiliser \u00e0 l\u2019environnement et au r\u00e9chauffement climatique.<\/p>\n<p>Malgr\u00e9 la pluie, ils \u00e9taient une cinquantaine de militants \u00e9cologiques, ce lundi, \u00e0 partager un pique-nique sur les rives de la Moselle. Tous en tenue de cycliste, sans exception. Ils ne sont pas des coureurs du Tour de France, mais de l\u2019AlterTour et du Tour Tandem Alternatiba, initiatives \u00e9cologiques et citoyennes organis\u00e9es par Altercampagne et Greenpeace, entre autres. Depuis plus d\u2019une semaine maintenant, le groupe parcourt la fronti\u00e8re afin de sensibiliser la population \u00e0 la probl\u00e9matique, environnementale, du r\u00e9chauffement climatique.<\/p>\n<p>La force de l\u2019unit\u00e9<\/p>\n<p>\u00ab C\u2019est un \u00e9v\u00e9nement hors du commun \u00bb, \u00ab l\u2019initiative est simplement g\u00e9niale \u00bb, \u00ab c\u2019est une bonne fa\u00e7on de promouvoir l\u2019\u00e9cologie en s\u2019amusant \u00bb ; les participants sont unanimes. Pour le moment et malgr\u00e9 la m\u00e9t\u00e9o, la huiti\u00e8me \u00e9dition de l\u2019AlterTour est une r\u00e9ussite. Certains sont venus de tr\u00e8s loin pour participer \u00e0 cette course-promotion de plus d\u2019un mois, partie de Bar-le-Duc le 18 juillet. \u00ab Nous sommes des Auvergnats habitant en Moselle, et nous aimons voyager, y compris en France. Ce n\u2019est pas notre premi\u00e8re participation \u00e0 cet \u00e9v\u00e9nement \u00bb raconte un couple.<\/p>\n<div class=\"owl-item\">\n<div class=\"gallerySlide\">\n<div id=\"attachment_3873\" style=\"width: 310px\" class=\"wp-caption alignright\"><a href=\"http:\/\/www.altercampagne.net\/wp-content\/uploads\/2015\/07\/deux-cent-vingt-personnes-participent-a-l-altertour-explique-mathieu-fromont-qui-en-est-le-responsable-photo-rl.jpg\"><img loading=\"lazy\" decoding=\"async\" aria-describedby=\"caption-attachment-3873\" class=\"wp-image-3873 size-medium\" src=\"http:\/\/www.altercampagne.net\/wp-content\/uploads\/2015\/07\/deux-cent-vingt-personnes-participent-a-l-altertour-explique-mathieu-fromont-qui-en-est-le-responsable-photo-rl-300x231.jpg\" alt=\"Mathieu Fromont AlterTour\" width=\"300\" height=\"231\" srcset=\"https:\/\/www.altercampagne.net\/wp-content\/uploads\/2015\/07\/deux-cent-vingt-personnes-participent-a-l-altertour-explique-mathieu-fromont-qui-en-est-le-responsable-photo-rl-300x231.jpg 300w, https:\/\/www.altercampagne.net\/wp-content\/uploads\/2015\/07\/deux-cent-vingt-personnes-participent-a-l-altertour-explique-mathieu-fromont-qui-en-est-le-responsable-photo-rl.jpg 900w\" sizes=\"auto, (max-width: 300px) 100vw, 300px\" \/><\/a><p id=\"caption-attachment-3873\" class=\"wp-caption-text\">Deux cent vingt personnes participent \u00e0 l\u2019AlterTour explique Mathieu Fromont qui en est le responsable. Photo Rl<\/p><\/div>\n<div id=\"sync2\" class=\"owl-carousel owl-theme\">\n<div class=\"owl-wrapper-outer\">\n<div class=\"owl-wrapper\">\n<div class=\"owl-item\">\n<div class=\"contenu\">\n<p class=\"lazyOwl\">C\u2019est d\u2019ailleurs une formidable occasion, pour les participants, de rencontrer des gens d\u2019autres r\u00e9gions, touch\u00e9s par les m\u00eames probl\u00e8mes de soci\u00e9t\u00e9 que sont l\u2019\u00e9cologie et l\u2019environnement. \u00ab Nous avons des altercyclistes qui viennent du Sud de la France, de Belgique, et m\u00eame d\u2019Espagne , explique Mathieu Fromont, coordinateur de l\u2019AlterTour. Il y a, en tout, 220 inscrits, mais nous ne courons pas tous les jours, on se relaie. \u00bb<\/p>\n<p>Dans deux jours, les chemins des cyclistes de l\u2019AlterTour et des tandems d\u2019Alternatiba se s\u00e9pareront. Alors que les v\u00e9los de trois et quatre places prendront la direction du Nord, puis de la Bretagne, afin de continuer leur grand tour de France de 5 600 km, les altercyclistes passeront par la Belgique, avant de revenir en France et finir leur course \u00e0 Calais, le 23 ao\u00fbt prochain. \u00ab Nous ne sommes pas la m\u00eame association, mais nous d\u00e9fendons les m\u00eames causes, affirme Mathieu Fromont. Il \u00e9tait normal de faire un bout de chemin avec Alternatiba. \u00bb<\/p>\n<p>Promouvoir le climat<\/p>\n<p>L\u2019objectif de la campagne est, bien \u00e9videmment, tourn\u00e9 vers l\u2019\u00e9cologie. Les trente-cinq \u00e9tapes et 1 200 km de l\u2019AlterTour permettent \u00e0 l\u2019association et \u00e0 ses cyclistes de visiter un bon nombre d\u2019alternatives environnementales et citoyennes, tout au long du parcours, partout en France. \u00ab Nous sommes accueillis dans des fermes biologiques, des lieux autog\u00e9r\u00e9s, ou encore des infrastructures tenues par des collectifs \u00e9cologiques et altermondialistes , pr\u00e9cise Mathieu Fromont. Nous tenons \u00e0 ce que l\u2019\u00e9v\u00e9nement reste le plus \u00e9colo possible. \u00bb<\/p>\n<p>Cette ann\u00e9e, le th\u00e8me principal du tour est le climat. Si un nombre grandissant de personnes et de collectifs, mais aussi d\u2019entreprises, agit au quotidien contre le d\u00e9r\u00e8glement climatique, le probl\u00e8me est encore trop peu pris au s\u00e9rieux par une partie de la population. Le sommet sur le climat COP21 aura, par ailleurs, lieu \u00e0 Paris \u00e0 la fin de l\u2019ann\u00e9e, les altercyclistes ont donc naturellement privil\u00e9gi\u00e9 cette th\u00e9matique.<\/p>\n<p>Les soirs de chaque nouvelle \u00e9tape, les militants organisent des stands, des concerts ou encore des visites d\u2019AMAP (association pour le maintien d\u2019une agriculture paysanne) ou de maison \u00e9nerg\u00e9tique. Si la sensibilisation est le but principal de l\u2019\u00e9v\u00e9nement, les cyclistes se pr\u00e9parent aussi, quelques fois, pour des actions plus militantes, comme \u00e0 Bure il y a quelques jours.<\/p>\n<p>Ce n\u2019est pas la premi\u00e8re fois que l\u2019AlterTour fait une escale \u00e0 Thionville. En 2009 d\u00e9j\u00e0, les altercyclistes \u00e9taient rest\u00e9s quelques jours en Moselle.<\/p>\n<p>Source, le r\u00e9publicain lorrain : <a href=\"http:\/\/www.republicain-lorrain.fr\/edition-de-thionville-hayange\/2015\/07\/27\/les-altercyclistes-font-etape-a-thionville\" target=\"_blank\" rel=\"noopener\">http:\/\/www.republicain-lorrain.fr\/edition-de-thionville-hayange\/2015\/07\/27\/les-altercyclistes-font-etape-a-thionville<\/a><\/p>\n<\/div>\n<\/div>\n<\/div>\n<\/div>\n<\/div>\n<\/div>\n<\/div>\n<\/div>\n<\/div>\n<\/div>\n<\/div>\n","protected":false},"excerpt":{"rendered":"<p>Partis de Volstroff le matin, les cyclistes de l\u2019AlterTour et d\u2019Alternatiba se sont arr\u00eat\u00e9s quelques heures \u00e0 Rive en f\u00eate avant de partir en direction le Luxembourg. Ce groupe parcourt la fronti\u00e8re pour sensibiliser \u00e0 l\u2019environnement et au r\u00e9chauffement climatique. Malgr\u00e9 la pluie, ils \u00e9taient une cinquantaine de militants \u00e9cologiques, &#8230; <\/p>\n<div><a href=\"https:\/\/www.altercampagne.net\/?p=1921\" class=\"more-link\">Read More<\/a><\/div>\n","protected":false},"author":214,"featured_media":3873,"comment_status":"closed","ping_status":"closed","sticky":false,"template":"","format":"standard","meta":{"footnotes":""},"categories":[239],"tags":[11,24,44,192,218,233,247,370,552,567,1515,1546,1672],"class_list":["post-1921","post","type-post","status-publish","format-standard","has-post-thumbnail","hentry","category-revue-de-presse","tag-alternatiba","tag-luxembourg","tag-climat","tag-altertour-2015","tag-tour-alternatiba","tag-cop21","tag-lorraine","tag-thionville","tag-mathieu-fromont","tag-volstroff","tag-alsace-champagne-ardenne-lorraine","tag-moselle","tag-1672"],"yoast_head":"<!-- This site is optimized with the Yoast SEO plugin v27.3 - https:\/\/yoast.com\/product\/yoast-seo-wordpress\/ -->\n<title>Les altercyclistes font \u00e9tape \u00e0 Thionville - AlterTour<\/title>\n<meta name=\"robots\" content=\"index, follow, max-snippet:-1, max-image-preview:large, max-video-preview:-1\" \/>\n<link rel=\"canonical\" href=\"https:\/\/www.altercampagne.net\/?p=1921\" \/>\n<meta property=\"og:locale\" content=\"fr_FR\" \/>\n<meta property=\"og:type\" content=\"article\" \/>\n<meta property=\"og:title\" content=\"Les altercyclistes font \u00e9tape \u00e0 Thionville - AlterTour\" \/>\n<meta property=\"og:description\" content=\"Partis de Volstroff le matin, les cyclistes de l\u2019AlterTour et d\u2019Alternatiba se sont arr\u00eat\u00e9s quelques heures \u00e0 Rive en f\u00eate avant de partir en direction le Luxembourg. Ce groupe parcourt la fronti\u00e8re pour sensibiliser \u00e0 l\u2019environnement et au r\u00e9chauffement climatique. Malgr\u00e9 la pluie, ils \u00e9taient une cinquantaine de militants \u00e9cologiques, ... Read More\" \/>\n<meta property=\"og:url\" content=\"https:\/\/www.altercampagne.net\/?p=1921\" \/>\n<meta property=\"og:site_name\" content=\"AlterTour\" \/>\n<meta property=\"article:published_time\" content=\"2015-07-27T21:02:54+00:00\" \/>\n<meta property=\"article:modified_time\" content=\"2024-08-27T14:56:25+00:00\" \/>\n<meta property=\"og:image\" content=\"https:\/\/www.altercampagne.net\/wp-content\/uploads\/2015\/07\/deux-cent-vingt-personnes-participent-a-l-altertour-explique-mathieu-fromont-qui-en-est-le-responsable-photo-rl.jpg\" \/>\n\t<meta property=\"og:image:width\" content=\"900\" \/>\n\t<meta property=\"og:image:height\" content=\"693\" \/>\n\t<meta property=\"og:image:type\" content=\"image\/jpeg\" \/>\n<meta name=\"author\" content=\"Mathieu\" \/>\n<meta name=\"twitter:card\" content=\"summary_large_image\" \/>\n<meta name=\"twitter:label1\" content=\"\u00c9crit par\" \/>\n\t<meta name=\"twitter:data1\" content=\"Mathieu\" \/>\n\t<meta name=\"twitter:label2\" content=\"Dur\u00e9e de lecture estim\u00e9e\" \/>\n\t<meta name=\"twitter:data2\" content=\"4 minutes\" \/>\n<script type=\"application\/ld+json\" class=\"yoast-schema-graph\">{\"@context\":\"https:\\\/\\\/schema.org\",\"@graph\":[{\"@type\":\"Article\",\"@id\":\"https:\\\/\\\/www.altercampagne.net\\\/?p=1921#article\",\"isPartOf\":{\"@id\":\"https:\\\/\\\/www.altercampagne.net\\\/?p=1921\"},\"author\":{\"name\":\"Mathieu\",\"@id\":\"https:\\\/\\\/www.altercampagne.net\\\/#\\\/schema\\\/person\\\/0f261460c09e430caa0f9bcffa319109\"},\"headline\":\"Les altercyclistes font \u00e9tape \u00e0 Thionville\",\"datePublished\":\"2015-07-27T21:02:54+00:00\",\"dateModified\":\"2024-08-27T14:56:25+00:00\",\"mainEntityOfPage\":{\"@id\":\"https:\\\/\\\/www.altercampagne.net\\\/?p=1921\"},\"wordCount\":736,\"image\":{\"@id\":\"https:\\\/\\\/www.altercampagne.net\\\/?p=1921#primaryimage\"},\"thumbnailUrl\":\"https:\\\/\\\/www.altercampagne.net\\\/wp-content\\\/uploads\\\/2015\\\/07\\\/deux-cent-vingt-personnes-participent-a-l-altertour-explique-mathieu-fromont-qui-en-est-le-responsable-photo-rl.jpg\",\"keywords\":[\"alternatiba\",\"luxembourg\",\"climat\",\"AlterTour 2015\",\"Tour Alternatiba\",\"cop21\",\"Lorraine\",\"Thionville\",\"Mathieu Fromont\",\"Volstroff\",\"Alsace-Champagne-Ardenne-Lorraine\",\"Moselle\",\"2015\"],\"articleSection\":[\"Revue de presse\"],\"inLanguage\":\"fr-FR\"},{\"@type\":\"WebPage\",\"@id\":\"https:\\\/\\\/www.altercampagne.net\\\/?p=1921\",\"url\":\"https:\\\/\\\/www.altercampagne.net\\\/?p=1921\",\"name\":\"Les altercyclistes font \u00e9tape \u00e0 Thionville - AlterTour\",\"isPartOf\":{\"@id\":\"https:\\\/\\\/www.altercampagne.net\\\/#website\"},\"primaryImageOfPage\":{\"@id\":\"https:\\\/\\\/www.altercampagne.net\\\/?p=1921#primaryimage\"},\"image\":{\"@id\":\"https:\\\/\\\/www.altercampagne.net\\\/?p=1921#primaryimage\"},\"thumbnailUrl\":\"https:\\\/\\\/www.altercampagne.net\\\/wp-content\\\/uploads\\\/2015\\\/07\\\/deux-cent-vingt-personnes-participent-a-l-altertour-explique-mathieu-fromont-qui-en-est-le-responsable-photo-rl.jpg\",\"datePublished\":\"2015-07-27T21:02:54+00:00\",\"dateModified\":\"2024-08-27T14:56:25+00:00\",\"author\":{\"@id\":\"https:\\\/\\\/www.altercampagne.net\\\/#\\\/schema\\\/person\\\/0f261460c09e430caa0f9bcffa319109\"},\"breadcrumb\":{\"@id\":\"https:\\\/\\\/www.altercampagne.net\\\/?p=1921#breadcrumb\"},\"inLanguage\":\"fr-FR\",\"potentialAction\":[{\"@type\":\"ReadAction\",\"target\":[\"https:\\\/\\\/www.altercampagne.net\\\/?p=1921\"]}]},{\"@type\":\"ImageObject\",\"inLanguage\":\"fr-FR\",\"@id\":\"https:\\\/\\\/www.altercampagne.net\\\/?p=1921#primaryimage\",\"url\":\"https:\\\/\\\/www.altercampagne.net\\\/wp-content\\\/uploads\\\/2015\\\/07\\\/deux-cent-vingt-personnes-participent-a-l-altertour-explique-mathieu-fromont-qui-en-est-le-responsable-photo-rl.jpg\",\"contentUrl\":\"https:\\\/\\\/www.altercampagne.net\\\/wp-content\\\/uploads\\\/2015\\\/07\\\/deux-cent-vingt-personnes-participent-a-l-altertour-explique-mathieu-fromont-qui-en-est-le-responsable-photo-rl.jpg\",\"width\":900,\"height\":693},{\"@type\":\"BreadcrumbList\",\"@id\":\"https:\\\/\\\/www.altercampagne.net\\\/?p=1921#breadcrumb\",\"itemListElement\":[{\"@type\":\"ListItem\",\"position\":1,\"name\":\"Accueil\",\"item\":\"https:\\\/\\\/www.altercampagne.net\\\/\"},{\"@type\":\"ListItem\",\"position\":2,\"name\":\"Les altercyclistes font \u00e9tape \u00e0 Thionville\"}]},{\"@type\":\"WebSite\",\"@id\":\"https:\\\/\\\/www.altercampagne.net\\\/#website\",\"url\":\"https:\\\/\\\/www.altercampagne.net\\\/\",\"name\":\"AlterTour\",\"description\":\"Reliez les Alternatives \u00e0 v\u00e9lo\",\"potentialAction\":[{\"@type\":\"SearchAction\",\"target\":{\"@type\":\"EntryPoint\",\"urlTemplate\":\"https:\\\/\\\/www.altercampagne.net\\\/?s={search_term_string}\"},\"query-input\":{\"@type\":\"PropertyValueSpecification\",\"valueRequired\":true,\"valueName\":\"search_term_string\"}}],\"inLanguage\":\"fr-FR\"},{\"@type\":\"Person\",\"@id\":\"https:\\\/\\\/www.altercampagne.net\\\/#\\\/schema\\\/person\\\/0f261460c09e430caa0f9bcffa319109\",\"name\":\"Mathieu\",\"image\":{\"@type\":\"ImageObject\",\"inLanguage\":\"fr-FR\",\"@id\":\"https:\\\/\\\/secure.gravatar.com\\\/avatar\\\/aa9d3d24c83f2141e5e2709d0f63d09a99f6be6bb7a50abc4915838d9f54501a?s=96&d=mm&r=g\",\"url\":\"https:\\\/\\\/secure.gravatar.com\\\/avatar\\\/aa9d3d24c83f2141e5e2709d0f63d09a99f6be6bb7a50abc4915838d9f54501a?s=96&d=mm&r=g\",\"contentUrl\":\"https:\\\/\\\/secure.gravatar.com\\\/avatar\\\/aa9d3d24c83f2141e5e2709d0f63d09a99f6be6bb7a50abc4915838d9f54501a?s=96&d=mm&r=g\",\"caption\":\"Mathieu\"},\"url\":\"https:\\\/\\\/www.altercampagne.net\\\/?author=214\"}]}<\/script>\n<!-- \/ Yoast SEO plugin. -->","yoast_head_json":{"title":"Les altercyclistes font \u00e9tape \u00e0 Thionville - AlterTour","robots":{"index":"index","follow":"follow","max-snippet":"max-snippet:-1","max-image-preview":"max-image-preview:large","max-video-preview":"max-video-preview:-1"},"canonical":"https:\/\/www.altercampagne.net\/?p=1921","og_locale":"fr_FR","og_type":"article","og_title":"Les altercyclistes font \u00e9tape \u00e0 Thionville - AlterTour","og_description":"Partis de Volstroff le matin, les cyclistes de l\u2019AlterTour et d\u2019Alternatiba se sont arr\u00eat\u00e9s quelques heures \u00e0 Rive en f\u00eate avant de partir en direction le Luxembourg. Ce groupe parcourt la fronti\u00e8re pour sensibiliser \u00e0 l\u2019environnement et au r\u00e9chauffement climatique. Malgr\u00e9 la pluie, ils \u00e9taient une cinquantaine de militants \u00e9cologiques, ... Read More","og_url":"https:\/\/www.altercampagne.net\/?p=1921","og_site_name":"AlterTour","article_published_time":"2015-07-27T21:02:54+00:00","article_modified_time":"2024-08-27T14:56:25+00:00","og_image":[{"width":900,"height":693,"url":"https:\/\/www.altercampagne.net\/wp-content\/uploads\/2015\/07\/deux-cent-vingt-personnes-participent-a-l-altertour-explique-mathieu-fromont-qui-en-est-le-responsable-photo-rl.jpg","type":"image\/jpeg"}],"author":"Mathieu","twitter_card":"summary_large_image","twitter_misc":{"\u00c9crit par":"Mathieu","Dur\u00e9e de lecture estim\u00e9e":"4 minutes"},"schema":{"@context":"https:\/\/schema.org","@graph":[{"@type":"Article","@id":"https:\/\/www.altercampagne.net\/?p=1921#article","isPartOf":{"@id":"https:\/\/www.altercampagne.net\/?p=1921"},"author":{"name":"Mathieu","@id":"https:\/\/www.altercampagne.net\/#\/schema\/person\/0f261460c09e430caa0f9bcffa319109"},"headline":"Les altercyclistes font \u00e9tape \u00e0 Thionville","datePublished":"2015-07-27T21:02:54+00:00","dateModified":"2024-08-27T14:56:25+00:00","mainEntityOfPage":{"@id":"https:\/\/www.altercampagne.net\/?p=1921"},"wordCount":736,"image":{"@id":"https:\/\/www.altercampagne.net\/?p=1921#primaryimage"},"thumbnailUrl":"https:\/\/www.altercampagne.net\/wp-content\/uploads\/2015\/07\/deux-cent-vingt-personnes-participent-a-l-altertour-explique-mathieu-fromont-qui-en-est-le-responsable-photo-rl.jpg","keywords":["alternatiba","luxembourg","climat","AlterTour 2015","Tour Alternatiba","cop21","Lorraine","Thionville","Mathieu Fromont","Volstroff","Alsace-Champagne-Ardenne-Lorraine","Moselle","2015"],"articleSection":["Revue de presse"],"inLanguage":"fr-FR"},{"@type":"WebPage","@id":"https:\/\/www.altercampagne.net\/?p=1921","url":"https:\/\/www.altercampagne.net\/?p=1921","name":"Les altercyclistes font \u00e9tape \u00e0 Thionville - AlterTour","isPartOf":{"@id":"https:\/\/www.altercampagne.net\/#website"},"primaryImageOfPage":{"@id":"https:\/\/www.altercampagne.net\/?p=1921#primaryimage"},"image":{"@id":"https:\/\/www.altercampagne.net\/?p=1921#primaryimage"},"thumbnailUrl":"https:\/\/www.altercampagne.net\/wp-content\/uploads\/2015\/07\/deux-cent-vingt-personnes-participent-a-l-altertour-explique-mathieu-fromont-qui-en-est-le-responsable-photo-rl.jpg","datePublished":"2015-07-27T21:02:54+00:00","dateModified":"2024-08-27T14:56:25+00:00","author":{"@id":"https:\/\/www.altercampagne.net\/#\/schema\/person\/0f261460c09e430caa0f9bcffa319109"},"breadcrumb":{"@id":"https:\/\/www.altercampagne.net\/?p=1921#breadcrumb"},"inLanguage":"fr-FR","potentialAction":[{"@type":"ReadAction","target":["https:\/\/www.altercampagne.net\/?p=1921"]}]},{"@type":"ImageObject","inLanguage":"fr-FR","@id":"https:\/\/www.altercampagne.net\/?p=1921#primaryimage","url":"https:\/\/www.altercampagne.net\/wp-content\/uploads\/2015\/07\/deux-cent-vingt-personnes-participent-a-l-altertour-explique-mathieu-fromont-qui-en-est-le-responsable-photo-rl.jpg","contentUrl":"https:\/\/www.altercampagne.net\/wp-content\/uploads\/2015\/07\/deux-cent-vingt-personnes-participent-a-l-altertour-explique-mathieu-fromont-qui-en-est-le-responsable-photo-rl.jpg","width":900,"height":693},{"@type":"BreadcrumbList","@id":"https:\/\/www.altercampagne.net\/?p=1921#breadcrumb","itemListElement":[{"@type":"ListItem","position":1,"name":"Accueil","item":"https:\/\/www.altercampagne.net\/"},{"@type":"ListItem","position":2,"name":"Les altercyclistes font \u00e9tape \u00e0 Thionville"}]},{"@type":"WebSite","@id":"https:\/\/www.altercampagne.net\/#website","url":"https:\/\/www.altercampagne.net\/","name":"AlterTour","description":"Reliez les Alternatives \u00e0 v\u00e9lo","potentialAction":[{"@type":"SearchAction","target":{"@type":"EntryPoint","urlTemplate":"https:\/\/www.altercampagne.net\/?s={search_term_string}"},"query-input":{"@type":"PropertyValueSpecification","valueRequired":true,"valueName":"search_term_string"}}],"inLanguage":"fr-FR"},{"@type":"Person","@id":"https:\/\/www.altercampagne.net\/#\/schema\/person\/0f261460c09e430caa0f9bcffa319109","name":"Mathieu","image":{"@type":"ImageObject","inLanguage":"fr-FR","@id":"https:\/\/secure.gravatar.com\/avatar\/aa9d3d24c83f2141e5e2709d0f63d09a99f6be6bb7a50abc4915838d9f54501a?s=96&d=mm&r=g","url":"https:\/\/secure.gravatar.com\/avatar\/aa9d3d24c83f2141e5e2709d0f63d09a99f6be6bb7a50abc4915838d9f54501a?s=96&d=mm&r=g","contentUrl":"https:\/\/secure.gravatar.com\/avatar\/aa9d3d24c83f2141e5e2709d0f63d09a99f6be6bb7a50abc4915838d9f54501a?s=96&d=mm&r=g","caption":"Mathieu"},"url":"https:\/\/www.altercampagne.net\/?author=214"}]}},"_links":{"self":[{"href":"https:\/\/www.altercampagne.net\/index.php?rest_route=\/wp\/v2\/posts\/1921","targetHints":{"allow":["GET"]}}],"collection":[{"href":"https:\/\/www.altercampagne.net\/index.php?rest_route=\/wp\/v2\/posts"}],"about":[{"href":"https:\/\/www.altercampagne.net\/index.php?rest_route=\/wp\/v2\/types\/post"}],"author":[{"embeddable":true,"href":"https:\/\/www.altercampagne.net\/index.php?rest_route=\/wp\/v2\/users\/214"}],"replies":[{"embeddable":true,"href":"https:\/\/www.altercampagne.net\/index.php?rest_route=%2Fwp%2Fv2%2Fcomments&post=1921"}],"version-history":[{"count":1,"href":"https:\/\/www.altercampagne.net\/index.php?rest_route=\/wp\/v2\/posts\/1921\/revisions"}],"predecessor-version":[{"id":28636,"href":"https:\/\/www.altercampagne.net\/index.php?rest_route=\/wp\/v2\/posts\/1921\/revisions\/28636"}],"wp:featuredmedia":[{"embeddable":true,"href":"https:\/\/www.altercampagne.net\/index.php?rest_route=\/wp\/v2\/media\/3873"}],"wp:attachment":[{"href":"https:\/\/www.altercampagne.net\/index.php?rest_route=%2Fwp%2Fv2%2Fmedia&parent=1921"}],"wp:term":[{"taxonomy":"category","embeddable":true,"href":"https:\/\/www.altercampagne.net\/index.php?rest_route=%2Fwp%2Fv2%2Fcategories&post=1921"},{"taxonomy":"post_tag","embeddable":true,"href":"https:\/\/www.altercampagne.net\/index.php?rest_route=%2Fwp%2Fv2%2Ftags&post=1921"}],"curies":[{"name":"wp","href":"https:\/\/api.w.org\/{rel}","templated":true}]}}