{"id":1923,"date":"2015-07-19T23:10:39","date_gmt":"2015-07-19T21:10:39","guid":{"rendered":"http:\/\/www.altercampagne.net\/?p=1923"},"modified":"2016-04-09T22:50:22","modified_gmt":"2016-04-09T20:50:22","slug":"bure-55-operation-des-associations-dopposants-au-projet-denfouissement","status":"publish","type":"post","link":"https:\/\/www.altercampagne.net\/?p=1923","title":{"rendered":"Bure 55 : op\u00e9ration des associations d&rsquo;opposants au projet d&rsquo;enfouissement"},"content":{"rendered":"<div class=\"block-fr3-content block-fr3-content-main block-fr3-content-main-article\">\n<div class=\"content\">\n<p>Dimanche 19 juillet 2015, les associations d&rsquo;opposants au projet d&rsquo;enfouissement des d\u00e9chets radioactifs Cig\u00e9o (Centre Industriel de stockage G\u00e9ologique) organisent un rassemblement \u00e0 Bure, devant le laboratoire de l&rsquo;Andra.<\/p>\n<p><a class=\"tobox\" href=\"http:\/\/france3-regions.francetvinfo.fr\/lorraine\/meuse\/bure\/bure-55-operation-des-associations-d-opposants-au-projet-d-enfouissement-772769.html\" target=\"_blank\"> <img loading=\"lazy\" decoding=\"async\" class=\" alignleft\" src=\"http:\/\/france3-regions.francetvinfo.fr\/lorraine\/sites\/regions_france3\/files\/styles\/top_big\/public\/assets\/images\/2015\/05\/04\/cigeo.jpg?itok=P0wvo-No\" alt=\"\u00a9 France 3 Champagne-Ardenne\" width=\"640\" height=\"360\" \/><\/a><\/p>\n<\/div>\n<\/div>\n<div id=\"text-sizes\" class=\"block-fr3-content-wrapper-content\">\n<div class=\"content-fr3-content\">Apr\u00e8s<a href=\"http:\/\/france3-regions.francetvinfo.fr\/champagne-ardenne\/haute-marne\/l-enfouissement-de-dechets-radioactifs-bure-approuve-dans-la-loi-macron-767560.html\"> l&rsquo;approbation de l&rsquo;Assembl\u00e9e nationale du projet d&rsquo;enfouissement \u00e0 Bure <\/a>des d\u00e9chets radioactifs Cig\u00e9o et<a href=\"http:\/\/france3-regions.francetvinfo.fr\/lorraine\/meuse\/bure\/segolene-royal-pas-favorable-l-enfouissement-de-dechets-nucleaires-771235.html\"> l&rsquo;opposition, il y a trois jours, de\u00a0S\u00e9gol\u00e8ne Royal<\/a>, la ministre de l&rsquo;Ecologie et de l&rsquo;Energie, les associations d&rsquo;opposants au projet d&rsquo;enfouissement appellent\u00a0\u00e0 une \u00ab\u00a0Convergence des Bure Haleurs, des Bure \u00e0 Cuire et de l&rsquo;AlterTour\u00a0\u00bb.Les\u00a0Bure Haleurs\u00a0donneront un concert devant le laboratoire de l&rsquo;Andra \u00e0 15h.Un d\u00e9part du Tour de Bure et pr\u00e9vu \u00e0 16h.<\/p>\n<p>Plus d&rsquo;informations dans vos \u00e9ditions r\u00e9gionales<\/p>\n<\/div>\n<div class=\"content-fr3-content\" style=\"text-align: right;\">Thierry Pernin<\/div>\n<div class=\"content-fr3-content\" style=\"text-align: right;\"><\/div>\n<div class=\"content-fr3-content\" style=\"text-align: left;\">Source, France 3 : <a href=\"http:\/\/france3-regions.francetvinfo.fr\/lorraine\/meuse\/bure\/bure-55-operation-des-associations-d-opposants-au-projet-d-enfouissement-772769.html\" target=\"_blank\">http:\/\/france3-regions.francetvinfo.fr\/lorraine\/meuse\/bure\/bure-55-operation-des-associations-d-opposants-au-projet-d-enfouissement-772769.html<\/a><\/div>\n<\/div>\n","protected":false},"excerpt":{"rendered":"<p>Dimanche 19 juillet 2015, les associations d&rsquo;opposants au projet d&rsquo;enfouissement des d\u00e9chets radioactifs Cig\u00e9o (Centre Industriel de stockage G\u00e9ologique) organisent un rassemblement \u00e0 Bure, devant le laboratoire de l&rsquo;Andra. Apr\u00e8s l&rsquo;approbation de l&rsquo;Assembl\u00e9e nationale du projet d&rsquo;enfouissement \u00e0 Bure des d\u00e9chets radioactifs Cig\u00e9o et l&rsquo;opposition, il y a trois jours, &#8230; <\/p>\n<div><a href=\"https:\/\/www.altercampagne.net\/?p=1923\" class=\"more-link\">Read More<\/a><\/div>\n","protected":false},"author":214,"featured_media":0,"comment_status":"closed","ping_status":"closed","sticky":false,"template":"","format":"standard","meta":{"footnotes":""},"categories":[239],"tags":[25,44,192,233,247,329,371,372,1514],"class_list":["post-1923","post","type-post","status-publish","format-standard","hentry","category-revue-de-presse","tag-bure","tag-climat","tag-altertour-2015","tag-cop21","tag-lorraine","tag-bure-a-cuire","tag-france-3","tag-bure-haleur","tag-meuse","no-post-thumbnail"],"yoast_head":"<!-- This site is optimized with the Yoast SEO plugin v27.3 - https:\/\/yoast.com\/product\/yoast-seo-wordpress\/ -->\n<title>Bure 55 : op\u00e9ration des associations d&#039;opposants au projet d&#039;enfouissement - AlterTour<\/title>\n<meta name=\"robots\" content=\"index, follow, max-snippet:-1, max-image-preview:large, max-video-preview:-1\" \/>\n<link rel=\"canonical\" href=\"https:\/\/www.altercampagne.net\/?p=1923\" \/>\n<meta property=\"og:locale\" content=\"fr_FR\" \/>\n<meta property=\"og:type\" content=\"article\" \/>\n<meta property=\"og:title\" content=\"Bure 55 : op\u00e9ration des associations d&#039;opposants au projet d&#039;enfouissement - AlterTour\" \/>\n<meta property=\"og:description\" content=\"Dimanche 19 juillet 2015, les associations d&rsquo;opposants au projet d&rsquo;enfouissement des d\u00e9chets radioactifs Cig\u00e9o (Centre Industriel de stockage G\u00e9ologique) organisent un rassemblement \u00e0 Bure, devant le laboratoire de l&rsquo;Andra. Apr\u00e8s l&rsquo;approbation de l&rsquo;Assembl\u00e9e nationale du projet d&rsquo;enfouissement \u00e0 Bure des d\u00e9chets radioactifs Cig\u00e9o et l&rsquo;opposition, il y a trois jours, ... Read More\" \/>\n<meta property=\"og:url\" content=\"https:\/\/www.altercampagne.net\/?p=1923\" \/>\n<meta property=\"og:site_name\" content=\"AlterTour\" \/>\n<meta property=\"article:published_time\" content=\"2015-07-19T21:10:39+00:00\" \/>\n<meta property=\"article:modified_time\" content=\"2016-04-09T20:50:22+00:00\" \/>\n<meta property=\"og:image\" content=\"http:\/\/france3-regions.francetvinfo.fr\/lorraine\/sites\/regions_france3\/files\/styles\/top_big\/public\/assets\/images\/2015\/05\/04\/cigeo.jpg?itok=P0wvo-No\" \/>\n<meta name=\"author\" content=\"Mathieu\" \/>\n<meta name=\"twitter:card\" content=\"summary_large_image\" \/>\n<meta name=\"twitter:label1\" content=\"\u00c9crit par\" \/>\n\t<meta name=\"twitter:data1\" content=\"Mathieu\" \/>\n\t<meta name=\"twitter:label2\" content=\"Dur\u00e9e de lecture estim\u00e9e\" \/>\n\t<meta name=\"twitter:data2\" content=\"1 minute\" \/>\n<script type=\"application\/ld+json\" class=\"yoast-schema-graph\">{\"@context\":\"https:\\\/\\\/schema.org\",\"@graph\":[{\"@type\":\"Article\",\"@id\":\"https:\\\/\\\/www.altercampagne.net\\\/?p=1923#article\",\"isPartOf\":{\"@id\":\"https:\\\/\\\/www.altercampagne.net\\\/?p=1923\"},\"author\":{\"name\":\"Mathieu\",\"@id\":\"https:\\\/\\\/www.altercampagne.net\\\/#\\\/schema\\\/person\\\/0f261460c09e430caa0f9bcffa319109\"},\"headline\":\"Bure 55 : op\u00e9ration des associations d&rsquo;opposants au projet d&rsquo;enfouissement\",\"datePublished\":\"2015-07-19T21:10:39+00:00\",\"dateModified\":\"2016-04-09T20:50:22+00:00\",\"mainEntityOfPage\":{\"@id\":\"https:\\\/\\\/www.altercampagne.net\\\/?p=1923\"},\"wordCount\":153,\"image\":{\"@id\":\"https:\\\/\\\/www.altercampagne.net\\\/?p=1923#primaryimage\"},\"thumbnailUrl\":\"http:\\\/\\\/france3-regions.francetvinfo.fr\\\/lorraine\\\/sites\\\/regions_france3\\\/files\\\/styles\\\/top_big\\\/public\\\/assets\\\/images\\\/2015\\\/05\\\/04\\\/cigeo.jpg?itok=P0wvo-No\",\"keywords\":[\"Bure\",\"climat\",\"AlterTour 2015\",\"cop21\",\"Lorraine\",\"bure \u00e0 cuire\",\"france 3\",\"bure haleur\",\"Meuse\"],\"articleSection\":[\"Revue de presse\"],\"inLanguage\":\"fr-FR\"},{\"@type\":\"WebPage\",\"@id\":\"https:\\\/\\\/www.altercampagne.net\\\/?p=1923\",\"url\":\"https:\\\/\\\/www.altercampagne.net\\\/?p=1923\",\"name\":\"Bure 55 : op\u00e9ration des associations d'opposants au projet d'enfouissement - AlterTour\",\"isPartOf\":{\"@id\":\"https:\\\/\\\/www.altercampagne.net\\\/#website\"},\"primaryImageOfPage\":{\"@id\":\"https:\\\/\\\/www.altercampagne.net\\\/?p=1923#primaryimage\"},\"image\":{\"@id\":\"https:\\\/\\\/www.altercampagne.net\\\/?p=1923#primaryimage\"},\"thumbnailUrl\":\"http:\\\/\\\/france3-regions.francetvinfo.fr\\\/lorraine\\\/sites\\\/regions_france3\\\/files\\\/styles\\\/top_big\\\/public\\\/assets\\\/images\\\/2015\\\/05\\\/04\\\/cigeo.jpg?itok=P0wvo-No\",\"datePublished\":\"2015-07-19T21:10:39+00:00\",\"dateModified\":\"2016-04-09T20:50:22+00:00\",\"author\":{\"@id\":\"https:\\\/\\\/www.altercampagne.net\\\/#\\\/schema\\\/person\\\/0f261460c09e430caa0f9bcffa319109\"},\"breadcrumb\":{\"@id\":\"https:\\\/\\\/www.altercampagne.net\\\/?p=1923#breadcrumb\"},\"inLanguage\":\"fr-FR\",\"potentialAction\":[{\"@type\":\"ReadAction\",\"target\":[\"https:\\\/\\\/www.altercampagne.net\\\/?p=1923\"]}]},{\"@type\":\"ImageObject\",\"inLanguage\":\"fr-FR\",\"@id\":\"https:\\\/\\\/www.altercampagne.net\\\/?p=1923#primaryimage\",\"url\":\"http:\\\/\\\/france3-regions.francetvinfo.fr\\\/lorraine\\\/sites\\\/regions_france3\\\/files\\\/styles\\\/top_big\\\/public\\\/assets\\\/images\\\/2015\\\/05\\\/04\\\/cigeo.jpg?itok=P0wvo-No\",\"contentUrl\":\"http:\\\/\\\/france3-regions.francetvinfo.fr\\\/lorraine\\\/sites\\\/regions_france3\\\/files\\\/styles\\\/top_big\\\/public\\\/assets\\\/images\\\/2015\\\/05\\\/04\\\/cigeo.jpg?itok=P0wvo-No\"},{\"@type\":\"BreadcrumbList\",\"@id\":\"https:\\\/\\\/www.altercampagne.net\\\/?p=1923#breadcrumb\",\"itemListElement\":[{\"@type\":\"ListItem\",\"position\":1,\"name\":\"Accueil\",\"item\":\"https:\\\/\\\/www.altercampagne.net\\\/\"},{\"@type\":\"ListItem\",\"position\":2,\"name\":\"Bure 55 : op\u00e9ration des associations d&rsquo;opposants au projet d&rsquo;enfouissement\"}]},{\"@type\":\"WebSite\",\"@id\":\"https:\\\/\\\/www.altercampagne.net\\\/#website\",\"url\":\"https:\\\/\\\/www.altercampagne.net\\\/\",\"name\":\"AlterTour\",\"description\":\"Reliez les Alternatives \u00e0 v\u00e9lo\",\"potentialAction\":[{\"@type\":\"SearchAction\",\"target\":{\"@type\":\"EntryPoint\",\"urlTemplate\":\"https:\\\/\\\/www.altercampagne.net\\\/?s={search_term_string}\"},\"query-input\":{\"@type\":\"PropertyValueSpecification\",\"valueRequired\":true,\"valueName\":\"search_term_string\"}}],\"inLanguage\":\"fr-FR\"},{\"@type\":\"Person\",\"@id\":\"https:\\\/\\\/www.altercampagne.net\\\/#\\\/schema\\\/person\\\/0f261460c09e430caa0f9bcffa319109\",\"name\":\"Mathieu\",\"image\":{\"@type\":\"ImageObject\",\"inLanguage\":\"fr-FR\",\"@id\":\"https:\\\/\\\/secure.gravatar.com\\\/avatar\\\/aa9d3d24c83f2141e5e2709d0f63d09a99f6be6bb7a50abc4915838d9f54501a?s=96&d=mm&r=g\",\"url\":\"https:\\\/\\\/secure.gravatar.com\\\/avatar\\\/aa9d3d24c83f2141e5e2709d0f63d09a99f6be6bb7a50abc4915838d9f54501a?s=96&d=mm&r=g\",\"contentUrl\":\"https:\\\/\\\/secure.gravatar.com\\\/avatar\\\/aa9d3d24c83f2141e5e2709d0f63d09a99f6be6bb7a50abc4915838d9f54501a?s=96&d=mm&r=g\",\"caption\":\"Mathieu\"},\"url\":\"https:\\\/\\\/www.altercampagne.net\\\/?author=214\"}]}<\/script>\n<!-- \/ Yoast SEO plugin. -->","yoast_head_json":{"title":"Bure 55 : op\u00e9ration des associations d'opposants au projet d'enfouissement - AlterTour","robots":{"index":"index","follow":"follow","max-snippet":"max-snippet:-1","max-image-preview":"max-image-preview:large","max-video-preview":"max-video-preview:-1"},"canonical":"https:\/\/www.altercampagne.net\/?p=1923","og_locale":"fr_FR","og_type":"article","og_title":"Bure 55 : op\u00e9ration des associations d'opposants au projet d'enfouissement - AlterTour","og_description":"Dimanche 19 juillet 2015, les associations d&rsquo;opposants au projet d&rsquo;enfouissement des d\u00e9chets radioactifs Cig\u00e9o (Centre Industriel de stockage G\u00e9ologique) organisent un rassemblement \u00e0 Bure, devant le laboratoire de l&rsquo;Andra. Apr\u00e8s l&rsquo;approbation de l&rsquo;Assembl\u00e9e nationale du projet d&rsquo;enfouissement \u00e0 Bure des d\u00e9chets radioactifs Cig\u00e9o et l&rsquo;opposition, il y a trois jours, ... Read More","og_url":"https:\/\/www.altercampagne.net\/?p=1923","og_site_name":"AlterTour","article_published_time":"2015-07-19T21:10:39+00:00","article_modified_time":"2016-04-09T20:50:22+00:00","og_image":[{"url":"http:\/\/france3-regions.francetvinfo.fr\/lorraine\/sites\/regions_france3\/files\/styles\/top_big\/public\/assets\/images\/2015\/05\/04\/cigeo.jpg?itok=P0wvo-No","type":"","width":"","height":""}],"author":"Mathieu","twitter_card":"summary_large_image","twitter_misc":{"\u00c9crit par":"Mathieu","Dur\u00e9e de lecture estim\u00e9e":"1 minute"},"schema":{"@context":"https:\/\/schema.org","@graph":[{"@type":"Article","@id":"https:\/\/www.altercampagne.net\/?p=1923#article","isPartOf":{"@id":"https:\/\/www.altercampagne.net\/?p=1923"},"author":{"name":"Mathieu","@id":"https:\/\/www.altercampagne.net\/#\/schema\/person\/0f261460c09e430caa0f9bcffa319109"},"headline":"Bure 55 : op\u00e9ration des associations d&rsquo;opposants au projet d&rsquo;enfouissement","datePublished":"2015-07-19T21:10:39+00:00","dateModified":"2016-04-09T20:50:22+00:00","mainEntityOfPage":{"@id":"https:\/\/www.altercampagne.net\/?p=1923"},"wordCount":153,"image":{"@id":"https:\/\/www.altercampagne.net\/?p=1923#primaryimage"},"thumbnailUrl":"http:\/\/france3-regions.francetvinfo.fr\/lorraine\/sites\/regions_france3\/files\/styles\/top_big\/public\/assets\/images\/2015\/05\/04\/cigeo.jpg?itok=P0wvo-No","keywords":["Bure","climat","AlterTour 2015","cop21","Lorraine","bure \u00e0 cuire","france 3","bure haleur","Meuse"],"articleSection":["Revue de presse"],"inLanguage":"fr-FR"},{"@type":"WebPage","@id":"https:\/\/www.altercampagne.net\/?p=1923","url":"https:\/\/www.altercampagne.net\/?p=1923","name":"Bure 55 : op\u00e9ration des associations d'opposants au projet d'enfouissement - AlterTour","isPartOf":{"@id":"https:\/\/www.altercampagne.net\/#website"},"primaryImageOfPage":{"@id":"https:\/\/www.altercampagne.net\/?p=1923#primaryimage"},"image":{"@id":"https:\/\/www.altercampagne.net\/?p=1923#primaryimage"},"thumbnailUrl":"http:\/\/france3-regions.francetvinfo.fr\/lorraine\/sites\/regions_france3\/files\/styles\/top_big\/public\/assets\/images\/2015\/05\/04\/cigeo.jpg?itok=P0wvo-No","datePublished":"2015-07-19T21:10:39+00:00","dateModified":"2016-04-09T20:50:22+00:00","author":{"@id":"https:\/\/www.altercampagne.net\/#\/schema\/person\/0f261460c09e430caa0f9bcffa319109"},"breadcrumb":{"@id":"https:\/\/www.altercampagne.net\/?p=1923#breadcrumb"},"inLanguage":"fr-FR","potentialAction":[{"@type":"ReadAction","target":["https:\/\/www.altercampagne.net\/?p=1923"]}]},{"@type":"ImageObject","inLanguage":"fr-FR","@id":"https:\/\/www.altercampagne.net\/?p=1923#primaryimage","url":"http:\/\/france3-regions.francetvinfo.fr\/lorraine\/sites\/regions_france3\/files\/styles\/top_big\/public\/assets\/images\/2015\/05\/04\/cigeo.jpg?itok=P0wvo-No","contentUrl":"http:\/\/france3-regions.francetvinfo.fr\/lorraine\/sites\/regions_france3\/files\/styles\/top_big\/public\/assets\/images\/2015\/05\/04\/cigeo.jpg?itok=P0wvo-No"},{"@type":"BreadcrumbList","@id":"https:\/\/www.altercampagne.net\/?p=1923#breadcrumb","itemListElement":[{"@type":"ListItem","position":1,"name":"Accueil","item":"https:\/\/www.altercampagne.net\/"},{"@type":"ListItem","position":2,"name":"Bure 55 : op\u00e9ration des associations d&rsquo;opposants au projet d&rsquo;enfouissement"}]},{"@type":"WebSite","@id":"https:\/\/www.altercampagne.net\/#website","url":"https:\/\/www.altercampagne.net\/","name":"AlterTour","description":"Reliez les Alternatives \u00e0 v\u00e9lo","potentialAction":[{"@type":"SearchAction","target":{"@type":"EntryPoint","urlTemplate":"https:\/\/www.altercampagne.net\/?s={search_term_string}"},"query-input":{"@type":"PropertyValueSpecification","valueRequired":true,"valueName":"search_term_string"}}],"inLanguage":"fr-FR"},{"@type":"Person","@id":"https:\/\/www.altercampagne.net\/#\/schema\/person\/0f261460c09e430caa0f9bcffa319109","name":"Mathieu","image":{"@type":"ImageObject","inLanguage":"fr-FR","@id":"https:\/\/secure.gravatar.com\/avatar\/aa9d3d24c83f2141e5e2709d0f63d09a99f6be6bb7a50abc4915838d9f54501a?s=96&d=mm&r=g","url":"https:\/\/secure.gravatar.com\/avatar\/aa9d3d24c83f2141e5e2709d0f63d09a99f6be6bb7a50abc4915838d9f54501a?s=96&d=mm&r=g","contentUrl":"https:\/\/secure.gravatar.com\/avatar\/aa9d3d24c83f2141e5e2709d0f63d09a99f6be6bb7a50abc4915838d9f54501a?s=96&d=mm&r=g","caption":"Mathieu"},"url":"https:\/\/www.altercampagne.net\/?author=214"}]}},"_links":{"self":[{"href":"https:\/\/www.altercampagne.net\/index.php?rest_route=\/wp\/v2\/posts\/1923","targetHints":{"allow":["GET"]}}],"collection":[{"href":"https:\/\/www.altercampagne.net\/index.php?rest_route=\/wp\/v2\/posts"}],"about":[{"href":"https:\/\/www.altercampagne.net\/index.php?rest_route=\/wp\/v2\/types\/post"}],"author":[{"embeddable":true,"href":"https:\/\/www.altercampagne.net\/index.php?rest_route=\/wp\/v2\/users\/214"}],"replies":[{"embeddable":true,"href":"https:\/\/www.altercampagne.net\/index.php?rest_route=%2Fwp%2Fv2%2Fcomments&post=1923"}],"version-history":[{"count":0,"href":"https:\/\/www.altercampagne.net\/index.php?rest_route=\/wp\/v2\/posts\/1923\/revisions"}],"wp:attachment":[{"href":"https:\/\/www.altercampagne.net\/index.php?rest_route=%2Fwp%2Fv2%2Fmedia&parent=1923"}],"wp:term":[{"taxonomy":"category","embeddable":true,"href":"https:\/\/www.altercampagne.net\/index.php?rest_route=%2Fwp%2Fv2%2Fcategories&post=1923"},{"taxonomy":"post_tag","embeddable":true,"href":"https:\/\/www.altercampagne.net\/index.php?rest_route=%2Fwp%2Fv2%2Ftags&post=1923"}],"curies":[{"name":"wp","href":"https:\/\/api.w.org\/{rel}","templated":true}]}}