{"id":1925,"date":"2015-07-29T23:20:17","date_gmt":"2015-07-29T21:20:17","guid":{"rendered":"http:\/\/www.altercampagne.net\/?p=1925"},"modified":"2019-09-16T09:56:13","modified_gmt":"2019-09-16T07:56:13","slug":"des-cyclistes-ecolos-sont-passes-par-le-luxembourg","status":"publish","type":"post","link":"https:\/\/www.altercampagne.net\/?p=1925","title":{"rendered":"Des cyclistes \u00e9colos sont pass\u00e9s par le Luxembourg"},"content":{"rendered":"<header class=\"row header\">\n<div class=\"small-12 columns\">\n<p class=\"overline\">8e \u00e9dition de l&rsquo;AlterTour<\/p>\n<\/div>\n<\/header>\n<div class=\"row article-core\">\n<div id=\"ad-in-read-container\" class=\"large-9 columns article-content\">\n<p style=\"text-align: justify;\">(AF) &#8211; Une soixantaine de cyclistes, militants altermondialistes, ont parcouru les routes luxembourgeoises ce mardi. Partis de Bar-le-Duc le 18 juillet, ils arriveront \u00e0 Calais le 23 ao\u00fbt. Leur cheval de bataille: le d\u00e9r\u00e8glement climatique.<\/p>\n<p style=\"text-align: justify;\">Mardi matin, l&rsquo;<a href=\"http:\/\/www.altercampagne.net\/?page_id=7\">AlterTour <\/a>s&rsquo;est arr\u00eat\u00e9 \u00e0 Luxembourg-Ville pour y rencontrer la ministre de l&rsquo;Ecologie Carole Dieschbourg, puis s&rsquo;est remis en route pour planter les tentes \u00e0 Beckerich, aupr\u00e8s de l&rsquo;association <a href=\"http:\/\/cell.lu\/\">CELL<\/a>, Center for Ecological Learning Luxembourg. Mercredi, c&rsquo;est direction la Belgique avec une escale pr\u00e9vue \u00e0 Marbehan.<\/p>\n<p style=\"text-align: justify;\">Il s&rsquo;agit de la huiti\u00e8me \u00e9dition de l&rsquo;AlterTour, mais c&rsquo;est la premi\u00e8re fois que ces militants pacifistes passent par le Grand-Duch\u00e9 et la Belgique. \u00abNous avions fait une toute petite incursion en 2009, mais c&rsquo;\u00e9tait vraiment symbolique\u00bb, \u00e9voque Mathieu Fromont, coordinateur de l&rsquo;AlterTour.<\/p>\n<p style=\"text-align: justify;\">Cette association bas\u00e9e en France aimerait \u00abune soci\u00e9t\u00e9 plus solidaire, plus \u00e9colo, plus responsable\u00bb. Pour cette \u00e9dition 2015, l&rsquo;accent est surtout mis sur le d\u00e9r\u00e8glement climatique. \u00abNous souhaitons une relocalisation de l&rsquo;activit\u00e9 humaine qui passe par exemple par le choix d&rsquo;une production de proximit\u00e9, ne plus \u00eatre d\u00e9pendants du nucl\u00e9aire et militons aussi pour la construction d&rsquo;habitats non \u00e9nergivores, sans syst\u00e8me de chauffage, aptes \u00e0 chauffer de fa\u00e7on naturelle: un concept qui va plus loin que les maisons passives\u00bb, r\u00e9sume Mathieu Fromont.<\/p>\n<figure class=\"landscape\"><a href=\"http:\/\/www.wort.lu\/fr\/luxembourg\/8e-edition-de-l-altertour-des-cyclistes-ecolos-sont-passes-par-le-luxembourg-55b8a1a70c88b46a8ce5d739\" target=\"_blank\" rel=\"noopener noreferrer\"><span class=\"lazy-responsive-image fluid\" data-alt=\"Rencontre avec la ministre de l'Ecologie Carole Dieschbourg, mardi matin.\" data-ratios=\"66.37426900584795%,66.47398843930635%,66.54411764705883%\" data-sources=\"http:\/\/blobsvc.wort.lu\/picture\/f307f7b1d37d037811c6c1c1c1333c87\/342\/227\/wortv3\/e8b66ea81a16f94d8d9f5ef9918646f278f78a35,http:\/\/blobsvc.wort.lu\/picture\/f307f7b1d37d037811c6c1c1c1333c87\/519\/345\/wortv3\/ac45e477964a5e2bcadccd70108159fef5097ff9,http:\/\/blobsvc.wort.lu\/picture\/f307f7b1d37d037811c6c1c1c1333c87\/544\/362\/wortv3\/52de8117a6504a7f67348d394be7a38dc568b552\"><img decoding=\"async\" class=\" alignright\" src=\"http:\/\/blobsvc.wort.lu\/picture\/f307f7b1d37d037811c6c1c1c1333c87\/544\/362\/wortv3\/52de8117a6504a7f67348d394be7a38dc568b552\" alt=\"Rencontre avec la ministre de l'Ecologie Carole Dieschbourg, mardi matin.\" \/><\/span><\/a><figcaption>\n<div class=\"row\">\n<div class=\"columns small-10 medium-11 \">Rencontre avec la ministre de l&rsquo;Ecologie Carole Dieschbourg, mardi matin, photo <span class=\"picture-copyright\">AlterTour 2015 \/ G de Crop.<\/span><\/div>\n<\/div>\n<\/figcaption><\/figure>\n<p style=\"text-align: justify;\">L&rsquo;association compte 220 adh\u00e9rents sur toute la France. Tous font un bout de chemin du parcours d\u00e9termin\u00e9 cette ann\u00e9e. Celui-ci change chaque ann\u00e9e. \u00abNous ciblons trois ou quatre r\u00e9gions diff\u00e9rentes d&rsquo;une ann\u00e9e \u00e0 l&rsquo;autre. Pour 2015, nous avons opt\u00e9 pour le nord-est de la France en raison de <a href=\"http:\/\/www.wort.lu\/fr\/politique\/rencontre-avec-l-autorite-de-securite-nucleaire-bure-une-imposture-55aa2c8b0c88b46a8ce5cd63\">la probl\u00e9matique de Bure<\/a>, puis prolong\u00e9 vers le Luxembourg et la Belgique. Nous contactons des \u00ab\u00a0alternatives\u00a0\u00bb afin de les rencontrer.\u00bb<\/p>\n<p style=\"text-align: justify;\">Ce sont une soixantaine de cyclistes, sur les 220 membres de l&rsquo;association, qui rejoignent ou quittent quotidiennement ce parcours \u00e9tabli entre Bar-le-Duc et Calais.<\/p>\n<p style=\"text-align: justify;\">C&rsquo;\u00e9tait la premi\u00e8re fois que l&rsquo;AlterTour rencontrait un ministre de l&rsquo;Ecologie, en l&rsquo;occurrence Carole Dieschbourg. \u00abLa ministre de l&rsquo;Ecologie luxembourgeoise s&rsquo;est montr\u00e9e tr\u00e8s \u00e0 l&rsquo;\u00e9coute sur nos positions \u00e0 propos du d\u00e9r\u00e8glement climatique et parle sans langue de bois.\u00bb<\/p>\n<p style=\"text-align: justify;\">Source, wort.lu : <a href=\"http:\/\/www.wort.lu\/fr\/luxembourg\/8e-edition-de-l-altertour-des-cyclistes-ecolos-sont-passes-par-le-luxembourg-55b8a1a70c88b46a8ce5d739\" target=\"_blank\" rel=\"noopener noreferrer\">http:\/\/www.wort.lu\/fr\/luxembourg\/8e-edition-de-l-altertour-des-cyclistes-ecolos-sont-passes-par-le-luxembourg-55b8a1a70c88b46a8ce5d739<\/a><\/p>\n<\/div>\n<\/div>\n","protected":false},"excerpt":{"rendered":"<p>8e \u00e9dition de l&rsquo;AlterTour (AF) &#8211; Une soixantaine de cyclistes, militants altermondialistes, ont parcouru les routes luxembourgeoises ce mardi. Partis de Bar-le-Duc le 18 juillet, ils arriveront \u00e0 Calais le 23 ao\u00fbt. Leur cheval de bataille: le d\u00e9r\u00e8glement climatique. Mardi matin, l&rsquo;AlterTour s&rsquo;est arr\u00eat\u00e9 \u00e0 Luxembourg-Ville pour y rencontrer la &#8230; <\/p>\n<div><a href=\"https:\/\/www.altercampagne.net\/?p=1925\" class=\"more-link\">Read More<\/a><\/div>\n","protected":false},"author":214,"featured_media":15631,"comment_status":"closed","ping_status":"closed","sticky":false,"template":"","format":"standard","meta":{"footnotes":""},"categories":[239,3460,3542],"tags":[11,24,44,73,192,218,233,267,373,552,562,563,1672,1683,1684],"class_list":["post-1925","post","type-post","status-publish","format-standard","has-post-thumbnail","hentry","category-revue-de-presse","category-edition-2015","category-lutte","tag-alternatiba","tag-luxembourg","tag-climat","tag-transition","tag-altertour-2015","tag-tour-alternatiba","tag-cop21","tag-cell","tag-transition-minett","tag-mathieu-fromont","tag-carole-dieschbourg","tag-beckerich","tag-1672","tag-redange","tag-diekirch"],"yoast_head":"<!-- This site is optimized with the Yoast SEO plugin v27.3 - https:\/\/yoast.com\/product\/yoast-seo-wordpress\/ -->\n<title>Des cyclistes \u00e9colos sont pass\u00e9s par le Luxembourg - AlterTour<\/title>\n<meta name=\"robots\" content=\"index, follow, max-snippet:-1, max-image-preview:large, max-video-preview:-1\" \/>\n<link rel=\"canonical\" href=\"https:\/\/www.altercampagne.net\/?p=1925\" \/>\n<meta property=\"og:locale\" content=\"fr_FR\" \/>\n<meta property=\"og:type\" content=\"article\" \/>\n<meta property=\"og:title\" content=\"Des cyclistes \u00e9colos sont pass\u00e9s par le Luxembourg - AlterTour\" \/>\n<meta property=\"og:description\" content=\"8e \u00e9dition de l&rsquo;AlterTour (AF) &#8211; Une soixantaine de cyclistes, militants altermondialistes, ont parcouru les routes luxembourgeoises ce mardi. Partis de Bar-le-Duc le 18 juillet, ils arriveront \u00e0 Calais le 23 ao\u00fbt. Leur cheval de bataille: le d\u00e9r\u00e8glement climatique. Mardi matin, l&rsquo;AlterTour s&rsquo;est arr\u00eat\u00e9 \u00e0 Luxembourg-Ville pour y rencontrer la ... Read More\" \/>\n<meta property=\"og:url\" content=\"https:\/\/www.altercampagne.net\/?p=1925\" \/>\n<meta property=\"og:site_name\" content=\"AlterTour\" \/>\n<meta property=\"article:published_time\" content=\"2015-07-29T21:20:17+00:00\" \/>\n<meta property=\"article:modified_time\" content=\"2019-09-16T07:56:13+00:00\" \/>\n<meta property=\"og:image\" content=\"https:\/\/www.altercampagne.net\/wp-content\/uploads\/2015\/07\/2015-07-28_15.45.jpg\" \/>\n\t<meta property=\"og:image:width\" content=\"902\" \/>\n\t<meta property=\"og:image:height\" content=\"472\" \/>\n\t<meta property=\"og:image:type\" content=\"image\/jpeg\" \/>\n<meta name=\"author\" content=\"Mathieu\" \/>\n<meta name=\"twitter:card\" content=\"summary_large_image\" \/>\n<meta name=\"twitter:label1\" content=\"\u00c9crit par\" \/>\n\t<meta name=\"twitter:data1\" content=\"Mathieu\" \/>\n\t<meta name=\"twitter:label2\" content=\"Dur\u00e9e de lecture estim\u00e9e\" \/>\n\t<meta name=\"twitter:data2\" content=\"2 minutes\" \/>\n<script type=\"application\/ld+json\" class=\"yoast-schema-graph\">{\"@context\":\"https:\\\/\\\/schema.org\",\"@graph\":[{\"@type\":\"Article\",\"@id\":\"https:\\\/\\\/www.altercampagne.net\\\/?p=1925#article\",\"isPartOf\":{\"@id\":\"https:\\\/\\\/www.altercampagne.net\\\/?p=1925\"},\"author\":{\"name\":\"Mathieu\",\"@id\":\"https:\\\/\\\/www.altercampagne.net\\\/#\\\/schema\\\/person\\\/0f261460c09e430caa0f9bcffa319109\"},\"headline\":\"Des cyclistes \u00e9colos sont pass\u00e9s par le Luxembourg\",\"datePublished\":\"2015-07-29T21:20:17+00:00\",\"dateModified\":\"2019-09-16T07:56:13+00:00\",\"mainEntityOfPage\":{\"@id\":\"https:\\\/\\\/www.altercampagne.net\\\/?p=1925\"},\"wordCount\":427,\"image\":{\"@id\":\"https:\\\/\\\/www.altercampagne.net\\\/?p=1925#primaryimage\"},\"thumbnailUrl\":\"https:\\\/\\\/www.altercampagne.net\\\/wp-content\\\/uploads\\\/2015\\\/07\\\/2015-07-28_15.45.jpg\",\"keywords\":[\"alternatiba\",\"luxembourg\",\"climat\",\"Transition\",\"AlterTour 2015\",\"Tour Alternatiba\",\"cop21\",\"cell\",\"transition minett\",\"Mathieu Fromont\",\"Carole Dieschbourg\",\"Beckerich\",\"2015\",\"Redange\",\"Diekirch\"],\"articleSection\":[\"Revue de presse\",\"\u00c9dition 2015\",\"Lutte\"],\"inLanguage\":\"fr-FR\"},{\"@type\":\"WebPage\",\"@id\":\"https:\\\/\\\/www.altercampagne.net\\\/?p=1925\",\"url\":\"https:\\\/\\\/www.altercampagne.net\\\/?p=1925\",\"name\":\"Des cyclistes \u00e9colos sont pass\u00e9s par le Luxembourg - AlterTour\",\"isPartOf\":{\"@id\":\"https:\\\/\\\/www.altercampagne.net\\\/#website\"},\"primaryImageOfPage\":{\"@id\":\"https:\\\/\\\/www.altercampagne.net\\\/?p=1925#primaryimage\"},\"image\":{\"@id\":\"https:\\\/\\\/www.altercampagne.net\\\/?p=1925#primaryimage\"},\"thumbnailUrl\":\"https:\\\/\\\/www.altercampagne.net\\\/wp-content\\\/uploads\\\/2015\\\/07\\\/2015-07-28_15.45.jpg\",\"datePublished\":\"2015-07-29T21:20:17+00:00\",\"dateModified\":\"2019-09-16T07:56:13+00:00\",\"author\":{\"@id\":\"https:\\\/\\\/www.altercampagne.net\\\/#\\\/schema\\\/person\\\/0f261460c09e430caa0f9bcffa319109\"},\"breadcrumb\":{\"@id\":\"https:\\\/\\\/www.altercampagne.net\\\/?p=1925#breadcrumb\"},\"inLanguage\":\"fr-FR\",\"potentialAction\":[{\"@type\":\"ReadAction\",\"target\":[\"https:\\\/\\\/www.altercampagne.net\\\/?p=1925\"]}]},{\"@type\":\"ImageObject\",\"inLanguage\":\"fr-FR\",\"@id\":\"https:\\\/\\\/www.altercampagne.net\\\/?p=1925#primaryimage\",\"url\":\"https:\\\/\\\/www.altercampagne.net\\\/wp-content\\\/uploads\\\/2015\\\/07\\\/2015-07-28_15.45.jpg\",\"contentUrl\":\"https:\\\/\\\/www.altercampagne.net\\\/wp-content\\\/uploads\\\/2015\\\/07\\\/2015-07-28_15.45.jpg\",\"width\":902,\"height\":472},{\"@type\":\"BreadcrumbList\",\"@id\":\"https:\\\/\\\/www.altercampagne.net\\\/?p=1925#breadcrumb\",\"itemListElement\":[{\"@type\":\"ListItem\",\"position\":1,\"name\":\"Accueil\",\"item\":\"https:\\\/\\\/www.altercampagne.net\\\/\"},{\"@type\":\"ListItem\",\"position\":2,\"name\":\"Des cyclistes \u00e9colos sont pass\u00e9s par le Luxembourg\"}]},{\"@type\":\"WebSite\",\"@id\":\"https:\\\/\\\/www.altercampagne.net\\\/#website\",\"url\":\"https:\\\/\\\/www.altercampagne.net\\\/\",\"name\":\"AlterTour\",\"description\":\"Reliez les Alternatives \u00e0 v\u00e9lo\",\"potentialAction\":[{\"@type\":\"SearchAction\",\"target\":{\"@type\":\"EntryPoint\",\"urlTemplate\":\"https:\\\/\\\/www.altercampagne.net\\\/?s={search_term_string}\"},\"query-input\":{\"@type\":\"PropertyValueSpecification\",\"valueRequired\":true,\"valueName\":\"search_term_string\"}}],\"inLanguage\":\"fr-FR\"},{\"@type\":\"Person\",\"@id\":\"https:\\\/\\\/www.altercampagne.net\\\/#\\\/schema\\\/person\\\/0f261460c09e430caa0f9bcffa319109\",\"name\":\"Mathieu\",\"image\":{\"@type\":\"ImageObject\",\"inLanguage\":\"fr-FR\",\"@id\":\"https:\\\/\\\/secure.gravatar.com\\\/avatar\\\/aa9d3d24c83f2141e5e2709d0f63d09a99f6be6bb7a50abc4915838d9f54501a?s=96&d=mm&r=g\",\"url\":\"https:\\\/\\\/secure.gravatar.com\\\/avatar\\\/aa9d3d24c83f2141e5e2709d0f63d09a99f6be6bb7a50abc4915838d9f54501a?s=96&d=mm&r=g\",\"contentUrl\":\"https:\\\/\\\/secure.gravatar.com\\\/avatar\\\/aa9d3d24c83f2141e5e2709d0f63d09a99f6be6bb7a50abc4915838d9f54501a?s=96&d=mm&r=g\",\"caption\":\"Mathieu\"},\"url\":\"https:\\\/\\\/www.altercampagne.net\\\/?author=214\"}]}<\/script>\n<!-- \/ Yoast SEO plugin. -->","yoast_head_json":{"title":"Des cyclistes \u00e9colos sont pass\u00e9s par le Luxembourg - AlterTour","robots":{"index":"index","follow":"follow","max-snippet":"max-snippet:-1","max-image-preview":"max-image-preview:large","max-video-preview":"max-video-preview:-1"},"canonical":"https:\/\/www.altercampagne.net\/?p=1925","og_locale":"fr_FR","og_type":"article","og_title":"Des cyclistes \u00e9colos sont pass\u00e9s par le Luxembourg - AlterTour","og_description":"8e \u00e9dition de l&rsquo;AlterTour (AF) &#8211; Une soixantaine de cyclistes, militants altermondialistes, ont parcouru les routes luxembourgeoises ce mardi. Partis de Bar-le-Duc le 18 juillet, ils arriveront \u00e0 Calais le 23 ao\u00fbt. Leur cheval de bataille: le d\u00e9r\u00e8glement climatique. Mardi matin, l&rsquo;AlterTour s&rsquo;est arr\u00eat\u00e9 \u00e0 Luxembourg-Ville pour y rencontrer la ... Read More","og_url":"https:\/\/www.altercampagne.net\/?p=1925","og_site_name":"AlterTour","article_published_time":"2015-07-29T21:20:17+00:00","article_modified_time":"2019-09-16T07:56:13+00:00","og_image":[{"width":902,"height":472,"url":"https:\/\/www.altercampagne.net\/wp-content\/uploads\/2015\/07\/2015-07-28_15.45.jpg","type":"image\/jpeg"}],"author":"Mathieu","twitter_card":"summary_large_image","twitter_misc":{"\u00c9crit par":"Mathieu","Dur\u00e9e de lecture estim\u00e9e":"2 minutes"},"schema":{"@context":"https:\/\/schema.org","@graph":[{"@type":"Article","@id":"https:\/\/www.altercampagne.net\/?p=1925#article","isPartOf":{"@id":"https:\/\/www.altercampagne.net\/?p=1925"},"author":{"name":"Mathieu","@id":"https:\/\/www.altercampagne.net\/#\/schema\/person\/0f261460c09e430caa0f9bcffa319109"},"headline":"Des cyclistes \u00e9colos sont pass\u00e9s par le Luxembourg","datePublished":"2015-07-29T21:20:17+00:00","dateModified":"2019-09-16T07:56:13+00:00","mainEntityOfPage":{"@id":"https:\/\/www.altercampagne.net\/?p=1925"},"wordCount":427,"image":{"@id":"https:\/\/www.altercampagne.net\/?p=1925#primaryimage"},"thumbnailUrl":"https:\/\/www.altercampagne.net\/wp-content\/uploads\/2015\/07\/2015-07-28_15.45.jpg","keywords":["alternatiba","luxembourg","climat","Transition","AlterTour 2015","Tour Alternatiba","cop21","cell","transition minett","Mathieu Fromont","Carole Dieschbourg","Beckerich","2015","Redange","Diekirch"],"articleSection":["Revue de presse","\u00c9dition 2015","Lutte"],"inLanguage":"fr-FR"},{"@type":"WebPage","@id":"https:\/\/www.altercampagne.net\/?p=1925","url":"https:\/\/www.altercampagne.net\/?p=1925","name":"Des cyclistes \u00e9colos sont pass\u00e9s par le Luxembourg - AlterTour","isPartOf":{"@id":"https:\/\/www.altercampagne.net\/#website"},"primaryImageOfPage":{"@id":"https:\/\/www.altercampagne.net\/?p=1925#primaryimage"},"image":{"@id":"https:\/\/www.altercampagne.net\/?p=1925#primaryimage"},"thumbnailUrl":"https:\/\/www.altercampagne.net\/wp-content\/uploads\/2015\/07\/2015-07-28_15.45.jpg","datePublished":"2015-07-29T21:20:17+00:00","dateModified":"2019-09-16T07:56:13+00:00","author":{"@id":"https:\/\/www.altercampagne.net\/#\/schema\/person\/0f261460c09e430caa0f9bcffa319109"},"breadcrumb":{"@id":"https:\/\/www.altercampagne.net\/?p=1925#breadcrumb"},"inLanguage":"fr-FR","potentialAction":[{"@type":"ReadAction","target":["https:\/\/www.altercampagne.net\/?p=1925"]}]},{"@type":"ImageObject","inLanguage":"fr-FR","@id":"https:\/\/www.altercampagne.net\/?p=1925#primaryimage","url":"https:\/\/www.altercampagne.net\/wp-content\/uploads\/2015\/07\/2015-07-28_15.45.jpg","contentUrl":"https:\/\/www.altercampagne.net\/wp-content\/uploads\/2015\/07\/2015-07-28_15.45.jpg","width":902,"height":472},{"@type":"BreadcrumbList","@id":"https:\/\/www.altercampagne.net\/?p=1925#breadcrumb","itemListElement":[{"@type":"ListItem","position":1,"name":"Accueil","item":"https:\/\/www.altercampagne.net\/"},{"@type":"ListItem","position":2,"name":"Des cyclistes \u00e9colos sont pass\u00e9s par le Luxembourg"}]},{"@type":"WebSite","@id":"https:\/\/www.altercampagne.net\/#website","url":"https:\/\/www.altercampagne.net\/","name":"AlterTour","description":"Reliez les Alternatives \u00e0 v\u00e9lo","potentialAction":[{"@type":"SearchAction","target":{"@type":"EntryPoint","urlTemplate":"https:\/\/www.altercampagne.net\/?s={search_term_string}"},"query-input":{"@type":"PropertyValueSpecification","valueRequired":true,"valueName":"search_term_string"}}],"inLanguage":"fr-FR"},{"@type":"Person","@id":"https:\/\/www.altercampagne.net\/#\/schema\/person\/0f261460c09e430caa0f9bcffa319109","name":"Mathieu","image":{"@type":"ImageObject","inLanguage":"fr-FR","@id":"https:\/\/secure.gravatar.com\/avatar\/aa9d3d24c83f2141e5e2709d0f63d09a99f6be6bb7a50abc4915838d9f54501a?s=96&d=mm&r=g","url":"https:\/\/secure.gravatar.com\/avatar\/aa9d3d24c83f2141e5e2709d0f63d09a99f6be6bb7a50abc4915838d9f54501a?s=96&d=mm&r=g","contentUrl":"https:\/\/secure.gravatar.com\/avatar\/aa9d3d24c83f2141e5e2709d0f63d09a99f6be6bb7a50abc4915838d9f54501a?s=96&d=mm&r=g","caption":"Mathieu"},"url":"https:\/\/www.altercampagne.net\/?author=214"}]}},"_links":{"self":[{"href":"https:\/\/www.altercampagne.net\/index.php?rest_route=\/wp\/v2\/posts\/1925","targetHints":{"allow":["GET"]}}],"collection":[{"href":"https:\/\/www.altercampagne.net\/index.php?rest_route=\/wp\/v2\/posts"}],"about":[{"href":"https:\/\/www.altercampagne.net\/index.php?rest_route=\/wp\/v2\/types\/post"}],"author":[{"embeddable":true,"href":"https:\/\/www.altercampagne.net\/index.php?rest_route=\/wp\/v2\/users\/214"}],"replies":[{"embeddable":true,"href":"https:\/\/www.altercampagne.net\/index.php?rest_route=%2Fwp%2Fv2%2Fcomments&post=1925"}],"version-history":[{"count":0,"href":"https:\/\/www.altercampagne.net\/index.php?rest_route=\/wp\/v2\/posts\/1925\/revisions"}],"wp:featuredmedia":[{"embeddable":true,"href":"https:\/\/www.altercampagne.net\/index.php?rest_route=\/wp\/v2\/media\/15631"}],"wp:attachment":[{"href":"https:\/\/www.altercampagne.net\/index.php?rest_route=%2Fwp%2Fv2%2Fmedia&parent=1925"}],"wp:term":[{"taxonomy":"category","embeddable":true,"href":"https:\/\/www.altercampagne.net\/index.php?rest_route=%2Fwp%2Fv2%2Fcategories&post=1925"},{"taxonomy":"post_tag","embeddable":true,"href":"https:\/\/www.altercampagne.net\/index.php?rest_route=%2Fwp%2Fv2%2Ftags&post=1925"}],"curies":[{"name":"wp","href":"https:\/\/api.w.org\/{rel}","templated":true}]}}