{"id":1927,"date":"2015-08-08T23:24:23","date_gmt":"2015-08-08T21:24:23","guid":{"rendered":"http:\/\/www.altercampagne.net\/?p=1927"},"modified":"2016-04-10T13:44:36","modified_gmt":"2016-04-10T11:44:36","slug":"le-tour-de-france-de-lalternative","status":"publish","type":"post","link":"https:\/\/www.altercampagne.net\/?p=1927","title":{"rendered":"Le Tour de France de l\u2019alternative"},"content":{"rendered":"<figure class=\"article__image  full-width\">\n<div data-images=\"http:\/\/www.lavenir.net\/services\/article\/articleservicewcf.svc\/getimagesforarticle?articleid=dmf20150807_00685306\" data-uid=\"DMF20150807_00685306\">\n<div data-images=\"http:\/\/www.lavenir.net\/services\/article\/articleservicewcf.svc\/getimagesforarticle?articleid=dmf20150807_00685306\" data-uid=\"DMF20150807_00685306\">\n<div id=\"photoslider\" class=\"photos\"><a href=\"http:\/\/www.lavenir.net\/cnt\/DMF20150807_00685306\" target=\"_blank\"><img decoding=\"async\" class=\" alignleft\" src=\"http:\/\/s2.lavenircdn.net\/Assets\/Images_Upload\/Actu24\/2015\/08\/07\/80a4f353-78bb-4180-a1a6-7386aae8c712_original.jpg?maxheight=380&amp;maxwidth=568&amp;scale=both&amp;format=jpg\" alt=\"Des membres d\u2019\u00abAmay en transition\u00bb ont accueilli les participants de l\u2019Alter Tour au Mus\u00e9e du Cycle.\" \/><\/a><\/div>\n<\/div>\n<\/div><figcaption>Des membres d\u2019\u00abAmay en transition\u00bb ont accueilli les participants de l\u2019AlterTour au Mus\u00e9e du Cycle.-\u00c9dA<\/figcaption><\/figure>\n<div class=\"article__body\">\n<p><b>Une soixantaine de cyclistes participant \u00e0 l\u2019AlterTour sur le th\u00e8me du climat <\/b>se sont arr\u00eat\u00e9s au mus\u00e9e du Cycle \u00e0 Amay, vendredi soir.<\/p>\n<p><i>\u00abLe monde de demain existe Il ne vient pas d\u2019en haut, il na\u00eet au sein de la soci\u00e9t\u00e9 civile\u00bb<\/i>, indique la Fran\u00e7aise Genevi\u00e8ve (<a class=\"tag-highlight\" href=\"http:\/\/www.lavenir.net\/tag\/org\/orl%C3%A9ans\" data-tag-art-count=\"130\">Orl\u00e9ans<\/a>) qui en est \u00e0 sa sixi\u00e8me participation \u00e0 l\u2019AlterTour, cet autre \u00abTour de France\u00bb sur le th\u00e8me du climat, lanc\u00e9 il y a 8 ans et qui rassemble cette ann\u00e9e une soixantaine de cyclistes.<\/p>\n<p>Des cyclistes qui sont originaires de France, de Belgique, de Suisse, d\u2019Espagne \u2013 le groupe compte m\u00eame une Am\u00e9ricaine. Tous ont fait \u00e9tape \u00e0 <a class=\"tag-highlight\" href=\"http:\/\/www.lavenir.net\/tag\/org\/amay\" data-tag-art-count=\"2877\">Amay<\/a>, vendredi soir. Ils ont \u00e9t\u00e9 accueillis par \u00abAmay en transition\u00bb, mais aussi par les membres du Club Huy Grand Cycle, v\u00eatus d\u2019habits d\u2019\u00e9poque (19e si\u00e8cle)<\/p>\n<p><i>\u00abNotre objectif est de montrer aux gens l\u2019histoire du v\u00e9lo<\/i>\u00bb, explique le fondateur du club et du Mus\u00e9e, Roger W\u00e9ry. Habill\u00e9s en boulanger, pr\u00eatre, s\u0153ur ou encore infirmi\u00e8re, les membres du club sont d\u2019ailleurs mont\u00e9s en selle pour faire les derniers kilom\u00e8tres avec les participants de l\u2019Alter Tour qui bouclaient un parcours de 60 kilom\u00e8tres, ce vendredi, par une visite guid\u00e9e du Mus\u00e9e.<\/p>\n<p>\u00c0 l\u2019image de l\u2019arriv\u00e9e \u00e0 Amay, les \u00e9tapes du Tour de 1 200 kilom\u00e8tres sont agr\u00e9ment\u00e9es de rencontres. C\u2019\u00e9tait le cas \u00e0 Gonoy le 6 ao\u00fbt o\u00f9 le groupe a pass\u00e9 la nuit \u00e0 la ferme de la Sarthe o\u00f9 le collectif citoyen \u00abTerre en vue\u00bb tente de sauver l\u2019exploitation. <i>\u00abNotre but est d\u2019aller \u00e0 la rencontre des alternatives \u00e0 la soci\u00e9t\u00e9 actuelle. Le v\u00e9lo n\u2019est qu\u2019un pr\u00e9texte<\/i>, poursuit Genevi\u00e8ve. <i>Nous voulons rencontrer des personnes qui ont fait des choix doux en mati\u00e8re d\u2019\u00e9conomie, soutenir l\u2019agriculture paysanne\u2026 Le groupe fonctionne en autogestion et nous d\u00e9fendons une consommation responsable, bio et locale. Nous n\u2019avons pas de bagage, car nous voulons que l\u2019Alter Tour soit accessible \u00e0 tous. Les bagages et la nourriture sont dans la camionnette. Du coup, le plus jeune des participants \u00e0 6 mois et la plus \u00e2g\u00e9e a 71 ans.\u00bb<\/i><\/p>\n<p>Vendredi soir, apr\u00e8s la visite du Mus\u00e9e, le groupe a pass\u00e9 la nuit au terrain de foot o\u00f9 se d\u00e9roulait une soir\u00e9e auberge espagnole, avant de reprendre la route vers <a class=\"tag-highlight\" href=\"http:\/\/www.lavenir.net\/tag\/place\/li%C3%A8ge\" data-tag-art-count=\"23211\">Li\u00e8ge<\/a>, ce samedi matin. \u00c0 noter qu\u2019il reste des places pour la derni\u00e8re semaine de l\u2019Alter Tour qui relie <a class=\"tag-highlight\" href=\"http:\/\/www.lavenir.net\/tag\/org\/lille\" data-tag-art-count=\"778\">Lille<\/a> et <a class=\"tag-highlight\" href=\"http:\/\/www.lavenir.net\/tag\/place\/calais\" data-tag-art-count=\"140\">Calais<\/a>.<\/p>\n<p>Source, l&rsquo;avenir.net : <a href=\"http:\/\/www.lavenir.net\/cnt\/DMF20150807_00685306\" target=\"_blank\">http:\/\/www.lavenir.net\/cnt\/DMF20150807_00685306<\/a><\/p>\n<\/div>\n","protected":false},"excerpt":{"rendered":"<p>Des membres d\u2019\u00abAmay en transition\u00bb ont accueilli les participants de l\u2019AlterTour au Mus\u00e9e du Cycle.-\u00c9dA Une soixantaine de cyclistes participant \u00e0 l\u2019AlterTour sur le th\u00e8me du climat se sont arr\u00eat\u00e9s au mus\u00e9e du Cycle \u00e0 Amay, vendredi soir. \u00abLe monde de demain existe Il ne vient pas d\u2019en haut, il &#8230; <\/p>\n<div><a href=\"https:\/\/www.altercampagne.net\/?p=1927\" class=\"more-link\">Read More<\/a><\/div>\n","protected":false},"author":214,"featured_media":0,"comment_status":"closed","ping_status":"closed","sticky":false,"template":"","format":"standard","meta":{"footnotes":""},"categories":[239],"tags":[23,30,44,192,233,374,1505,1516,1517,1518,1672,1680],"class_list":["post-1927","post","type-post","status-publish","format-standard","hentry","category-revue-de-presse","tag-belgique","tag-liege","tag-climat","tag-altertour-2015","tag-cop21","tag-amay-en-transition","tag-region-wallonne","tag-amay","tag-province-de-liege","tag-huy","tag-1672","tag-wallon","no-post-thumbnail"],"yoast_head":"<!-- This site is optimized with the Yoast SEO plugin v27.3 - https:\/\/yoast.com\/product\/yoast-seo-wordpress\/ -->\n<title>Le Tour de France de l\u2019alternative - AlterTour<\/title>\n<meta name=\"robots\" content=\"index, follow, max-snippet:-1, max-image-preview:large, max-video-preview:-1\" \/>\n<link rel=\"canonical\" href=\"https:\/\/www.altercampagne.net\/?p=1927\" \/>\n<meta property=\"og:locale\" content=\"fr_FR\" \/>\n<meta property=\"og:type\" content=\"article\" \/>\n<meta property=\"og:title\" content=\"Le Tour de France de l\u2019alternative - AlterTour\" \/>\n<meta property=\"og:description\" content=\"Des membres d\u2019\u00abAmay en transition\u00bb ont accueilli les participants de l\u2019AlterTour au Mus\u00e9e du Cycle.-\u00c9dA Une soixantaine de cyclistes participant \u00e0 l\u2019AlterTour sur le th\u00e8me du climat se sont arr\u00eat\u00e9s au mus\u00e9e du Cycle \u00e0 Amay, vendredi soir. \u00abLe monde de demain existe Il ne vient pas d\u2019en haut, il ... Read More\" \/>\n<meta property=\"og:url\" content=\"https:\/\/www.altercampagne.net\/?p=1927\" \/>\n<meta property=\"og:site_name\" content=\"AlterTour\" \/>\n<meta property=\"article:published_time\" content=\"2015-08-08T21:24:23+00:00\" \/>\n<meta property=\"article:modified_time\" content=\"2016-04-10T11:44:36+00:00\" \/>\n<meta property=\"og:image\" content=\"http:\/\/s2.lavenircdn.net\/Assets\/Images_Upload\/Actu24\/2015\/08\/07\/80a4f353-78bb-4180-a1a6-7386aae8c712_original.jpg?maxheight=380&amp;maxwidth=568&amp;scale=both&amp;format=jpg\" \/>\n<meta name=\"author\" content=\"Mathieu\" \/>\n<meta name=\"twitter:card\" content=\"summary_large_image\" \/>\n<meta name=\"twitter:label1\" content=\"\u00c9crit par\" \/>\n\t<meta name=\"twitter:data1\" content=\"Mathieu\" \/>\n\t<meta name=\"twitter:label2\" content=\"Dur\u00e9e de lecture estim\u00e9e\" \/>\n\t<meta name=\"twitter:data2\" content=\"2 minutes\" \/>\n<script type=\"application\/ld+json\" class=\"yoast-schema-graph\">{\"@context\":\"https:\\\/\\\/schema.org\",\"@graph\":[{\"@type\":\"Article\",\"@id\":\"https:\\\/\\\/www.altercampagne.net\\\/?p=1927#article\",\"isPartOf\":{\"@id\":\"https:\\\/\\\/www.altercampagne.net\\\/?p=1927\"},\"author\":{\"name\":\"Mathieu\",\"@id\":\"https:\\\/\\\/www.altercampagne.net\\\/#\\\/schema\\\/person\\\/0f261460c09e430caa0f9bcffa319109\"},\"headline\":\"Le Tour de France de l\u2019alternative\",\"datePublished\":\"2015-08-08T21:24:23+00:00\",\"dateModified\":\"2016-04-10T11:44:36+00:00\",\"mainEntityOfPage\":{\"@id\":\"https:\\\/\\\/www.altercampagne.net\\\/?p=1927\"},\"wordCount\":471,\"image\":{\"@id\":\"https:\\\/\\\/www.altercampagne.net\\\/?p=1927#primaryimage\"},\"thumbnailUrl\":\"http:\\\/\\\/s2.lavenircdn.net\\\/Assets\\\/Images_Upload\\\/Actu24\\\/2015\\\/08\\\/07\\\/80a4f353-78bb-4180-a1a6-7386aae8c712_original.jpg?maxheight=380&amp;maxwidth=568&amp;scale=both&amp;format=jpg\",\"keywords\":[\"belgique\",\"Li\u00e8ge\",\"climat\",\"AlterTour 2015\",\"cop21\",\"amay en transition\",\"R\u00e9gion wallonne\",\"Amay\",\"province de Li\u00e8ge\",\"Huy\",\"2015\",\"wallon\"],\"articleSection\":[\"Revue de presse\"],\"inLanguage\":\"fr-FR\"},{\"@type\":\"WebPage\",\"@id\":\"https:\\\/\\\/www.altercampagne.net\\\/?p=1927\",\"url\":\"https:\\\/\\\/www.altercampagne.net\\\/?p=1927\",\"name\":\"Le Tour de France de l\u2019alternative - AlterTour\",\"isPartOf\":{\"@id\":\"https:\\\/\\\/www.altercampagne.net\\\/#website\"},\"primaryImageOfPage\":{\"@id\":\"https:\\\/\\\/www.altercampagne.net\\\/?p=1927#primaryimage\"},\"image\":{\"@id\":\"https:\\\/\\\/www.altercampagne.net\\\/?p=1927#primaryimage\"},\"thumbnailUrl\":\"http:\\\/\\\/s2.lavenircdn.net\\\/Assets\\\/Images_Upload\\\/Actu24\\\/2015\\\/08\\\/07\\\/80a4f353-78bb-4180-a1a6-7386aae8c712_original.jpg?maxheight=380&amp;maxwidth=568&amp;scale=both&amp;format=jpg\",\"datePublished\":\"2015-08-08T21:24:23+00:00\",\"dateModified\":\"2016-04-10T11:44:36+00:00\",\"author\":{\"@id\":\"https:\\\/\\\/www.altercampagne.net\\\/#\\\/schema\\\/person\\\/0f261460c09e430caa0f9bcffa319109\"},\"breadcrumb\":{\"@id\":\"https:\\\/\\\/www.altercampagne.net\\\/?p=1927#breadcrumb\"},\"inLanguage\":\"fr-FR\",\"potentialAction\":[{\"@type\":\"ReadAction\",\"target\":[\"https:\\\/\\\/www.altercampagne.net\\\/?p=1927\"]}]},{\"@type\":\"ImageObject\",\"inLanguage\":\"fr-FR\",\"@id\":\"https:\\\/\\\/www.altercampagne.net\\\/?p=1927#primaryimage\",\"url\":\"http:\\\/\\\/s2.lavenircdn.net\\\/Assets\\\/Images_Upload\\\/Actu24\\\/2015\\\/08\\\/07\\\/80a4f353-78bb-4180-a1a6-7386aae8c712_original.jpg?maxheight=380&amp;maxwidth=568&amp;scale=both&amp;format=jpg\",\"contentUrl\":\"http:\\\/\\\/s2.lavenircdn.net\\\/Assets\\\/Images_Upload\\\/Actu24\\\/2015\\\/08\\\/07\\\/80a4f353-78bb-4180-a1a6-7386aae8c712_original.jpg?maxheight=380&amp;maxwidth=568&amp;scale=both&amp;format=jpg\"},{\"@type\":\"BreadcrumbList\",\"@id\":\"https:\\\/\\\/www.altercampagne.net\\\/?p=1927#breadcrumb\",\"itemListElement\":[{\"@type\":\"ListItem\",\"position\":1,\"name\":\"Accueil\",\"item\":\"https:\\\/\\\/www.altercampagne.net\\\/\"},{\"@type\":\"ListItem\",\"position\":2,\"name\":\"Le Tour de France de l\u2019alternative\"}]},{\"@type\":\"WebSite\",\"@id\":\"https:\\\/\\\/www.altercampagne.net\\\/#website\",\"url\":\"https:\\\/\\\/www.altercampagne.net\\\/\",\"name\":\"AlterTour\",\"description\":\"Reliez les Alternatives \u00e0 v\u00e9lo\",\"potentialAction\":[{\"@type\":\"SearchAction\",\"target\":{\"@type\":\"EntryPoint\",\"urlTemplate\":\"https:\\\/\\\/www.altercampagne.net\\\/?s={search_term_string}\"},\"query-input\":{\"@type\":\"PropertyValueSpecification\",\"valueRequired\":true,\"valueName\":\"search_term_string\"}}],\"inLanguage\":\"fr-FR\"},{\"@type\":\"Person\",\"@id\":\"https:\\\/\\\/www.altercampagne.net\\\/#\\\/schema\\\/person\\\/0f261460c09e430caa0f9bcffa319109\",\"name\":\"Mathieu\",\"image\":{\"@type\":\"ImageObject\",\"inLanguage\":\"fr-FR\",\"@id\":\"https:\\\/\\\/secure.gravatar.com\\\/avatar\\\/aa9d3d24c83f2141e5e2709d0f63d09a99f6be6bb7a50abc4915838d9f54501a?s=96&d=mm&r=g\",\"url\":\"https:\\\/\\\/secure.gravatar.com\\\/avatar\\\/aa9d3d24c83f2141e5e2709d0f63d09a99f6be6bb7a50abc4915838d9f54501a?s=96&d=mm&r=g\",\"contentUrl\":\"https:\\\/\\\/secure.gravatar.com\\\/avatar\\\/aa9d3d24c83f2141e5e2709d0f63d09a99f6be6bb7a50abc4915838d9f54501a?s=96&d=mm&r=g\",\"caption\":\"Mathieu\"},\"url\":\"https:\\\/\\\/www.altercampagne.net\\\/?author=214\"}]}<\/script>\n<!-- \/ Yoast SEO plugin. -->","yoast_head_json":{"title":"Le Tour de France de l\u2019alternative - AlterTour","robots":{"index":"index","follow":"follow","max-snippet":"max-snippet:-1","max-image-preview":"max-image-preview:large","max-video-preview":"max-video-preview:-1"},"canonical":"https:\/\/www.altercampagne.net\/?p=1927","og_locale":"fr_FR","og_type":"article","og_title":"Le Tour de France de l\u2019alternative - AlterTour","og_description":"Des membres d\u2019\u00abAmay en transition\u00bb ont accueilli les participants de l\u2019AlterTour au Mus\u00e9e du Cycle.-\u00c9dA Une soixantaine de cyclistes participant \u00e0 l\u2019AlterTour sur le th\u00e8me du climat se sont arr\u00eat\u00e9s au mus\u00e9e du Cycle \u00e0 Amay, vendredi soir. \u00abLe monde de demain existe Il ne vient pas d\u2019en haut, il ... Read More","og_url":"https:\/\/www.altercampagne.net\/?p=1927","og_site_name":"AlterTour","article_published_time":"2015-08-08T21:24:23+00:00","article_modified_time":"2016-04-10T11:44:36+00:00","og_image":[{"url":"http:\/\/s2.lavenircdn.net\/Assets\/Images_Upload\/Actu24\/2015\/08\/07\/80a4f353-78bb-4180-a1a6-7386aae8c712_original.jpg?maxheight=380&amp;maxwidth=568&amp;scale=both&amp;format=jpg","type":"","width":"","height":""}],"author":"Mathieu","twitter_card":"summary_large_image","twitter_misc":{"\u00c9crit par":"Mathieu","Dur\u00e9e de lecture estim\u00e9e":"2 minutes"},"schema":{"@context":"https:\/\/schema.org","@graph":[{"@type":"Article","@id":"https:\/\/www.altercampagne.net\/?p=1927#article","isPartOf":{"@id":"https:\/\/www.altercampagne.net\/?p=1927"},"author":{"name":"Mathieu","@id":"https:\/\/www.altercampagne.net\/#\/schema\/person\/0f261460c09e430caa0f9bcffa319109"},"headline":"Le Tour de France de l\u2019alternative","datePublished":"2015-08-08T21:24:23+00:00","dateModified":"2016-04-10T11:44:36+00:00","mainEntityOfPage":{"@id":"https:\/\/www.altercampagne.net\/?p=1927"},"wordCount":471,"image":{"@id":"https:\/\/www.altercampagne.net\/?p=1927#primaryimage"},"thumbnailUrl":"http:\/\/s2.lavenircdn.net\/Assets\/Images_Upload\/Actu24\/2015\/08\/07\/80a4f353-78bb-4180-a1a6-7386aae8c712_original.jpg?maxheight=380&amp;maxwidth=568&amp;scale=both&amp;format=jpg","keywords":["belgique","Li\u00e8ge","climat","AlterTour 2015","cop21","amay en transition","R\u00e9gion wallonne","Amay","province de Li\u00e8ge","Huy","2015","wallon"],"articleSection":["Revue de presse"],"inLanguage":"fr-FR"},{"@type":"WebPage","@id":"https:\/\/www.altercampagne.net\/?p=1927","url":"https:\/\/www.altercampagne.net\/?p=1927","name":"Le Tour de France de l\u2019alternative - AlterTour","isPartOf":{"@id":"https:\/\/www.altercampagne.net\/#website"},"primaryImageOfPage":{"@id":"https:\/\/www.altercampagne.net\/?p=1927#primaryimage"},"image":{"@id":"https:\/\/www.altercampagne.net\/?p=1927#primaryimage"},"thumbnailUrl":"http:\/\/s2.lavenircdn.net\/Assets\/Images_Upload\/Actu24\/2015\/08\/07\/80a4f353-78bb-4180-a1a6-7386aae8c712_original.jpg?maxheight=380&amp;maxwidth=568&amp;scale=both&amp;format=jpg","datePublished":"2015-08-08T21:24:23+00:00","dateModified":"2016-04-10T11:44:36+00:00","author":{"@id":"https:\/\/www.altercampagne.net\/#\/schema\/person\/0f261460c09e430caa0f9bcffa319109"},"breadcrumb":{"@id":"https:\/\/www.altercampagne.net\/?p=1927#breadcrumb"},"inLanguage":"fr-FR","potentialAction":[{"@type":"ReadAction","target":["https:\/\/www.altercampagne.net\/?p=1927"]}]},{"@type":"ImageObject","inLanguage":"fr-FR","@id":"https:\/\/www.altercampagne.net\/?p=1927#primaryimage","url":"http:\/\/s2.lavenircdn.net\/Assets\/Images_Upload\/Actu24\/2015\/08\/07\/80a4f353-78bb-4180-a1a6-7386aae8c712_original.jpg?maxheight=380&amp;maxwidth=568&amp;scale=both&amp;format=jpg","contentUrl":"http:\/\/s2.lavenircdn.net\/Assets\/Images_Upload\/Actu24\/2015\/08\/07\/80a4f353-78bb-4180-a1a6-7386aae8c712_original.jpg?maxheight=380&amp;maxwidth=568&amp;scale=both&amp;format=jpg"},{"@type":"BreadcrumbList","@id":"https:\/\/www.altercampagne.net\/?p=1927#breadcrumb","itemListElement":[{"@type":"ListItem","position":1,"name":"Accueil","item":"https:\/\/www.altercampagne.net\/"},{"@type":"ListItem","position":2,"name":"Le Tour de France de l\u2019alternative"}]},{"@type":"WebSite","@id":"https:\/\/www.altercampagne.net\/#website","url":"https:\/\/www.altercampagne.net\/","name":"AlterTour","description":"Reliez les Alternatives \u00e0 v\u00e9lo","potentialAction":[{"@type":"SearchAction","target":{"@type":"EntryPoint","urlTemplate":"https:\/\/www.altercampagne.net\/?s={search_term_string}"},"query-input":{"@type":"PropertyValueSpecification","valueRequired":true,"valueName":"search_term_string"}}],"inLanguage":"fr-FR"},{"@type":"Person","@id":"https:\/\/www.altercampagne.net\/#\/schema\/person\/0f261460c09e430caa0f9bcffa319109","name":"Mathieu","image":{"@type":"ImageObject","inLanguage":"fr-FR","@id":"https:\/\/secure.gravatar.com\/avatar\/aa9d3d24c83f2141e5e2709d0f63d09a99f6be6bb7a50abc4915838d9f54501a?s=96&d=mm&r=g","url":"https:\/\/secure.gravatar.com\/avatar\/aa9d3d24c83f2141e5e2709d0f63d09a99f6be6bb7a50abc4915838d9f54501a?s=96&d=mm&r=g","contentUrl":"https:\/\/secure.gravatar.com\/avatar\/aa9d3d24c83f2141e5e2709d0f63d09a99f6be6bb7a50abc4915838d9f54501a?s=96&d=mm&r=g","caption":"Mathieu"},"url":"https:\/\/www.altercampagne.net\/?author=214"}]}},"_links":{"self":[{"href":"https:\/\/www.altercampagne.net\/index.php?rest_route=\/wp\/v2\/posts\/1927","targetHints":{"allow":["GET"]}}],"collection":[{"href":"https:\/\/www.altercampagne.net\/index.php?rest_route=\/wp\/v2\/posts"}],"about":[{"href":"https:\/\/www.altercampagne.net\/index.php?rest_route=\/wp\/v2\/types\/post"}],"author":[{"embeddable":true,"href":"https:\/\/www.altercampagne.net\/index.php?rest_route=\/wp\/v2\/users\/214"}],"replies":[{"embeddable":true,"href":"https:\/\/www.altercampagne.net\/index.php?rest_route=%2Fwp%2Fv2%2Fcomments&post=1927"}],"version-history":[{"count":0,"href":"https:\/\/www.altercampagne.net\/index.php?rest_route=\/wp\/v2\/posts\/1927\/revisions"}],"wp:attachment":[{"href":"https:\/\/www.altercampagne.net\/index.php?rest_route=%2Fwp%2Fv2%2Fmedia&parent=1927"}],"wp:term":[{"taxonomy":"category","embeddable":true,"href":"https:\/\/www.altercampagne.net\/index.php?rest_route=%2Fwp%2Fv2%2Fcategories&post=1927"},{"taxonomy":"post_tag","embeddable":true,"href":"https:\/\/www.altercampagne.net\/index.php?rest_route=%2Fwp%2Fv2%2Ftags&post=1927"}],"curies":[{"name":"wp","href":"https:\/\/api.w.org\/{rel}","templated":true}]}}