{"id":1930,"date":"2015-07-30T23:29:09","date_gmt":"2015-07-30T21:29:09","guid":{"rendered":"http:\/\/www.altercampagne.net\/?p=1930"},"modified":"2019-09-16T09:48:14","modified_gmt":"2019-09-16T07:48:14","slug":"en-velo-pour-le-climat-contre-la-montre","status":"publish","type":"post","link":"https:\/\/www.altercampagne.net\/?p=1930","title":{"rendered":"En v\u00e9lo pour le climat : Contre la montre"},"content":{"rendered":"<p>Depuis le d\u00e9sastre de Copenhague, \u00e0 chaque \u00e9tape elle a accumul\u00e9 du retard. L\u2019humanit\u00e9 risque de perdre la course contre le changement climatique. Des altercyclistes cherchent \u00e0 mobiliser par le haut et par le bas.<\/p>\n<p>&nbsp;<\/p>\n<p><a href=\"http:\/\/www.altercampagne.net\/wp-content\/uploads\/2015\/07\/Alternatiba-12-300x200.jpg\"><img loading=\"lazy\" decoding=\"async\" class=\" size-medium wp-image-3862 alignleft\" src=\"http:\/\/www.altercampagne.net\/wp-content\/uploads\/2015\/07\/Alternatiba-12-300x200-300x200.jpg\" alt=\"Alternatiba\" width=\"300\" height=\"200\"><\/a>\u00ab&nbsp;Aujourd\u2019hui, on n\u2019a que trente kilom\u00e8tres \u00e0 faire, mais on aura du vent de face en fin d\u2019\u00e9tape.&nbsp;\u00bb Un jeune homme \u00e9lanc\u00e9 en short et veste polaire, cheveux coup\u00e9s court, expose le d\u00e9roulement de la journ\u00e9e. Autour de lui, ses co\u00e9quipiers ont form\u00e9 un grand cercle, certains ont d\u00e9j\u00e0 enfil\u00e9 leur casque ou tiennent leur v\u00e9lo \u00e0 la main. Non, ce n\u2019est pas le Tour de France, mais l\u2019AlterTour, qui, tous les ans, s\u2019attache \u00e0 \u00ab&nbsp;relier les alternatives \u00e0 v\u00e9lo&nbsp;\u00bb. Et qui pratique l\u2019autogestion. \u00ab&nbsp;Il faut r\u00e9cup\u00e9rer la trousse de r\u00e9paration. Qui faisait le serre-file hier&nbsp;?&nbsp;\u00bb, demande le jeune sportif. Serre-file, cela d\u00e9signe les cyclistes qui roulent en queue de groupe afin d\u2019\u00e9viter que quelqu\u2019un d\u00e9croche, et, le cas \u00e9ch\u00e9ant, pour effectuer les r\u00e9parations. C\u2019est une des multiples t\u00e2ches r\u00e9parties tous les jours entre les participants de l\u2019AlterTour.<\/p>\n<p>La trousse retrouv\u00e9e, le rituel de d\u00e9part des cyclistes rassembl\u00e9s mardi dernier pr\u00e8s du chalet de scouts de l\u2019Eecherfeld se poursuit. Les types et \u00e2ges des v\u00e9los sont aussi vari\u00e9s que ceux des participants. Une jeune femme aux cheveux blonds boucl\u00e9s est en charge de l\u2019accueil des nouveaux \u2013 comme l\u2019AlterTour s\u2019\u00e9tend sur cinq semaines, on peut ne participer que pendant quelques \u00e9tapes. \u00ab&nbsp;Ils sont beaux, ils sont gentils&nbsp;\u00bb, jette la jeune femme dans la bonne humeur, puis leur demande de se pr\u00e9senter. Deux femmes et un homme barbu, h\u00e9sitants, indiquent leurs noms, leur origine. Certains ont d\u00e9j\u00e0 particip\u00e9 les ann\u00e9es pr\u00e9c\u00e9dentes. \u00ab&nbsp;Ce n\u2019est pas une raison&nbsp;\u00bb, encha\u00eene la jeune femme. \u00ab&nbsp;Pendant leur journ\u00e9e d\u2019accueil, je vous rappelle que tout le groupe sera aux petits soins pour eux&nbsp;!&nbsp;\u00bb Ensuite, c\u2019est la m\u00eal\u00e9e d\u2019accueil \u2013 comme au rugby, le groupe forme une grappe humaine, accueillant les nouveaux bien chaleureusement en son centre. De quoi donner envie au journaliste de participer aussi une prochaine fois.<\/p>\n<h3>Politique gris\u00e2tre<\/h3>\n<p>Contribuer \u00e0 un monde meilleur, sauver le climat\u2026 chaque rendez-vous a sa propre ambiance. Celle de la conf\u00e9rence de presse suite au Conseil informel des ministres de l\u2019Environnement du 23&nbsp;juillet \u00e9tait plut\u00f4t feutr\u00e9e. La grande salle de l\u2019European Convention Center, \u00e0 laquelle on acc\u00e8de apr\u00e8s un contr\u00f4le de s\u00e9curit\u00e9 type \u2028a\u00e9roport, offre 400&nbsp;places. Il y avait, ce jour-l\u00e0, une vingtaine de personnes. La ministre Carole Dieschbourg \u00e9tait assise en haut d\u2019une estrade, entour\u00e9e du commissaire europ\u00e9en au Climat Miguel Arias Ca\u00f1ete et d\u2019un conseiller. Dans la salle, plusieurs autres conseillers, du personnel administratif et quelques journalistes.<\/p>\n<p>\u00ab&nbsp;We had some good exchanges&nbsp;\u00bb, a commenc\u00e9 Dieschbourg, indiquant d\u00e9j\u00e0 que la r\u00e9union n\u2019avait produit aucun r\u00e9sultat \u00e0 mettre en vedette. \u00ab&nbsp;L\u2019environnement doit rester en haut de l\u2019agenda europ\u00e9en&nbsp;\u00bb, a-t-elle soulign\u00e9, tout en souhaitant une acc\u00e9l\u00e9ration des n\u00e9gociations en vue d\u2019un accord sur le climat \u00e0 la fin de l\u2019ann\u00e9e. En ce qui concerne le financement du d\u00e9veloppement vert, une des pierres d\u2019achoppement des n\u00e9gociations, elle a mis en avant l\u2019id\u00e9e d\u2019une \u00ab&nbsp;toolbox&nbsp;\u00bb&nbsp;: plut\u00f4t que d\u2019avoir un m\u00e9canisme de financement public unique, il faudrait multiplier les instruments afin d\u2019attirer les capitaux priv\u00e9s.<\/p>\n<p>Ca\u00f1ete a insist\u00e9 sur le fait que les autres pays doivent, comme les Occidentaux, mettre des objectifs de r\u00e9duction de CO2 sur la table. Le commissaire, consid\u00e9r\u00e9 par de nombreux \u00e9cologistes comme une des grandes erreurs de casting de la Commission Juncker, ne semble m\u00eame pas \u00eatre conscient du fait que les objectifs auxquels se sont engag\u00e9s les Occidentaux sont notoirement insuffisants. Quant au financement du d\u00e9veloppement vert, le renvoi aux capitaux priv\u00e9s ressemble \u00e0 un subterfuge conditionn\u00e9 par l\u2019absence de volont\u00e9 politique de payer le prix qu\u2019il faut pour permettre aux pays du Sud d\u2019avancer dans cette voie (<a href=\"https:\/\/www.woxx.lu\/?p=9831\" target=\"_blank\" rel=\"noopener noreferrer\">woxx 1328<\/a>,&nbsp; <a href=\"http:\/\/www.woxx.lu\/?p=9383\" target=\"_blank\" rel=\"noopener noreferrer\">woxx 1324<\/a>). Ce qui risque de faire \u00e9chouer les n\u00e9gociations, comme cela avait \u00e9t\u00e9 le cas en 2009 \u00e0 Copenhague.<\/p>\n<h3>Un vert \u00e9clatant<\/h3>\n<p>\u00ab&nbsp;Alternatiba a justement \u00e9t\u00e9 fond\u00e9 pour amener les gens \u00e0 s\u2019int\u00e9resser \u00e0 nouveau \u00e0 la question du climat apr\u00e8s la d\u00e9b\u00e2cle de Copenhague&nbsp;\u00bb, m\u2019explique Joan. Il tient le stand d\u2019info dans le cadre de la \u00ab&nbsp;soir\u00e9e conviviale&nbsp;\u00bb \u00e0 l\u2019Eecherfeld, qui accueille aussi bien l\u2019AlterTour que le tour Alternatiba. Ici, on s\u2019appelle par son pr\u00e9nom \u2013 \u00ab&nbsp;Joan, c\u2019est basque&nbsp;\u00bb, pr\u00e9cise-t-il. Il n\u2019a que vingt ans, porte une petite barbe et une boucle d\u2019oreille noire. Plein d\u2019enthousiasme, il raconte l\u2019histoire du mouvement&nbsp;: \u00ab&nbsp;En&nbsp;2013, il y a eu \u00e0 Bayonne le premier village des alternatives au changement climatique, avec 12.000&nbsp;participants en une journ\u00e9e.&nbsp;\u00bb Joan insiste sur le \u00ab&nbsp;c\u00f4t\u00e9 joyeux&nbsp;\u00bb de la d\u00e9marche, me tend un petit livre intitul\u00e9 \u00ab&nbsp;Alternativez-vous&nbsp;\u00bb, pr\u00e9fac\u00e9 par Christiane Hessel, \u00ab&nbsp;la femme de St\u00e9phane Hessel, celui qui a \u00e9crit \u2018Indignez-vous\u2019&nbsp;\u00bb.<\/p>\n<p><a href=\"http:\/\/www.altercampagne.net\/wp-content\/uploads\/2015\/07\/AlterTour-IMG_4308.jpg\"><img loading=\"lazy\" decoding=\"async\" class=\" size-large wp-image-3864 aligncenter\" src=\"http:\/\/www.altercampagne.net\/wp-content\/uploads\/2015\/07\/AlterTour-IMG_4308-1024x683.jpg\" alt=\"AlterTour 2016\" width=\"640\" height=\"427\" srcset=\"https:\/\/www.altercampagne.net\/wp-content\/uploads\/2015\/07\/AlterTour-IMG_4308.jpg 1024w, https:\/\/www.altercampagne.net\/wp-content\/uploads\/2015\/07\/AlterTour-IMG_4308-300x200.jpg 300w\" sizes=\"auto, (max-width: 640px) 100vw, 640px\" \/><\/a>Suite \u00e0 un appel \u00e0 cr\u00e9er des Alternatiba partout en France et en Europe, d\u00e8s&nbsp;2014 une dizaine de villages de ce type se mettent en place. D\u2019o\u00f9 l\u2019id\u00e9e, cette ann\u00e9e, de faire un tour de France des villages Alternatiba afin de sensibiliser les gens avant la conf\u00e9rence de Paris. Ce tour \u2013 du 5&nbsp;juin au 26&nbsp;septembre -, n\u2019emploie pas que des v\u00e9los standard, mais aussi des tandems, deux triplettes et m\u00eame une quadruplette \u2013 symbolisant l\u2019id\u00e9e de solidarit\u00e9 si importante dans toute action pour sauver le climat.<\/p>\n<p>L\u2019\u00e9tape luxembourgeoise n\u2019a pas \u00e9t\u00e9 la plus facile pour les cyclistes des deux tours, qui sont venus de Thionville&nbsp;: assez longue, avec par moments de la pluie et beaucoup de vent. Autour d\u2019une des tables, quelques participants d\u2019\u00e2ge m\u00fbr se sont affaiss\u00e9s dans leurs chaises et d\u00e9gustent soda de coing et petit blanc&nbsp;\u2013 en bio, bien s\u00fbr. Les boissons sont vendues par la coop\u00e9rative d\u2019achat li\u00e9e \u00e0 Transition Minett, tandis que le repas \u2013 v\u00e9gan \u2013 est offert, pr\u00e9par\u00e9 par des b\u00e9n\u00e9voles luxembourgeois. L\u2019accueil \u2013 soir\u00e9e, repas et logement a \u00e9t\u00e9 organis\u00e9 par Cell, Transition Minett et Greenpeace. Martina Holbach, de cette derni\u00e8re organisation, est enthousiasm\u00e9e par l\u2019\u00e9nergie de ces personnes qui font des milliers de kilom\u00e8tres pour mobiliser contre le r\u00e9chauffement climatique&nbsp;: \u00ab&nbsp;Cela manque un peu au Luxembourg, il nous faudrait un Alternatiba local pour sortir les gens de leur torpeur.&nbsp;\u00bb<\/p>\n<p>Entre les deux tours de passage au Luxembourg, quelles diff\u00e9rences&nbsp;? Les Alternatiba, sp\u00e9cialistes du climat, les AlterTour avec une approche plus holiste, comme on a pu l\u2019entendre au d\u00e9tour des conversations&nbsp;? Quand, apr\u00e8s le repas, Txetx, porte-parole d\u2019Alternatiba, expose en d\u00e9tail l\u2019\u00e9volution du climat jusqu\u2019en&nbsp;2100 et met en garde contre une \u00e9l\u00e9vation de la temp\u00e9rature de cinq degr\u00e9s, c\u2019est l\u2019impression qu\u2019on peut avoir. Avec les ombres des participants assis autour des tables ou debout, bouteille \u00e0 la main, qui se dessinent contre la lumi\u00e8re de l\u2019\u00e9cran de projection et du kiosque \u00e0 boissons, la sc\u00e8ne rappelle une f\u00eate du village. Mais les gens \u00e9coutent attentivement. Txetx explique en quoi la \u00ab&nbsp;bataille du climat&nbsp;\u00bb est diff\u00e9rente de celles pour la d\u00e9mocratie ou pour la justice sociale&nbsp;: \u00ab&nbsp;Le climat, \u00e7a se joue une seule fois, alors que les autres batailles, m\u00eame quand on les perd, on peut revenir \u00e0 l\u2019attaque.&nbsp;\u00bb Et quand il rajoute qu\u2019il ne faut pas attendre que la solution vienne \u00ab&nbsp;d\u2019en haut&nbsp;\u00bb \u2013 des gouvernements&nbsp;\u2013 on comprend pourquoi le tour Alternatiba met, lui aussi, l\u2019accent sur les alternatives aux modes de vie et de production dominants.<\/p>\n<h3>Id\u00e9es lumineuses<\/h3>\n<p>Quant \u00e0 l\u2019AlterTour, qui en est \u00e0 sa huiti\u00e8me \u00e9dition, les alternatives au \u00ab&nbsp;dopage soci\u00e9tal g\u00e9n\u00e9ralis\u00e9&nbsp;\u00bb constituent sa raison d\u2019\u00eatre. Projection de photos \u00e0 l\u2019appui, quatre membres du groupe pr\u00e9sentent tour \u00e0 tour les projets d\u00e9j\u00e0 visit\u00e9s&nbsp;: la Maison de la r\u00e9sistance \u00e0 la poubelle nucl\u00e9aire de Bure, la ferme mara\u00eech\u00e8re bio de la Chaudeau, le g\u00eete Sol\u00e9ole autonome en \u00e9lectricit\u00e9, un jardin p\u00e9dagogique au milieu de HLM. La convergence concr\u00e8te des causes \u00e9cologiques et sociales s\u2019exprime aussi au niveau du parc de v\u00e9los de l\u2019AlterTour&nbsp;: pas de v\u00e9los \u00e0 plusieurs places, mais un pool de v\u00e9los \u00e0 partager. Et qui portent chacun un nom, par exemple V\u00e9lolienne, COP 21 ou&nbsp;R\u00e9fugi\u00e9s climatiques.<\/p>\n<p>\u00c9lise, la jeune femme en charge de l\u2019accueil, milite au quotidien, notamment pour pr\u00e9server une ferme pr\u00e8s de Rouen menac\u00e9e par un projet de supermarch\u00e9. \u00ab&nbsp;Tous les jours on doit discuter avec les gens pour les convaincre. Alors c\u2019est agr\u00e9able de passer ces quelques jours avec des personnes qui ont les m\u00eames convictions.&nbsp;\u00bb Et puis, elle appr\u00e9cie le c\u00f4t\u00e9 d\u00e9paysement de l\u2019AlterTour&nbsp;: \u00ab&nbsp;Dans ma vie normale, j\u2019habite une maison, je consomme. Ici, je suis \u00e0 l\u2019air libre toute la journ\u00e9e, j\u2019emporte tr\u00e8s peu de biens mat\u00e9riels.&nbsp;\u00bb \u00c9lise trouve cela lib\u00e9rateur&nbsp;: \u00ab&nbsp;Je peux exp\u00e9rimenter en pratique les valeurs que j\u2019ai en t\u00eate.&nbsp;\u00bb Lionel, son compagnon, confirme&nbsp;: ils voudraient un jour aller plus loin en mati\u00e8re de vie alternative.&nbsp; \u00ab&nbsp;Ce qui m\u2019a le plus marqu\u00e9, c\u2019est un gars qu\u2019on a rencontr\u00e9 l\u2019ann\u00e9e derni\u00e8re&nbsp;\u00bb, raconte-t-il. \u00ab&nbsp;Il \u00e9tait m\u00e9decin, mais il a d\u00e9cid\u00e9 de retaper tout seul un village abandonn\u00e9 de neuf maisons.&nbsp;\u00bb<\/p>\n<p>&nbsp;<\/p>\n<h3>Rencontre en demi-teinte<\/h3>\n<p><a href=\"http:\/\/www.altercampagne.net\/wp-content\/uploads\/2015\/07\/IMG_4324.jpg\"><img loading=\"lazy\" decoding=\"async\" class=\" size-medium wp-image-3865 alignright\" src=\"http:\/\/www.altercampagne.net\/wp-content\/uploads\/2015\/07\/IMG_4324-300x200.jpg\" alt=\"IMG_4324\" width=\"300\" height=\"200\" srcset=\"https:\/\/www.altercampagne.net\/wp-content\/uploads\/2015\/07\/IMG_4324-300x200.jpg 300w, https:\/\/www.altercampagne.net\/wp-content\/uploads\/2015\/07\/IMG_4324.jpg 1024w\" sizes=\"auto, (max-width: 300px) 100vw, 300px\" \/><\/a>\u00ab&nbsp;Vous faites ce que nous voulons faire.&nbsp;\u00bb Carole Dieschbourg est venue pour rencontrer les altercyclistes avant leur d\u00e9part vers la Belgique. Et non, la r\u00e9ponse de la ministre ne concerne pas les r\u00eaves d\u2019\u00c9lise et de Lionel, mais les r\u00e9flexions bien plus sages pr\u00e9sent\u00e9es par les porte-parole des deux tours. Elle les gratifie de l\u2019appellation de \u00ab&nbsp;frontrunner&nbsp;\u00bb \u2013 \u00ab&nbsp;t\u00eate de course&nbsp;\u00bb \u2013 et avoue&nbsp;: \u00ab&nbsp;En mati\u00e8re de climat, la soci\u00e9t\u00e9 est pr\u00eate, l\u2019\u00e9conomie est pr\u00eate, mais les politiciens tra\u00eenent du pied.&nbsp;\u00bb Pendant que Txetx profite de la rencontre avec la pr\u00e9sidente du Conseil des ministres sur le climat pour faire un d\u00e9montage en r\u00e8gle des insuffisances des n\u00e9gociations actuelles, Dieschbourg fait oui de la t\u00eate, avec une mine afflig\u00e9e, entrecoup\u00e9e de sourires nerveux. Mais elle r\u00e9pond&nbsp;: oui, il faut \u00ab&nbsp;finaliser&nbsp;\u00bb la position europ\u00e9enne, trouver un accord sur la r\u00e9vision des objectifs climatiques s\u2019ils se r\u00e9v\u00e8lent insuffisants.<\/p>\n<p>M\u00eame si la presse a \u00e9t\u00e9 invit\u00e9e, la ministre est venue seule, sans conseiller, s\u2019exposer aux \u00e9ventuelles critiques de la soci\u00e9t\u00e9 civile, faisant confiance au pouvoir de conviction de sa sinc\u00e9rit\u00e9. Inconsciemment, les altercyclistes appr\u00e9cient, ne la malm\u00e8nent pas trop. Une question sur le TTIP, elle s\u2019en sort bien, une autre sur la puissance des lobbies, elle esquive. \u00ab&nbsp;On tourne en rond&nbsp;\u00bb, constate sans animosit\u00e9 une participante. \u00c9change de politesses, photo souvenir, la partie officielle est termin\u00e9e. Dieschbourg reste encore pour un petit-d\u00e9jeuner avec Txetx, avec fromage bio et jus de pommes Biog. Lui a-t-il fait part du scepticisme des militants au vu des discours trop rassembleurs&nbsp;? Lui a-t-il expliqu\u00e9 que, aux yeux de la soci\u00e9t\u00e9 civile, les grands acteurs \u00e9conomiques ne sont pour le moment pas des partenaires, mais un obstacle&nbsp;? La ministre a affich\u00e9 sa bienveillance envers le mouvement que Txetx repr\u00e9sente. Mais l\u2019a-t-elle \u00e9cout\u00e9&nbsp;? Cela infl\u00e9chira-t-il le cours des n\u00e9gociations&nbsp;?<\/p>\n<p style=\"text-align: right;\"><span class=\"author vcard\"> Raymond Klein<\/span><\/p>\n<p style=\"text-align: left;\">Source, woxx.lu : <a href=\"http:\/\/www.woxx.lu\/?p=9977\" target=\"_blank\" rel=\"noopener noreferrer\">http:\/\/www.woxx.lu\/?p=9977<\/a><\/p>\n","protected":false},"excerpt":{"rendered":"<p>Depuis le d\u00e9sastre de Copenhague, \u00e0 chaque \u00e9tape elle a accumul\u00e9 du retard. L\u2019humanit\u00e9 risque de perdre la course contre le changement climatique. Des altercyclistes cherchent \u00e0 mobiliser par le haut et par le bas. &nbsp; \u00ab&nbsp;Aujourd\u2019hui, on n\u2019a que trente kilom\u00e8tres \u00e0 faire, mais on aura du vent de &#8230; <\/p>\n<div><a href=\"https:\/\/www.altercampagne.net\/?p=1930\" class=\"more-link\">Read More<\/a><\/div>\n","protected":false},"author":214,"featured_media":15627,"comment_status":"closed","ping_status":"closed","sticky":false,"template":"","format":"standard","meta":{"footnotes":""},"categories":[239,3486,3460,3542],"tags":[562,1682,1672,1537,1536,1535,1534,1265,665,11,373,370,267,233,192,73,44,24],"class_list":["post-1930","post","type-post","status-publish","format-standard","has-post-thumbnail","hentry","category-revue-de-presse","category-environnement","category-edition-2015","category-lutte","tag-carole-dieschbourg","tag-woxx","tag-1672","tag-martina-holbach","tag-vegan","tag-christiane-hessel","tag-eecherfeld","tag-greenpeace","tag-alternative","tag-alternatiba","tag-transition-minett","tag-thionville","tag-cell","tag-cop21","tag-altertour-2015","tag-transition","tag-climat","tag-luxembourg"],"yoast_head":"<!-- This site is optimized with the Yoast SEO plugin v27.3 - https:\/\/yoast.com\/product\/yoast-seo-wordpress\/ -->\n<title>En v\u00e9lo pour le climat : Contre la montre - AlterTour<\/title>\n<meta name=\"robots\" content=\"index, follow, max-snippet:-1, max-image-preview:large, max-video-preview:-1\" \/>\n<link rel=\"canonical\" href=\"https:\/\/www.altercampagne.net\/?p=1930\" \/>\n<meta property=\"og:locale\" content=\"fr_FR\" \/>\n<meta property=\"og:type\" content=\"article\" \/>\n<meta property=\"og:title\" content=\"En v\u00e9lo pour le climat : Contre la montre - AlterTour\" \/>\n<meta property=\"og:description\" content=\"Depuis le d\u00e9sastre de Copenhague, \u00e0 chaque \u00e9tape elle a accumul\u00e9 du retard. L\u2019humanit\u00e9 risque de perdre la course contre le changement climatique. Des altercyclistes cherchent \u00e0 mobiliser par le haut et par le bas. &nbsp; \u00ab&nbsp;Aujourd\u2019hui, on n\u2019a que trente kilom\u00e8tres \u00e0 faire, mais on aura du vent de ... Read More\" \/>\n<meta property=\"og:url\" content=\"https:\/\/www.altercampagne.net\/?p=1930\" \/>\n<meta property=\"og:site_name\" content=\"AlterTour\" \/>\n<meta property=\"article:published_time\" content=\"2015-07-30T21:29:09+00:00\" \/>\n<meta property=\"article:modified_time\" content=\"2019-09-16T07:48:14+00:00\" \/>\n<meta property=\"og:image\" content=\"https:\/\/www.altercampagne.net\/wp-content\/uploads\/2015\/07\/2015-07-30-AlterTour-IMG_4308.jpg\" \/>\n\t<meta property=\"og:image:width\" content=\"900\" \/>\n\t<meta property=\"og:image:height\" content=\"470\" \/>\n\t<meta property=\"og:image:type\" content=\"image\/jpeg\" \/>\n<meta name=\"author\" content=\"Mathieu\" \/>\n<meta name=\"twitter:card\" content=\"summary_large_image\" \/>\n<meta name=\"twitter:label1\" content=\"\u00c9crit par\" \/>\n\t<meta name=\"twitter:data1\" content=\"Mathieu\" \/>\n\t<meta name=\"twitter:label2\" content=\"Dur\u00e9e de lecture estim\u00e9e\" \/>\n\t<meta name=\"twitter:data2\" content=\"11 minutes\" \/>\n<script type=\"application\/ld+json\" class=\"yoast-schema-graph\">{\"@context\":\"https:\\\/\\\/schema.org\",\"@graph\":[{\"@type\":\"Article\",\"@id\":\"https:\\\/\\\/www.altercampagne.net\\\/?p=1930#article\",\"isPartOf\":{\"@id\":\"https:\\\/\\\/www.altercampagne.net\\\/?p=1930\"},\"author\":{\"name\":\"Mathieu\",\"@id\":\"https:\\\/\\\/www.altercampagne.net\\\/#\\\/schema\\\/person\\\/0f261460c09e430caa0f9bcffa319109\"},\"headline\":\"En v\u00e9lo pour le climat : Contre la montre\",\"datePublished\":\"2015-07-30T21:29:09+00:00\",\"dateModified\":\"2019-09-16T07:48:14+00:00\",\"mainEntityOfPage\":{\"@id\":\"https:\\\/\\\/www.altercampagne.net\\\/?p=1930\"},\"wordCount\":2123,\"image\":{\"@id\":\"https:\\\/\\\/www.altercampagne.net\\\/?p=1930#primaryimage\"},\"thumbnailUrl\":\"https:\\\/\\\/www.altercampagne.net\\\/wp-content\\\/uploads\\\/2015\\\/07\\\/2015-07-30-AlterTour-IMG_4308.jpg\",\"keywords\":[\"Carole Dieschbourg\",\"woxx\",\"2015\",\"Martina Holbach\",\"v\u00e9gan\",\"Christiane Hessel\",\"Eecherfeld\",\"Greenpeace\",\"alternative\",\"alternatiba\",\"transition minett\",\"Thionville\",\"cell\",\"cop21\",\"AlterTour 2015\",\"Transition\",\"climat\",\"luxembourg\"],\"articleSection\":[\"Revue de presse\",\"Environnement\",\"\u00c9dition 2015\",\"Lutte\"],\"inLanguage\":\"fr-FR\"},{\"@type\":\"WebPage\",\"@id\":\"https:\\\/\\\/www.altercampagne.net\\\/?p=1930\",\"url\":\"https:\\\/\\\/www.altercampagne.net\\\/?p=1930\",\"name\":\"En v\u00e9lo pour le climat : Contre la montre - AlterTour\",\"isPartOf\":{\"@id\":\"https:\\\/\\\/www.altercampagne.net\\\/#website\"},\"primaryImageOfPage\":{\"@id\":\"https:\\\/\\\/www.altercampagne.net\\\/?p=1930#primaryimage\"},\"image\":{\"@id\":\"https:\\\/\\\/www.altercampagne.net\\\/?p=1930#primaryimage\"},\"thumbnailUrl\":\"https:\\\/\\\/www.altercampagne.net\\\/wp-content\\\/uploads\\\/2015\\\/07\\\/2015-07-30-AlterTour-IMG_4308.jpg\",\"datePublished\":\"2015-07-30T21:29:09+00:00\",\"dateModified\":\"2019-09-16T07:48:14+00:00\",\"author\":{\"@id\":\"https:\\\/\\\/www.altercampagne.net\\\/#\\\/schema\\\/person\\\/0f261460c09e430caa0f9bcffa319109\"},\"breadcrumb\":{\"@id\":\"https:\\\/\\\/www.altercampagne.net\\\/?p=1930#breadcrumb\"},\"inLanguage\":\"fr-FR\",\"potentialAction\":[{\"@type\":\"ReadAction\",\"target\":[\"https:\\\/\\\/www.altercampagne.net\\\/?p=1930\"]}]},{\"@type\":\"ImageObject\",\"inLanguage\":\"fr-FR\",\"@id\":\"https:\\\/\\\/www.altercampagne.net\\\/?p=1930#primaryimage\",\"url\":\"https:\\\/\\\/www.altercampagne.net\\\/wp-content\\\/uploads\\\/2015\\\/07\\\/2015-07-30-AlterTour-IMG_4308.jpg\",\"contentUrl\":\"https:\\\/\\\/www.altercampagne.net\\\/wp-content\\\/uploads\\\/2015\\\/07\\\/2015-07-30-AlterTour-IMG_4308.jpg\",\"width\":900,\"height\":470},{\"@type\":\"BreadcrumbList\",\"@id\":\"https:\\\/\\\/www.altercampagne.net\\\/?p=1930#breadcrumb\",\"itemListElement\":[{\"@type\":\"ListItem\",\"position\":1,\"name\":\"Accueil\",\"item\":\"https:\\\/\\\/www.altercampagne.net\\\/\"},{\"@type\":\"ListItem\",\"position\":2,\"name\":\"En v\u00e9lo pour le climat : Contre la montre\"}]},{\"@type\":\"WebSite\",\"@id\":\"https:\\\/\\\/www.altercampagne.net\\\/#website\",\"url\":\"https:\\\/\\\/www.altercampagne.net\\\/\",\"name\":\"AlterTour\",\"description\":\"Reliez les Alternatives \u00e0 v\u00e9lo\",\"potentialAction\":[{\"@type\":\"SearchAction\",\"target\":{\"@type\":\"EntryPoint\",\"urlTemplate\":\"https:\\\/\\\/www.altercampagne.net\\\/?s={search_term_string}\"},\"query-input\":{\"@type\":\"PropertyValueSpecification\",\"valueRequired\":true,\"valueName\":\"search_term_string\"}}],\"inLanguage\":\"fr-FR\"},{\"@type\":\"Person\",\"@id\":\"https:\\\/\\\/www.altercampagne.net\\\/#\\\/schema\\\/person\\\/0f261460c09e430caa0f9bcffa319109\",\"name\":\"Mathieu\",\"image\":{\"@type\":\"ImageObject\",\"inLanguage\":\"fr-FR\",\"@id\":\"https:\\\/\\\/secure.gravatar.com\\\/avatar\\\/aa9d3d24c83f2141e5e2709d0f63d09a99f6be6bb7a50abc4915838d9f54501a?s=96&d=mm&r=g\",\"url\":\"https:\\\/\\\/secure.gravatar.com\\\/avatar\\\/aa9d3d24c83f2141e5e2709d0f63d09a99f6be6bb7a50abc4915838d9f54501a?s=96&d=mm&r=g\",\"contentUrl\":\"https:\\\/\\\/secure.gravatar.com\\\/avatar\\\/aa9d3d24c83f2141e5e2709d0f63d09a99f6be6bb7a50abc4915838d9f54501a?s=96&d=mm&r=g\",\"caption\":\"Mathieu\"},\"url\":\"https:\\\/\\\/www.altercampagne.net\\\/?author=214\"}]}<\/script>\n<!-- \/ Yoast SEO plugin. -->","yoast_head_json":{"title":"En v\u00e9lo pour le climat : Contre la montre - AlterTour","robots":{"index":"index","follow":"follow","max-snippet":"max-snippet:-1","max-image-preview":"max-image-preview:large","max-video-preview":"max-video-preview:-1"},"canonical":"https:\/\/www.altercampagne.net\/?p=1930","og_locale":"fr_FR","og_type":"article","og_title":"En v\u00e9lo pour le climat : Contre la montre - AlterTour","og_description":"Depuis le d\u00e9sastre de Copenhague, \u00e0 chaque \u00e9tape elle a accumul\u00e9 du retard. L\u2019humanit\u00e9 risque de perdre la course contre le changement climatique. Des altercyclistes cherchent \u00e0 mobiliser par le haut et par le bas. &nbsp; \u00ab&nbsp;Aujourd\u2019hui, on n\u2019a que trente kilom\u00e8tres \u00e0 faire, mais on aura du vent de ... Read More","og_url":"https:\/\/www.altercampagne.net\/?p=1930","og_site_name":"AlterTour","article_published_time":"2015-07-30T21:29:09+00:00","article_modified_time":"2019-09-16T07:48:14+00:00","og_image":[{"width":900,"height":470,"url":"https:\/\/www.altercampagne.net\/wp-content\/uploads\/2015\/07\/2015-07-30-AlterTour-IMG_4308.jpg","type":"image\/jpeg"}],"author":"Mathieu","twitter_card":"summary_large_image","twitter_misc":{"\u00c9crit par":"Mathieu","Dur\u00e9e de lecture estim\u00e9e":"11 minutes"},"schema":{"@context":"https:\/\/schema.org","@graph":[{"@type":"Article","@id":"https:\/\/www.altercampagne.net\/?p=1930#article","isPartOf":{"@id":"https:\/\/www.altercampagne.net\/?p=1930"},"author":{"name":"Mathieu","@id":"https:\/\/www.altercampagne.net\/#\/schema\/person\/0f261460c09e430caa0f9bcffa319109"},"headline":"En v\u00e9lo pour le climat : Contre la montre","datePublished":"2015-07-30T21:29:09+00:00","dateModified":"2019-09-16T07:48:14+00:00","mainEntityOfPage":{"@id":"https:\/\/www.altercampagne.net\/?p=1930"},"wordCount":2123,"image":{"@id":"https:\/\/www.altercampagne.net\/?p=1930#primaryimage"},"thumbnailUrl":"https:\/\/www.altercampagne.net\/wp-content\/uploads\/2015\/07\/2015-07-30-AlterTour-IMG_4308.jpg","keywords":["Carole Dieschbourg","woxx","2015","Martina Holbach","v\u00e9gan","Christiane Hessel","Eecherfeld","Greenpeace","alternative","alternatiba","transition minett","Thionville","cell","cop21","AlterTour 2015","Transition","climat","luxembourg"],"articleSection":["Revue de presse","Environnement","\u00c9dition 2015","Lutte"],"inLanguage":"fr-FR"},{"@type":"WebPage","@id":"https:\/\/www.altercampagne.net\/?p=1930","url":"https:\/\/www.altercampagne.net\/?p=1930","name":"En v\u00e9lo pour le climat : Contre la montre - AlterTour","isPartOf":{"@id":"https:\/\/www.altercampagne.net\/#website"},"primaryImageOfPage":{"@id":"https:\/\/www.altercampagne.net\/?p=1930#primaryimage"},"image":{"@id":"https:\/\/www.altercampagne.net\/?p=1930#primaryimage"},"thumbnailUrl":"https:\/\/www.altercampagne.net\/wp-content\/uploads\/2015\/07\/2015-07-30-AlterTour-IMG_4308.jpg","datePublished":"2015-07-30T21:29:09+00:00","dateModified":"2019-09-16T07:48:14+00:00","author":{"@id":"https:\/\/www.altercampagne.net\/#\/schema\/person\/0f261460c09e430caa0f9bcffa319109"},"breadcrumb":{"@id":"https:\/\/www.altercampagne.net\/?p=1930#breadcrumb"},"inLanguage":"fr-FR","potentialAction":[{"@type":"ReadAction","target":["https:\/\/www.altercampagne.net\/?p=1930"]}]},{"@type":"ImageObject","inLanguage":"fr-FR","@id":"https:\/\/www.altercampagne.net\/?p=1930#primaryimage","url":"https:\/\/www.altercampagne.net\/wp-content\/uploads\/2015\/07\/2015-07-30-AlterTour-IMG_4308.jpg","contentUrl":"https:\/\/www.altercampagne.net\/wp-content\/uploads\/2015\/07\/2015-07-30-AlterTour-IMG_4308.jpg","width":900,"height":470},{"@type":"BreadcrumbList","@id":"https:\/\/www.altercampagne.net\/?p=1930#breadcrumb","itemListElement":[{"@type":"ListItem","position":1,"name":"Accueil","item":"https:\/\/www.altercampagne.net\/"},{"@type":"ListItem","position":2,"name":"En v\u00e9lo pour le climat : Contre la montre"}]},{"@type":"WebSite","@id":"https:\/\/www.altercampagne.net\/#website","url":"https:\/\/www.altercampagne.net\/","name":"AlterTour","description":"Reliez les Alternatives \u00e0 v\u00e9lo","potentialAction":[{"@type":"SearchAction","target":{"@type":"EntryPoint","urlTemplate":"https:\/\/www.altercampagne.net\/?s={search_term_string}"},"query-input":{"@type":"PropertyValueSpecification","valueRequired":true,"valueName":"search_term_string"}}],"inLanguage":"fr-FR"},{"@type":"Person","@id":"https:\/\/www.altercampagne.net\/#\/schema\/person\/0f261460c09e430caa0f9bcffa319109","name":"Mathieu","image":{"@type":"ImageObject","inLanguage":"fr-FR","@id":"https:\/\/secure.gravatar.com\/avatar\/aa9d3d24c83f2141e5e2709d0f63d09a99f6be6bb7a50abc4915838d9f54501a?s=96&d=mm&r=g","url":"https:\/\/secure.gravatar.com\/avatar\/aa9d3d24c83f2141e5e2709d0f63d09a99f6be6bb7a50abc4915838d9f54501a?s=96&d=mm&r=g","contentUrl":"https:\/\/secure.gravatar.com\/avatar\/aa9d3d24c83f2141e5e2709d0f63d09a99f6be6bb7a50abc4915838d9f54501a?s=96&d=mm&r=g","caption":"Mathieu"},"url":"https:\/\/www.altercampagne.net\/?author=214"}]}},"_links":{"self":[{"href":"https:\/\/www.altercampagne.net\/index.php?rest_route=\/wp\/v2\/posts\/1930","targetHints":{"allow":["GET"]}}],"collection":[{"href":"https:\/\/www.altercampagne.net\/index.php?rest_route=\/wp\/v2\/posts"}],"about":[{"href":"https:\/\/www.altercampagne.net\/index.php?rest_route=\/wp\/v2\/types\/post"}],"author":[{"embeddable":true,"href":"https:\/\/www.altercampagne.net\/index.php?rest_route=\/wp\/v2\/users\/214"}],"replies":[{"embeddable":true,"href":"https:\/\/www.altercampagne.net\/index.php?rest_route=%2Fwp%2Fv2%2Fcomments&post=1930"}],"version-history":[{"count":0,"href":"https:\/\/www.altercampagne.net\/index.php?rest_route=\/wp\/v2\/posts\/1930\/revisions"}],"wp:featuredmedia":[{"embeddable":true,"href":"https:\/\/www.altercampagne.net\/index.php?rest_route=\/wp\/v2\/media\/15627"}],"wp:attachment":[{"href":"https:\/\/www.altercampagne.net\/index.php?rest_route=%2Fwp%2Fv2%2Fmedia&parent=1930"}],"wp:term":[{"taxonomy":"category","embeddable":true,"href":"https:\/\/www.altercampagne.net\/index.php?rest_route=%2Fwp%2Fv2%2Fcategories&post=1930"},{"taxonomy":"post_tag","embeddable":true,"href":"https:\/\/www.altercampagne.net\/index.php?rest_route=%2Fwp%2Fv2%2Ftags&post=1930"}],"curies":[{"name":"wp","href":"https:\/\/api.w.org\/{rel}","templated":true}]}}