{"id":1932,"date":"2015-07-22T23:35:38","date_gmt":"2015-07-22T21:35:38","guid":{"rendered":"http:\/\/www.altercampagne.net\/?p=1932"},"modified":"2018-01-10T15:53:13","modified_gmt":"2018-01-10T14:53:13","slug":"1932","status":"publish","type":"post","link":"https:\/\/www.altercampagne.net\/?p=1932","title":{"rendered":"F\u00eate : \u00abChange le monde\u00bb, les 28 et 29 juillet"},"content":{"rendered":"<p><span class=\"nglettrine\">E<\/span>n compl\u00e9ment et en parall\u00e8le de la Petite Foire, cinq associations dont certaines \u00e9taient du lancement de la Petite Foire feront vivre l\u2019\u00e9v\u00e9nement \u00ab\u00a0Change le monde\u00a0\u00bb, une rencontre familiale, associative et citoyenne, dans l\u2019esprit d\u2019une alternative socio-\u00e9conomique. On y retrouve Oxfam, les Jeunes CSC, l\u2019ASBL virtonaise Cesfac, les Jeunes FGTB et le <a href=\"http:\/\/www.cncd.be\/\" target=\"_blank\" rel=\"noopener\">CNCD 11.11.11<\/a>. Mais la f\u00eate rassemblera une vol\u00e9e de 50 associations et collectivit\u00e9s, les mardi 28 et mercredi 29. C\u2019\u00e9tait impensable durant la Petite Foire car certains organisateurs seront des deux \u00e9v\u00e9nements et puis, Change le Monde a calqu\u00e9 son agenda sur l\u2019arriv\u00e9e d\u2019\u00e9tape du Tour Alternatiba qui effectue un circuit de 5.000 km pour sensibiliser aux alternatives au changement climatique, dans la perspective de la prochaine Conf\u00e9rence des Nations unies pour le climat, \u00e0 Paris. Et le tour fera une journ\u00e9e de repos le 29, \u00e0 Marbehan. S\u2019y ajoute aussi l\u2019arriv\u00e9e d\u2019un autre circuit cycliste, l\u2019AlterTour, tourn\u00e9 vers les \u00e9nergies renouvelables.<\/p>\n<p>Le mardi 28, le rendez-vous pour accueillir Alternatiba, au d\u00e9part de Bayonne depuis le 5 juin mais de Thionville le 28, est fix\u00e9 \u00e0 14h \u00e0 Arlon, puis \u00e0 16h, Place Nothomb \u00e0 Habay. De ces deux points de chute, tout un chacun pourra prendre son v\u00e9lo pour accompagner les deux v\u00e9los de 4 et 3 personnes jusqu\u2019\u00e0 Marbehan. L\u2019AlterTour, compos\u00e9 de 50 cyclos arrivera lui \u00e0 Marbehan le mercredi 29.<\/p>\n<p>Change le Monde n\u2019est pas un vaste salon fait d\u2019un chapelet de stands inertes. Il propose des activit\u00e9s et il y en aura des dizaines, de tr\u00e8s courtes et de plus longues. Impossible de tout citer ici, il faut aller sur le site\u00a0! Tout a d\u00e9but\u00e9 l\u2019an pass\u00e9 avec un premier Change le Monde qui s\u2019est d\u00e9roul\u00e9 dans le parc de Rossignol. Cette fois, ce sera \u00e0 l\u2019\u00e9cole communale de Marbehan, proche de la gare qui tient tant \u00e0 c\u0153ur aux organisateurs, pour une autre mobilit\u00e9 \u00e0 retrouver, en tout cas \u00e0 d\u00e9fendre. \u00ab\u00a0Ces deux jours seront faits de rencontres, d\u2019\u00e9changes d\u2019Id\u00e9es, de revendications, de savoir-faire et de partage d\u2019exp\u00e9riences autour d\u2019une r\u00e9flexion commune \u00e0 propos de notre monde en mutation, expliquent Jean-Pierre Monseur (Oxfam) et Patrick Besure (<a href=\"http:\/\/www.cncd.be\/\" target=\"_blank\" rel=\"noopener\">CNCD-11.11.11<\/a>). Ne pas subir l\u2019\u00e9volution de notre soci\u00e9t\u00e9 d\u00e9shumanisante, mais bien au contraire affirmer ensemble la volont\u00e9 d\u2019imaginer un autre monde bas\u00e9 sur la justice, la solidarit\u00e9, le respect, l\u2019\u00e9galit\u00e9 non pas avec de grands discours mais une multitude d\u2019actions et de propositions concr\u00e8tes \u00e0 port\u00e9e de chaque citoyen.\u00a0\u00bb<\/p>\n<p>Pour cet \u00e9v\u00e9nement, chacun apportera sa note participative, entre conf\u00e9rences-d\u00e9bats (\u00ab\u00a0La lutte des Grecs est aussi la n\u00f4tre\u00a0\u00bb, \u00ab\u00a0Le parlement citoyen climat\u00a0\u00bb, \u00ab\u00a0Les enjeux climatiques du XXIe si\u00e8cle\u00a0\u00bb\u2026), projection de film, concerts, jeux, d\u00e9jeuner solidaire, atelier de cuisine sauvage, atelier de fabrication de d\u00e9odorant, d\u00e9bat urbanistique (mon quartier r\u00eav\u00e9), etc. Dans tous les sens, pour tous les \u00e2ges, pour tous les go\u00fbts, et c\u2019est gratuit.<\/p>\n<p style=\"text-align: right;\">J.-L. B.<\/p>\n<p style=\"text-align: left;\">Source, le soir.be : <a href=\"http:\/\/www.lesoir.be\/942843\/article\/demain-terre\/developpement-durable\/2015-07-22\/fete-change-monde-28-et-29-juillet\" target=\"_blank\" rel=\"noopener\">http:\/\/www.lesoir.be\/942843\/article\/demain-terre\/developpement-durable\/2015-07-22\/fete-change-monde-28-et-29-juillet<\/a><\/p>\n","protected":false},"excerpt":{"rendered":"<p>En compl\u00e9ment et en parall\u00e8le de la Petite Foire, cinq associations dont certaines \u00e9taient du lancement de la Petite Foire feront vivre l\u2019\u00e9v\u00e9nement \u00ab\u00a0Change le monde\u00a0\u00bb, une rencontre familiale, associative et citoyenne, dans l\u2019esprit d\u2019une alternative socio-\u00e9conomique. On y retrouve Oxfam, les Jeunes CSC, l\u2019ASBL virtonaise Cesfac, les Jeunes FGTB &#8230; <\/p>\n<div><a href=\"https:\/\/www.altercampagne.net\/?p=1932\" class=\"more-link\">Read More<\/a><\/div>\n","protected":false},"author":214,"featured_media":0,"comment_status":"closed","ping_status":"closed","sticky":false,"template":"","format":"standard","meta":{"footnotes":""},"categories":[239],"tags":[1533,1680,1672,1564,1563,1562,1561,1560,1559,1558,1557,11,1505,375,233,219,218,192,44,24,23],"class_list":["post-1932","post","type-post","status-publish","format-standard","hentry","category-revue-de-presse","tag-province-de-luxembourg","tag-wallon","tag-1672","tag-patrick-besure","tag-jean-pierre-monseur","tag-cncd-11-11-11","tag-jeunes-fgtb","tag-asbl-virtonaise-cesfac","tag-jeunes-csc","tag-oxfam","tag-habay","tag-alternatiba","tag-region-wallonne","tag-festival-change-le-monde","tag-cop21","tag-marbehan","tag-tour-alternatiba","tag-altertour-2015","tag-climat","tag-luxembourg","tag-belgique","no-post-thumbnail"],"yoast_head":"<!-- This site is optimized with the Yoast SEO plugin v27.3 - https:\/\/yoast.com\/product\/yoast-seo-wordpress\/ -->\n<title>F\u00eate : \u00abChange le monde\u00bb, les 28 et 29 juillet - AlterTour<\/title>\n<meta name=\"robots\" content=\"index, follow, max-snippet:-1, max-image-preview:large, max-video-preview:-1\" \/>\n<link rel=\"canonical\" href=\"https:\/\/www.altercampagne.net\/?p=1932\" \/>\n<meta property=\"og:locale\" content=\"fr_FR\" \/>\n<meta property=\"og:type\" content=\"article\" \/>\n<meta property=\"og:title\" content=\"F\u00eate : \u00abChange le monde\u00bb, les 28 et 29 juillet - AlterTour\" \/>\n<meta property=\"og:description\" content=\"En compl\u00e9ment et en parall\u00e8le de la Petite Foire, cinq associations dont certaines \u00e9taient du lancement de la Petite Foire feront vivre l\u2019\u00e9v\u00e9nement \u00ab\u00a0Change le monde\u00a0\u00bb, une rencontre familiale, associative et citoyenne, dans l\u2019esprit d\u2019une alternative socio-\u00e9conomique. On y retrouve Oxfam, les Jeunes CSC, l\u2019ASBL virtonaise Cesfac, les Jeunes FGTB ... Read More\" \/>\n<meta property=\"og:url\" content=\"https:\/\/www.altercampagne.net\/?p=1932\" \/>\n<meta property=\"og:site_name\" content=\"AlterTour\" \/>\n<meta property=\"article:published_time\" content=\"2015-07-22T21:35:38+00:00\" \/>\n<meta property=\"article:modified_time\" content=\"2018-01-10T14:53:13+00:00\" \/>\n<meta name=\"author\" content=\"Mathieu\" \/>\n<meta name=\"twitter:card\" content=\"summary_large_image\" \/>\n<meta name=\"twitter:label1\" content=\"\u00c9crit par\" \/>\n\t<meta name=\"twitter:data1\" content=\"Mathieu\" \/>\n\t<meta name=\"twitter:label2\" content=\"Dur\u00e9e de lecture estim\u00e9e\" \/>\n\t<meta name=\"twitter:data2\" content=\"3 minutes\" \/>\n<script type=\"application\/ld+json\" class=\"yoast-schema-graph\">{\"@context\":\"https:\\\/\\\/schema.org\",\"@graph\":[{\"@type\":\"Article\",\"@id\":\"https:\\\/\\\/www.altercampagne.net\\\/?p=1932#article\",\"isPartOf\":{\"@id\":\"https:\\\/\\\/www.altercampagne.net\\\/?p=1932\"},\"author\":{\"name\":\"Mathieu\",\"@id\":\"https:\\\/\\\/www.altercampagne.net\\\/#\\\/schema\\\/person\\\/0f261460c09e430caa0f9bcffa319109\"},\"headline\":\"F\u00eate : \u00abChange le monde\u00bb, les 28 et 29 juillet\",\"datePublished\":\"2015-07-22T21:35:38+00:00\",\"dateModified\":\"2018-01-10T14:53:13+00:00\",\"mainEntityOfPage\":{\"@id\":\"https:\\\/\\\/www.altercampagne.net\\\/?p=1932\"},\"wordCount\":532,\"keywords\":[\"province de Luxembourg\",\"wallon\",\"2015\",\"Patrick Besure\",\"Jean-Pierre Monseur\",\"CNCD 11.11.11\",\"Jeunes FGTB\",\"ASBL virtonaise Cesfac\",\"Jeunes CSC\",\"Oxfam\",\"Habay\",\"alternatiba\",\"R\u00e9gion wallonne\",\"festival change le monde\",\"cop21\",\"Marbehan\",\"Tour Alternatiba\",\"AlterTour 2015\",\"climat\",\"luxembourg\",\"belgique\"],\"articleSection\":[\"Revue de presse\"],\"inLanguage\":\"fr-FR\"},{\"@type\":\"WebPage\",\"@id\":\"https:\\\/\\\/www.altercampagne.net\\\/?p=1932\",\"url\":\"https:\\\/\\\/www.altercampagne.net\\\/?p=1932\",\"name\":\"F\u00eate : \u00abChange le monde\u00bb, les 28 et 29 juillet - AlterTour\",\"isPartOf\":{\"@id\":\"https:\\\/\\\/www.altercampagne.net\\\/#website\"},\"datePublished\":\"2015-07-22T21:35:38+00:00\",\"dateModified\":\"2018-01-10T14:53:13+00:00\",\"author\":{\"@id\":\"https:\\\/\\\/www.altercampagne.net\\\/#\\\/schema\\\/person\\\/0f261460c09e430caa0f9bcffa319109\"},\"breadcrumb\":{\"@id\":\"https:\\\/\\\/www.altercampagne.net\\\/?p=1932#breadcrumb\"},\"inLanguage\":\"fr-FR\",\"potentialAction\":[{\"@type\":\"ReadAction\",\"target\":[\"https:\\\/\\\/www.altercampagne.net\\\/?p=1932\"]}]},{\"@type\":\"BreadcrumbList\",\"@id\":\"https:\\\/\\\/www.altercampagne.net\\\/?p=1932#breadcrumb\",\"itemListElement\":[{\"@type\":\"ListItem\",\"position\":1,\"name\":\"Accueil\",\"item\":\"https:\\\/\\\/www.altercampagne.net\\\/\"},{\"@type\":\"ListItem\",\"position\":2,\"name\":\"F\u00eate : \u00abChange le monde\u00bb, les 28 et 29 juillet\"}]},{\"@type\":\"WebSite\",\"@id\":\"https:\\\/\\\/www.altercampagne.net\\\/#website\",\"url\":\"https:\\\/\\\/www.altercampagne.net\\\/\",\"name\":\"AlterTour\",\"description\":\"Reliez les Alternatives \u00e0 v\u00e9lo\",\"potentialAction\":[{\"@type\":\"SearchAction\",\"target\":{\"@type\":\"EntryPoint\",\"urlTemplate\":\"https:\\\/\\\/www.altercampagne.net\\\/?s={search_term_string}\"},\"query-input\":{\"@type\":\"PropertyValueSpecification\",\"valueRequired\":true,\"valueName\":\"search_term_string\"}}],\"inLanguage\":\"fr-FR\"},{\"@type\":\"Person\",\"@id\":\"https:\\\/\\\/www.altercampagne.net\\\/#\\\/schema\\\/person\\\/0f261460c09e430caa0f9bcffa319109\",\"name\":\"Mathieu\",\"image\":{\"@type\":\"ImageObject\",\"inLanguage\":\"fr-FR\",\"@id\":\"https:\\\/\\\/secure.gravatar.com\\\/avatar\\\/aa9d3d24c83f2141e5e2709d0f63d09a99f6be6bb7a50abc4915838d9f54501a?s=96&d=mm&r=g\",\"url\":\"https:\\\/\\\/secure.gravatar.com\\\/avatar\\\/aa9d3d24c83f2141e5e2709d0f63d09a99f6be6bb7a50abc4915838d9f54501a?s=96&d=mm&r=g\",\"contentUrl\":\"https:\\\/\\\/secure.gravatar.com\\\/avatar\\\/aa9d3d24c83f2141e5e2709d0f63d09a99f6be6bb7a50abc4915838d9f54501a?s=96&d=mm&r=g\",\"caption\":\"Mathieu\"},\"url\":\"https:\\\/\\\/www.altercampagne.net\\\/?author=214\"}]}<\/script>\n<!-- \/ Yoast SEO plugin. -->","yoast_head_json":{"title":"F\u00eate : \u00abChange le monde\u00bb, les 28 et 29 juillet - AlterTour","robots":{"index":"index","follow":"follow","max-snippet":"max-snippet:-1","max-image-preview":"max-image-preview:large","max-video-preview":"max-video-preview:-1"},"canonical":"https:\/\/www.altercampagne.net\/?p=1932","og_locale":"fr_FR","og_type":"article","og_title":"F\u00eate : \u00abChange le monde\u00bb, les 28 et 29 juillet - AlterTour","og_description":"En compl\u00e9ment et en parall\u00e8le de la Petite Foire, cinq associations dont certaines \u00e9taient du lancement de la Petite Foire feront vivre l\u2019\u00e9v\u00e9nement \u00ab\u00a0Change le monde\u00a0\u00bb, une rencontre familiale, associative et citoyenne, dans l\u2019esprit d\u2019une alternative socio-\u00e9conomique. On y retrouve Oxfam, les Jeunes CSC, l\u2019ASBL virtonaise Cesfac, les Jeunes FGTB ... Read More","og_url":"https:\/\/www.altercampagne.net\/?p=1932","og_site_name":"AlterTour","article_published_time":"2015-07-22T21:35:38+00:00","article_modified_time":"2018-01-10T14:53:13+00:00","author":"Mathieu","twitter_card":"summary_large_image","twitter_misc":{"\u00c9crit par":"Mathieu","Dur\u00e9e de lecture estim\u00e9e":"3 minutes"},"schema":{"@context":"https:\/\/schema.org","@graph":[{"@type":"Article","@id":"https:\/\/www.altercampagne.net\/?p=1932#article","isPartOf":{"@id":"https:\/\/www.altercampagne.net\/?p=1932"},"author":{"name":"Mathieu","@id":"https:\/\/www.altercampagne.net\/#\/schema\/person\/0f261460c09e430caa0f9bcffa319109"},"headline":"F\u00eate : \u00abChange le monde\u00bb, les 28 et 29 juillet","datePublished":"2015-07-22T21:35:38+00:00","dateModified":"2018-01-10T14:53:13+00:00","mainEntityOfPage":{"@id":"https:\/\/www.altercampagne.net\/?p=1932"},"wordCount":532,"keywords":["province de Luxembourg","wallon","2015","Patrick Besure","Jean-Pierre Monseur","CNCD 11.11.11","Jeunes FGTB","ASBL virtonaise Cesfac","Jeunes CSC","Oxfam","Habay","alternatiba","R\u00e9gion wallonne","festival change le monde","cop21","Marbehan","Tour Alternatiba","AlterTour 2015","climat","luxembourg","belgique"],"articleSection":["Revue de presse"],"inLanguage":"fr-FR"},{"@type":"WebPage","@id":"https:\/\/www.altercampagne.net\/?p=1932","url":"https:\/\/www.altercampagne.net\/?p=1932","name":"F\u00eate : \u00abChange le monde\u00bb, les 28 et 29 juillet - AlterTour","isPartOf":{"@id":"https:\/\/www.altercampagne.net\/#website"},"datePublished":"2015-07-22T21:35:38+00:00","dateModified":"2018-01-10T14:53:13+00:00","author":{"@id":"https:\/\/www.altercampagne.net\/#\/schema\/person\/0f261460c09e430caa0f9bcffa319109"},"breadcrumb":{"@id":"https:\/\/www.altercampagne.net\/?p=1932#breadcrumb"},"inLanguage":"fr-FR","potentialAction":[{"@type":"ReadAction","target":["https:\/\/www.altercampagne.net\/?p=1932"]}]},{"@type":"BreadcrumbList","@id":"https:\/\/www.altercampagne.net\/?p=1932#breadcrumb","itemListElement":[{"@type":"ListItem","position":1,"name":"Accueil","item":"https:\/\/www.altercampagne.net\/"},{"@type":"ListItem","position":2,"name":"F\u00eate : \u00abChange le monde\u00bb, les 28 et 29 juillet"}]},{"@type":"WebSite","@id":"https:\/\/www.altercampagne.net\/#website","url":"https:\/\/www.altercampagne.net\/","name":"AlterTour","description":"Reliez les Alternatives \u00e0 v\u00e9lo","potentialAction":[{"@type":"SearchAction","target":{"@type":"EntryPoint","urlTemplate":"https:\/\/www.altercampagne.net\/?s={search_term_string}"},"query-input":{"@type":"PropertyValueSpecification","valueRequired":true,"valueName":"search_term_string"}}],"inLanguage":"fr-FR"},{"@type":"Person","@id":"https:\/\/www.altercampagne.net\/#\/schema\/person\/0f261460c09e430caa0f9bcffa319109","name":"Mathieu","image":{"@type":"ImageObject","inLanguage":"fr-FR","@id":"https:\/\/secure.gravatar.com\/avatar\/aa9d3d24c83f2141e5e2709d0f63d09a99f6be6bb7a50abc4915838d9f54501a?s=96&d=mm&r=g","url":"https:\/\/secure.gravatar.com\/avatar\/aa9d3d24c83f2141e5e2709d0f63d09a99f6be6bb7a50abc4915838d9f54501a?s=96&d=mm&r=g","contentUrl":"https:\/\/secure.gravatar.com\/avatar\/aa9d3d24c83f2141e5e2709d0f63d09a99f6be6bb7a50abc4915838d9f54501a?s=96&d=mm&r=g","caption":"Mathieu"},"url":"https:\/\/www.altercampagne.net\/?author=214"}]}},"_links":{"self":[{"href":"https:\/\/www.altercampagne.net\/index.php?rest_route=\/wp\/v2\/posts\/1932","targetHints":{"allow":["GET"]}}],"collection":[{"href":"https:\/\/www.altercampagne.net\/index.php?rest_route=\/wp\/v2\/posts"}],"about":[{"href":"https:\/\/www.altercampagne.net\/index.php?rest_route=\/wp\/v2\/types\/post"}],"author":[{"embeddable":true,"href":"https:\/\/www.altercampagne.net\/index.php?rest_route=\/wp\/v2\/users\/214"}],"replies":[{"embeddable":true,"href":"https:\/\/www.altercampagne.net\/index.php?rest_route=%2Fwp%2Fv2%2Fcomments&post=1932"}],"version-history":[{"count":0,"href":"https:\/\/www.altercampagne.net\/index.php?rest_route=\/wp\/v2\/posts\/1932\/revisions"}],"wp:attachment":[{"href":"https:\/\/www.altercampagne.net\/index.php?rest_route=%2Fwp%2Fv2%2Fmedia&parent=1932"}],"wp:term":[{"taxonomy":"category","embeddable":true,"href":"https:\/\/www.altercampagne.net\/index.php?rest_route=%2Fwp%2Fv2%2Fcategories&post=1932"},{"taxonomy":"post_tag","embeddable":true,"href":"https:\/\/www.altercampagne.net\/index.php?rest_route=%2Fwp%2Fv2%2Ftags&post=1932"}],"curies":[{"name":"wp","href":"https:\/\/api.w.org\/{rel}","templated":true}]}}