{"id":19362,"date":"2020-08-07T07:37:00","date_gmt":"2020-08-07T05:37:00","guid":{"rendered":"http:\/\/www.altercampagne.net\/?p=19362"},"modified":"2021-05-06T10:36:56","modified_gmt":"2021-05-06T08:36:56","slug":"altertour-a-la-rencontre-dinitiatives-ecologiques-et-solidaires-a-velo","status":"publish","type":"post","link":"https:\/\/www.altercampagne.net\/?p=19362","title":{"rendered":"AlterTour, \u00e0 la rencontre d\u2019initiatives \u00e9cologiques et solidaires&#8230; \u00e0 v\u00e9lo"},"content":{"rendered":"\n<p> L&rsquo;AlterTour sillonne la France \u00e0 la d\u00e9couverte d&rsquo;actions innovantes et  respectueuses de l&rsquo;environnement. Entre cyclotourisme et engagement  citoyen, les participants vont \u00e0 la rencontre d&rsquo;une \u00a0\u00bb nouvelle soci\u00e9t\u00e9 \u00a0\u00bb  . R\u00e9cit. <\/p>\n\n\n\n<p> <em>\u00a0\u00bb On vient de quitter Clamecy et l\u00e0 on roule en direction de Toucy \u00a0\u00bb .&nbsp;<\/em>Depuis le 9 juillet, Mathieu, coordinateur de l&rsquo;\u00e9v\u00e9nement, fait partie du dr\u00f4le de groupe qui sillonne la France \u00e0 v\u00e9lo.&nbsp;<br> <br> Chaque jour, ils sont une soixantaine sur les sentiers et voies vertes.  Parti de Grenoble, le peloton terminera sa course le samedi 22 ao\u00fbt \u00e0 Argenton-sur-Creuse (Indre). Mais pour ce peloton, le tour de France \u00e0  v\u00e9lo n&rsquo;a finalement rien d&rsquo;un d\u00e9fi sportif.<em> \u00a0\u00bb \u00c0 l&rsquo;avant la vitesse moyenne est de 25km\/heure, derri\u00e8re c&rsquo;est plut\u00f4t 10 km\/ heure \u00ab\u00a0<\/em> explique Mathieu. <\/p>\n\n\n\n<h4 class=\"wp-block-heading\">V\u00e9lo le matin, visite l&rsquo;apr\u00e8s-midi<\/h4>\n\n\n\n<p>Dans les faits, la \u00a0\u00bb petite reine \u00a0\u00bb permet surtout de se d\u00e9placer proprement d&rsquo;un lieu \u00e0 un autre pour faire des rencontres,&nbsp;<em>\u00a0\u00bb&nbsp;dans des \u00e9co-lieux, des fermes bio, des communes sans pesticides \u00a0\u00bb <\/em>.  Le matin, c&rsquo;est v\u00e9lo, puis l&rsquo;apr\u00e8s-midi est consacr\u00e9 \u00e0 des rencontres  avec des agriculteurs, des mara\u00eechers ou d&rsquo;autres porteurs de projets  \u00e9cologiques et solidaires.<br><br> En effet, depuis sa cr\u00e9ation en 2008, l&rsquo;AlterTour&nbsp;promeut les valeurs de  coop\u00e9ration, solidarit\u00e9 et biodiversit\u00e9. Dans la droite lign\u00e9e des  actions d&rsquo;AlterCampagne, association&nbsp;fond\u00e9e en 2004, \u00e0 la suite des  journ\u00e9es de mobilisation contre les OGM.&nbsp; En 2008,<em> \u00a0\u00bb&nbsp;Apr\u00e8s des ann\u00e9es de lutte, on a voulu aller \u00e0 la rencontrer de toutes les personnes qui s&rsquo;\u00e9taient mobilis\u00e9es \u00ab\u00a0<\/em> explique Mathieu.&nbsp;Le premier AlterTour pouvait d\u00e9buter.&nbsp;<br><br> Depuis deux ans, l&rsquo;association constate un int\u00e9r\u00eat de plus en plus  important pour son tour de France. En t\u00e9moignent les deux derni\u00e8res  \u00e9ditions. Compl\u00e8tes de bout en bout :&nbsp;<em>\u00a0\u00bb On ressent que les gens s&rsquo;int\u00e9ressent aux th\u00e9matiques li\u00e9es au climat et \u00e0 l&rsquo;environnement \u00a0\u00bb&nbsp;<\/em>commente Mathieu.&nbsp; <\/p>\n\n\n\n<figure class=\"wp-block-image size-large\"><img loading=\"lazy\" decoding=\"async\" width=\"900\" height=\"600\" src=\"http:\/\/www.altercampagne.net\/wp-content\/uploads\/2020\/09\/MG_0152.jpg\" alt=\"\" class=\"wp-image-19366\" srcset=\"https:\/\/www.altercampagne.net\/wp-content\/uploads\/2020\/09\/MG_0152.jpg 900w, https:\/\/www.altercampagne.net\/wp-content\/uploads\/2020\/09\/MG_0152-300x200.jpg 300w, https:\/\/www.altercampagne.net\/wp-content\/uploads\/2020\/09\/MG_0152-768x512.jpg 768w, https:\/\/www.altercampagne.net\/wp-content\/uploads\/2020\/09\/MG_0152-610x407.jpg 610w, https:\/\/www.altercampagne.net\/wp-content\/uploads\/2020\/09\/MG_0152-100x67.jpg 100w, https:\/\/www.altercampagne.net\/wp-content\/uploads\/2020\/09\/MG_0152-862x575.jpg 862w\" sizes=\"auto, (max-width: 900px) 100vw, 900px\" \/><figcaption> \u00a9 Orianne Drouet \/ AlterTour 2020 <\/figcaption><\/figure>\n\n\n\n<h4 class=\"wp-block-heading\">Promouvoir des projets coop\u00e9ratifs et solidaires<\/h4>\n\n\n\n<p>Juan-Fe a  rejoint le groupe dans le vall\u00e9e de l&rsquo;Azergues. Pour sa troisi\u00e8me  participation, cet espagnol va passer trois semaines avec le groupe.  L&rsquo;occasion pour lui de s&rsquo;int\u00e9resser aux actions et initiatives : \u00a0\u00bb&nbsp;<em>Je suis ing\u00e9nieur agronome et j&rsquo;ai l&rsquo;habitude de travailler avec des ONG qui \u0153uvrent  pour l&rsquo;environnement. Je connais un peu tous ces projets, mais c&rsquo;est  important de voir qu&rsquo;ils sont faisables dans la pratique \u00a0\u00bb&nbsp; .&nbsp;<\/em><br><br> Autant d&rsquo;id\u00e9es qui font r\u00e9fl\u00e9chir l&rsquo;homme de 50 ans :&nbsp;<em>\u00a0\u00bb Un autre  monde est possible, un monde qui prend soin de la nature et des autres.  Quand je vois \u00e7a, j&rsquo;ai envie de faire autre chose. De quitter la ville  pour m&rsquo;installer \u00e0 la campagne, pour \u00eatre plus proche de la nature \u00a0\u00bb .&nbsp;<\/em><\/p>\n\n\n\n<div class=\"wp-block-image\"><figure class=\"aligncenter size-large\"><img loading=\"lazy\" decoding=\"async\" width=\"900\" height=\"600\" src=\"http:\/\/www.altercampagne.net\/wp-content\/uploads\/2020\/09\/MG_0921.jpg\" alt=\"\" class=\"wp-image-19367\" srcset=\"https:\/\/www.altercampagne.net\/wp-content\/uploads\/2020\/09\/MG_0921.jpg 900w, https:\/\/www.altercampagne.net\/wp-content\/uploads\/2020\/09\/MG_0921-300x200.jpg 300w, https:\/\/www.altercampagne.net\/wp-content\/uploads\/2020\/09\/MG_0921-768x512.jpg 768w, https:\/\/www.altercampagne.net\/wp-content\/uploads\/2020\/09\/MG_0921-610x407.jpg 610w, https:\/\/www.altercampagne.net\/wp-content\/uploads\/2020\/09\/MG_0921-100x67.jpg 100w, https:\/\/www.altercampagne.net\/wp-content\/uploads\/2020\/09\/MG_0921-862x575.jpg 862w\" sizes=\"auto, (max-width: 900px) 100vw, 900px\" \/><figcaption>\u00a0\u00bb La solidarit\u00e9 et l&rsquo;\u00e9change est un des points les plus importants de l&rsquo;AlterTour \u00a0\u00bb explique Juan-Fe \u00a9 Orianne Drouet \/ AlterTour 2020<\/figcaption><\/figure><\/div>\n\n\n\n<h4 class=\"wp-block-heading\">De l&rsquo;aide \u00e0 des agriculteurs, \u00e0 des ateliers de boulangerie et de le ma\u00e7onnerie<\/h4>\n\n\n\n<p>Parmi  les moments les plus marquants de cette treizi\u00e8me \u00e9dition, Mathieu cite  la rencontre avec un mara\u00eecher. Pendant un apr\u00e8s-midi, le groupe l&rsquo;a  aid\u00e9 \u00e0 creuser trois mares dans sa zone agricole. Mathieu abonde : <em>\u00a0\u00bb On l&rsquo;a fait en quelques heures alors qu&rsquo;il aurait peut-\u00eatre mis 1 an \u00e0 le faire seul \u00a0\u00bb .&nbsp;<\/em>Pour  le reste ? Il cite p\u00eale-m\u00eale un atelier avec un boulanger, de la  traction animale dans les vignes ou encore la fabrication d&rsquo;un mur en  terre&#8230;&nbsp;&nbsp;<br><br> L&rsquo;AlterTour a fait une escale d&rsquo;environ deux semaines en  Bourgogne-Franche-Comt\u00e9. Traversant la Sa\u00f4ne-et-Loire, la C\u00f4te-d&rsquo;Or, la  Ni\u00e8vre et encore l&rsquo;Yonne, o\u00f9 se trouvaient les soixantes coureurs le  jeudi 6 Juillet. \u00c0&nbsp;l&rsquo;occasion d&rsquo;une journ\u00e9e de repos \u00e0 Toucy, ils ont  d\u00e9couvert&nbsp;<a rel=\"noreferrer noopener\" href=\"https:\/\/californietoucy.cc\/\" target=\"_blank\">la Californie<\/a>,&nbsp;un lieu d\u00e9di\u00e9 au lien social et \u00e0 l&rsquo;\u00e9conomie circulaire.&nbsp;<br><br> Le samedi 22 ao\u00fbt, l&rsquo;AlterTour prendra fin \u00e0 la gare  d&rsquo;Argenton-sur-Creuse (Indre). La fin de sept semaines sur les routes de  France, \u00e0 la d\u00e9couverte d&rsquo;un monde plus \u00e9cologique et solidaire. Le  monde de demain ? Ils le souhaitent en tous cas.&nbsp;<\/p>\n\n\n\n<figure class=\"wp-block-image size-large\"><img loading=\"lazy\" decoding=\"async\" width=\"900\" height=\"600\" src=\"http:\/\/www.altercampagne.net\/wp-content\/uploads\/2020\/09\/MG_0146.jpg\" alt=\"\" class=\"wp-image-19368\" srcset=\"https:\/\/www.altercampagne.net\/wp-content\/uploads\/2020\/09\/MG_0146.jpg 900w, https:\/\/www.altercampagne.net\/wp-content\/uploads\/2020\/09\/MG_0146-300x200.jpg 300w, https:\/\/www.altercampagne.net\/wp-content\/uploads\/2020\/09\/MG_0146-768x512.jpg 768w, https:\/\/www.altercampagne.net\/wp-content\/uploads\/2020\/09\/MG_0146-610x407.jpg 610w, https:\/\/www.altercampagne.net\/wp-content\/uploads\/2020\/09\/MG_0146-100x67.jpg 100w, https:\/\/www.altercampagne.net\/wp-content\/uploads\/2020\/09\/MG_0146-862x575.jpg 862w\" sizes=\"auto, (max-width: 900px) 100vw, 900px\" \/><figcaption> \u00a9 Orianne Drouet \/ AlterTour 2020 <\/figcaption><\/figure>\n\n\n\n<h5 class=\"wp-block-heading\">Les \u00e9tapes en Bourgogne-Franche-Comt\u00e9<\/h5>\n\n\n\n<p>Dimanche 26 juillet :&nbsp;Saint Joseph \u2013 Dommartin (60 km)<br> Lundi 27 juillet : <em>Repos \u00e0 Dommartin (0 km)<\/em><br> Mardi 28 juillet :&nbsp;Dommartin \u2013 La Frette (40 km)<br> Mercredi 29 juillet :&nbsp;La Frette \u2013 Chagny (47 km)<br> Jeudi 30 juillet : <em>Repos \u00e0 Chagny (0 km)<\/em><br> Vendredi 31 juillet :&nbsp;Chagny \u2013 Longecourt (46 km)<br> Samedi 1er ao\u00fbt : <em>Repos \u00e0 Longecourt Les Cul\u00eatre (0 km)<\/em><br> Dimanche 2 ao\u00fbt :&nbsp;Longecour les Cul\u00eatre \u2013 Brassy (66 km)<br> Lundi 3 ao\u00fbt : <em>Repos \u00e0 Brassy (0 km)<\/em><br> Mardi 4 ao\u00fbt :&nbsp;Brassy \u2013 Clamecy (50 km)<br> Mercredi 5 ao\u00fbt :&nbsp;Clamecy \u2013 Toucy (45 km)&nbsp;<br> Jeudi 6 ao\u00fbt : <em>Repos \u00e0 Toucy (0 km)&nbsp;<\/em><br> Vendredi 7 ao\u00fbt :&nbsp;Toucy \u2013 Louesme (24 km) <\/p>\n\n\n\n<p class=\"has-text-align-right\"><strong><a rel=\"noreferrer noopener\" aria-label=\" L\u00e9o-Pol Platet, France 3 Bourgogne-Franche-Comt\u00e9 (s\u2019ouvre dans un nouvel onglet)\" href=\"https:\/\/france3-regions.francetvinfo.fr\/bourgogne-franche-comte\/altertour-rencontre-initiatives-ecologiques-solidaires-velo-1860204.html\" target=\"_blank\">L\u00e9o-Pol Platet, France 3 Bourgogne-Franche-Comt\u00e9<\/a><\/strong><\/p>\n","protected":false},"excerpt":{"rendered":"<p>L&rsquo;AlterTour sillonne la France \u00e0 la d\u00e9couverte d&rsquo;actions innovantes et respectueuses de l&rsquo;environnement. Entre cyclotourisme et engagement citoyen, les participants vont \u00e0 la rencontre d&rsquo;une \u00a0\u00bb nouvelle soci\u00e9t\u00e9 \u00a0\u00bb . R\u00e9cit. \u00a0\u00bb On vient de quitter Clamecy et l\u00e0 on roule en direction de Toucy \u00a0\u00bb .&nbsp;Depuis le 9 juillet, &#8230; <\/p>\n<div><a href=\"https:\/\/www.altercampagne.net\/?p=19362\" class=\"more-link\">Read More<\/a><\/div>\n","protected":false},"author":214,"featured_media":19365,"comment_status":"closed","ping_status":"closed","sticky":false,"template":"","format":"standard","meta":{"footnotes":""},"categories":[4313,3495,3967,239],"tags":[371,1017,1056,1057],"class_list":["post-19362","post","type-post","status-publish","format-standard","has-post-thumbnail","hentry","category-altertour","category-bourgogne-franche-comte","category-edition-2020","category-revue-de-presse","tag-france-3","tag-bourgogne","tag-nievre","tag-yonne"],"yoast_head":"<!-- This site is optimized with the Yoast SEO plugin v27.3 - https:\/\/yoast.com\/product\/yoast-seo-wordpress\/ -->\n<title>AlterTour, \u00e0 la rencontre d\u2019initiatives \u00e9cologiques et solidaires... \u00e0 v\u00e9lo - AlterTour<\/title>\n<meta name=\"robots\" content=\"index, follow, max-snippet:-1, max-image-preview:large, max-video-preview:-1\" \/>\n<link rel=\"canonical\" href=\"https:\/\/www.altercampagne.net\/?p=19362\" \/>\n<meta property=\"og:locale\" content=\"fr_FR\" \/>\n<meta property=\"og:type\" content=\"article\" \/>\n<meta property=\"og:title\" content=\"AlterTour, \u00e0 la rencontre d\u2019initiatives \u00e9cologiques et solidaires... \u00e0 v\u00e9lo - AlterTour\" \/>\n<meta property=\"og:description\" content=\"L&rsquo;AlterTour sillonne la France \u00e0 la d\u00e9couverte d&rsquo;actions innovantes et respectueuses de l&rsquo;environnement. Entre cyclotourisme et engagement citoyen, les participants vont \u00e0 la rencontre d&rsquo;une \u00a0\u00bb nouvelle soci\u00e9t\u00e9 \u00a0\u00bb . R\u00e9cit. \u00a0\u00bb On vient de quitter Clamecy et l\u00e0 on roule en direction de Toucy \u00a0\u00bb .&nbsp;Depuis le 9 juillet, ... Read More\" \/>\n<meta property=\"og:url\" content=\"https:\/\/www.altercampagne.net\/?p=19362\" \/>\n<meta property=\"og:site_name\" content=\"AlterTour\" \/>\n<meta property=\"article:published_time\" content=\"2020-08-07T05:37:00+00:00\" \/>\n<meta property=\"article:modified_time\" content=\"2021-05-06T08:36:56+00:00\" \/>\n<meta property=\"og:image\" content=\"https:\/\/www.altercampagne.net\/wp-content\/uploads\/2020\/09\/MG_0137.jpg\" \/>\n\t<meta property=\"og:image:width\" content=\"1200\" \/>\n\t<meta property=\"og:image:height\" content=\"630\" \/>\n\t<meta property=\"og:image:type\" content=\"image\/jpeg\" \/>\n<meta name=\"author\" content=\"Mathieu\" \/>\n<meta name=\"twitter:card\" content=\"summary_large_image\" \/>\n<meta name=\"twitter:label1\" content=\"\u00c9crit par\" \/>\n\t<meta name=\"twitter:data1\" content=\"Mathieu\" \/>\n\t<meta name=\"twitter:label2\" content=\"Dur\u00e9e de lecture estim\u00e9e\" \/>\n\t<meta name=\"twitter:data2\" content=\"4 minutes\" \/>\n<script type=\"application\/ld+json\" class=\"yoast-schema-graph\">{\"@context\":\"https:\\\/\\\/schema.org\",\"@graph\":[{\"@type\":\"Article\",\"@id\":\"https:\\\/\\\/www.altercampagne.net\\\/?p=19362#article\",\"isPartOf\":{\"@id\":\"https:\\\/\\\/www.altercampagne.net\\\/?p=19362\"},\"author\":{\"name\":\"Mathieu\",\"@id\":\"https:\\\/\\\/www.altercampagne.net\\\/#\\\/schema\\\/person\\\/0f261460c09e430caa0f9bcffa319109\"},\"headline\":\"AlterTour, \u00e0 la rencontre d\u2019initiatives \u00e9cologiques et solidaires&#8230; \u00e0 v\u00e9lo\",\"datePublished\":\"2020-08-07T05:37:00+00:00\",\"dateModified\":\"2021-05-06T08:36:56+00:00\",\"mainEntityOfPage\":{\"@id\":\"https:\\\/\\\/www.altercampagne.net\\\/?p=19362\"},\"wordCount\":834,\"image\":{\"@id\":\"https:\\\/\\\/www.altercampagne.net\\\/?p=19362#primaryimage\"},\"thumbnailUrl\":\"https:\\\/\\\/www.altercampagne.net\\\/wp-content\\\/uploads\\\/2020\\\/09\\\/MG_0137.jpg\",\"keywords\":[\"france 3\",\"Bourgogne\",\"ni\u00e8vre\",\"yonne\"],\"articleSection\":[\"AlterTour\",\"Bourgogne-Franche-Comt\u00e9\",\"Edition 2020\",\"Revue de presse\"],\"inLanguage\":\"fr-FR\"},{\"@type\":\"WebPage\",\"@id\":\"https:\\\/\\\/www.altercampagne.net\\\/?p=19362\",\"url\":\"https:\\\/\\\/www.altercampagne.net\\\/?p=19362\",\"name\":\"AlterTour, \u00e0 la rencontre d\u2019initiatives \u00e9cologiques et solidaires... \u00e0 v\u00e9lo - AlterTour\",\"isPartOf\":{\"@id\":\"https:\\\/\\\/www.altercampagne.net\\\/#website\"},\"primaryImageOfPage\":{\"@id\":\"https:\\\/\\\/www.altercampagne.net\\\/?p=19362#primaryimage\"},\"image\":{\"@id\":\"https:\\\/\\\/www.altercampagne.net\\\/?p=19362#primaryimage\"},\"thumbnailUrl\":\"https:\\\/\\\/www.altercampagne.net\\\/wp-content\\\/uploads\\\/2020\\\/09\\\/MG_0137.jpg\",\"datePublished\":\"2020-08-07T05:37:00+00:00\",\"dateModified\":\"2021-05-06T08:36:56+00:00\",\"author\":{\"@id\":\"https:\\\/\\\/www.altercampagne.net\\\/#\\\/schema\\\/person\\\/0f261460c09e430caa0f9bcffa319109\"},\"breadcrumb\":{\"@id\":\"https:\\\/\\\/www.altercampagne.net\\\/?p=19362#breadcrumb\"},\"inLanguage\":\"fr-FR\",\"potentialAction\":[{\"@type\":\"ReadAction\",\"target\":[\"https:\\\/\\\/www.altercampagne.net\\\/?p=19362\"]}]},{\"@type\":\"ImageObject\",\"inLanguage\":\"fr-FR\",\"@id\":\"https:\\\/\\\/www.altercampagne.net\\\/?p=19362#primaryimage\",\"url\":\"https:\\\/\\\/www.altercampagne.net\\\/wp-content\\\/uploads\\\/2020\\\/09\\\/MG_0137.jpg\",\"contentUrl\":\"https:\\\/\\\/www.altercampagne.net\\\/wp-content\\\/uploads\\\/2020\\\/09\\\/MG_0137.jpg\",\"width\":1200,\"height\":630},{\"@type\":\"BreadcrumbList\",\"@id\":\"https:\\\/\\\/www.altercampagne.net\\\/?p=19362#breadcrumb\",\"itemListElement\":[{\"@type\":\"ListItem\",\"position\":1,\"name\":\"Accueil\",\"item\":\"https:\\\/\\\/www.altercampagne.net\\\/\"},{\"@type\":\"ListItem\",\"position\":2,\"name\":\"AlterTour, \u00e0 la rencontre d\u2019initiatives \u00e9cologiques et solidaires&#8230; \u00e0 v\u00e9lo\"}]},{\"@type\":\"WebSite\",\"@id\":\"https:\\\/\\\/www.altercampagne.net\\\/#website\",\"url\":\"https:\\\/\\\/www.altercampagne.net\\\/\",\"name\":\"AlterTour\",\"description\":\"Reliez les Alternatives \u00e0 v\u00e9lo\",\"potentialAction\":[{\"@type\":\"SearchAction\",\"target\":{\"@type\":\"EntryPoint\",\"urlTemplate\":\"https:\\\/\\\/www.altercampagne.net\\\/?s={search_term_string}\"},\"query-input\":{\"@type\":\"PropertyValueSpecification\",\"valueRequired\":true,\"valueName\":\"search_term_string\"}}],\"inLanguage\":\"fr-FR\"},{\"@type\":\"Person\",\"@id\":\"https:\\\/\\\/www.altercampagne.net\\\/#\\\/schema\\\/person\\\/0f261460c09e430caa0f9bcffa319109\",\"name\":\"Mathieu\",\"image\":{\"@type\":\"ImageObject\",\"inLanguage\":\"fr-FR\",\"@id\":\"https:\\\/\\\/secure.gravatar.com\\\/avatar\\\/aa9d3d24c83f2141e5e2709d0f63d09a99f6be6bb7a50abc4915838d9f54501a?s=96&d=mm&r=g\",\"url\":\"https:\\\/\\\/secure.gravatar.com\\\/avatar\\\/aa9d3d24c83f2141e5e2709d0f63d09a99f6be6bb7a50abc4915838d9f54501a?s=96&d=mm&r=g\",\"contentUrl\":\"https:\\\/\\\/secure.gravatar.com\\\/avatar\\\/aa9d3d24c83f2141e5e2709d0f63d09a99f6be6bb7a50abc4915838d9f54501a?s=96&d=mm&r=g\",\"caption\":\"Mathieu\"},\"url\":\"https:\\\/\\\/www.altercampagne.net\\\/?author=214\"}]}<\/script>\n<!-- \/ Yoast SEO plugin. -->","yoast_head_json":{"title":"AlterTour, \u00e0 la rencontre d\u2019initiatives \u00e9cologiques et solidaires... \u00e0 v\u00e9lo - AlterTour","robots":{"index":"index","follow":"follow","max-snippet":"max-snippet:-1","max-image-preview":"max-image-preview:large","max-video-preview":"max-video-preview:-1"},"canonical":"https:\/\/www.altercampagne.net\/?p=19362","og_locale":"fr_FR","og_type":"article","og_title":"AlterTour, \u00e0 la rencontre d\u2019initiatives \u00e9cologiques et solidaires... \u00e0 v\u00e9lo - AlterTour","og_description":"L&rsquo;AlterTour sillonne la France \u00e0 la d\u00e9couverte d&rsquo;actions innovantes et respectueuses de l&rsquo;environnement. Entre cyclotourisme et engagement citoyen, les participants vont \u00e0 la rencontre d&rsquo;une \u00a0\u00bb nouvelle soci\u00e9t\u00e9 \u00a0\u00bb . R\u00e9cit. \u00a0\u00bb On vient de quitter Clamecy et l\u00e0 on roule en direction de Toucy \u00a0\u00bb .&nbsp;Depuis le 9 juillet, ... Read More","og_url":"https:\/\/www.altercampagne.net\/?p=19362","og_site_name":"AlterTour","article_published_time":"2020-08-07T05:37:00+00:00","article_modified_time":"2021-05-06T08:36:56+00:00","og_image":[{"width":1200,"height":630,"url":"https:\/\/www.altercampagne.net\/wp-content\/uploads\/2020\/09\/MG_0137.jpg","type":"image\/jpeg"}],"author":"Mathieu","twitter_card":"summary_large_image","twitter_misc":{"\u00c9crit par":"Mathieu","Dur\u00e9e de lecture estim\u00e9e":"4 minutes"},"schema":{"@context":"https:\/\/schema.org","@graph":[{"@type":"Article","@id":"https:\/\/www.altercampagne.net\/?p=19362#article","isPartOf":{"@id":"https:\/\/www.altercampagne.net\/?p=19362"},"author":{"name":"Mathieu","@id":"https:\/\/www.altercampagne.net\/#\/schema\/person\/0f261460c09e430caa0f9bcffa319109"},"headline":"AlterTour, \u00e0 la rencontre d\u2019initiatives \u00e9cologiques et solidaires&#8230; \u00e0 v\u00e9lo","datePublished":"2020-08-07T05:37:00+00:00","dateModified":"2021-05-06T08:36:56+00:00","mainEntityOfPage":{"@id":"https:\/\/www.altercampagne.net\/?p=19362"},"wordCount":834,"image":{"@id":"https:\/\/www.altercampagne.net\/?p=19362#primaryimage"},"thumbnailUrl":"https:\/\/www.altercampagne.net\/wp-content\/uploads\/2020\/09\/MG_0137.jpg","keywords":["france 3","Bourgogne","ni\u00e8vre","yonne"],"articleSection":["AlterTour","Bourgogne-Franche-Comt\u00e9","Edition 2020","Revue de presse"],"inLanguage":"fr-FR"},{"@type":"WebPage","@id":"https:\/\/www.altercampagne.net\/?p=19362","url":"https:\/\/www.altercampagne.net\/?p=19362","name":"AlterTour, \u00e0 la rencontre d\u2019initiatives \u00e9cologiques et solidaires... \u00e0 v\u00e9lo - AlterTour","isPartOf":{"@id":"https:\/\/www.altercampagne.net\/#website"},"primaryImageOfPage":{"@id":"https:\/\/www.altercampagne.net\/?p=19362#primaryimage"},"image":{"@id":"https:\/\/www.altercampagne.net\/?p=19362#primaryimage"},"thumbnailUrl":"https:\/\/www.altercampagne.net\/wp-content\/uploads\/2020\/09\/MG_0137.jpg","datePublished":"2020-08-07T05:37:00+00:00","dateModified":"2021-05-06T08:36:56+00:00","author":{"@id":"https:\/\/www.altercampagne.net\/#\/schema\/person\/0f261460c09e430caa0f9bcffa319109"},"breadcrumb":{"@id":"https:\/\/www.altercampagne.net\/?p=19362#breadcrumb"},"inLanguage":"fr-FR","potentialAction":[{"@type":"ReadAction","target":["https:\/\/www.altercampagne.net\/?p=19362"]}]},{"@type":"ImageObject","inLanguage":"fr-FR","@id":"https:\/\/www.altercampagne.net\/?p=19362#primaryimage","url":"https:\/\/www.altercampagne.net\/wp-content\/uploads\/2020\/09\/MG_0137.jpg","contentUrl":"https:\/\/www.altercampagne.net\/wp-content\/uploads\/2020\/09\/MG_0137.jpg","width":1200,"height":630},{"@type":"BreadcrumbList","@id":"https:\/\/www.altercampagne.net\/?p=19362#breadcrumb","itemListElement":[{"@type":"ListItem","position":1,"name":"Accueil","item":"https:\/\/www.altercampagne.net\/"},{"@type":"ListItem","position":2,"name":"AlterTour, \u00e0 la rencontre d\u2019initiatives \u00e9cologiques et solidaires&#8230; \u00e0 v\u00e9lo"}]},{"@type":"WebSite","@id":"https:\/\/www.altercampagne.net\/#website","url":"https:\/\/www.altercampagne.net\/","name":"AlterTour","description":"Reliez les Alternatives \u00e0 v\u00e9lo","potentialAction":[{"@type":"SearchAction","target":{"@type":"EntryPoint","urlTemplate":"https:\/\/www.altercampagne.net\/?s={search_term_string}"},"query-input":{"@type":"PropertyValueSpecification","valueRequired":true,"valueName":"search_term_string"}}],"inLanguage":"fr-FR"},{"@type":"Person","@id":"https:\/\/www.altercampagne.net\/#\/schema\/person\/0f261460c09e430caa0f9bcffa319109","name":"Mathieu","image":{"@type":"ImageObject","inLanguage":"fr-FR","@id":"https:\/\/secure.gravatar.com\/avatar\/aa9d3d24c83f2141e5e2709d0f63d09a99f6be6bb7a50abc4915838d9f54501a?s=96&d=mm&r=g","url":"https:\/\/secure.gravatar.com\/avatar\/aa9d3d24c83f2141e5e2709d0f63d09a99f6be6bb7a50abc4915838d9f54501a?s=96&d=mm&r=g","contentUrl":"https:\/\/secure.gravatar.com\/avatar\/aa9d3d24c83f2141e5e2709d0f63d09a99f6be6bb7a50abc4915838d9f54501a?s=96&d=mm&r=g","caption":"Mathieu"},"url":"https:\/\/www.altercampagne.net\/?author=214"}]}},"_links":{"self":[{"href":"https:\/\/www.altercampagne.net\/index.php?rest_route=\/wp\/v2\/posts\/19362","targetHints":{"allow":["GET"]}}],"collection":[{"href":"https:\/\/www.altercampagne.net\/index.php?rest_route=\/wp\/v2\/posts"}],"about":[{"href":"https:\/\/www.altercampagne.net\/index.php?rest_route=\/wp\/v2\/types\/post"}],"author":[{"embeddable":true,"href":"https:\/\/www.altercampagne.net\/index.php?rest_route=\/wp\/v2\/users\/214"}],"replies":[{"embeddable":true,"href":"https:\/\/www.altercampagne.net\/index.php?rest_route=%2Fwp%2Fv2%2Fcomments&post=19362"}],"version-history":[{"count":4,"href":"https:\/\/www.altercampagne.net\/index.php?rest_route=\/wp\/v2\/posts\/19362\/revisions"}],"predecessor-version":[{"id":19680,"href":"https:\/\/www.altercampagne.net\/index.php?rest_route=\/wp\/v2\/posts\/19362\/revisions\/19680"}],"wp:featuredmedia":[{"embeddable":true,"href":"https:\/\/www.altercampagne.net\/index.php?rest_route=\/wp\/v2\/media\/19365"}],"wp:attachment":[{"href":"https:\/\/www.altercampagne.net\/index.php?rest_route=%2Fwp%2Fv2%2Fmedia&parent=19362"}],"wp:term":[{"taxonomy":"category","embeddable":true,"href":"https:\/\/www.altercampagne.net\/index.php?rest_route=%2Fwp%2Fv2%2Fcategories&post=19362"},{"taxonomy":"post_tag","embeddable":true,"href":"https:\/\/www.altercampagne.net\/index.php?rest_route=%2Fwp%2Fv2%2Ftags&post=19362"}],"curies":[{"name":"wp","href":"https:\/\/api.w.org\/{rel}","templated":true}]}}