{"id":19370,"date":"2020-08-04T09:04:00","date_gmt":"2020-08-04T07:04:00","guid":{"rendered":"http:\/\/www.altercampagne.net\/?p=19370"},"modified":"2021-05-06T10:38:27","modified_gmt":"2021-05-06T08:38:27","slug":"centre-val-de-loire-laltertour-pour-aller-a-velo-vers-un-monde-ecologique-et-solidaire","status":"publish","type":"post","link":"https:\/\/www.altercampagne.net\/?p=19370","title":{"rendered":"Centre-Val de Loire : l&rsquo;AlterTour, pour aller \u00e0 v\u00e9lo vers un monde \u00e9cologique et solidaire"},"content":{"rendered":"\n<p> L\u2019AlterTour propose des vacances \u00e0 v\u00e9lo d&rsquo;un autre genre&#8230;\u00a0Pendant que  certains r\u00eavent d&rsquo;un monde plus \u00e9cologique et plus solidaire, d&rsquo;autres  enfourchent leur v\u00e9lo et vont \u00e0 la rencontre des initiatives,\u00a0des  alternatives et des projets de transition qui existent ici ou l\u00e0&#8230; <\/p>\n\n\n\n<p> Quelques jours avant le Tour de France (d\u00e9cal\u00e9 cette ann\u00e9e en raison de  la crise du coronavirus) a lieu un autre tour. Il s\u2019agit de l\u2019AlterTour  et il se veut le premier <strong><em>\u00ab\u00a0Tour de France des Alternatives \u00e0 v\u00e9lo\u00a0\u00bb<\/em><\/strong>.  Vous l\u2019aurez compris\u00a0: rien \u00e0 voir avec la comp\u00e9tition sportive. L\u2019id\u00e9e  est d\u2019aller \u00e0 v\u00e9lo, \u00e7a vous l\u2019avez compris aussi, \u00e0 la <strong>rencontre  des alternatives, entendez par l\u00e0 des initiatives porteuses de  solutions\u00a0de la transition \u00e9cologique et sociale dans les domaines de  l&rsquo;agriculture, l\u2019\u00e9conomie, l\u2019\u00e9nergie, le transport, l\u2019habitat, le  travail et l\u2019\u00e9ducation<\/strong>. L\u2019objectif est aussi de <strong><em>\u00ab\u00a0soutenir  des lieux de r\u00e9sistance o\u00f9 des collectifs d\u00e9noncent des projets  climaticides, mena\u00e7ant les terres agricoles, biodiversit\u00e9 ou site  naturels.\u00a0\u00bb<\/em><\/strong><br> <br> Pour cette 13\u00e8me \u00e9dition, plus de 400 cyclistes sont partis de Grenoble  (Is\u00e8re) le 8 juillet et rejoindront la ville d&rsquo;Argenton-sur-Creuse dans  Indre pour une arriv\u00e9e pr\u00e9vue le 22 ao\u00fbt 2020, soit un p\u00e9riple de 1 200  km. <\/p>\n\n\n\n<figure class=\"wp-block-image size-large\"><img loading=\"lazy\" decoding=\"async\" width=\"900\" height=\"601\" src=\"http:\/\/www.altercampagne.net\/wp-content\/uploads\/2020\/09\/Isabelle_Chapuis-DSC_8688.jpg\" alt=\"\" class=\"wp-image-19372\" srcset=\"https:\/\/www.altercampagne.net\/wp-content\/uploads\/2020\/09\/Isabelle_Chapuis-DSC_8688.jpg 900w, https:\/\/www.altercampagne.net\/wp-content\/uploads\/2020\/09\/Isabelle_Chapuis-DSC_8688-300x200.jpg 300w, https:\/\/www.altercampagne.net\/wp-content\/uploads\/2020\/09\/Isabelle_Chapuis-DSC_8688-768x513.jpg 768w, https:\/\/www.altercampagne.net\/wp-content\/uploads\/2020\/09\/Isabelle_Chapuis-DSC_8688-610x407.jpg 610w, https:\/\/www.altercampagne.net\/wp-content\/uploads\/2020\/09\/Isabelle_Chapuis-DSC_8688-100x67.jpg 100w, https:\/\/www.altercampagne.net\/wp-content\/uploads\/2020\/09\/Isabelle_Chapuis-DSC_8688-862x576.jpg 862w\" sizes=\"auto, (max-width: 900px) 100vw, 900px\" \/><figcaption>L&rsquo;AlterTour 2020 \u2022 \u00a9 Isabelle Chapuis\/ AlterTour          <\/figcaption><\/figure>\n\n\n\n<h2 class=\"wp-block-heading\">Un tour itin\u00e9rant \u00e0 v\u00e9lo pour la transition \u00e9cologique et sociale<\/h2>\n\n\n\n<p>L\u2019objectif\n de ce tour est de promouvoir le v\u00e9lo, un moyen de transport \u00e9cologique \net accessible \u00e0 tous mais aussi, en temps climatiques troubl\u00e9s, de \nprendre du recul, de r\u00e9fl\u00e9chir, de prendre le temps de se poser des \nquestions sur le syst\u00e8me \u00e9conomique dans lequel nous vivons. Apr\u00e8s 3 \u00e0 4\n heures \u00e0 p\u00e9daler, les participants font des haltes pour voir des \nalternatives, regarder des projets porteurs de solutions pour la \ntransition \u00e9cologique et sociale, visiter des entreprises coop\u00e9ratives, \nrencontrer des producteurs bio et des collectifs citoyens, mettre la \nmain \u00e0 la p\u00e2te lors de chantiers participatifs et aussi susciter des \n\u00e9v\u00e9nements : temps festifs, concerts, conf\u00e9rences, d\u00e9bats, projections \nde film\u2026<br>\nC\u2019est ainsi que dans notre r\u00e9gion, l\u2019AlterTour passera \u00e0 la ferme \nmara\u00eech\u00e8re en agriculture bio \u00ab\u00a0De La Fourche \u00e0 La Fourchette\u00a0\u00bb en centre \nville de Chalette-sur-Loing dans le Loiret le 8 ao\u00fbt puis visitera le \nlendemain l&rsquo;Oasis du Dragon \u00e0 Germigny-des-Pr\u00e9s avant une soir\u00e9e festive\n pr\u00e9vue sur le site de la Binette \u00e0 Bou pour consacrer la journ\u00e9e du \nlundi 10 <strong><em>\u00ab\u00a0aux luttes pass\u00e9es, pr\u00e9sentes et \u00e0 venir contre \nl&rsquo;artificialisation et la privatisation du monde : le pont de Mardi\u00e9, le\n nouveau terrain de BMX \u00e0 La Chapelle-Saint-Mesmin, le SCOT de la \nm\u00e9tropole orl\u00e9anaise et son projet d&rsquo;artificialisation de 845 hectares, \nl&rsquo;eau \u00e0 la m\u00e9tropole d&rsquo;Orl\u00e9ans, le village Oxylane\/D\u00e9cathlon \u00e0 \nSaint-Jean-de-Braye, la piscine de d\u00e9chets nucl\u00e9aire \u00e0 Belleville\u00a0\u00bb&nbsp;<\/em><\/strong>avant de rencontrer le Comit\u00e9 de d\u00e9fense de la gare d\u2019Argenton Sur Creuse<strong><em>.<\/em><\/strong> Les v\u00e9los traverseront les d\u00e9partements du Loiret, du Loir-et-Cher, de l\u2019Indre-et-Loire et de l\u2019Indre.<\/p>\n\n\n\n<h2 class=\"wp-block-heading\">\u00ab\u00a0Autogestion et simplicit\u00e9 volontaire\u00a0\u00bb<\/h2>\n\n\n\n<p>L&rsquo;AlterTour est pr\u00e9par\u00e9 par des b\u00e9n\u00e9voles en autogestion. Pour participer au tour, il n\u2019y a pas de limite d\u2019\u00e2ge. <strong>La\n vie quotidienne est organis\u00e9e de fa\u00e7on participative. Au quotidien, \nchacun participe au fonctionnement, consomme \n\u00e9co-responsable&nbsp;c\u2019est-\u00e0-dire biologique, local et v\u00e9g\u00e9tarien et dort \nsous tente chez les accueillants.<\/strong><br>\nDepuis 2008, le tour est organis\u00e9 chaque \u00e9t\u00e9 depuis 2008 par&nbsp;<a href=\"http:\/\/www.altercampagne.net\/\" target=\"_blank\" rel=\"noreferrer noopener\">AlterCampagne<\/a>. Cette association a \u00e9t\u00e9 fond\u00e9e en 2004 par un collectif d\u2019associations&nbsp;\u00e0 la suite des journ\u00e9es de mobilisation contre les OGM.<\/p>\n\n\n\n<blockquote class=\"wp-block-quote is-layout-flow wp-block-quote-is-layout-flow\"><p>AlterCampagne\n est destin\u00e9e \u00e0&nbsp;informer les citoyens&nbsp;sur les cons\u00e9quences pour \nl\u2019environnement, la sant\u00e9 et la soci\u00e9t\u00e9&nbsp;du dopage sous toutes ses \nformes&nbsp;: de l\u2019agriculture par les pesticides, de l\u2019\u00e9conomie par la \npublicit\u00e9, de l\u2019\u00e9nergie par le nucl\u00e9aire, de la finance par les paradis \nfiscaux\u2026<br>\nCr\u00e9\u00e9 au d\u00e9part en opposition au Tour de France, l\u2019AlterTour cherche \u00e0 \npromouvoir la coop\u00e9ration, la solidarit\u00e9 et l\u2019action non-violente.<\/p><p>Association AlterCampagne<\/p><\/blockquote>\n\n\n\n<h2 class=\"wp-block-heading\">L\u2019AlterTour est ouvert \u00e0 tous et \u00e0 toutes<\/h2>\n\n\n\n<p>Ce  tour \u00e0 v\u00e9lo se veut accessible \u00e0 tous, sans condition d\u2019\u00e2ge ou de  niveau. L\u2019id\u00e9e est de d\u00e9couvrir un lieu diff\u00e9rent chaque jour. La  caravane de v\u00e9los est suivie par deux v\u00e9hicules qui transportent  bagages, nourriture et\u2026 les altercyclistes fatigu\u00e9s.<br><strong>Pour p\u00e9daler sur le tour, il faut s\u2019inscrire et participer  financi\u00e8rement (en fonction de ses revenus) pour payer les d\u00e9penses de  nourriture (bio et locale), les droits d\u2019entr\u00e9e pour les visites et les  activit\u00e9s.<\/strong> L&rsquo;AlterTour se finance enti\u00e8rement sur les inscriptions.* <\/p>\n\n\n\n<figure class=\"wp-block-image size-large\"><img loading=\"lazy\" decoding=\"async\" width=\"600\" height=\"612\" src=\"http:\/\/www.altercampagne.net\/wp-content\/uploads\/2020\/09\/AT2020-Parcours-V03.jpg\" alt=\"\" class=\"wp-image-19373\" srcset=\"https:\/\/www.altercampagne.net\/wp-content\/uploads\/2020\/09\/AT2020-Parcours-V03.jpg 600w, https:\/\/www.altercampagne.net\/wp-content\/uploads\/2020\/09\/AT2020-Parcours-V03-294x300.jpg 294w, https:\/\/www.altercampagne.net\/wp-content\/uploads\/2020\/09\/AT2020-Parcours-V03-100x102.jpg 100w\" sizes=\"auto, (max-width: 600px) 100vw, 600px\" \/><\/figure>\n\n\n\n<h2 class=\"wp-block-heading\">En Centre-Val de Loire<\/h2>\n\n\n\n<p>Le Tour arrive\n de l\u2019Yonne le samedi 8 ao\u00fbt.&nbsp;L&rsquo;AlterTour fera \u00e9tape dans le Loiret, le \nLoir-et-Cher, l\u2019Indre-et-Loire et l\u2019Indre entre le 9 et le 22 ao\u00fbt.<br>\nDimanche 9 ao\u00fbt : de Chalette-sur-Loing \u00e0 Mardi\u00e9 (Loiret). 66 k. Le Collectif Village de La Loire<br>\nLundi 10 ao\u00fbt :&nbsp;Mardi\u00e9 (0 km). Le Collectif Village de La Loire.<br>\nMardi 11 ao\u00fbt : de Mardi\u00e9 \u00e0 Saint-Hilaire-Saint-Mesmin (Loiret). 24 km. \nLe Jardin partag\u00e9 le Coquelicot et la Maison Interg\u00e9n\u00e9rationnelle Anne \net Sim\u00e9on<br>\nMercredi 12 ao\u00fbt : de Saint-Hilaire-Saint-Mesmin (Loiret) \u00e0 Saint-Jean-Froidmentel (Loir-et-Cher).&nbsp;61 km. Le Moulin Bleu<br>\nJeudi 13 ao\u00fbt : de Saint Jean Froidmentel (Loir-et-Cher) \u00e0 Saint Agil \n(Loir-et-Cher). 30 km.&nbsp;Les habitants et Collectifs de Saint-Agil.<br>\nVendredi 14 ao\u00fbt :&nbsp;Saint-Agil&nbsp;(0 km). La Ferme des Beauvais, les habitants et les Collectifs de Saint-Agil<br>\nSamedi 15 ao\u00fbt : de Saint-Agil (Loir-et-Cher)&nbsp;\u00e0 \nThor\u00e9-la-Rochette&nbsp;(Loir-et-Cher). 38 km. Le Comptoir des Cocottes et la \nGuinguette de Thor\u00e9-la-Rochette.<br>\nDimanche 16 ao\u00fbt : de Thor\u00e9-la-Rochette \u00e0 Monthou sur Bi\u00e8vre (Loir-et-Cher). 56 km. La Ferme de la Guilbardi\u00e8re<br>\nLundi 17 ao\u00fbt :&nbsp;Monthou-sur-Bi\u00e8vre (0 km). La Ferme de la Guilbardi\u00e8re<br>\nLundi 17 ao\u00fbt :&nbsp;Monthou-sur-Bi\u00e8vre (0 km) La Ferme de la Guilbardi\u00e8re<br>\nMardi 18 ao\u00fbt : de Monthou-sur-Bi\u00e8vre \u00e0 Dolus-le-Sec (Indre-et-Loire). 59 km. La Coop\u00e9rative de Bel\u00eatre<br>\nMercredi 19 ao\u00fbt : de Dolus-le-Sec (Indre-et-Loire) \u00e0 Pellevoisin (Indre). (60 km)<br>\nJeudi 20 ao\u00fbt :&nbsp;Pellevoisin (0 km). Les Relais de Pas Sages<br>\nVendredi 21 ao\u00fbt&nbsp;: de Pellevoisin \u00e0 Ch\u00e2teauroux (Indre). 34 km. Ch\u00e2teau Roule, Map36 et la Monnaie locale La Ligni\u00e8re<br>\nSamedi 22 ao\u00fbt : de Ch\u00e2teauroux \u00e0 Argenton-sur-Creuse (Indre). 41 km. Comit\u00e9 de d\u00e9fense de la gare d\u2019Argenton<\/p>\n\n\n\n<h2 class=\"wp-block-heading\">Dans le Loiret<\/h2>\n\n\n\n<p>L\u2019AlterTour\n 2020 passera par Chalette-sur-Loing, Germigny, Jargeau, Mardi\u00e9, Bou, \nOrl\u00e9ans, Saint-Pryv\u00e9-Saint-Mesmin. Le \u00ab\u00a0peloton\u00a0\u00bb est attendu \u00e0 la ferme \nmara\u00eech\u00e8re en agriculture bio \u00ab\u00a0De La Fourche \u00e0 La Fourchette\u00a0\u00bb en centre \nville de Chalette, le 8 ao\u00fbt. Le lendemain, visite de l&rsquo;Oasis du Dragon \u00e0\n Germigny-des-Pr\u00e9s, puis, une soir\u00e9e festive est pr\u00e9vue \u00e0 l&rsquo;arriv\u00e9e, sur\n le site de la Binette \u00e0 Bou. <strong>La journ\u00e9e du lundi 10 ao\u00fbt sera \nconsacr\u00e9e aux luttes pass\u00e9es, pr\u00e9sentes et \u00e0 venir contre \nl&rsquo;artificialisation et la privatisation du monde<\/strong> (le pont de \nMardi\u00e9, le nouveau terrain de BMX \u00e0 La Chapelle-Saint-Mesmin, le SCOT de\n la m\u00e9tropole orl\u00e9anaise et son projet d&rsquo;artificialisation de 845 \nhectares, l&rsquo;eau \u00e0 la m\u00e9tropole d&rsquo;Orl\u00e9ans, le village Oxylane\/D\u00e9cathlon \u00e0\n Saint-Jean-de-Braye, la piscine de d\u00e9chets nucl\u00e9aire \u00e0 Belleville&#8230;.)<br><\/p>\n\n\n\n<blockquote class=\"wp-block-quote is-layout-flow wp-block-quote-is-layout-flow\"><p>L&rsquo;<a href=\"https:\/\/twitter.com\/hashtag\/AlterTour?src=hash&amp;ref_src=twsrc%5Etfw\">#AlterTour<\/a> <a href=\"https:\/\/t.co\/0asfsbdHCi\">https:\/\/t.co<\/a><a href=\"https:\/\/t.co\/0asfsbdHCi\" target=\"_blank\" rel=\"noreferrer noopener\" aria-label=\"\/0asfsbdHCi (s\u2019ouvre dans un nouvel onglet)\">\/0asfsbdHCi<\/a> passe par chez nous ! Amis cyclistes, amoureux de la Loire et de la nature, RDV entre Jargeau et Bou le dimanche 9 ao\u00fbt. <a href=\"https:\/\/twitter.com\/hashtag\/velorution?src=hash&amp;ref_src=twsrc%5Etfw\">#velorution<\/a> <a href=\"https:\/\/t.co\/3U9yfnPzbD\" target=\"_blank\" rel=\"noreferrer noopener\" aria-label=\" (s\u2019ouvre dans un nouvel onglet)\">pic.twitter.com\/3U9yfnPzbD<\/a><\/p><p>\u2014 DECIDONS EN COMMUN FRANCE INSOUMISE ORLEANAIS (@Orleansencommun) <a href=\"https:\/\/twitter.com\/Orleansencommun\/status\/1290234206455439365?ref_src=twsrc%5Etfw\">August 3, 2020<\/a><\/p><\/blockquote>\n\n\n\n<h5 class=\"wp-block-heading\">Association AlterCampagne<\/h5>\n\n\n\n<p>L\u2019association  a \u00e9t\u00e9 cr\u00e9e en 2004 \u00e0 aujourd\u2019hui fond\u00e9e en 2004 par un collectif  d\u2019associations\u00a0\u00e0 la suite des journ\u00e9es de mobilisation contre les OGM.  AlterCampagne est destin\u00e9e \u00e0\u00a0informer les citoyens\u00a0sur les cons\u00e9quences  pour l\u2019environnement, la sant\u00e9 et la soci\u00e9t\u00e9\u00a0du dopage sous toutes ses  formes\u00a0: de l\u2019agriculture par les pesticides, de l\u2019\u00e9conomie par la  publicit\u00e9, de l\u2019\u00e9nergie par le nucl\u00e9aire, de la finance par les paradis  fiscaux\u2026 Cr\u00e9\u00e9e au d\u00e9part en opposition au Tour de France, l\u2019AlterTour  cherche \u00e0 promouvoir la coop\u00e9ration, la solidarit\u00e9 et l\u2019action  non-violente.<br> Depuis, l\u2019AlterTour roule sur un parcours diff\u00e9rent chaque ann\u00e9e. Il accueille aujourd\u2019hui 420 cyclistes au cours de l\u2019\u00e9t\u00e9.<br> Un tour pr\u00e9par\u00e9 par des b\u00e9n\u00e9voles, en autogestion<br> L\u2019AlterTour est\u00a0pr\u00e9par\u00e9 par des b\u00e9n\u00e9voles\u00a0qui se retrouvent toutes les 6  semaines \u00e0 l\u2019occasion de r\u00e9union de pr\u00e9paration de l\u2019\u00e9v\u00e8nement.  L\u2019association fonctionne en autogestion : chaque membre peut prendre  part aux d\u00e9cisions, qui sont adopt\u00e9es au consensus.<br> L\u2019association n\u2019a pas de pr\u00e9sident, mais un\u00a0Coll\u00e8ge Solidaire. Ses  membres sont d\u00e9sign\u00e9s \u00e0 l\u2019occasion de l\u2019Assembl\u00e9e G\u00e9n\u00e9rale et g\u00e8rent  collectivement l\u2019association. <\/p>\n\n\n\n<p class=\"has-text-align-right\"> <strong><a href=\"https:\/\/france3-regions.francetvinfo.fr\/centre-val-de-loire\/centre-val-loire-altertour-aller-velo-monde-ecologique-solidaire-1860074.html\" target=\"_blank\" rel=\"noreferrer noopener\" aria-label=\"Isabelle Racine, France 3 Centre Val de Loire (s\u2019ouvre dans un nouvel onglet)\">Isabelle Racine, France 3 Centre Val de Loire<\/a><\/strong><\/p>\n","protected":false},"excerpt":{"rendered":"<p>L\u2019AlterTour propose des vacances \u00e0 v\u00e9lo d&rsquo;un autre genre&#8230;\u00a0Pendant que certains r\u00eavent d&rsquo;un monde plus \u00e9cologique et plus solidaire, d&rsquo;autres enfourchent leur v\u00e9lo et vont \u00e0 la rencontre des initiatives,\u00a0des alternatives et des projets de transition qui existent ici ou l\u00e0&#8230; Quelques jours avant le Tour de France (d\u00e9cal\u00e9 cette &#8230; <\/p>\n<div><a href=\"https:\/\/www.altercampagne.net\/?p=19370\" class=\"more-link\">Read More<\/a><\/div>\n","protected":false},"author":214,"featured_media":19371,"comment_status":"closed","ping_status":"closed","sticky":false,"template":"","format":"standard","meta":{"footnotes":""},"categories":[4313,3473,3967,239],"tags":[371,1047,1794],"class_list":["post-19370","post","type-post","status-publish","format-standard","has-post-thumbnail","hentry","category-altertour","category-centre-val-de-loire","category-edition-2020","category-revue-de-presse","tag-france-3","tag-loiret","tag-centre-val-de-loire"],"yoast_head":"<!-- This site is optimized with the Yoast SEO plugin v27.3 - https:\/\/yoast.com\/product\/yoast-seo-wordpress\/ -->\n<title>Centre-Val de Loire : l&#039;AlterTour, pour aller \u00e0 v\u00e9lo vers un monde \u00e9cologique et solidaire - AlterTour<\/title>\n<meta name=\"robots\" content=\"index, follow, max-snippet:-1, max-image-preview:large, max-video-preview:-1\" \/>\n<link rel=\"canonical\" href=\"https:\/\/www.altercampagne.net\/?p=19370\" \/>\n<meta property=\"og:locale\" content=\"fr_FR\" \/>\n<meta property=\"og:type\" content=\"article\" \/>\n<meta property=\"og:title\" content=\"Centre-Val de Loire : l&#039;AlterTour, pour aller \u00e0 v\u00e9lo vers un monde \u00e9cologique et solidaire - AlterTour\" \/>\n<meta property=\"og:description\" content=\"L\u2019AlterTour propose des vacances \u00e0 v\u00e9lo d&rsquo;un autre genre&#8230;\u00a0Pendant que certains r\u00eavent d&rsquo;un monde plus \u00e9cologique et plus solidaire, d&rsquo;autres enfourchent leur v\u00e9lo et vont \u00e0 la rencontre des initiatives,\u00a0des alternatives et des projets de transition qui existent ici ou l\u00e0&#8230; Quelques jours avant le Tour de France (d\u00e9cal\u00e9 cette ... Read More\" \/>\n<meta property=\"og:url\" content=\"https:\/\/www.altercampagne.net\/?p=19370\" \/>\n<meta property=\"og:site_name\" content=\"AlterTour\" \/>\n<meta property=\"article:published_time\" content=\"2020-08-04T07:04:00+00:00\" \/>\n<meta property=\"article:modified_time\" content=\"2021-05-06T08:38:27+00:00\" \/>\n<meta property=\"og:image\" content=\"https:\/\/www.altercampagne.net\/wp-content\/uploads\/2020\/09\/Isabelle_Chapuis-8897.jpg\" \/>\n\t<meta property=\"og:image:width\" content=\"1200\" \/>\n\t<meta property=\"og:image:height\" content=\"630\" \/>\n\t<meta property=\"og:image:type\" content=\"image\/jpeg\" \/>\n<meta name=\"author\" content=\"Mathieu\" \/>\n<meta name=\"twitter:card\" content=\"summary_large_image\" \/>\n<meta name=\"twitter:label1\" content=\"\u00c9crit par\" \/>\n\t<meta name=\"twitter:data1\" content=\"Mathieu\" \/>\n\t<meta name=\"twitter:label2\" content=\"Dur\u00e9e de lecture estim\u00e9e\" \/>\n\t<meta name=\"twitter:data2\" content=\"7 minutes\" \/>\n<script type=\"application\/ld+json\" class=\"yoast-schema-graph\">{\"@context\":\"https:\\\/\\\/schema.org\",\"@graph\":[{\"@type\":\"Article\",\"@id\":\"https:\\\/\\\/www.altercampagne.net\\\/?p=19370#article\",\"isPartOf\":{\"@id\":\"https:\\\/\\\/www.altercampagne.net\\\/?p=19370\"},\"author\":{\"name\":\"Mathieu\",\"@id\":\"https:\\\/\\\/www.altercampagne.net\\\/#\\\/schema\\\/person\\\/0f261460c09e430caa0f9bcffa319109\"},\"headline\":\"Centre-Val de Loire : l&rsquo;AlterTour, pour aller \u00e0 v\u00e9lo vers un monde \u00e9cologique et solidaire\",\"datePublished\":\"2020-08-04T07:04:00+00:00\",\"dateModified\":\"2021-05-06T08:38:27+00:00\",\"mainEntityOfPage\":{\"@id\":\"https:\\\/\\\/www.altercampagne.net\\\/?p=19370\"},\"wordCount\":1502,\"image\":{\"@id\":\"https:\\\/\\\/www.altercampagne.net\\\/?p=19370#primaryimage\"},\"thumbnailUrl\":\"https:\\\/\\\/www.altercampagne.net\\\/wp-content\\\/uploads\\\/2020\\\/09\\\/Isabelle_Chapuis-8897.jpg\",\"keywords\":[\"france 3\",\"Loiret\",\"Centre-Val de Loire\"],\"articleSection\":[\"AlterTour\",\"Centre-Val de Loire\",\"Edition 2020\",\"Revue de presse\"],\"inLanguage\":\"fr-FR\"},{\"@type\":\"WebPage\",\"@id\":\"https:\\\/\\\/www.altercampagne.net\\\/?p=19370\",\"url\":\"https:\\\/\\\/www.altercampagne.net\\\/?p=19370\",\"name\":\"Centre-Val de Loire : l'AlterTour, pour aller \u00e0 v\u00e9lo vers un monde \u00e9cologique et solidaire - AlterTour\",\"isPartOf\":{\"@id\":\"https:\\\/\\\/www.altercampagne.net\\\/#website\"},\"primaryImageOfPage\":{\"@id\":\"https:\\\/\\\/www.altercampagne.net\\\/?p=19370#primaryimage\"},\"image\":{\"@id\":\"https:\\\/\\\/www.altercampagne.net\\\/?p=19370#primaryimage\"},\"thumbnailUrl\":\"https:\\\/\\\/www.altercampagne.net\\\/wp-content\\\/uploads\\\/2020\\\/09\\\/Isabelle_Chapuis-8897.jpg\",\"datePublished\":\"2020-08-04T07:04:00+00:00\",\"dateModified\":\"2021-05-06T08:38:27+00:00\",\"author\":{\"@id\":\"https:\\\/\\\/www.altercampagne.net\\\/#\\\/schema\\\/person\\\/0f261460c09e430caa0f9bcffa319109\"},\"breadcrumb\":{\"@id\":\"https:\\\/\\\/www.altercampagne.net\\\/?p=19370#breadcrumb\"},\"inLanguage\":\"fr-FR\",\"potentialAction\":[{\"@type\":\"ReadAction\",\"target\":[\"https:\\\/\\\/www.altercampagne.net\\\/?p=19370\"]}]},{\"@type\":\"ImageObject\",\"inLanguage\":\"fr-FR\",\"@id\":\"https:\\\/\\\/www.altercampagne.net\\\/?p=19370#primaryimage\",\"url\":\"https:\\\/\\\/www.altercampagne.net\\\/wp-content\\\/uploads\\\/2020\\\/09\\\/Isabelle_Chapuis-8897.jpg\",\"contentUrl\":\"https:\\\/\\\/www.altercampagne.net\\\/wp-content\\\/uploads\\\/2020\\\/09\\\/Isabelle_Chapuis-8897.jpg\",\"width\":1200,\"height\":630},{\"@type\":\"BreadcrumbList\",\"@id\":\"https:\\\/\\\/www.altercampagne.net\\\/?p=19370#breadcrumb\",\"itemListElement\":[{\"@type\":\"ListItem\",\"position\":1,\"name\":\"Accueil\",\"item\":\"https:\\\/\\\/www.altercampagne.net\\\/\"},{\"@type\":\"ListItem\",\"position\":2,\"name\":\"Centre-Val de Loire : l&rsquo;AlterTour, pour aller \u00e0 v\u00e9lo vers un monde \u00e9cologique et solidaire\"}]},{\"@type\":\"WebSite\",\"@id\":\"https:\\\/\\\/www.altercampagne.net\\\/#website\",\"url\":\"https:\\\/\\\/www.altercampagne.net\\\/\",\"name\":\"AlterTour\",\"description\":\"Reliez les Alternatives \u00e0 v\u00e9lo\",\"potentialAction\":[{\"@type\":\"SearchAction\",\"target\":{\"@type\":\"EntryPoint\",\"urlTemplate\":\"https:\\\/\\\/www.altercampagne.net\\\/?s={search_term_string}\"},\"query-input\":{\"@type\":\"PropertyValueSpecification\",\"valueRequired\":true,\"valueName\":\"search_term_string\"}}],\"inLanguage\":\"fr-FR\"},{\"@type\":\"Person\",\"@id\":\"https:\\\/\\\/www.altercampagne.net\\\/#\\\/schema\\\/person\\\/0f261460c09e430caa0f9bcffa319109\",\"name\":\"Mathieu\",\"image\":{\"@type\":\"ImageObject\",\"inLanguage\":\"fr-FR\",\"@id\":\"https:\\\/\\\/secure.gravatar.com\\\/avatar\\\/aa9d3d24c83f2141e5e2709d0f63d09a99f6be6bb7a50abc4915838d9f54501a?s=96&d=mm&r=g\",\"url\":\"https:\\\/\\\/secure.gravatar.com\\\/avatar\\\/aa9d3d24c83f2141e5e2709d0f63d09a99f6be6bb7a50abc4915838d9f54501a?s=96&d=mm&r=g\",\"contentUrl\":\"https:\\\/\\\/secure.gravatar.com\\\/avatar\\\/aa9d3d24c83f2141e5e2709d0f63d09a99f6be6bb7a50abc4915838d9f54501a?s=96&d=mm&r=g\",\"caption\":\"Mathieu\"},\"url\":\"https:\\\/\\\/www.altercampagne.net\\\/?author=214\"}]}<\/script>\n<!-- \/ Yoast SEO plugin. -->","yoast_head_json":{"title":"Centre-Val de Loire : l'AlterTour, pour aller \u00e0 v\u00e9lo vers un monde \u00e9cologique et solidaire - AlterTour","robots":{"index":"index","follow":"follow","max-snippet":"max-snippet:-1","max-image-preview":"max-image-preview:large","max-video-preview":"max-video-preview:-1"},"canonical":"https:\/\/www.altercampagne.net\/?p=19370","og_locale":"fr_FR","og_type":"article","og_title":"Centre-Val de Loire : l'AlterTour, pour aller \u00e0 v\u00e9lo vers un monde \u00e9cologique et solidaire - AlterTour","og_description":"L\u2019AlterTour propose des vacances \u00e0 v\u00e9lo d&rsquo;un autre genre&#8230;\u00a0Pendant que certains r\u00eavent d&rsquo;un monde plus \u00e9cologique et plus solidaire, d&rsquo;autres enfourchent leur v\u00e9lo et vont \u00e0 la rencontre des initiatives,\u00a0des alternatives et des projets de transition qui existent ici ou l\u00e0&#8230; Quelques jours avant le Tour de France (d\u00e9cal\u00e9 cette ... Read More","og_url":"https:\/\/www.altercampagne.net\/?p=19370","og_site_name":"AlterTour","article_published_time":"2020-08-04T07:04:00+00:00","article_modified_time":"2021-05-06T08:38:27+00:00","og_image":[{"width":1200,"height":630,"url":"https:\/\/www.altercampagne.net\/wp-content\/uploads\/2020\/09\/Isabelle_Chapuis-8897.jpg","type":"image\/jpeg"}],"author":"Mathieu","twitter_card":"summary_large_image","twitter_misc":{"\u00c9crit par":"Mathieu","Dur\u00e9e de lecture estim\u00e9e":"7 minutes"},"schema":{"@context":"https:\/\/schema.org","@graph":[{"@type":"Article","@id":"https:\/\/www.altercampagne.net\/?p=19370#article","isPartOf":{"@id":"https:\/\/www.altercampagne.net\/?p=19370"},"author":{"name":"Mathieu","@id":"https:\/\/www.altercampagne.net\/#\/schema\/person\/0f261460c09e430caa0f9bcffa319109"},"headline":"Centre-Val de Loire : l&rsquo;AlterTour, pour aller \u00e0 v\u00e9lo vers un monde \u00e9cologique et solidaire","datePublished":"2020-08-04T07:04:00+00:00","dateModified":"2021-05-06T08:38:27+00:00","mainEntityOfPage":{"@id":"https:\/\/www.altercampagne.net\/?p=19370"},"wordCount":1502,"image":{"@id":"https:\/\/www.altercampagne.net\/?p=19370#primaryimage"},"thumbnailUrl":"https:\/\/www.altercampagne.net\/wp-content\/uploads\/2020\/09\/Isabelle_Chapuis-8897.jpg","keywords":["france 3","Loiret","Centre-Val de Loire"],"articleSection":["AlterTour","Centre-Val de Loire","Edition 2020","Revue de presse"],"inLanguage":"fr-FR"},{"@type":"WebPage","@id":"https:\/\/www.altercampagne.net\/?p=19370","url":"https:\/\/www.altercampagne.net\/?p=19370","name":"Centre-Val de Loire : l'AlterTour, pour aller \u00e0 v\u00e9lo vers un monde \u00e9cologique et solidaire - AlterTour","isPartOf":{"@id":"https:\/\/www.altercampagne.net\/#website"},"primaryImageOfPage":{"@id":"https:\/\/www.altercampagne.net\/?p=19370#primaryimage"},"image":{"@id":"https:\/\/www.altercampagne.net\/?p=19370#primaryimage"},"thumbnailUrl":"https:\/\/www.altercampagne.net\/wp-content\/uploads\/2020\/09\/Isabelle_Chapuis-8897.jpg","datePublished":"2020-08-04T07:04:00+00:00","dateModified":"2021-05-06T08:38:27+00:00","author":{"@id":"https:\/\/www.altercampagne.net\/#\/schema\/person\/0f261460c09e430caa0f9bcffa319109"},"breadcrumb":{"@id":"https:\/\/www.altercampagne.net\/?p=19370#breadcrumb"},"inLanguage":"fr-FR","potentialAction":[{"@type":"ReadAction","target":["https:\/\/www.altercampagne.net\/?p=19370"]}]},{"@type":"ImageObject","inLanguage":"fr-FR","@id":"https:\/\/www.altercampagne.net\/?p=19370#primaryimage","url":"https:\/\/www.altercampagne.net\/wp-content\/uploads\/2020\/09\/Isabelle_Chapuis-8897.jpg","contentUrl":"https:\/\/www.altercampagne.net\/wp-content\/uploads\/2020\/09\/Isabelle_Chapuis-8897.jpg","width":1200,"height":630},{"@type":"BreadcrumbList","@id":"https:\/\/www.altercampagne.net\/?p=19370#breadcrumb","itemListElement":[{"@type":"ListItem","position":1,"name":"Accueil","item":"https:\/\/www.altercampagne.net\/"},{"@type":"ListItem","position":2,"name":"Centre-Val de Loire : l&rsquo;AlterTour, pour aller \u00e0 v\u00e9lo vers un monde \u00e9cologique et solidaire"}]},{"@type":"WebSite","@id":"https:\/\/www.altercampagne.net\/#website","url":"https:\/\/www.altercampagne.net\/","name":"AlterTour","description":"Reliez les Alternatives \u00e0 v\u00e9lo","potentialAction":[{"@type":"SearchAction","target":{"@type":"EntryPoint","urlTemplate":"https:\/\/www.altercampagne.net\/?s={search_term_string}"},"query-input":{"@type":"PropertyValueSpecification","valueRequired":true,"valueName":"search_term_string"}}],"inLanguage":"fr-FR"},{"@type":"Person","@id":"https:\/\/www.altercampagne.net\/#\/schema\/person\/0f261460c09e430caa0f9bcffa319109","name":"Mathieu","image":{"@type":"ImageObject","inLanguage":"fr-FR","@id":"https:\/\/secure.gravatar.com\/avatar\/aa9d3d24c83f2141e5e2709d0f63d09a99f6be6bb7a50abc4915838d9f54501a?s=96&d=mm&r=g","url":"https:\/\/secure.gravatar.com\/avatar\/aa9d3d24c83f2141e5e2709d0f63d09a99f6be6bb7a50abc4915838d9f54501a?s=96&d=mm&r=g","contentUrl":"https:\/\/secure.gravatar.com\/avatar\/aa9d3d24c83f2141e5e2709d0f63d09a99f6be6bb7a50abc4915838d9f54501a?s=96&d=mm&r=g","caption":"Mathieu"},"url":"https:\/\/www.altercampagne.net\/?author=214"}]}},"_links":{"self":[{"href":"https:\/\/www.altercampagne.net\/index.php?rest_route=\/wp\/v2\/posts\/19370","targetHints":{"allow":["GET"]}}],"collection":[{"href":"https:\/\/www.altercampagne.net\/index.php?rest_route=\/wp\/v2\/posts"}],"about":[{"href":"https:\/\/www.altercampagne.net\/index.php?rest_route=\/wp\/v2\/types\/post"}],"author":[{"embeddable":true,"href":"https:\/\/www.altercampagne.net\/index.php?rest_route=\/wp\/v2\/users\/214"}],"replies":[{"embeddable":true,"href":"https:\/\/www.altercampagne.net\/index.php?rest_route=%2Fwp%2Fv2%2Fcomments&post=19370"}],"version-history":[{"count":3,"href":"https:\/\/www.altercampagne.net\/index.php?rest_route=\/wp\/v2\/posts\/19370\/revisions"}],"predecessor-version":[{"id":19376,"href":"https:\/\/www.altercampagne.net\/index.php?rest_route=\/wp\/v2\/posts\/19370\/revisions\/19376"}],"wp:featuredmedia":[{"embeddable":true,"href":"https:\/\/www.altercampagne.net\/index.php?rest_route=\/wp\/v2\/media\/19371"}],"wp:attachment":[{"href":"https:\/\/www.altercampagne.net\/index.php?rest_route=%2Fwp%2Fv2%2Fmedia&parent=19370"}],"wp:term":[{"taxonomy":"category","embeddable":true,"href":"https:\/\/www.altercampagne.net\/index.php?rest_route=%2Fwp%2Fv2%2Fcategories&post=19370"},{"taxonomy":"post_tag","embeddable":true,"href":"https:\/\/www.altercampagne.net\/index.php?rest_route=%2Fwp%2Fv2%2Ftags&post=19370"}],"curies":[{"name":"wp","href":"https:\/\/api.w.org\/{rel}","templated":true}]}}