{"id":19377,"date":"2020-06-18T09:26:00","date_gmt":"2020-06-18T07:26:00","guid":{"rendered":"http:\/\/www.altercampagne.net\/?p=19377"},"modified":"2021-05-06T10:41:12","modified_gmt":"2021-05-06T08:41:12","slug":"laltertour-fera-etapes-en-puisaye-du-5-au-8-aout-a-laffut-de-projets-pour-la-transition-ecologique-et-sociale","status":"publish","type":"post","link":"https:\/\/www.altercampagne.net\/?p=19377","title":{"rendered":"L&rsquo;AlterTour fera \u00e9tapes en Puisaye du 5 au 8 ao\u00fbt, \u00e0 l&rsquo;aff\u00fbt de projets pour la transition \u00e9cologique et sociale"},"content":{"rendered":"\n<p> Visant \u00e0 promouvoir la transition \u00e9cologique et sociale, l\u2019AlterTour 2020 passera en Puisaye d\u00e9but ao\u00fbt. Le \u00ab\u00a0peloton\u00a0\u00bb est attendu \u00e0 La  Californie, au caf\u00e9 associatif de Villeneuve et au P.a.r.c. <\/p>\n\n\n\n<p>La 13e \u00e9dition de l\u2019AlterTour roulera de Grenoble (Is\u00e8re) \u00e0 Argenton-sur-Creuse (Indre), entre le 8 juillet et le 23 ao\u00fbt 2020. Un  p\u00e9riple de 1.200 km qui fera \u00e9tapes &#8211; au pluriel &#8211; en Puisaye, du 5 au 8  ao\u00fbt.\u00a0<\/p>\n\n\n\n<p>Point de cyclistes professionnels, de \u00ab\u00a0teams\u00a0\u00bb, ni  de gros sponsors. L\u2019AlterTour, organis\u00e9 depuis 2004 par le collectif  d\u2019associations <a href=\"http:\/\/www.altercampagne.net\/\">AlterCampagne<\/a>, n\u2019est pas une comp\u00e9tition. Il rassemble \u00ab\u00a0une joyeuse bande de citoyens, qui part \u00e0 la rencontre de ceux qui font le monde de demain\u00a0\u00bb.\u00a0Les  participants p\u00e9dalent 3 \u00e0 4 heures chaque jour et s\u2019arr\u00eatent pour visiter \u00ab\u00a0des alternatives, des projets porteurs de solutions pour la  transition \u00e9cologique et sociale\u00a0\u00bb.<\/p>\n\n\n\n<p> Le peloton est attendu \u00e0 Toucy, sur le site d\u2019\u00e9conomie solidaire <a href=\"https:\/\/www.lyonne.fr\/toucy-89130\/loisirs\/la-recyclerie-toucy-entraide-atelier-velo-immersion-en-images-a-la-californie-toucy-en-mode-crise-sanitaire_13793472\/\">La Californie<\/a>, le mercredi 5 ao\u00fbt en fin d\u2019apr\u00e8s-midi. Le lendemain, jeudi 6 ao\u00fbt,  sont pr\u00e9vus une rencontre avec Les Petites Ruches (jardin-rucher associatif, \u00e9cologique et champ\u00eatre) et Le Cabaret des Oiseaux (plantes  m\u00e9dicinales et aromatiques), un forum ouvert avec La Californie, des  ateliers, un repas partag\u00e9 et une soir\u00e9e festive. Vendredi 7 ao\u00fbt, les  cyclistes se rendront \u00e0 Louesme, au <a href=\"https:\/\/www.lyonne.fr\/champignelles-89350\/actualites\/confinement-l-association-le-p-a-r-c-qui-oeuvre-en-faveur-de-l-autonomie-alimentaire-en-puisaye-tourne-au-ralenti_13774338\/\">P.a.r.c.<\/a> pour des ateliers participatifs et un repas partag\u00e9 ; une soir\u00e9e est  pr\u00e9vue au caf\u00e9 associatif Chez M\u2019an Jeanne et Petit Pierre, \u00e0 Villeneuve-les-Gen\u00eats. Samedi 8 ao\u00fbt, le tour quittera l\u2019Yonne et rejoindra le Loiret. <\/p>\n\n\n\n<p class=\"has-text-align-right\"><strong><a rel=\"noreferrer noopener\" aria-label=\" Olivier RICHARD, L'Yonne R\u00e9publicaine (s\u2019ouvre dans un nouvel onglet)\" href=\"https:\/\/www.lyonne.fr\/toucy-89130\/actualites\/l-altertour-fera-etapes-en-puisaye-du-5-au-8-aout-a-l-affut-de-projets-pour-la-transition-ecologique-et-sociale_13800755\/\" target=\"_blank\"><em>Olivier RICHARD<\/em>, L&rsquo;Yonne R\u00e9publicaine<\/a><\/strong><\/p>\n","protected":false},"excerpt":{"rendered":"<p>Visant \u00e0 promouvoir la transition \u00e9cologique et sociale, l\u2019AlterTour 2020 passera en Puisaye d\u00e9but ao\u00fbt. Le \u00ab\u00a0peloton\u00a0\u00bb est attendu \u00e0 La Californie, au caf\u00e9 associatif de Villeneuve et au P.a.r.c. La 13e \u00e9dition de l\u2019AlterTour roulera de Grenoble (Is\u00e8re) \u00e0 Argenton-sur-Creuse (Indre), entre le 8 juillet et le 23 ao\u00fbt &#8230; <\/p>\n<div><a href=\"https:\/\/www.altercampagne.net\/?p=19377\" class=\"more-link\">Read More<\/a><\/div>\n","protected":false},"author":214,"featured_media":19378,"comment_status":"closed","ping_status":"closed","sticky":false,"template":"","format":"standard","meta":{"footnotes":""},"categories":[4313,3495,3967,239],"tags":[984,4200],"class_list":["post-19377","post","type-post","status-publish","format-standard","has-post-thumbnail","hentry","category-altertour","category-bourgogne-franche-comte","category-edition-2020","category-revue-de-presse","tag-toucy","tag-yonne-republicaine"],"yoast_head":"<!-- This site is optimized with the Yoast SEO plugin v27.3 - https:\/\/yoast.com\/product\/yoast-seo-wordpress\/ -->\n<title>L&#039;AlterTour fera \u00e9tapes en Puisaye du 5 au 8 ao\u00fbt, \u00e0 l&#039;aff\u00fbt de projets pour la transition \u00e9cologique et sociale - AlterTour<\/title>\n<meta name=\"robots\" content=\"index, follow, max-snippet:-1, max-image-preview:large, max-video-preview:-1\" \/>\n<link rel=\"canonical\" href=\"https:\/\/www.altercampagne.net\/?p=19377\" \/>\n<meta property=\"og:locale\" content=\"fr_FR\" \/>\n<meta property=\"og:type\" content=\"article\" \/>\n<meta property=\"og:title\" content=\"L&#039;AlterTour fera \u00e9tapes en Puisaye du 5 au 8 ao\u00fbt, \u00e0 l&#039;aff\u00fbt de projets pour la transition \u00e9cologique et sociale - AlterTour\" \/>\n<meta property=\"og:description\" content=\"Visant \u00e0 promouvoir la transition \u00e9cologique et sociale, l\u2019AlterTour 2020 passera en Puisaye d\u00e9but ao\u00fbt. Le \u00ab\u00a0peloton\u00a0\u00bb est attendu \u00e0 La Californie, au caf\u00e9 associatif de Villeneuve et au P.a.r.c. La 13e \u00e9dition de l\u2019AlterTour roulera de Grenoble (Is\u00e8re) \u00e0 Argenton-sur-Creuse (Indre), entre le 8 juillet et le 23 ao\u00fbt ... Read More\" \/>\n<meta property=\"og:url\" content=\"https:\/\/www.altercampagne.net\/?p=19377\" \/>\n<meta property=\"og:site_name\" content=\"AlterTour\" \/>\n<meta property=\"article:published_time\" content=\"2020-06-18T07:26:00+00:00\" \/>\n<meta property=\"article:modified_time\" content=\"2021-05-06T08:41:12+00:00\" \/>\n<meta property=\"og:image\" content=\"https:\/\/www.altercampagne.net\/wp-content\/uploads\/2020\/09\/AT2020_Photos_Juanfe-340.jpg\" \/>\n\t<meta property=\"og:image:width\" content=\"1200\" \/>\n\t<meta property=\"og:image:height\" content=\"630\" \/>\n\t<meta property=\"og:image:type\" content=\"image\/jpeg\" \/>\n<meta name=\"author\" content=\"Mathieu\" \/>\n<meta name=\"twitter:card\" content=\"summary_large_image\" \/>\n<meta name=\"twitter:label1\" content=\"\u00c9crit par\" \/>\n\t<meta name=\"twitter:data1\" content=\"Mathieu\" \/>\n\t<meta name=\"twitter:label2\" content=\"Dur\u00e9e de lecture estim\u00e9e\" \/>\n\t<meta name=\"twitter:data2\" content=\"1 minute\" \/>\n<script type=\"application\/ld+json\" class=\"yoast-schema-graph\">{\"@context\":\"https:\\\/\\\/schema.org\",\"@graph\":[{\"@type\":\"Article\",\"@id\":\"https:\\\/\\\/www.altercampagne.net\\\/?p=19377#article\",\"isPartOf\":{\"@id\":\"https:\\\/\\\/www.altercampagne.net\\\/?p=19377\"},\"author\":{\"name\":\"Mathieu\",\"@id\":\"https:\\\/\\\/www.altercampagne.net\\\/#\\\/schema\\\/person\\\/0f261460c09e430caa0f9bcffa319109\"},\"headline\":\"L&rsquo;AlterTour fera \u00e9tapes en Puisaye du 5 au 8 ao\u00fbt, \u00e0 l&rsquo;aff\u00fbt de projets pour la transition \u00e9cologique et sociale\",\"datePublished\":\"2020-06-18T07:26:00+00:00\",\"dateModified\":\"2021-05-06T08:41:12+00:00\",\"mainEntityOfPage\":{\"@id\":\"https:\\\/\\\/www.altercampagne.net\\\/?p=19377\"},\"wordCount\":288,\"image\":{\"@id\":\"https:\\\/\\\/www.altercampagne.net\\\/?p=19377#primaryimage\"},\"thumbnailUrl\":\"https:\\\/\\\/www.altercampagne.net\\\/wp-content\\\/uploads\\\/2020\\\/09\\\/AT2020_Photos_Juanfe-340.jpg\",\"keywords\":[\"Toucy\",\"Yonne R\u00e9publicaine\"],\"articleSection\":[\"AlterTour\",\"Bourgogne-Franche-Comt\u00e9\",\"Edition 2020\",\"Revue de presse\"],\"inLanguage\":\"fr-FR\"},{\"@type\":\"WebPage\",\"@id\":\"https:\\\/\\\/www.altercampagne.net\\\/?p=19377\",\"url\":\"https:\\\/\\\/www.altercampagne.net\\\/?p=19377\",\"name\":\"L'AlterTour fera \u00e9tapes en Puisaye du 5 au 8 ao\u00fbt, \u00e0 l'aff\u00fbt de projets pour la transition \u00e9cologique et sociale - AlterTour\",\"isPartOf\":{\"@id\":\"https:\\\/\\\/www.altercampagne.net\\\/#website\"},\"primaryImageOfPage\":{\"@id\":\"https:\\\/\\\/www.altercampagne.net\\\/?p=19377#primaryimage\"},\"image\":{\"@id\":\"https:\\\/\\\/www.altercampagne.net\\\/?p=19377#primaryimage\"},\"thumbnailUrl\":\"https:\\\/\\\/www.altercampagne.net\\\/wp-content\\\/uploads\\\/2020\\\/09\\\/AT2020_Photos_Juanfe-340.jpg\",\"datePublished\":\"2020-06-18T07:26:00+00:00\",\"dateModified\":\"2021-05-06T08:41:12+00:00\",\"author\":{\"@id\":\"https:\\\/\\\/www.altercampagne.net\\\/#\\\/schema\\\/person\\\/0f261460c09e430caa0f9bcffa319109\"},\"breadcrumb\":{\"@id\":\"https:\\\/\\\/www.altercampagne.net\\\/?p=19377#breadcrumb\"},\"inLanguage\":\"fr-FR\",\"potentialAction\":[{\"@type\":\"ReadAction\",\"target\":[\"https:\\\/\\\/www.altercampagne.net\\\/?p=19377\"]}]},{\"@type\":\"ImageObject\",\"inLanguage\":\"fr-FR\",\"@id\":\"https:\\\/\\\/www.altercampagne.net\\\/?p=19377#primaryimage\",\"url\":\"https:\\\/\\\/www.altercampagne.net\\\/wp-content\\\/uploads\\\/2020\\\/09\\\/AT2020_Photos_Juanfe-340.jpg\",\"contentUrl\":\"https:\\\/\\\/www.altercampagne.net\\\/wp-content\\\/uploads\\\/2020\\\/09\\\/AT2020_Photos_Juanfe-340.jpg\",\"width\":1200,\"height\":630},{\"@type\":\"BreadcrumbList\",\"@id\":\"https:\\\/\\\/www.altercampagne.net\\\/?p=19377#breadcrumb\",\"itemListElement\":[{\"@type\":\"ListItem\",\"position\":1,\"name\":\"Accueil\",\"item\":\"https:\\\/\\\/www.altercampagne.net\\\/\"},{\"@type\":\"ListItem\",\"position\":2,\"name\":\"L&rsquo;AlterTour fera \u00e9tapes en Puisaye du 5 au 8 ao\u00fbt, \u00e0 l&rsquo;aff\u00fbt de projets pour la transition \u00e9cologique et sociale\"}]},{\"@type\":\"WebSite\",\"@id\":\"https:\\\/\\\/www.altercampagne.net\\\/#website\",\"url\":\"https:\\\/\\\/www.altercampagne.net\\\/\",\"name\":\"AlterTour\",\"description\":\"Reliez les Alternatives \u00e0 v\u00e9lo\",\"potentialAction\":[{\"@type\":\"SearchAction\",\"target\":{\"@type\":\"EntryPoint\",\"urlTemplate\":\"https:\\\/\\\/www.altercampagne.net\\\/?s={search_term_string}\"},\"query-input\":{\"@type\":\"PropertyValueSpecification\",\"valueRequired\":true,\"valueName\":\"search_term_string\"}}],\"inLanguage\":\"fr-FR\"},{\"@type\":\"Person\",\"@id\":\"https:\\\/\\\/www.altercampagne.net\\\/#\\\/schema\\\/person\\\/0f261460c09e430caa0f9bcffa319109\",\"name\":\"Mathieu\",\"image\":{\"@type\":\"ImageObject\",\"inLanguage\":\"fr-FR\",\"@id\":\"https:\\\/\\\/secure.gravatar.com\\\/avatar\\\/aa9d3d24c83f2141e5e2709d0f63d09a99f6be6bb7a50abc4915838d9f54501a?s=96&d=mm&r=g\",\"url\":\"https:\\\/\\\/secure.gravatar.com\\\/avatar\\\/aa9d3d24c83f2141e5e2709d0f63d09a99f6be6bb7a50abc4915838d9f54501a?s=96&d=mm&r=g\",\"contentUrl\":\"https:\\\/\\\/secure.gravatar.com\\\/avatar\\\/aa9d3d24c83f2141e5e2709d0f63d09a99f6be6bb7a50abc4915838d9f54501a?s=96&d=mm&r=g\",\"caption\":\"Mathieu\"},\"url\":\"https:\\\/\\\/www.altercampagne.net\\\/?author=214\"}]}<\/script>\n<!-- \/ Yoast SEO plugin. -->","yoast_head_json":{"title":"L'AlterTour fera \u00e9tapes en Puisaye du 5 au 8 ao\u00fbt, \u00e0 l'aff\u00fbt de projets pour la transition \u00e9cologique et sociale - AlterTour","robots":{"index":"index","follow":"follow","max-snippet":"max-snippet:-1","max-image-preview":"max-image-preview:large","max-video-preview":"max-video-preview:-1"},"canonical":"https:\/\/www.altercampagne.net\/?p=19377","og_locale":"fr_FR","og_type":"article","og_title":"L'AlterTour fera \u00e9tapes en Puisaye du 5 au 8 ao\u00fbt, \u00e0 l'aff\u00fbt de projets pour la transition \u00e9cologique et sociale - AlterTour","og_description":"Visant \u00e0 promouvoir la transition \u00e9cologique et sociale, l\u2019AlterTour 2020 passera en Puisaye d\u00e9but ao\u00fbt. Le \u00ab\u00a0peloton\u00a0\u00bb est attendu \u00e0 La Californie, au caf\u00e9 associatif de Villeneuve et au P.a.r.c. La 13e \u00e9dition de l\u2019AlterTour roulera de Grenoble (Is\u00e8re) \u00e0 Argenton-sur-Creuse (Indre), entre le 8 juillet et le 23 ao\u00fbt ... Read More","og_url":"https:\/\/www.altercampagne.net\/?p=19377","og_site_name":"AlterTour","article_published_time":"2020-06-18T07:26:00+00:00","article_modified_time":"2021-05-06T08:41:12+00:00","og_image":[{"width":1200,"height":630,"url":"https:\/\/www.altercampagne.net\/wp-content\/uploads\/2020\/09\/AT2020_Photos_Juanfe-340.jpg","type":"image\/jpeg"}],"author":"Mathieu","twitter_card":"summary_large_image","twitter_misc":{"\u00c9crit par":"Mathieu","Dur\u00e9e de lecture estim\u00e9e":"1 minute"},"schema":{"@context":"https:\/\/schema.org","@graph":[{"@type":"Article","@id":"https:\/\/www.altercampagne.net\/?p=19377#article","isPartOf":{"@id":"https:\/\/www.altercampagne.net\/?p=19377"},"author":{"name":"Mathieu","@id":"https:\/\/www.altercampagne.net\/#\/schema\/person\/0f261460c09e430caa0f9bcffa319109"},"headline":"L&rsquo;AlterTour fera \u00e9tapes en Puisaye du 5 au 8 ao\u00fbt, \u00e0 l&rsquo;aff\u00fbt de projets pour la transition \u00e9cologique et sociale","datePublished":"2020-06-18T07:26:00+00:00","dateModified":"2021-05-06T08:41:12+00:00","mainEntityOfPage":{"@id":"https:\/\/www.altercampagne.net\/?p=19377"},"wordCount":288,"image":{"@id":"https:\/\/www.altercampagne.net\/?p=19377#primaryimage"},"thumbnailUrl":"https:\/\/www.altercampagne.net\/wp-content\/uploads\/2020\/09\/AT2020_Photos_Juanfe-340.jpg","keywords":["Toucy","Yonne R\u00e9publicaine"],"articleSection":["AlterTour","Bourgogne-Franche-Comt\u00e9","Edition 2020","Revue de presse"],"inLanguage":"fr-FR"},{"@type":"WebPage","@id":"https:\/\/www.altercampagne.net\/?p=19377","url":"https:\/\/www.altercampagne.net\/?p=19377","name":"L'AlterTour fera \u00e9tapes en Puisaye du 5 au 8 ao\u00fbt, \u00e0 l'aff\u00fbt de projets pour la transition \u00e9cologique et sociale - AlterTour","isPartOf":{"@id":"https:\/\/www.altercampagne.net\/#website"},"primaryImageOfPage":{"@id":"https:\/\/www.altercampagne.net\/?p=19377#primaryimage"},"image":{"@id":"https:\/\/www.altercampagne.net\/?p=19377#primaryimage"},"thumbnailUrl":"https:\/\/www.altercampagne.net\/wp-content\/uploads\/2020\/09\/AT2020_Photos_Juanfe-340.jpg","datePublished":"2020-06-18T07:26:00+00:00","dateModified":"2021-05-06T08:41:12+00:00","author":{"@id":"https:\/\/www.altercampagne.net\/#\/schema\/person\/0f261460c09e430caa0f9bcffa319109"},"breadcrumb":{"@id":"https:\/\/www.altercampagne.net\/?p=19377#breadcrumb"},"inLanguage":"fr-FR","potentialAction":[{"@type":"ReadAction","target":["https:\/\/www.altercampagne.net\/?p=19377"]}]},{"@type":"ImageObject","inLanguage":"fr-FR","@id":"https:\/\/www.altercampagne.net\/?p=19377#primaryimage","url":"https:\/\/www.altercampagne.net\/wp-content\/uploads\/2020\/09\/AT2020_Photos_Juanfe-340.jpg","contentUrl":"https:\/\/www.altercampagne.net\/wp-content\/uploads\/2020\/09\/AT2020_Photos_Juanfe-340.jpg","width":1200,"height":630},{"@type":"BreadcrumbList","@id":"https:\/\/www.altercampagne.net\/?p=19377#breadcrumb","itemListElement":[{"@type":"ListItem","position":1,"name":"Accueil","item":"https:\/\/www.altercampagne.net\/"},{"@type":"ListItem","position":2,"name":"L&rsquo;AlterTour fera \u00e9tapes en Puisaye du 5 au 8 ao\u00fbt, \u00e0 l&rsquo;aff\u00fbt de projets pour la transition \u00e9cologique et sociale"}]},{"@type":"WebSite","@id":"https:\/\/www.altercampagne.net\/#website","url":"https:\/\/www.altercampagne.net\/","name":"AlterTour","description":"Reliez les Alternatives \u00e0 v\u00e9lo","potentialAction":[{"@type":"SearchAction","target":{"@type":"EntryPoint","urlTemplate":"https:\/\/www.altercampagne.net\/?s={search_term_string}"},"query-input":{"@type":"PropertyValueSpecification","valueRequired":true,"valueName":"search_term_string"}}],"inLanguage":"fr-FR"},{"@type":"Person","@id":"https:\/\/www.altercampagne.net\/#\/schema\/person\/0f261460c09e430caa0f9bcffa319109","name":"Mathieu","image":{"@type":"ImageObject","inLanguage":"fr-FR","@id":"https:\/\/secure.gravatar.com\/avatar\/aa9d3d24c83f2141e5e2709d0f63d09a99f6be6bb7a50abc4915838d9f54501a?s=96&d=mm&r=g","url":"https:\/\/secure.gravatar.com\/avatar\/aa9d3d24c83f2141e5e2709d0f63d09a99f6be6bb7a50abc4915838d9f54501a?s=96&d=mm&r=g","contentUrl":"https:\/\/secure.gravatar.com\/avatar\/aa9d3d24c83f2141e5e2709d0f63d09a99f6be6bb7a50abc4915838d9f54501a?s=96&d=mm&r=g","caption":"Mathieu"},"url":"https:\/\/www.altercampagne.net\/?author=214"}]}},"_links":{"self":[{"href":"https:\/\/www.altercampagne.net\/index.php?rest_route=\/wp\/v2\/posts\/19377","targetHints":{"allow":["GET"]}}],"collection":[{"href":"https:\/\/www.altercampagne.net\/index.php?rest_route=\/wp\/v2\/posts"}],"about":[{"href":"https:\/\/www.altercampagne.net\/index.php?rest_route=\/wp\/v2\/types\/post"}],"author":[{"embeddable":true,"href":"https:\/\/www.altercampagne.net\/index.php?rest_route=\/wp\/v2\/users\/214"}],"replies":[{"embeddable":true,"href":"https:\/\/www.altercampagne.net\/index.php?rest_route=%2Fwp%2Fv2%2Fcomments&post=19377"}],"version-history":[{"count":1,"href":"https:\/\/www.altercampagne.net\/index.php?rest_route=\/wp\/v2\/posts\/19377\/revisions"}],"predecessor-version":[{"id":19379,"href":"https:\/\/www.altercampagne.net\/index.php?rest_route=\/wp\/v2\/posts\/19377\/revisions\/19379"}],"wp:featuredmedia":[{"embeddable":true,"href":"https:\/\/www.altercampagne.net\/index.php?rest_route=\/wp\/v2\/media\/19378"}],"wp:attachment":[{"href":"https:\/\/www.altercampagne.net\/index.php?rest_route=%2Fwp%2Fv2%2Fmedia&parent=19377"}],"wp:term":[{"taxonomy":"category","embeddable":true,"href":"https:\/\/www.altercampagne.net\/index.php?rest_route=%2Fwp%2Fv2%2Fcategories&post=19377"},{"taxonomy":"post_tag","embeddable":true,"href":"https:\/\/www.altercampagne.net\/index.php?rest_route=%2Fwp%2Fv2%2Ftags&post=19377"}],"curies":[{"name":"wp","href":"https:\/\/api.w.org\/{rel}","templated":true}]}}