{"id":19380,"date":"2020-08-08T10:00:00","date_gmt":"2020-08-08T08:00:00","guid":{"rendered":"http:\/\/www.altercampagne.net\/?p=19380"},"modified":"2021-05-06T10:36:56","modified_gmt":"2021-05-06T08:36:56","slug":"laltertour-la-randonnee-cycliste-des-alternatives-ecologiques-fait-etape-dans-le-loiret-du-8-au-11-aout","status":"publish","type":"post","link":"https:\/\/www.altercampagne.net\/?p=19380","title":{"rendered":"L&rsquo;AlterTour, la randonn\u00e9e cycliste des alternatives \u00e9cologiques, fait \u00e9tape dans le Loiret du 8 au 11 ao\u00fbt"},"content":{"rendered":"\n<p> L\u2019AlterTour, tour cycliste des alternatives \u00e9cologiques en France, fera \u00e9tape dans le Loiret \u00e0 partir de ce samedi 8 ao\u00fbt et jusqu&rsquo;au 11\u00a0ao\u00fbt, \u00e0 la rencontre d\u2019initiatives citoyennes, de Ch\u00e2lette-sur-Loing \u00e0 Saint-Pryv\u00e9-Saint-Mesmin en passant par Jargeau ou Orl\u00e9ans. <\/p>\n\n\n\n<p>\u00c9v\u00e9nement militant par nature, <strong>l\u2019AlterTour 2020<\/strong> passera par Chalette-sur-Loing, Germigny, Jargeau, Mardi\u00e9, Bou, Orl\u00e9ans, Saint-Pryv\u00e9-Saint-Mesmin. Le \u00ab\u00a0peloton\u00a0\u00bb\u00a0est attendu<strong> \u00e0 <a href=\"https:\/\/www.larep.fr\/chalette-sur-loing-45120\/actualites\/a-chalette-sur-loing-la-ferme-maraichere-s-agrandit-pour-repondre-a-la-demande_13739457\/\" target=\"_blank\" rel=\"noreferrer noopener\" aria-label=\" (s\u2019ouvre dans un nouvel onglet)\">la ferme mara\u00eech\u00e8re en agriculture bio De La Fourche \u00e0 La Fourchette<\/a><\/strong>, \u00e0 Ch\u00e2lette-sur-Loing, d\u00e8s ce samedi 8 ao\u00fbt.<\/p>\n\n\n\n<p>Les participants p\u00e9dalent 3 \u00e0 4&nbsp;heures chaque jour et s\u2019arr\u00eatent pour visiter \u00ab\u00a0<strong>des alternatives, des projets porteurs de solutions pour la transition \u00e9cologique et sociale\u00a0\u00bb<\/strong>.<\/p>\n\n\n\n<h3 class=\"wp-block-heading\">Des initiatives\u2026 et des sujets qui f\u00e2chent<\/h3>\n\n\n\n<p>Le lendemain, visite de<strong> l\u2019Oasis du Dragon \u00e0 Germigny-des-Pr\u00e9s<\/strong>, puis\u00a0une soir\u00e9e festive est pr\u00e9vue \u00e0 l\u2019arriv\u00e9e, sur le site de<strong> la Binette \u00e0 Bou<\/strong>.  La journ\u00e9e du lundi 10 ao\u00fbt sera consacr\u00e9e, annoncent les  organisateurs, \u00ab\u00a0aux luttes pass\u00e9es, pr\u00e9sentes et \u00e0 venir contre  l\u2019artificialisation et la privatisation du monde (<a href=\"https:\/\/www.larep.fr\/orleans-45000\/actualites\/les-anti-deviation-de-jargeau-attirent-la-presse-parisienne-dans-les-bois-massacres-de-latingy-a-mardie_13649145\/\" target=\"_blank\" rel=\"noreferrer noopener\" aria-label=\" (s\u2019ouvre dans un nouvel onglet)\"><strong>le pont de Mardi\u00e9<\/strong><\/a>, le nouveau terrain de<strong> BMX \u00e0 La Chapelle-Saint-Mesmin<\/strong>, le SCOT de la m\u00e9tropole orl\u00e9anaise et<a href=\"https:\/\/www.larep.fr\/orleans-45000\/actualites\/une-association-depose-un-recours-en-justice-contre-le-schema-de-coherence-territoriale-de-la-metropole-d-orleans_13635769\/\" target=\"_blank\" rel=\"noreferrer noopener\" aria-label=\" (s\u2019ouvre dans un nouvel onglet)\"> son projet <strong>d\u2019artificialisation de 845 hectares<\/strong><\/a>, l\u2019eau \u00e0 la M\u00e9tropole d\u2019Orl\u00e9ans,\u00a0<a href=\"https:\/\/www.larep.fr\/saint-jean-de-braye-45800\/actualites\/la-fin-du-long-feuilleton-decathlon-a-saint-jean-de-braye-retour-sur-un-projet-qui-date-de-2007_12751845\/\" target=\"_blank\" rel=\"noreferrer noopener\" aria-label=\" (s\u2019ouvre dans un nouvel onglet)\">le<strong> village Oxylane\/D\u00e9cathlon<\/strong> \u00e0 Saint-Jean-de-Braye<\/a>, la piscine de d\u00e9chets nucl\u00e9aire \u00e0 Belleville,\u00a0etc).\u00a0\u00bb<\/p>\n\n\n\n<p>Lanc\u00e9e le 8&nbsp;juillet de Grenoble,<strong> la 13e&nbsp;\u00e9dition de l\u2019AlterTour <\/strong>doit se conclure \u00e0 Argenton-sur-Creuse (Indre), le 23&nbsp;ao\u00fbt, \u00e0 l\u2019issue d\u2019un p\u00e9riple de 1.200&nbsp;kilom\u00e8tres.<\/p>\n\n\n\n<p>Ce tour cycliste, organis\u00e9 depuis 2004 par le  collectif d\u2019associations AlterCampagne, n\u2019est pas une \u00e9preuve sportive,  mais veut rassembler \u00ab\u00a0une joyeuse bande de citoyen(ne)s, <strong>qui part \u00e0 la rencontre de celles et ceux qui pr\u00e9parent le monde de demain\u00a0\u00bb<\/strong>. Les participants, munis d\u2019un v\u00e9lo et de leur tente, profitent de leur p\u00e9riple pour visiter des lieux atypiques et inspirants. <strong>Chacun participe au nombre d\u2019\u00e9tapes qu\u2019il souhaite<\/strong>. L\u2019AlterTour quittera le Loiret <strong>le 12\u00a0ao\u00fbt<\/strong> pour rejoindre le Loir-et-Cher.<\/p>\n\n\n\n<p class=\"has-text-align-right\"><strong><a href=\"https:\/\/www.larep.fr\/orleans-45000\/actualites\/l-altertour-la-randonnee-cycliste-des-alternatives-ecologiques-fait-etape-dans-le-loiret-du-8-au-11-aout_13820531\/\" target=\"_blank\" rel=\"noreferrer noopener\" aria-label=\"La R\u00e9publique du Centre (s\u2019ouvre dans un nouvel onglet)\">La R\u00e9publique du Centre<\/a><\/strong><\/p>\n","protected":false},"excerpt":{"rendered":"<p>L\u2019AlterTour, tour cycliste des alternatives \u00e9cologiques en France, fera \u00e9tape dans le Loiret \u00e0 partir de ce samedi 8 ao\u00fbt et jusqu&rsquo;au 11\u00a0ao\u00fbt, \u00e0 la rencontre d\u2019initiatives citoyennes, de Ch\u00e2lette-sur-Loing \u00e0 Saint-Pryv\u00e9-Saint-Mesmin en passant par Jargeau ou Orl\u00e9ans. \u00c9v\u00e9nement militant par nature, l\u2019AlterTour 2020 passera par Chalette-sur-Loing, Germigny, Jargeau, Mardi\u00e9, &#8230; <\/p>\n<div><a href=\"https:\/\/www.altercampagne.net\/?p=19380\" class=\"more-link\">Read More<\/a><\/div>\n","protected":false},"author":214,"featured_media":19381,"comment_status":"closed","ping_status":"closed","sticky":false,"template":"","format":"standard","meta":{"footnotes":""},"categories":[4313,3473,3967,239],"tags":[3514,4201,4202,4203,4204,4205,4206],"class_list":["post-19380","post","type-post","status-publish","format-standard","has-post-thumbnail","hentry","category-altertour","category-centre-val-de-loire","category-edition-2020","category-revue-de-presse","tag-orleans","tag-la-republique-du-centre","tag-chalette-sur-loing","tag-saint-pryve-saint-mesmin","tag-de-la-fourche-a-la-fourchette","tag-oasis-du-dragon","tag-germigny-des-pres"],"yoast_head":"<!-- This site is optimized with the Yoast SEO plugin v27.3 - https:\/\/yoast.com\/product\/yoast-seo-wordpress\/ -->\n<title>L&#039;AlterTour, la randonn\u00e9e cycliste des alternatives \u00e9cologiques, fait \u00e9tape dans le Loiret du 8 au 11 ao\u00fbt - AlterTour<\/title>\n<meta name=\"robots\" content=\"index, follow, max-snippet:-1, max-image-preview:large, max-video-preview:-1\" \/>\n<link rel=\"canonical\" href=\"https:\/\/www.altercampagne.net\/?p=19380\" \/>\n<meta property=\"og:locale\" content=\"fr_FR\" \/>\n<meta property=\"og:type\" content=\"article\" \/>\n<meta property=\"og:title\" content=\"L&#039;AlterTour, la randonn\u00e9e cycliste des alternatives \u00e9cologiques, fait \u00e9tape dans le Loiret du 8 au 11 ao\u00fbt - AlterTour\" \/>\n<meta property=\"og:description\" content=\"L\u2019AlterTour, tour cycliste des alternatives \u00e9cologiques en France, fera \u00e9tape dans le Loiret \u00e0 partir de ce samedi 8 ao\u00fbt et jusqu&rsquo;au 11\u00a0ao\u00fbt, \u00e0 la rencontre d\u2019initiatives citoyennes, de Ch\u00e2lette-sur-Loing \u00e0 Saint-Pryv\u00e9-Saint-Mesmin en passant par Jargeau ou Orl\u00e9ans. \u00c9v\u00e9nement militant par nature, l\u2019AlterTour 2020 passera par Chalette-sur-Loing, Germigny, Jargeau, Mardi\u00e9, ... Read More\" \/>\n<meta property=\"og:url\" content=\"https:\/\/www.altercampagne.net\/?p=19380\" \/>\n<meta property=\"og:site_name\" content=\"AlterTour\" \/>\n<meta property=\"article:published_time\" content=\"2020-08-08T08:00:00+00:00\" \/>\n<meta property=\"article:modified_time\" content=\"2021-05-06T08:36:56+00:00\" \/>\n<meta property=\"og:image\" content=\"https:\/\/www.altercampagne.net\/wp-content\/uploads\/2020\/09\/AT2020_Photos_Juanfe-346.jpg\" \/>\n\t<meta property=\"og:image:width\" content=\"1200\" \/>\n\t<meta property=\"og:image:height\" content=\"630\" \/>\n\t<meta property=\"og:image:type\" content=\"image\/jpeg\" \/>\n<meta name=\"author\" content=\"Mathieu\" \/>\n<meta name=\"twitter:card\" content=\"summary_large_image\" \/>\n<meta name=\"twitter:label1\" content=\"\u00c9crit par\" \/>\n\t<meta name=\"twitter:data1\" content=\"Mathieu\" \/>\n\t<meta name=\"twitter:label2\" content=\"Dur\u00e9e de lecture estim\u00e9e\" \/>\n\t<meta name=\"twitter:data2\" content=\"2 minutes\" \/>\n<script type=\"application\/ld+json\" class=\"yoast-schema-graph\">{\"@context\":\"https:\\\/\\\/schema.org\",\"@graph\":[{\"@type\":\"Article\",\"@id\":\"https:\\\/\\\/www.altercampagne.net\\\/?p=19380#article\",\"isPartOf\":{\"@id\":\"https:\\\/\\\/www.altercampagne.net\\\/?p=19380\"},\"author\":{\"name\":\"Mathieu\",\"@id\":\"https:\\\/\\\/www.altercampagne.net\\\/#\\\/schema\\\/person\\\/0f261460c09e430caa0f9bcffa319109\"},\"headline\":\"L&rsquo;AlterTour, la randonn\u00e9e cycliste des alternatives \u00e9cologiques, fait \u00e9tape dans le Loiret du 8 au 11 ao\u00fbt\",\"datePublished\":\"2020-08-08T08:00:00+00:00\",\"dateModified\":\"2021-05-06T08:36:56+00:00\",\"mainEntityOfPage\":{\"@id\":\"https:\\\/\\\/www.altercampagne.net\\\/?p=19380\"},\"wordCount\":368,\"image\":{\"@id\":\"https:\\\/\\\/www.altercampagne.net\\\/?p=19380#primaryimage\"},\"thumbnailUrl\":\"https:\\\/\\\/www.altercampagne.net\\\/wp-content\\\/uploads\\\/2020\\\/09\\\/AT2020_Photos_Juanfe-346.jpg\",\"keywords\":[\"Orl\u00e9ans\",\"La R\u00e9publique du Centre\",\"Ch\u00e2lette-sur-Loing\",\"Saint-Pryv\u00e9-Saint-Mesmin\",\"De La Fourche \u00e0 La Fourchette\",\"Oasis du Dragon\",\"Germigny-des-Pr\u00e9s\"],\"articleSection\":[\"AlterTour\",\"Centre-Val de Loire\",\"Edition 2020\",\"Revue de presse\"],\"inLanguage\":\"fr-FR\"},{\"@type\":\"WebPage\",\"@id\":\"https:\\\/\\\/www.altercampagne.net\\\/?p=19380\",\"url\":\"https:\\\/\\\/www.altercampagne.net\\\/?p=19380\",\"name\":\"L'AlterTour, la randonn\u00e9e cycliste des alternatives \u00e9cologiques, fait \u00e9tape dans le Loiret du 8 au 11 ao\u00fbt - AlterTour\",\"isPartOf\":{\"@id\":\"https:\\\/\\\/www.altercampagne.net\\\/#website\"},\"primaryImageOfPage\":{\"@id\":\"https:\\\/\\\/www.altercampagne.net\\\/?p=19380#primaryimage\"},\"image\":{\"@id\":\"https:\\\/\\\/www.altercampagne.net\\\/?p=19380#primaryimage\"},\"thumbnailUrl\":\"https:\\\/\\\/www.altercampagne.net\\\/wp-content\\\/uploads\\\/2020\\\/09\\\/AT2020_Photos_Juanfe-346.jpg\",\"datePublished\":\"2020-08-08T08:00:00+00:00\",\"dateModified\":\"2021-05-06T08:36:56+00:00\",\"author\":{\"@id\":\"https:\\\/\\\/www.altercampagne.net\\\/#\\\/schema\\\/person\\\/0f261460c09e430caa0f9bcffa319109\"},\"breadcrumb\":{\"@id\":\"https:\\\/\\\/www.altercampagne.net\\\/?p=19380#breadcrumb\"},\"inLanguage\":\"fr-FR\",\"potentialAction\":[{\"@type\":\"ReadAction\",\"target\":[\"https:\\\/\\\/www.altercampagne.net\\\/?p=19380\"]}]},{\"@type\":\"ImageObject\",\"inLanguage\":\"fr-FR\",\"@id\":\"https:\\\/\\\/www.altercampagne.net\\\/?p=19380#primaryimage\",\"url\":\"https:\\\/\\\/www.altercampagne.net\\\/wp-content\\\/uploads\\\/2020\\\/09\\\/AT2020_Photos_Juanfe-346.jpg\",\"contentUrl\":\"https:\\\/\\\/www.altercampagne.net\\\/wp-content\\\/uploads\\\/2020\\\/09\\\/AT2020_Photos_Juanfe-346.jpg\",\"width\":1200,\"height\":630},{\"@type\":\"BreadcrumbList\",\"@id\":\"https:\\\/\\\/www.altercampagne.net\\\/?p=19380#breadcrumb\",\"itemListElement\":[{\"@type\":\"ListItem\",\"position\":1,\"name\":\"Accueil\",\"item\":\"https:\\\/\\\/www.altercampagne.net\\\/\"},{\"@type\":\"ListItem\",\"position\":2,\"name\":\"L&rsquo;AlterTour, la randonn\u00e9e cycliste des alternatives \u00e9cologiques, fait \u00e9tape dans le Loiret du 8 au 11 ao\u00fbt\"}]},{\"@type\":\"WebSite\",\"@id\":\"https:\\\/\\\/www.altercampagne.net\\\/#website\",\"url\":\"https:\\\/\\\/www.altercampagne.net\\\/\",\"name\":\"AlterTour\",\"description\":\"Reliez les Alternatives \u00e0 v\u00e9lo\",\"potentialAction\":[{\"@type\":\"SearchAction\",\"target\":{\"@type\":\"EntryPoint\",\"urlTemplate\":\"https:\\\/\\\/www.altercampagne.net\\\/?s={search_term_string}\"},\"query-input\":{\"@type\":\"PropertyValueSpecification\",\"valueRequired\":true,\"valueName\":\"search_term_string\"}}],\"inLanguage\":\"fr-FR\"},{\"@type\":\"Person\",\"@id\":\"https:\\\/\\\/www.altercampagne.net\\\/#\\\/schema\\\/person\\\/0f261460c09e430caa0f9bcffa319109\",\"name\":\"Mathieu\",\"image\":{\"@type\":\"ImageObject\",\"inLanguage\":\"fr-FR\",\"@id\":\"https:\\\/\\\/secure.gravatar.com\\\/avatar\\\/aa9d3d24c83f2141e5e2709d0f63d09a99f6be6bb7a50abc4915838d9f54501a?s=96&d=mm&r=g\",\"url\":\"https:\\\/\\\/secure.gravatar.com\\\/avatar\\\/aa9d3d24c83f2141e5e2709d0f63d09a99f6be6bb7a50abc4915838d9f54501a?s=96&d=mm&r=g\",\"contentUrl\":\"https:\\\/\\\/secure.gravatar.com\\\/avatar\\\/aa9d3d24c83f2141e5e2709d0f63d09a99f6be6bb7a50abc4915838d9f54501a?s=96&d=mm&r=g\",\"caption\":\"Mathieu\"},\"url\":\"https:\\\/\\\/www.altercampagne.net\\\/?author=214\"}]}<\/script>\n<!-- \/ Yoast SEO plugin. -->","yoast_head_json":{"title":"L'AlterTour, la randonn\u00e9e cycliste des alternatives \u00e9cologiques, fait \u00e9tape dans le Loiret du 8 au 11 ao\u00fbt - AlterTour","robots":{"index":"index","follow":"follow","max-snippet":"max-snippet:-1","max-image-preview":"max-image-preview:large","max-video-preview":"max-video-preview:-1"},"canonical":"https:\/\/www.altercampagne.net\/?p=19380","og_locale":"fr_FR","og_type":"article","og_title":"L'AlterTour, la randonn\u00e9e cycliste des alternatives \u00e9cologiques, fait \u00e9tape dans le Loiret du 8 au 11 ao\u00fbt - AlterTour","og_description":"L\u2019AlterTour, tour cycliste des alternatives \u00e9cologiques en France, fera \u00e9tape dans le Loiret \u00e0 partir de ce samedi 8 ao\u00fbt et jusqu&rsquo;au 11\u00a0ao\u00fbt, \u00e0 la rencontre d\u2019initiatives citoyennes, de Ch\u00e2lette-sur-Loing \u00e0 Saint-Pryv\u00e9-Saint-Mesmin en passant par Jargeau ou Orl\u00e9ans. \u00c9v\u00e9nement militant par nature, l\u2019AlterTour 2020 passera par Chalette-sur-Loing, Germigny, Jargeau, Mardi\u00e9, ... Read More","og_url":"https:\/\/www.altercampagne.net\/?p=19380","og_site_name":"AlterTour","article_published_time":"2020-08-08T08:00:00+00:00","article_modified_time":"2021-05-06T08:36:56+00:00","og_image":[{"width":1200,"height":630,"url":"https:\/\/www.altercampagne.net\/wp-content\/uploads\/2020\/09\/AT2020_Photos_Juanfe-346.jpg","type":"image\/jpeg"}],"author":"Mathieu","twitter_card":"summary_large_image","twitter_misc":{"\u00c9crit par":"Mathieu","Dur\u00e9e de lecture estim\u00e9e":"2 minutes"},"schema":{"@context":"https:\/\/schema.org","@graph":[{"@type":"Article","@id":"https:\/\/www.altercampagne.net\/?p=19380#article","isPartOf":{"@id":"https:\/\/www.altercampagne.net\/?p=19380"},"author":{"name":"Mathieu","@id":"https:\/\/www.altercampagne.net\/#\/schema\/person\/0f261460c09e430caa0f9bcffa319109"},"headline":"L&rsquo;AlterTour, la randonn\u00e9e cycliste des alternatives \u00e9cologiques, fait \u00e9tape dans le Loiret du 8 au 11 ao\u00fbt","datePublished":"2020-08-08T08:00:00+00:00","dateModified":"2021-05-06T08:36:56+00:00","mainEntityOfPage":{"@id":"https:\/\/www.altercampagne.net\/?p=19380"},"wordCount":368,"image":{"@id":"https:\/\/www.altercampagne.net\/?p=19380#primaryimage"},"thumbnailUrl":"https:\/\/www.altercampagne.net\/wp-content\/uploads\/2020\/09\/AT2020_Photos_Juanfe-346.jpg","keywords":["Orl\u00e9ans","La R\u00e9publique du Centre","Ch\u00e2lette-sur-Loing","Saint-Pryv\u00e9-Saint-Mesmin","De La Fourche \u00e0 La Fourchette","Oasis du Dragon","Germigny-des-Pr\u00e9s"],"articleSection":["AlterTour","Centre-Val de Loire","Edition 2020","Revue de presse"],"inLanguage":"fr-FR"},{"@type":"WebPage","@id":"https:\/\/www.altercampagne.net\/?p=19380","url":"https:\/\/www.altercampagne.net\/?p=19380","name":"L'AlterTour, la randonn\u00e9e cycliste des alternatives \u00e9cologiques, fait \u00e9tape dans le Loiret du 8 au 11 ao\u00fbt - AlterTour","isPartOf":{"@id":"https:\/\/www.altercampagne.net\/#website"},"primaryImageOfPage":{"@id":"https:\/\/www.altercampagne.net\/?p=19380#primaryimage"},"image":{"@id":"https:\/\/www.altercampagne.net\/?p=19380#primaryimage"},"thumbnailUrl":"https:\/\/www.altercampagne.net\/wp-content\/uploads\/2020\/09\/AT2020_Photos_Juanfe-346.jpg","datePublished":"2020-08-08T08:00:00+00:00","dateModified":"2021-05-06T08:36:56+00:00","author":{"@id":"https:\/\/www.altercampagne.net\/#\/schema\/person\/0f261460c09e430caa0f9bcffa319109"},"breadcrumb":{"@id":"https:\/\/www.altercampagne.net\/?p=19380#breadcrumb"},"inLanguage":"fr-FR","potentialAction":[{"@type":"ReadAction","target":["https:\/\/www.altercampagne.net\/?p=19380"]}]},{"@type":"ImageObject","inLanguage":"fr-FR","@id":"https:\/\/www.altercampagne.net\/?p=19380#primaryimage","url":"https:\/\/www.altercampagne.net\/wp-content\/uploads\/2020\/09\/AT2020_Photos_Juanfe-346.jpg","contentUrl":"https:\/\/www.altercampagne.net\/wp-content\/uploads\/2020\/09\/AT2020_Photos_Juanfe-346.jpg","width":1200,"height":630},{"@type":"BreadcrumbList","@id":"https:\/\/www.altercampagne.net\/?p=19380#breadcrumb","itemListElement":[{"@type":"ListItem","position":1,"name":"Accueil","item":"https:\/\/www.altercampagne.net\/"},{"@type":"ListItem","position":2,"name":"L&rsquo;AlterTour, la randonn\u00e9e cycliste des alternatives \u00e9cologiques, fait \u00e9tape dans le Loiret du 8 au 11 ao\u00fbt"}]},{"@type":"WebSite","@id":"https:\/\/www.altercampagne.net\/#website","url":"https:\/\/www.altercampagne.net\/","name":"AlterTour","description":"Reliez les Alternatives \u00e0 v\u00e9lo","potentialAction":[{"@type":"SearchAction","target":{"@type":"EntryPoint","urlTemplate":"https:\/\/www.altercampagne.net\/?s={search_term_string}"},"query-input":{"@type":"PropertyValueSpecification","valueRequired":true,"valueName":"search_term_string"}}],"inLanguage":"fr-FR"},{"@type":"Person","@id":"https:\/\/www.altercampagne.net\/#\/schema\/person\/0f261460c09e430caa0f9bcffa319109","name":"Mathieu","image":{"@type":"ImageObject","inLanguage":"fr-FR","@id":"https:\/\/secure.gravatar.com\/avatar\/aa9d3d24c83f2141e5e2709d0f63d09a99f6be6bb7a50abc4915838d9f54501a?s=96&d=mm&r=g","url":"https:\/\/secure.gravatar.com\/avatar\/aa9d3d24c83f2141e5e2709d0f63d09a99f6be6bb7a50abc4915838d9f54501a?s=96&d=mm&r=g","contentUrl":"https:\/\/secure.gravatar.com\/avatar\/aa9d3d24c83f2141e5e2709d0f63d09a99f6be6bb7a50abc4915838d9f54501a?s=96&d=mm&r=g","caption":"Mathieu"},"url":"https:\/\/www.altercampagne.net\/?author=214"}]}},"_links":{"self":[{"href":"https:\/\/www.altercampagne.net\/index.php?rest_route=\/wp\/v2\/posts\/19380","targetHints":{"allow":["GET"]}}],"collection":[{"href":"https:\/\/www.altercampagne.net\/index.php?rest_route=\/wp\/v2\/posts"}],"about":[{"href":"https:\/\/www.altercampagne.net\/index.php?rest_route=\/wp\/v2\/types\/post"}],"author":[{"embeddable":true,"href":"https:\/\/www.altercampagne.net\/index.php?rest_route=\/wp\/v2\/users\/214"}],"replies":[{"embeddable":true,"href":"https:\/\/www.altercampagne.net\/index.php?rest_route=%2Fwp%2Fv2%2Fcomments&post=19380"}],"version-history":[{"count":2,"href":"https:\/\/www.altercampagne.net\/index.php?rest_route=\/wp\/v2\/posts\/19380\/revisions"}],"predecessor-version":[{"id":19383,"href":"https:\/\/www.altercampagne.net\/index.php?rest_route=\/wp\/v2\/posts\/19380\/revisions\/19383"}],"wp:featuredmedia":[{"embeddable":true,"href":"https:\/\/www.altercampagne.net\/index.php?rest_route=\/wp\/v2\/media\/19381"}],"wp:attachment":[{"href":"https:\/\/www.altercampagne.net\/index.php?rest_route=%2Fwp%2Fv2%2Fmedia&parent=19380"}],"wp:term":[{"taxonomy":"category","embeddable":true,"href":"https:\/\/www.altercampagne.net\/index.php?rest_route=%2Fwp%2Fv2%2Fcategories&post=19380"},{"taxonomy":"post_tag","embeddable":true,"href":"https:\/\/www.altercampagne.net\/index.php?rest_route=%2Fwp%2Fv2%2Ftags&post=19380"}],"curies":[{"name":"wp","href":"https:\/\/api.w.org\/{rel}","templated":true}]}}