{"id":19384,"date":"2020-08-21T11:49:00","date_gmt":"2020-08-21T09:49:00","guid":{"rendered":"http:\/\/www.altercampagne.net\/?p=19384"},"modified":"2021-05-06T10:36:55","modified_gmt":"2021-05-06T08:36:55","slug":"indre-laltertour-a-fait-escale-a-pellevoisin","status":"publish","type":"post","link":"https:\/\/www.altercampagne.net\/?p=19384","title":{"rendered":"Indre : L&rsquo;AlterTour a fait escale \u00e0 Pellevoisin"},"content":{"rendered":"\n<p> Les cyclistes du tour \u00e0 v\u00e9lo participatif ont fait escale au Relais des Pas Sages, \u00e0 Pellevoisin, hier. Au programme : jeux, ateliers et concert. <\/p>\n\n\n\n<p> Dans la campagne berrichonne, aux alentours de Pellevoisin, pas une \u00e2me  ne semble vagabonder \u00e0 l\u2019horizon. Et pourtant, il y en a, des amoureux  de la nature venus se ressourcer dans le Berry, ce jeudi. Il faut oser  s\u2019aventurer au bout d\u2019un \u00e9troit chemin, avant l\u2019entr\u00e9e du bourg, pour  d\u00e9couvrir la douce \u00e9mulation qui anime le corps de ferme de  l\u2019association \u00ab\u00a0Le Relais des Pas Sages\u00a0\u00bb.<br> Pas moins d\u2019une  soixantaine de personnes s\u2019affairent, tout autour de la vieille b\u00e2tisse  en pierre, dans une sorte de s\u00e9r\u00e9nit\u00e9 imperturbable. Lire, jouer,  bricoler, chanter, monter, apprendre\u2026 les occupations des uns et des  autres sont nombreuses. En temps normal, c\u2019est une autre activit\u00e9 qui  remplit leurs journ\u00e9es\u00a0: p\u00e9daler. <\/p>\n\n\n\n<h2 class=\"wp-block-heading\"> De Grenoble \u00e0 Pellevoisin  <\/h2>\n\n\n\n<p>Depuis  le 8\u00a0juillet, des citoyens de tout horizon se sont lanc\u00e9 le d\u00e9fi de  rejoindre le peloton de cyclistes de l\u2019AlterTour, un tour de France des  alternatives \u00e9cologiques. Apr\u00e8s Grenoble, Beaune ou encore Blois, c\u2019est \u00e0  Pellevoisin que petits et grands ont fait escale, mercredi, avant leur  arriv\u00e9e finale pr\u00e9vue samedi 22\u00a0ao\u00fbt, \u00e0 Argenton-sur-Creuse.<br> Le choix de fixer leur campement au Relais des Pas Sages, lieu de culture et d\u2019\u00e9changes, \u00e9tait \u00e9vident. <em>\u00ab\u00a0Il nous fallait un endroit qui pouvait accueillir autant de monde\u00a0\u00bb<\/em>, explique un des membres de l\u2019organisation de l\u2019AlterTour, Bruno Cl\u00e9mentin.<br> Apr\u00e8s les 67\u00a0km effectu\u00e9s la veille, l\u2019heure est \u00e0 la d\u00e9tente bien m\u00e9rit\u00e9e. Marine, 20\u00a0ans, savoure. <em>\u00ab\u00a0On a bien morfl\u00e9 mercredi. Je ne pensais pas que \u00e7a montait autant dans le Berry\u00a0\u00bb<\/em>,  confie cette Bretonne arriv\u00e9e sur l\u2019AlterTour, il y a trois jours.  Parmi les activit\u00e9s propos\u00e9es pendant ce jour \u00ab\u00a0off\u00a0\u00bb, Marine a choisi  de participer \u00e0 la r\u00e9alisation d\u2019une \u00e9mission de t\u00e9l\u00e9vision encadr\u00e9e par  Map 36. <em>\u00ab\u00a0Sur l\u2019AlterTour, on fait plut\u00f4t des chantiers participatifs. Cet atelier audiovisuel, c\u2019est moins physique\u00a0\u00bb,<\/em> sourit la jeune femme.<br>  Aux constructions de si\u00e8ges en palettes ou d\u2019un bar, Sarah, 29\u00a0ans et  David, 33\u00a0ans, ont pr\u00e9f\u00e9r\u00e9 la d\u00e9couverte de jeux artisanaux. Leur d\u00e9volu  s\u2019est jet\u00e9 sur une variante de l\u2019Othello. Attabl\u00e9s devant un plateau carr\u00e9, ils posent successivement leurs pions, sans pr\u00eater une quelconque  attention aux enfants qui vadrouillent entre le jeu de la Grenouille et  les palets. Pour le Poitevin, aussi ce jour de d\u00e9tente est bienvenu. <em>\u00ab\u00a0P\u00e9daler avec des bagages, \u00e7a rajoute de la difficult\u00e9.\u00a0\u00bb<\/em><br>  Heureusement, la soir\u00e9e s\u2019annonce tout aussi reposante. Apr\u00e8s la  diffusion de l\u2019\u00e9mission de t\u00e9l\u00e9vision, les cyclistes ont profit\u00e9 d\u2019un  concert du groupe de musique folk La Claie des Champs. De quoi redonner du courage \u00e0 la troupe pour les deux derniers jours\u00a0!  <\/p>\n\n\n\n<p>\u00e0 suivre<\/p>\n\n\n\n<p>AUJOURD\u2019HUI<br> >\u00a012\u00a0h\u00a030\u00a0: arriv\u00e9e \u00e0 Ch\u00e2teauroux. <br>  >\u00a014\u00a0h\u00a030 \u00e0 16\u00a0h\u00a030\u00a0: temps de discussion sur les mobilit\u00e9s avec  l\u2019association Chateau\u2019roule puis visite guid\u00e9e \u00e0 v\u00e9lo des points noirs  pour les v\u00e9los, des pistes cyclables temporaires et des am\u00e9nagements \u00e0 venir. <br> >\u00a017\u00a0h\u00a030\u00a0: arriv\u00e9e \u00e0 Coings. <br> >\u00a021\u00a0h \u00e0 23\u00a0h\u00a0: soir\u00e9e d\u2019\u00e9changes sur les \u00ab\u00a0\u00e9ducations nouvelles\u00a0\u00bb. De quoi parle-t-on\u00a0?  Pour quoi faire\u00a0? avec GFEN, \u00c9ducation Active, \u00c9ducation nouvelle, Freinet, Montessori, \u00c9cole \u00e0 la maison, Adear 36-Conf.<br> DEMAIN<br> >\u00a016\u00a0h\u00a0: arriv\u00e9e finale \u00e0 Argenton-sur-Creuse.<br>  >\u00a017\u00a0h\u00a030\u00a0: accueil au jardin de la Grenouille et causeries (Territoire z\u00e9ro ch\u00f4meur de longue dur\u00e9e, lutte contre le barrage d\u2019\u00c9guzon, comit\u00e9 de d\u00e9fense de la gare d\u2019Argenton).<br> >\u00a021\u00a0h \u00e0  1\u00a0h\u00a0: discussion sur la fili\u00e8re brassicole paysanne et soir\u00e9e festive  avec Accoud\u00e9o, bar bio paysan local et bal trad anim\u00e9 par les Genoux.<\/p>\n\n\n\n<p class=\"has-text-align-right\"><strong><a href=\"https:\/\/www.lanouvellerepublique.fr\/indre\/commune\/pellevoisin\/indre-l-altertour-a-fait-escale-a-pellevoisin\" target=\"_blank\" rel=\"noreferrer noopener\" aria-label=\"Oriane CUENOUD, La Nouvelle R\u00e9publique (s\u2019ouvre dans un nouvel onglet)\">Oriane CUENOUD, La Nouvelle R\u00e9publique<\/a><\/strong><\/p>\n","protected":false},"excerpt":{"rendered":"<p>Les cyclistes du tour \u00e0 v\u00e9lo participatif ont fait escale au Relais des Pas Sages, \u00e0 Pellevoisin, hier. Au programme : jeux, ateliers et concert. Dans la campagne berrichonne, aux alentours de Pellevoisin, pas une \u00e2me ne semble vagabonder \u00e0 l\u2019horizon. Et pourtant, il y en a, des amoureux de &#8230; <\/p>\n<div><a href=\"https:\/\/www.altercampagne.net\/?p=19384\" class=\"more-link\">Read More<\/a><\/div>\n","protected":false},"author":214,"featured_media":19385,"comment_status":"closed","ping_status":"closed","sticky":false,"template":"","format":"standard","meta":{"footnotes":""},"categories":[4313,3473,3967,239],"tags":[674,4169,4207],"class_list":["post-19384","post","type-post","status-publish","format-standard","has-post-thumbnail","hentry","category-altertour","category-centre-val-de-loire","category-edition-2020","category-revue-de-presse","tag-la-nouvelle-republique","tag-indre","tag-pellevoisin"],"yoast_head":"<!-- This site is optimized with the Yoast SEO plugin v27.3 - https:\/\/yoast.com\/product\/yoast-seo-wordpress\/ -->\n<title>Indre : L&#039;AlterTour a fait escale \u00e0 Pellevoisin - AlterTour<\/title>\n<meta name=\"robots\" content=\"index, follow, max-snippet:-1, max-image-preview:large, max-video-preview:-1\" \/>\n<link rel=\"canonical\" href=\"https:\/\/www.altercampagne.net\/?p=19384\" \/>\n<meta property=\"og:locale\" content=\"fr_FR\" \/>\n<meta property=\"og:type\" content=\"article\" \/>\n<meta property=\"og:title\" content=\"Indre : L&#039;AlterTour a fait escale \u00e0 Pellevoisin - AlterTour\" \/>\n<meta property=\"og:description\" content=\"Les cyclistes du tour \u00e0 v\u00e9lo participatif ont fait escale au Relais des Pas Sages, \u00e0 Pellevoisin, hier. Au programme : jeux, ateliers et concert. Dans la campagne berrichonne, aux alentours de Pellevoisin, pas une \u00e2me ne semble vagabonder \u00e0 l\u2019horizon. Et pourtant, il y en a, des amoureux de ... Read More\" \/>\n<meta property=\"og:url\" content=\"https:\/\/www.altercampagne.net\/?p=19384\" \/>\n<meta property=\"og:site_name\" content=\"AlterTour\" \/>\n<meta property=\"article:published_time\" content=\"2020-08-21T09:49:00+00:00\" \/>\n<meta property=\"article:modified_time\" content=\"2021-05-06T08:36:55+00:00\" \/>\n<meta property=\"og:image\" content=\"https:\/\/www.altercampagne.net\/wp-content\/uploads\/2020\/09\/DSC0865.jpg\" \/>\n\t<meta property=\"og:image:width\" content=\"1200\" \/>\n\t<meta property=\"og:image:height\" content=\"630\" \/>\n\t<meta property=\"og:image:type\" content=\"image\/jpeg\" \/>\n<meta name=\"author\" content=\"Mathieu\" \/>\n<meta name=\"twitter:card\" content=\"summary_large_image\" \/>\n<meta name=\"twitter:label1\" content=\"\u00c9crit par\" \/>\n\t<meta name=\"twitter:data1\" content=\"Mathieu\" \/>\n\t<meta name=\"twitter:label2\" content=\"Dur\u00e9e de lecture estim\u00e9e\" \/>\n\t<meta name=\"twitter:data2\" content=\"3 minutes\" \/>\n<script type=\"application\/ld+json\" class=\"yoast-schema-graph\">{\"@context\":\"https:\\\/\\\/schema.org\",\"@graph\":[{\"@type\":\"Article\",\"@id\":\"https:\\\/\\\/www.altercampagne.net\\\/?p=19384#article\",\"isPartOf\":{\"@id\":\"https:\\\/\\\/www.altercampagne.net\\\/?p=19384\"},\"author\":{\"name\":\"Mathieu\",\"@id\":\"https:\\\/\\\/www.altercampagne.net\\\/#\\\/schema\\\/person\\\/0f261460c09e430caa0f9bcffa319109\"},\"headline\":\"Indre : L&rsquo;AlterTour a fait escale \u00e0 Pellevoisin\",\"datePublished\":\"2020-08-21T09:49:00+00:00\",\"dateModified\":\"2021-05-06T08:36:55+00:00\",\"mainEntityOfPage\":{\"@id\":\"https:\\\/\\\/www.altercampagne.net\\\/?p=19384\"},\"wordCount\":649,\"image\":{\"@id\":\"https:\\\/\\\/www.altercampagne.net\\\/?p=19384#primaryimage\"},\"thumbnailUrl\":\"https:\\\/\\\/www.altercampagne.net\\\/wp-content\\\/uploads\\\/2020\\\/09\\\/DSC0865.jpg\",\"keywords\":[\"la nouvelle r\u00e9publique\",\"Indre\",\"Pellevoisin\"],\"articleSection\":[\"AlterTour\",\"Centre-Val de Loire\",\"Edition 2020\",\"Revue de presse\"],\"inLanguage\":\"fr-FR\"},{\"@type\":\"WebPage\",\"@id\":\"https:\\\/\\\/www.altercampagne.net\\\/?p=19384\",\"url\":\"https:\\\/\\\/www.altercampagne.net\\\/?p=19384\",\"name\":\"Indre : L'AlterTour a fait escale \u00e0 Pellevoisin - AlterTour\",\"isPartOf\":{\"@id\":\"https:\\\/\\\/www.altercampagne.net\\\/#website\"},\"primaryImageOfPage\":{\"@id\":\"https:\\\/\\\/www.altercampagne.net\\\/?p=19384#primaryimage\"},\"image\":{\"@id\":\"https:\\\/\\\/www.altercampagne.net\\\/?p=19384#primaryimage\"},\"thumbnailUrl\":\"https:\\\/\\\/www.altercampagne.net\\\/wp-content\\\/uploads\\\/2020\\\/09\\\/DSC0865.jpg\",\"datePublished\":\"2020-08-21T09:49:00+00:00\",\"dateModified\":\"2021-05-06T08:36:55+00:00\",\"author\":{\"@id\":\"https:\\\/\\\/www.altercampagne.net\\\/#\\\/schema\\\/person\\\/0f261460c09e430caa0f9bcffa319109\"},\"breadcrumb\":{\"@id\":\"https:\\\/\\\/www.altercampagne.net\\\/?p=19384#breadcrumb\"},\"inLanguage\":\"fr-FR\",\"potentialAction\":[{\"@type\":\"ReadAction\",\"target\":[\"https:\\\/\\\/www.altercampagne.net\\\/?p=19384\"]}]},{\"@type\":\"ImageObject\",\"inLanguage\":\"fr-FR\",\"@id\":\"https:\\\/\\\/www.altercampagne.net\\\/?p=19384#primaryimage\",\"url\":\"https:\\\/\\\/www.altercampagne.net\\\/wp-content\\\/uploads\\\/2020\\\/09\\\/DSC0865.jpg\",\"contentUrl\":\"https:\\\/\\\/www.altercampagne.net\\\/wp-content\\\/uploads\\\/2020\\\/09\\\/DSC0865.jpg\",\"width\":1200,\"height\":630},{\"@type\":\"BreadcrumbList\",\"@id\":\"https:\\\/\\\/www.altercampagne.net\\\/?p=19384#breadcrumb\",\"itemListElement\":[{\"@type\":\"ListItem\",\"position\":1,\"name\":\"Accueil\",\"item\":\"https:\\\/\\\/www.altercampagne.net\\\/\"},{\"@type\":\"ListItem\",\"position\":2,\"name\":\"Indre : L&rsquo;AlterTour a fait escale \u00e0 Pellevoisin\"}]},{\"@type\":\"WebSite\",\"@id\":\"https:\\\/\\\/www.altercampagne.net\\\/#website\",\"url\":\"https:\\\/\\\/www.altercampagne.net\\\/\",\"name\":\"AlterTour\",\"description\":\"Reliez les Alternatives \u00e0 v\u00e9lo\",\"potentialAction\":[{\"@type\":\"SearchAction\",\"target\":{\"@type\":\"EntryPoint\",\"urlTemplate\":\"https:\\\/\\\/www.altercampagne.net\\\/?s={search_term_string}\"},\"query-input\":{\"@type\":\"PropertyValueSpecification\",\"valueRequired\":true,\"valueName\":\"search_term_string\"}}],\"inLanguage\":\"fr-FR\"},{\"@type\":\"Person\",\"@id\":\"https:\\\/\\\/www.altercampagne.net\\\/#\\\/schema\\\/person\\\/0f261460c09e430caa0f9bcffa319109\",\"name\":\"Mathieu\",\"image\":{\"@type\":\"ImageObject\",\"inLanguage\":\"fr-FR\",\"@id\":\"https:\\\/\\\/secure.gravatar.com\\\/avatar\\\/aa9d3d24c83f2141e5e2709d0f63d09a99f6be6bb7a50abc4915838d9f54501a?s=96&d=mm&r=g\",\"url\":\"https:\\\/\\\/secure.gravatar.com\\\/avatar\\\/aa9d3d24c83f2141e5e2709d0f63d09a99f6be6bb7a50abc4915838d9f54501a?s=96&d=mm&r=g\",\"contentUrl\":\"https:\\\/\\\/secure.gravatar.com\\\/avatar\\\/aa9d3d24c83f2141e5e2709d0f63d09a99f6be6bb7a50abc4915838d9f54501a?s=96&d=mm&r=g\",\"caption\":\"Mathieu\"},\"url\":\"https:\\\/\\\/www.altercampagne.net\\\/?author=214\"}]}<\/script>\n<!-- \/ Yoast SEO plugin. -->","yoast_head_json":{"title":"Indre : L'AlterTour a fait escale \u00e0 Pellevoisin - AlterTour","robots":{"index":"index","follow":"follow","max-snippet":"max-snippet:-1","max-image-preview":"max-image-preview:large","max-video-preview":"max-video-preview:-1"},"canonical":"https:\/\/www.altercampagne.net\/?p=19384","og_locale":"fr_FR","og_type":"article","og_title":"Indre : L'AlterTour a fait escale \u00e0 Pellevoisin - AlterTour","og_description":"Les cyclistes du tour \u00e0 v\u00e9lo participatif ont fait escale au Relais des Pas Sages, \u00e0 Pellevoisin, hier. Au programme : jeux, ateliers et concert. Dans la campagne berrichonne, aux alentours de Pellevoisin, pas une \u00e2me ne semble vagabonder \u00e0 l\u2019horizon. Et pourtant, il y en a, des amoureux de ... Read More","og_url":"https:\/\/www.altercampagne.net\/?p=19384","og_site_name":"AlterTour","article_published_time":"2020-08-21T09:49:00+00:00","article_modified_time":"2021-05-06T08:36:55+00:00","og_image":[{"width":1200,"height":630,"url":"https:\/\/www.altercampagne.net\/wp-content\/uploads\/2020\/09\/DSC0865.jpg","type":"image\/jpeg"}],"author":"Mathieu","twitter_card":"summary_large_image","twitter_misc":{"\u00c9crit par":"Mathieu","Dur\u00e9e de lecture estim\u00e9e":"3 minutes"},"schema":{"@context":"https:\/\/schema.org","@graph":[{"@type":"Article","@id":"https:\/\/www.altercampagne.net\/?p=19384#article","isPartOf":{"@id":"https:\/\/www.altercampagne.net\/?p=19384"},"author":{"name":"Mathieu","@id":"https:\/\/www.altercampagne.net\/#\/schema\/person\/0f261460c09e430caa0f9bcffa319109"},"headline":"Indre : L&rsquo;AlterTour a fait escale \u00e0 Pellevoisin","datePublished":"2020-08-21T09:49:00+00:00","dateModified":"2021-05-06T08:36:55+00:00","mainEntityOfPage":{"@id":"https:\/\/www.altercampagne.net\/?p=19384"},"wordCount":649,"image":{"@id":"https:\/\/www.altercampagne.net\/?p=19384#primaryimage"},"thumbnailUrl":"https:\/\/www.altercampagne.net\/wp-content\/uploads\/2020\/09\/DSC0865.jpg","keywords":["la nouvelle r\u00e9publique","Indre","Pellevoisin"],"articleSection":["AlterTour","Centre-Val de Loire","Edition 2020","Revue de presse"],"inLanguage":"fr-FR"},{"@type":"WebPage","@id":"https:\/\/www.altercampagne.net\/?p=19384","url":"https:\/\/www.altercampagne.net\/?p=19384","name":"Indre : L'AlterTour a fait escale \u00e0 Pellevoisin - AlterTour","isPartOf":{"@id":"https:\/\/www.altercampagne.net\/#website"},"primaryImageOfPage":{"@id":"https:\/\/www.altercampagne.net\/?p=19384#primaryimage"},"image":{"@id":"https:\/\/www.altercampagne.net\/?p=19384#primaryimage"},"thumbnailUrl":"https:\/\/www.altercampagne.net\/wp-content\/uploads\/2020\/09\/DSC0865.jpg","datePublished":"2020-08-21T09:49:00+00:00","dateModified":"2021-05-06T08:36:55+00:00","author":{"@id":"https:\/\/www.altercampagne.net\/#\/schema\/person\/0f261460c09e430caa0f9bcffa319109"},"breadcrumb":{"@id":"https:\/\/www.altercampagne.net\/?p=19384#breadcrumb"},"inLanguage":"fr-FR","potentialAction":[{"@type":"ReadAction","target":["https:\/\/www.altercampagne.net\/?p=19384"]}]},{"@type":"ImageObject","inLanguage":"fr-FR","@id":"https:\/\/www.altercampagne.net\/?p=19384#primaryimage","url":"https:\/\/www.altercampagne.net\/wp-content\/uploads\/2020\/09\/DSC0865.jpg","contentUrl":"https:\/\/www.altercampagne.net\/wp-content\/uploads\/2020\/09\/DSC0865.jpg","width":1200,"height":630},{"@type":"BreadcrumbList","@id":"https:\/\/www.altercampagne.net\/?p=19384#breadcrumb","itemListElement":[{"@type":"ListItem","position":1,"name":"Accueil","item":"https:\/\/www.altercampagne.net\/"},{"@type":"ListItem","position":2,"name":"Indre : L&rsquo;AlterTour a fait escale \u00e0 Pellevoisin"}]},{"@type":"WebSite","@id":"https:\/\/www.altercampagne.net\/#website","url":"https:\/\/www.altercampagne.net\/","name":"AlterTour","description":"Reliez les Alternatives \u00e0 v\u00e9lo","potentialAction":[{"@type":"SearchAction","target":{"@type":"EntryPoint","urlTemplate":"https:\/\/www.altercampagne.net\/?s={search_term_string}"},"query-input":{"@type":"PropertyValueSpecification","valueRequired":true,"valueName":"search_term_string"}}],"inLanguage":"fr-FR"},{"@type":"Person","@id":"https:\/\/www.altercampagne.net\/#\/schema\/person\/0f261460c09e430caa0f9bcffa319109","name":"Mathieu","image":{"@type":"ImageObject","inLanguage":"fr-FR","@id":"https:\/\/secure.gravatar.com\/avatar\/aa9d3d24c83f2141e5e2709d0f63d09a99f6be6bb7a50abc4915838d9f54501a?s=96&d=mm&r=g","url":"https:\/\/secure.gravatar.com\/avatar\/aa9d3d24c83f2141e5e2709d0f63d09a99f6be6bb7a50abc4915838d9f54501a?s=96&d=mm&r=g","contentUrl":"https:\/\/secure.gravatar.com\/avatar\/aa9d3d24c83f2141e5e2709d0f63d09a99f6be6bb7a50abc4915838d9f54501a?s=96&d=mm&r=g","caption":"Mathieu"},"url":"https:\/\/www.altercampagne.net\/?author=214"}]}},"_links":{"self":[{"href":"https:\/\/www.altercampagne.net\/index.php?rest_route=\/wp\/v2\/posts\/19384","targetHints":{"allow":["GET"]}}],"collection":[{"href":"https:\/\/www.altercampagne.net\/index.php?rest_route=\/wp\/v2\/posts"}],"about":[{"href":"https:\/\/www.altercampagne.net\/index.php?rest_route=\/wp\/v2\/types\/post"}],"author":[{"embeddable":true,"href":"https:\/\/www.altercampagne.net\/index.php?rest_route=\/wp\/v2\/users\/214"}],"replies":[{"embeddable":true,"href":"https:\/\/www.altercampagne.net\/index.php?rest_route=%2Fwp%2Fv2%2Fcomments&post=19384"}],"version-history":[{"count":1,"href":"https:\/\/www.altercampagne.net\/index.php?rest_route=\/wp\/v2\/posts\/19384\/revisions"}],"predecessor-version":[{"id":19386,"href":"https:\/\/www.altercampagne.net\/index.php?rest_route=\/wp\/v2\/posts\/19384\/revisions\/19386"}],"wp:featuredmedia":[{"embeddable":true,"href":"https:\/\/www.altercampagne.net\/index.php?rest_route=\/wp\/v2\/media\/19385"}],"wp:attachment":[{"href":"https:\/\/www.altercampagne.net\/index.php?rest_route=%2Fwp%2Fv2%2Fmedia&parent=19384"}],"wp:term":[{"taxonomy":"category","embeddable":true,"href":"https:\/\/www.altercampagne.net\/index.php?rest_route=%2Fwp%2Fv2%2Fcategories&post=19384"},{"taxonomy":"post_tag","embeddable":true,"href":"https:\/\/www.altercampagne.net\/index.php?rest_route=%2Fwp%2Fv2%2Ftags&post=19384"}],"curies":[{"name":"wp","href":"https:\/\/api.w.org\/{rel}","templated":true}]}}