{"id":19397,"date":"2020-08-05T14:07:00","date_gmt":"2020-08-05T12:07:00","guid":{"rendered":"http:\/\/www.altercampagne.net\/?p=19397"},"modified":"2021-05-06T10:38:27","modified_gmt":"2021-05-06T08:38:27","slug":"laltertour-periple-a-velo-autour-dinitiatives-ecologiques-et-solidaires-a-fait-etape-dans-le-haut-nivernais","status":"publish","type":"post","link":"https:\/\/www.altercampagne.net\/?p=19397","title":{"rendered":"L&rsquo;AlterTour, p\u00e9riple \u00e0 v\u00e9lo autour d&rsquo;initiatives \u00e9cologiques et solidaires, a fait \u00e9tape dans le Haut Nivernais"},"content":{"rendered":"\n<p> Agir pour un monde plus \u00e9cologique et solidaire. L\u2019AlterTour, dont  la treizi\u00e8me \u00e9dition a fait \u00e9tape, mardi 4 ao\u00fbt, dans le haut Nivernais, est aussi l\u00e0 pour \u00e7a. <\/p>\n\n\n\n<p>Marl\u00e8ne habite Nantes, Marion La Rochelle (et bient\u00f4t  Toulouse !), Aur\u00e9lie, C\u00e9lia et leurs deux enfants, Barnab\u00e9 et No\u00eblia, la banlieue de Grenoble. Ils ne se conna\u00eessaient pas avant de d\u00e9marrer la  treizi\u00e8me \u00e9dition de l\u2019Alter Tour, mercredi 8 juillet \u00e0&#8230; Grenoble, pour la boucler samedi 22 ao\u00fbt \u00e0 Argenton-sur-Creuse.<\/p>\n\n\n\n<p>\u00ab\u00a0L\u2019AlterTour, c\u2019est un p\u00e9riple \u00e0 v\u00e9lo. Ce qui  nous pousse \u00e0 faire ce tour, c\u2019est notre envie commune d\u2019aller\u00a0\u00e0 la rencontre de divers projets de transition. Cela va de l\u2019agriculture bio,  \u00e0 la mobilit\u00e9 douce, en passant par la culture et le vivre ensemble\u00a0\u00bb, a expliqu\u00e9, mardi 4 ao\u00fbt, \u00e0 Tannay, Axel, de Nevers. \u00ab\u00a0Une fa\u00e7on comme une autre de d\u00e9couvrir certaines richesses insoup\u00e7onn\u00e9es du d\u00e9partement.\u00a0\u00bb<\/p>\n\n\n\n<p>Depuis le d\u00e9but et jusqu\u2019au derniers coups de  p\u00e9dale dans la Creuse, les participants (une soixantaine mardi de Brassy \u00e0 Clamecy, via Anthien) d\u00e9couvriront des lieux o\u00f9 l\u2019on vit concr\u00e8tement  la transition \u00e9cologique.<\/p>\n\n\n\n<h3 class=\"wp-block-heading\">Exp\u00e9rience collective et enrichissante<\/h3>\n\n\n\n<p>\u00ab\u00a0C\u2019est quand m\u00eame un an de travail pour tout  organiser, prendre contact, notamment, avec les structures pouvant nous accueillir, les mairies des communes et villages. Le confinement ne nous a pas facilit\u00e9 la t\u00e2che. Mais l\u2019essentiel, c\u2019est d\u2019\u00eatre l\u00e0.\u00a0\u00bb<\/p>\n\n\n\n<p>La future Toulousaine&nbsp;Marion \u00e9tait ravie par ce \nbon d\u00e9roulement des op\u00e9rations. \u00ab&nbsp;C\u2019est un belle exp\u00e9rience collective. \nNous venons tous d\u2019horizons diff\u00e9rents. Et on fait \u00e7a tous \u00e0 notre \nrythme. C\u2019est tr\u00e8s enrichissant, aussi, de rencontrer toutes ces \nassociations, ces structures engag\u00e9es pour la plupart.&nbsp;\u00bb<\/p>\n\n\n\n<p>Hier soir, au camping de la cit\u00e9 des Flotteurs, tout ce joli monde a pu deviser avec l\u2019\u00e9quipe de <a href=\"https:\/\/www.lejdc.fr\/clamecy-58500\/actualites\/a-clamecy-la-boutique-bio-la-graineterie-assure-l-avenir_13782809\/\" target=\"_blank\" rel=\"noreferrer noopener\" aria-label=\" (s\u2019ouvre dans un nouvel onglet)\">la boutique bio la Graineterie<\/a>, forc\u00e9ment tr\u00e8s int\u00e9ress\u00e9e par ce que v\u00e9hicule l\u2019AlterTour.<\/p>\n\n\n\n<p> <strong>Un chiffre.<\/strong>\u00a0Quatre cents cinquante personnes auront particip\u00e9, en tout, \u00e0 l\u2019ensemble des \u00e9tapes. <\/p>\n\n\n\n<p class=\"has-text-align-right\"> <strong><a href=\"https:\/\/www.lejdc.fr\/tannay-58190\/actualites\/l-alter-tour-periple-a-velo-autour-d-initiatives-ecologiques-et-solidaires-a-fait-etape-dans-le-haut-nivernais_13820089\/\" target=\"_blank\" rel=\"noreferrer noopener\" aria-label=\"Pierre Br\u00e9rard, Le Journal du Centre (s\u2019ouvre dans un nouvel onglet)\">Pierre Br\u00e9rard, Le Journal du Centre<\/a><\/strong><\/p>\n","protected":false},"excerpt":{"rendered":"<p>Agir pour un monde plus \u00e9cologique et solidaire. L\u2019AlterTour, dont la treizi\u00e8me \u00e9dition a fait \u00e9tape, mardi 4 ao\u00fbt, dans le haut Nivernais, est aussi l\u00e0 pour \u00e7a. Marl\u00e8ne habite Nantes, Marion La Rochelle (et bient\u00f4t Toulouse !), Aur\u00e9lie, C\u00e9lia et leurs deux enfants, Barnab\u00e9 et No\u00eblia, la banlieue de &#8230; <\/p>\n<div><a href=\"https:\/\/www.altercampagne.net\/?p=19397\" class=\"more-link\">Read More<\/a><\/div>\n","protected":false},"author":214,"featured_media":19398,"comment_status":"closed","ping_status":"closed","sticky":false,"template":"","format":"standard","meta":{"footnotes":""},"categories":[4313,3495,3967,239],"tags":[4212,4213,4214],"class_list":["post-19397","post","type-post","status-publish","format-standard","has-post-thumbnail","hentry","category-altertour","category-bourgogne-franche-comte","category-edition-2020","category-revue-de-presse","tag-journal-du-centre","tag-haut-nivernais","tag-tannay"],"yoast_head":"<!-- This site is optimized with the Yoast SEO plugin v27.3 - https:\/\/yoast.com\/product\/yoast-seo-wordpress\/ -->\n<title>L&#039;AlterTour, p\u00e9riple \u00e0 v\u00e9lo autour d&#039;initiatives \u00e9cologiques et solidaires, a fait \u00e9tape dans le Haut Nivernais - AlterTour<\/title>\n<meta name=\"robots\" content=\"index, follow, max-snippet:-1, max-image-preview:large, max-video-preview:-1\" \/>\n<link rel=\"canonical\" href=\"https:\/\/www.altercampagne.net\/?p=19397\" \/>\n<meta property=\"og:locale\" content=\"fr_FR\" \/>\n<meta property=\"og:type\" content=\"article\" \/>\n<meta property=\"og:title\" content=\"L&#039;AlterTour, p\u00e9riple \u00e0 v\u00e9lo autour d&#039;initiatives \u00e9cologiques et solidaires, a fait \u00e9tape dans le Haut Nivernais - AlterTour\" \/>\n<meta property=\"og:description\" content=\"Agir pour un monde plus \u00e9cologique et solidaire. L\u2019AlterTour, dont la treizi\u00e8me \u00e9dition a fait \u00e9tape, mardi 4 ao\u00fbt, dans le haut Nivernais, est aussi l\u00e0 pour \u00e7a. Marl\u00e8ne habite Nantes, Marion La Rochelle (et bient\u00f4t Toulouse !), Aur\u00e9lie, C\u00e9lia et leurs deux enfants, Barnab\u00e9 et No\u00eblia, la banlieue de ... Read More\" \/>\n<meta property=\"og:url\" content=\"https:\/\/www.altercampagne.net\/?p=19397\" \/>\n<meta property=\"og:site_name\" content=\"AlterTour\" \/>\n<meta property=\"article:published_time\" content=\"2020-08-05T12:07:00+00:00\" \/>\n<meta property=\"article:modified_time\" content=\"2021-05-06T08:38:27+00:00\" \/>\n<meta property=\"og:image\" content=\"https:\/\/www.altercampagne.net\/wp-content\/uploads\/2020\/09\/AT2020_Photos_Juanfe-260.jpg\" \/>\n\t<meta property=\"og:image:width\" content=\"1200\" \/>\n\t<meta property=\"og:image:height\" content=\"630\" \/>\n\t<meta property=\"og:image:type\" content=\"image\/jpeg\" \/>\n<meta name=\"author\" content=\"Mathieu\" \/>\n<meta name=\"twitter:card\" content=\"summary_large_image\" \/>\n<meta name=\"twitter:label1\" content=\"\u00c9crit par\" \/>\n\t<meta name=\"twitter:data1\" content=\"Mathieu\" \/>\n\t<meta name=\"twitter:label2\" content=\"Dur\u00e9e de lecture estim\u00e9e\" \/>\n\t<meta name=\"twitter:data2\" content=\"2 minutes\" \/>\n<script type=\"application\/ld+json\" class=\"yoast-schema-graph\">{\"@context\":\"https:\\\/\\\/schema.org\",\"@graph\":[{\"@type\":\"Article\",\"@id\":\"https:\\\/\\\/www.altercampagne.net\\\/?p=19397#article\",\"isPartOf\":{\"@id\":\"https:\\\/\\\/www.altercampagne.net\\\/?p=19397\"},\"author\":{\"name\":\"Mathieu\",\"@id\":\"https:\\\/\\\/www.altercampagne.net\\\/#\\\/schema\\\/person\\\/0f261460c09e430caa0f9bcffa319109\"},\"headline\":\"L&rsquo;AlterTour, p\u00e9riple \u00e0 v\u00e9lo autour d&rsquo;initiatives \u00e9cologiques et solidaires, a fait \u00e9tape dans le Haut Nivernais\",\"datePublished\":\"2020-08-05T12:07:00+00:00\",\"dateModified\":\"2021-05-06T08:38:27+00:00\",\"mainEntityOfPage\":{\"@id\":\"https:\\\/\\\/www.altercampagne.net\\\/?p=19397\"},\"wordCount\":382,\"image\":{\"@id\":\"https:\\\/\\\/www.altercampagne.net\\\/?p=19397#primaryimage\"},\"thumbnailUrl\":\"https:\\\/\\\/www.altercampagne.net\\\/wp-content\\\/uploads\\\/2020\\\/09\\\/AT2020_Photos_Juanfe-260.jpg\",\"keywords\":[\"Journal du centre\",\"Haut Nivernais\",\"Tannay\"],\"articleSection\":[\"AlterTour\",\"Bourgogne-Franche-Comt\u00e9\",\"Edition 2020\",\"Revue de presse\"],\"inLanguage\":\"fr-FR\"},{\"@type\":\"WebPage\",\"@id\":\"https:\\\/\\\/www.altercampagne.net\\\/?p=19397\",\"url\":\"https:\\\/\\\/www.altercampagne.net\\\/?p=19397\",\"name\":\"L'AlterTour, p\u00e9riple \u00e0 v\u00e9lo autour d'initiatives \u00e9cologiques et solidaires, a fait \u00e9tape dans le Haut Nivernais - AlterTour\",\"isPartOf\":{\"@id\":\"https:\\\/\\\/www.altercampagne.net\\\/#website\"},\"primaryImageOfPage\":{\"@id\":\"https:\\\/\\\/www.altercampagne.net\\\/?p=19397#primaryimage\"},\"image\":{\"@id\":\"https:\\\/\\\/www.altercampagne.net\\\/?p=19397#primaryimage\"},\"thumbnailUrl\":\"https:\\\/\\\/www.altercampagne.net\\\/wp-content\\\/uploads\\\/2020\\\/09\\\/AT2020_Photos_Juanfe-260.jpg\",\"datePublished\":\"2020-08-05T12:07:00+00:00\",\"dateModified\":\"2021-05-06T08:38:27+00:00\",\"author\":{\"@id\":\"https:\\\/\\\/www.altercampagne.net\\\/#\\\/schema\\\/person\\\/0f261460c09e430caa0f9bcffa319109\"},\"breadcrumb\":{\"@id\":\"https:\\\/\\\/www.altercampagne.net\\\/?p=19397#breadcrumb\"},\"inLanguage\":\"fr-FR\",\"potentialAction\":[{\"@type\":\"ReadAction\",\"target\":[\"https:\\\/\\\/www.altercampagne.net\\\/?p=19397\"]}]},{\"@type\":\"ImageObject\",\"inLanguage\":\"fr-FR\",\"@id\":\"https:\\\/\\\/www.altercampagne.net\\\/?p=19397#primaryimage\",\"url\":\"https:\\\/\\\/www.altercampagne.net\\\/wp-content\\\/uploads\\\/2020\\\/09\\\/AT2020_Photos_Juanfe-260.jpg\",\"contentUrl\":\"https:\\\/\\\/www.altercampagne.net\\\/wp-content\\\/uploads\\\/2020\\\/09\\\/AT2020_Photos_Juanfe-260.jpg\",\"width\":1200,\"height\":630},{\"@type\":\"BreadcrumbList\",\"@id\":\"https:\\\/\\\/www.altercampagne.net\\\/?p=19397#breadcrumb\",\"itemListElement\":[{\"@type\":\"ListItem\",\"position\":1,\"name\":\"Accueil\",\"item\":\"https:\\\/\\\/www.altercampagne.net\\\/\"},{\"@type\":\"ListItem\",\"position\":2,\"name\":\"L&rsquo;AlterTour, p\u00e9riple \u00e0 v\u00e9lo autour d&rsquo;initiatives \u00e9cologiques et solidaires, a fait \u00e9tape dans le Haut Nivernais\"}]},{\"@type\":\"WebSite\",\"@id\":\"https:\\\/\\\/www.altercampagne.net\\\/#website\",\"url\":\"https:\\\/\\\/www.altercampagne.net\\\/\",\"name\":\"AlterTour\",\"description\":\"Reliez les Alternatives \u00e0 v\u00e9lo\",\"potentialAction\":[{\"@type\":\"SearchAction\",\"target\":{\"@type\":\"EntryPoint\",\"urlTemplate\":\"https:\\\/\\\/www.altercampagne.net\\\/?s={search_term_string}\"},\"query-input\":{\"@type\":\"PropertyValueSpecification\",\"valueRequired\":true,\"valueName\":\"search_term_string\"}}],\"inLanguage\":\"fr-FR\"},{\"@type\":\"Person\",\"@id\":\"https:\\\/\\\/www.altercampagne.net\\\/#\\\/schema\\\/person\\\/0f261460c09e430caa0f9bcffa319109\",\"name\":\"Mathieu\",\"image\":{\"@type\":\"ImageObject\",\"inLanguage\":\"fr-FR\",\"@id\":\"https:\\\/\\\/secure.gravatar.com\\\/avatar\\\/aa9d3d24c83f2141e5e2709d0f63d09a99f6be6bb7a50abc4915838d9f54501a?s=96&d=mm&r=g\",\"url\":\"https:\\\/\\\/secure.gravatar.com\\\/avatar\\\/aa9d3d24c83f2141e5e2709d0f63d09a99f6be6bb7a50abc4915838d9f54501a?s=96&d=mm&r=g\",\"contentUrl\":\"https:\\\/\\\/secure.gravatar.com\\\/avatar\\\/aa9d3d24c83f2141e5e2709d0f63d09a99f6be6bb7a50abc4915838d9f54501a?s=96&d=mm&r=g\",\"caption\":\"Mathieu\"},\"url\":\"https:\\\/\\\/www.altercampagne.net\\\/?author=214\"}]}<\/script>\n<!-- \/ Yoast SEO plugin. -->","yoast_head_json":{"title":"L'AlterTour, p\u00e9riple \u00e0 v\u00e9lo autour d'initiatives \u00e9cologiques et solidaires, a fait \u00e9tape dans le Haut Nivernais - AlterTour","robots":{"index":"index","follow":"follow","max-snippet":"max-snippet:-1","max-image-preview":"max-image-preview:large","max-video-preview":"max-video-preview:-1"},"canonical":"https:\/\/www.altercampagne.net\/?p=19397","og_locale":"fr_FR","og_type":"article","og_title":"L'AlterTour, p\u00e9riple \u00e0 v\u00e9lo autour d'initiatives \u00e9cologiques et solidaires, a fait \u00e9tape dans le Haut Nivernais - AlterTour","og_description":"Agir pour un monde plus \u00e9cologique et solidaire. L\u2019AlterTour, dont la treizi\u00e8me \u00e9dition a fait \u00e9tape, mardi 4 ao\u00fbt, dans le haut Nivernais, est aussi l\u00e0 pour \u00e7a. Marl\u00e8ne habite Nantes, Marion La Rochelle (et bient\u00f4t Toulouse !), Aur\u00e9lie, C\u00e9lia et leurs deux enfants, Barnab\u00e9 et No\u00eblia, la banlieue de ... Read More","og_url":"https:\/\/www.altercampagne.net\/?p=19397","og_site_name":"AlterTour","article_published_time":"2020-08-05T12:07:00+00:00","article_modified_time":"2021-05-06T08:38:27+00:00","og_image":[{"width":1200,"height":630,"url":"https:\/\/www.altercampagne.net\/wp-content\/uploads\/2020\/09\/AT2020_Photos_Juanfe-260.jpg","type":"image\/jpeg"}],"author":"Mathieu","twitter_card":"summary_large_image","twitter_misc":{"\u00c9crit par":"Mathieu","Dur\u00e9e de lecture estim\u00e9e":"2 minutes"},"schema":{"@context":"https:\/\/schema.org","@graph":[{"@type":"Article","@id":"https:\/\/www.altercampagne.net\/?p=19397#article","isPartOf":{"@id":"https:\/\/www.altercampagne.net\/?p=19397"},"author":{"name":"Mathieu","@id":"https:\/\/www.altercampagne.net\/#\/schema\/person\/0f261460c09e430caa0f9bcffa319109"},"headline":"L&rsquo;AlterTour, p\u00e9riple \u00e0 v\u00e9lo autour d&rsquo;initiatives \u00e9cologiques et solidaires, a fait \u00e9tape dans le Haut Nivernais","datePublished":"2020-08-05T12:07:00+00:00","dateModified":"2021-05-06T08:38:27+00:00","mainEntityOfPage":{"@id":"https:\/\/www.altercampagne.net\/?p=19397"},"wordCount":382,"image":{"@id":"https:\/\/www.altercampagne.net\/?p=19397#primaryimage"},"thumbnailUrl":"https:\/\/www.altercampagne.net\/wp-content\/uploads\/2020\/09\/AT2020_Photos_Juanfe-260.jpg","keywords":["Journal du centre","Haut Nivernais","Tannay"],"articleSection":["AlterTour","Bourgogne-Franche-Comt\u00e9","Edition 2020","Revue de presse"],"inLanguage":"fr-FR"},{"@type":"WebPage","@id":"https:\/\/www.altercampagne.net\/?p=19397","url":"https:\/\/www.altercampagne.net\/?p=19397","name":"L'AlterTour, p\u00e9riple \u00e0 v\u00e9lo autour d'initiatives \u00e9cologiques et solidaires, a fait \u00e9tape dans le Haut Nivernais - AlterTour","isPartOf":{"@id":"https:\/\/www.altercampagne.net\/#website"},"primaryImageOfPage":{"@id":"https:\/\/www.altercampagne.net\/?p=19397#primaryimage"},"image":{"@id":"https:\/\/www.altercampagne.net\/?p=19397#primaryimage"},"thumbnailUrl":"https:\/\/www.altercampagne.net\/wp-content\/uploads\/2020\/09\/AT2020_Photos_Juanfe-260.jpg","datePublished":"2020-08-05T12:07:00+00:00","dateModified":"2021-05-06T08:38:27+00:00","author":{"@id":"https:\/\/www.altercampagne.net\/#\/schema\/person\/0f261460c09e430caa0f9bcffa319109"},"breadcrumb":{"@id":"https:\/\/www.altercampagne.net\/?p=19397#breadcrumb"},"inLanguage":"fr-FR","potentialAction":[{"@type":"ReadAction","target":["https:\/\/www.altercampagne.net\/?p=19397"]}]},{"@type":"ImageObject","inLanguage":"fr-FR","@id":"https:\/\/www.altercampagne.net\/?p=19397#primaryimage","url":"https:\/\/www.altercampagne.net\/wp-content\/uploads\/2020\/09\/AT2020_Photos_Juanfe-260.jpg","contentUrl":"https:\/\/www.altercampagne.net\/wp-content\/uploads\/2020\/09\/AT2020_Photos_Juanfe-260.jpg","width":1200,"height":630},{"@type":"BreadcrumbList","@id":"https:\/\/www.altercampagne.net\/?p=19397#breadcrumb","itemListElement":[{"@type":"ListItem","position":1,"name":"Accueil","item":"https:\/\/www.altercampagne.net\/"},{"@type":"ListItem","position":2,"name":"L&rsquo;AlterTour, p\u00e9riple \u00e0 v\u00e9lo autour d&rsquo;initiatives \u00e9cologiques et solidaires, a fait \u00e9tape dans le Haut Nivernais"}]},{"@type":"WebSite","@id":"https:\/\/www.altercampagne.net\/#website","url":"https:\/\/www.altercampagne.net\/","name":"AlterTour","description":"Reliez les Alternatives \u00e0 v\u00e9lo","potentialAction":[{"@type":"SearchAction","target":{"@type":"EntryPoint","urlTemplate":"https:\/\/www.altercampagne.net\/?s={search_term_string}"},"query-input":{"@type":"PropertyValueSpecification","valueRequired":true,"valueName":"search_term_string"}}],"inLanguage":"fr-FR"},{"@type":"Person","@id":"https:\/\/www.altercampagne.net\/#\/schema\/person\/0f261460c09e430caa0f9bcffa319109","name":"Mathieu","image":{"@type":"ImageObject","inLanguage":"fr-FR","@id":"https:\/\/secure.gravatar.com\/avatar\/aa9d3d24c83f2141e5e2709d0f63d09a99f6be6bb7a50abc4915838d9f54501a?s=96&d=mm&r=g","url":"https:\/\/secure.gravatar.com\/avatar\/aa9d3d24c83f2141e5e2709d0f63d09a99f6be6bb7a50abc4915838d9f54501a?s=96&d=mm&r=g","contentUrl":"https:\/\/secure.gravatar.com\/avatar\/aa9d3d24c83f2141e5e2709d0f63d09a99f6be6bb7a50abc4915838d9f54501a?s=96&d=mm&r=g","caption":"Mathieu"},"url":"https:\/\/www.altercampagne.net\/?author=214"}]}},"_links":{"self":[{"href":"https:\/\/www.altercampagne.net\/index.php?rest_route=\/wp\/v2\/posts\/19397","targetHints":{"allow":["GET"]}}],"collection":[{"href":"https:\/\/www.altercampagne.net\/index.php?rest_route=\/wp\/v2\/posts"}],"about":[{"href":"https:\/\/www.altercampagne.net\/index.php?rest_route=\/wp\/v2\/types\/post"}],"author":[{"embeddable":true,"href":"https:\/\/www.altercampagne.net\/index.php?rest_route=\/wp\/v2\/users\/214"}],"replies":[{"embeddable":true,"href":"https:\/\/www.altercampagne.net\/index.php?rest_route=%2Fwp%2Fv2%2Fcomments&post=19397"}],"version-history":[{"count":1,"href":"https:\/\/www.altercampagne.net\/index.php?rest_route=\/wp\/v2\/posts\/19397\/revisions"}],"predecessor-version":[{"id":19399,"href":"https:\/\/www.altercampagne.net\/index.php?rest_route=\/wp\/v2\/posts\/19397\/revisions\/19399"}],"wp:featuredmedia":[{"embeddable":true,"href":"https:\/\/www.altercampagne.net\/index.php?rest_route=\/wp\/v2\/media\/19398"}],"wp:attachment":[{"href":"https:\/\/www.altercampagne.net\/index.php?rest_route=%2Fwp%2Fv2%2Fmedia&parent=19397"}],"wp:term":[{"taxonomy":"category","embeddable":true,"href":"https:\/\/www.altercampagne.net\/index.php?rest_route=%2Fwp%2Fv2%2Fcategories&post=19397"},{"taxonomy":"post_tag","embeddable":true,"href":"https:\/\/www.altercampagne.net\/index.php?rest_route=%2Fwp%2Fv2%2Ftags&post=19397"}],"curies":[{"name":"wp","href":"https:\/\/api.w.org\/{rel}","templated":true}]}}