{"id":19408,"date":"2020-08-05T13:28:00","date_gmt":"2020-08-05T11:28:00","guid":{"rendered":"http:\/\/www.altercampagne.net\/?p=19408"},"modified":"2021-05-06T10:38:27","modified_gmt":"2021-05-06T08:38:27","slug":"video-altertour-un-tour-a-velo-participatif-pour-decouvrir-les-alternatives-a-travers-la-france","status":"publish","type":"post","link":"https:\/\/www.altercampagne.net\/?p=19408","title":{"rendered":"VID\u00c9O. AlterTour : un tour \u00e0 v\u00e9lo participatif pour d\u00e9couvrir les alternatives \u00e0 travers la France"},"content":{"rendered":"\n<p> Vous aimez le v\u00e9lo ? Vous aimez les initiatives \u00e9cologiques et solidaires ? Vous aimez d\u00e9couvrir la France ? Alors l\u2019AlterTour est fait pour vous ! <\/p>\n\n\n\n<p> <strong>Si vous \u00eates \u00e9colo, que vous aimez le v\u00e9lo et avez envie de d\u00e9couvrir la France, alors vous allez adorer l\u2019AlterTour ! Ce tour \u00e0 v\u00e9lo participatif des alternatives a lieu chaque \u00e9t\u00e9 pendant 2 mois en France. Les \u00ab alter-cyclistes \u00bb qui s\u2019y inscrivent sillonnent les routes pour d\u00e9couvrir des lieux engag\u00e9s en lien avec l\u2019alimentation, la biodiversit\u00e9, le social, la consommation\u2026<\/strong> <\/p>\n\n\n\n<p>L\u2019AlterTour a \u00e9t\u00e9 cr\u00e9\u00e9 en 2004 en r\u00e9action au Tour de France pour d\u00e9noncer le dopage de notre soci\u00e9t\u00e9 et informer les citoyens sur les  alternatives existantes. Chaque ann\u00e9e, c\u2019est une nouvelle itin\u00e9rance  dans diff\u00e9rentes r\u00e9gions de France.<\/p>\n\n\n\n<p>L\u2019AlterTour est une v\u00e9ritable exp\u00e9rience de vie collective avec un fonctionnement horizontal : chacun prend part aux d\u00e9cisions et t\u00e2ches  quotidiennes. Ce voyage se veut ouvert \u00e0 tous sans condition d\u2019\u00e2ge, de temps ou de niveau sportif. Vous arrivez et repartez quand vous voulez ! Alors pr\u00e9parez vos guiboles, demain, il n\u2019y aura plus de p\u00e9trole !<\/p>\n\n\n\n<p>Pour une immersion virtuelle au sein de l\u2019<a rel=\"noreferrer noopener\" href=\"https:\/\/www.altercampagne.net\/\" target=\"_blank\">AlterTour<\/a>, d\u00e9couvrez ce reportage qui vous offre en quelques minutes un clin d\u2019\u0153il sur cette cyclo-randonn\u00e9e.<\/p>\n\n\n\n<p><iframe loading=\"lazy\" src=\"https:\/\/www.youtube.com\/embed\/IZdIQiHk6LM\" allow=\"accelerometer; autoplay; clipboard-write; encrypted-media; gyroscope; picture-in-picture\" allowfullscreen=\"\" width=\"560\" height=\"315\" frameborder=\"0\"><\/iframe><\/p>\n\n\n\n<p>Et pour d\u00e9couvrir d\u2019autres initiatives citoyennes pour la transition \u00e9cologique, sociale et d\u00e9mocratique, allez voir les reportages du Pays des Alternatives sur Instagram, YouTube et Facebook. Pour que ces reportages continuent, soutenez-les sur Tipeee !<\/p>\n\n\n\n<p> <strong>Propos\u00e9 par Victoria Berni, dans le cadre du dispositif CREATR.<\/strong> <\/p>\n\n\n\n<p> Le Pays des Alternatives, ce sont des reportages vid\u00e9o sur des initiatives citoyennes qui changent le monde ! Au programme :  permaculture, \u00e9co-construction, low-tech\u2026 Un cocktail de solutions pour la transition \u00e9cologique et sociale ! <a rel=\"noreferrer noopener\" href=\"https:\/\/www.youtube.com\/channel\/UCHYmfuCA-8A2GQ9rguicKRQ\/?sub_confirmation=1\" target=\"_blank\">Retrouvez les reportages sur YouTube<\/a>. <\/p>\n\n\n\n<p class=\"has-text-align-right\"><strong><a href=\"https:\/\/positivr.fr\/video-altertour-un-tour-a-velo-participatif-pour-decouvrir-les-alternatives-a-travers-la-france\/\" target=\"_blank\" rel=\"noreferrer noopener\" aria-label=\"Positivr (s\u2019ouvre dans un nouvel onglet)\">Positivr<\/a><\/strong><\/p>\n","protected":false},"excerpt":{"rendered":"<p>Vous aimez le v\u00e9lo ? Vous aimez les initiatives \u00e9cologiques et solidaires ? Vous aimez d\u00e9couvrir la France ? Alors l\u2019AlterTour est fait pour vous ! Si vous \u00eates \u00e9colo, que vous aimez le v\u00e9lo et avez envie de d\u00e9couvrir la France, alors vous allez adorer l\u2019AlterTour ! Ce tour &#8230; <\/p>\n<div><a href=\"https:\/\/www.altercampagne.net\/?p=19408\" class=\"more-link\">Read More<\/a><\/div>\n","protected":false},"author":214,"featured_media":19410,"comment_status":"closed","ping_status":"closed","sticky":false,"template":"","format":"standard","meta":{"footnotes":""},"categories":[4313,3967,239],"tags":[3102],"class_list":["post-19408","post","type-post","status-publish","format-standard","has-post-thumbnail","hentry","category-altertour","category-edition-2020","category-revue-de-presse","tag-positivr"],"yoast_head":"<!-- This site is optimized with the Yoast SEO plugin v27.3 - https:\/\/yoast.com\/product\/yoast-seo-wordpress\/ -->\n<title>VID\u00c9O. AlterTour : un tour \u00e0 v\u00e9lo participatif pour d\u00e9couvrir les alternatives \u00e0 travers la France - AlterTour<\/title>\n<meta name=\"robots\" content=\"index, follow, max-snippet:-1, max-image-preview:large, max-video-preview:-1\" \/>\n<link rel=\"canonical\" href=\"https:\/\/www.altercampagne.net\/?p=19408\" \/>\n<meta property=\"og:locale\" content=\"fr_FR\" \/>\n<meta property=\"og:type\" content=\"article\" \/>\n<meta property=\"og:title\" content=\"VID\u00c9O. AlterTour : un tour \u00e0 v\u00e9lo participatif pour d\u00e9couvrir les alternatives \u00e0 travers la France - AlterTour\" \/>\n<meta property=\"og:description\" content=\"Vous aimez le v\u00e9lo ? Vous aimez les initiatives \u00e9cologiques et solidaires ? Vous aimez d\u00e9couvrir la France ? Alors l\u2019AlterTour est fait pour vous ! Si vous \u00eates \u00e9colo, que vous aimez le v\u00e9lo et avez envie de d\u00e9couvrir la France, alors vous allez adorer l\u2019AlterTour ! Ce tour ... Read More\" \/>\n<meta property=\"og:url\" content=\"https:\/\/www.altercampagne.net\/?p=19408\" \/>\n<meta property=\"og:site_name\" content=\"AlterTour\" \/>\n<meta property=\"article:published_time\" content=\"2020-08-05T11:28:00+00:00\" \/>\n<meta property=\"article:modified_time\" content=\"2021-05-06T08:38:27+00:00\" \/>\n<meta property=\"og:image\" content=\"https:\/\/www.altercampagne.net\/wp-content\/uploads\/2020\/08\/IMG_20190821_191457.jpg\" \/>\n\t<meta property=\"og:image:width\" content=\"1200\" \/>\n\t<meta property=\"og:image:height\" content=\"630\" \/>\n\t<meta property=\"og:image:type\" content=\"image\/jpeg\" \/>\n<meta name=\"author\" content=\"Mathieu\" \/>\n<meta name=\"twitter:card\" content=\"summary_large_image\" \/>\n<meta name=\"twitter:label1\" content=\"\u00c9crit par\" \/>\n\t<meta name=\"twitter:data1\" content=\"Mathieu\" \/>\n\t<meta name=\"twitter:label2\" content=\"Dur\u00e9e de lecture estim\u00e9e\" \/>\n\t<meta name=\"twitter:data2\" content=\"2 minutes\" \/>\n<script type=\"application\/ld+json\" class=\"yoast-schema-graph\">{\"@context\":\"https:\\\/\\\/schema.org\",\"@graph\":[{\"@type\":\"Article\",\"@id\":\"https:\\\/\\\/www.altercampagne.net\\\/?p=19408#article\",\"isPartOf\":{\"@id\":\"https:\\\/\\\/www.altercampagne.net\\\/?p=19408\"},\"author\":{\"name\":\"Mathieu\",\"@id\":\"https:\\\/\\\/www.altercampagne.net\\\/#\\\/schema\\\/person\\\/0f261460c09e430caa0f9bcffa319109\"},\"headline\":\"VID\u00c9O. AlterTour : un tour \u00e0 v\u00e9lo participatif pour d\u00e9couvrir les alternatives \u00e0 travers la France\",\"datePublished\":\"2020-08-05T11:28:00+00:00\",\"dateModified\":\"2021-05-06T08:38:27+00:00\",\"mainEntityOfPage\":{\"@id\":\"https:\\\/\\\/www.altercampagne.net\\\/?p=19408\"},\"wordCount\":328,\"image\":{\"@id\":\"https:\\\/\\\/www.altercampagne.net\\\/?p=19408#primaryimage\"},\"thumbnailUrl\":\"https:\\\/\\\/www.altercampagne.net\\\/wp-content\\\/uploads\\\/2020\\\/08\\\/IMG_20190821_191457.jpg\",\"keywords\":[\"Positivr\"],\"articleSection\":[\"AlterTour\",\"Edition 2020\",\"Revue de presse\"],\"inLanguage\":\"fr-FR\"},{\"@type\":\"WebPage\",\"@id\":\"https:\\\/\\\/www.altercampagne.net\\\/?p=19408\",\"url\":\"https:\\\/\\\/www.altercampagne.net\\\/?p=19408\",\"name\":\"VID\u00c9O. AlterTour : un tour \u00e0 v\u00e9lo participatif pour d\u00e9couvrir les alternatives \u00e0 travers la France - AlterTour\",\"isPartOf\":{\"@id\":\"https:\\\/\\\/www.altercampagne.net\\\/#website\"},\"primaryImageOfPage\":{\"@id\":\"https:\\\/\\\/www.altercampagne.net\\\/?p=19408#primaryimage\"},\"image\":{\"@id\":\"https:\\\/\\\/www.altercampagne.net\\\/?p=19408#primaryimage\"},\"thumbnailUrl\":\"https:\\\/\\\/www.altercampagne.net\\\/wp-content\\\/uploads\\\/2020\\\/08\\\/IMG_20190821_191457.jpg\",\"datePublished\":\"2020-08-05T11:28:00+00:00\",\"dateModified\":\"2021-05-06T08:38:27+00:00\",\"author\":{\"@id\":\"https:\\\/\\\/www.altercampagne.net\\\/#\\\/schema\\\/person\\\/0f261460c09e430caa0f9bcffa319109\"},\"breadcrumb\":{\"@id\":\"https:\\\/\\\/www.altercampagne.net\\\/?p=19408#breadcrumb\"},\"inLanguage\":\"fr-FR\",\"potentialAction\":[{\"@type\":\"ReadAction\",\"target\":[\"https:\\\/\\\/www.altercampagne.net\\\/?p=19408\"]}]},{\"@type\":\"ImageObject\",\"inLanguage\":\"fr-FR\",\"@id\":\"https:\\\/\\\/www.altercampagne.net\\\/?p=19408#primaryimage\",\"url\":\"https:\\\/\\\/www.altercampagne.net\\\/wp-content\\\/uploads\\\/2020\\\/08\\\/IMG_20190821_191457.jpg\",\"contentUrl\":\"https:\\\/\\\/www.altercampagne.net\\\/wp-content\\\/uploads\\\/2020\\\/08\\\/IMG_20190821_191457.jpg\",\"width\":1200,\"height\":630},{\"@type\":\"BreadcrumbList\",\"@id\":\"https:\\\/\\\/www.altercampagne.net\\\/?p=19408#breadcrumb\",\"itemListElement\":[{\"@type\":\"ListItem\",\"position\":1,\"name\":\"Accueil\",\"item\":\"https:\\\/\\\/www.altercampagne.net\\\/\"},{\"@type\":\"ListItem\",\"position\":2,\"name\":\"VID\u00c9O. AlterTour : un tour \u00e0 v\u00e9lo participatif pour d\u00e9couvrir les alternatives \u00e0 travers la France\"}]},{\"@type\":\"WebSite\",\"@id\":\"https:\\\/\\\/www.altercampagne.net\\\/#website\",\"url\":\"https:\\\/\\\/www.altercampagne.net\\\/\",\"name\":\"AlterTour\",\"description\":\"Reliez les Alternatives \u00e0 v\u00e9lo\",\"potentialAction\":[{\"@type\":\"SearchAction\",\"target\":{\"@type\":\"EntryPoint\",\"urlTemplate\":\"https:\\\/\\\/www.altercampagne.net\\\/?s={search_term_string}\"},\"query-input\":{\"@type\":\"PropertyValueSpecification\",\"valueRequired\":true,\"valueName\":\"search_term_string\"}}],\"inLanguage\":\"fr-FR\"},{\"@type\":\"Person\",\"@id\":\"https:\\\/\\\/www.altercampagne.net\\\/#\\\/schema\\\/person\\\/0f261460c09e430caa0f9bcffa319109\",\"name\":\"Mathieu\",\"image\":{\"@type\":\"ImageObject\",\"inLanguage\":\"fr-FR\",\"@id\":\"https:\\\/\\\/secure.gravatar.com\\\/avatar\\\/aa9d3d24c83f2141e5e2709d0f63d09a99f6be6bb7a50abc4915838d9f54501a?s=96&d=mm&r=g\",\"url\":\"https:\\\/\\\/secure.gravatar.com\\\/avatar\\\/aa9d3d24c83f2141e5e2709d0f63d09a99f6be6bb7a50abc4915838d9f54501a?s=96&d=mm&r=g\",\"contentUrl\":\"https:\\\/\\\/secure.gravatar.com\\\/avatar\\\/aa9d3d24c83f2141e5e2709d0f63d09a99f6be6bb7a50abc4915838d9f54501a?s=96&d=mm&r=g\",\"caption\":\"Mathieu\"},\"url\":\"https:\\\/\\\/www.altercampagne.net\\\/?author=214\"}]}<\/script>\n<!-- \/ Yoast SEO plugin. -->","yoast_head_json":{"title":"VID\u00c9O. AlterTour : un tour \u00e0 v\u00e9lo participatif pour d\u00e9couvrir les alternatives \u00e0 travers la France - AlterTour","robots":{"index":"index","follow":"follow","max-snippet":"max-snippet:-1","max-image-preview":"max-image-preview:large","max-video-preview":"max-video-preview:-1"},"canonical":"https:\/\/www.altercampagne.net\/?p=19408","og_locale":"fr_FR","og_type":"article","og_title":"VID\u00c9O. AlterTour : un tour \u00e0 v\u00e9lo participatif pour d\u00e9couvrir les alternatives \u00e0 travers la France - AlterTour","og_description":"Vous aimez le v\u00e9lo ? Vous aimez les initiatives \u00e9cologiques et solidaires ? Vous aimez d\u00e9couvrir la France ? Alors l\u2019AlterTour est fait pour vous ! Si vous \u00eates \u00e9colo, que vous aimez le v\u00e9lo et avez envie de d\u00e9couvrir la France, alors vous allez adorer l\u2019AlterTour ! Ce tour ... Read More","og_url":"https:\/\/www.altercampagne.net\/?p=19408","og_site_name":"AlterTour","article_published_time":"2020-08-05T11:28:00+00:00","article_modified_time":"2021-05-06T08:38:27+00:00","og_image":[{"width":1200,"height":630,"url":"https:\/\/www.altercampagne.net\/wp-content\/uploads\/2020\/08\/IMG_20190821_191457.jpg","type":"image\/jpeg"}],"author":"Mathieu","twitter_card":"summary_large_image","twitter_misc":{"\u00c9crit par":"Mathieu","Dur\u00e9e de lecture estim\u00e9e":"2 minutes"},"schema":{"@context":"https:\/\/schema.org","@graph":[{"@type":"Article","@id":"https:\/\/www.altercampagne.net\/?p=19408#article","isPartOf":{"@id":"https:\/\/www.altercampagne.net\/?p=19408"},"author":{"name":"Mathieu","@id":"https:\/\/www.altercampagne.net\/#\/schema\/person\/0f261460c09e430caa0f9bcffa319109"},"headline":"VID\u00c9O. AlterTour : un tour \u00e0 v\u00e9lo participatif pour d\u00e9couvrir les alternatives \u00e0 travers la France","datePublished":"2020-08-05T11:28:00+00:00","dateModified":"2021-05-06T08:38:27+00:00","mainEntityOfPage":{"@id":"https:\/\/www.altercampagne.net\/?p=19408"},"wordCount":328,"image":{"@id":"https:\/\/www.altercampagne.net\/?p=19408#primaryimage"},"thumbnailUrl":"https:\/\/www.altercampagne.net\/wp-content\/uploads\/2020\/08\/IMG_20190821_191457.jpg","keywords":["Positivr"],"articleSection":["AlterTour","Edition 2020","Revue de presse"],"inLanguage":"fr-FR"},{"@type":"WebPage","@id":"https:\/\/www.altercampagne.net\/?p=19408","url":"https:\/\/www.altercampagne.net\/?p=19408","name":"VID\u00c9O. AlterTour : un tour \u00e0 v\u00e9lo participatif pour d\u00e9couvrir les alternatives \u00e0 travers la France - AlterTour","isPartOf":{"@id":"https:\/\/www.altercampagne.net\/#website"},"primaryImageOfPage":{"@id":"https:\/\/www.altercampagne.net\/?p=19408#primaryimage"},"image":{"@id":"https:\/\/www.altercampagne.net\/?p=19408#primaryimage"},"thumbnailUrl":"https:\/\/www.altercampagne.net\/wp-content\/uploads\/2020\/08\/IMG_20190821_191457.jpg","datePublished":"2020-08-05T11:28:00+00:00","dateModified":"2021-05-06T08:38:27+00:00","author":{"@id":"https:\/\/www.altercampagne.net\/#\/schema\/person\/0f261460c09e430caa0f9bcffa319109"},"breadcrumb":{"@id":"https:\/\/www.altercampagne.net\/?p=19408#breadcrumb"},"inLanguage":"fr-FR","potentialAction":[{"@type":"ReadAction","target":["https:\/\/www.altercampagne.net\/?p=19408"]}]},{"@type":"ImageObject","inLanguage":"fr-FR","@id":"https:\/\/www.altercampagne.net\/?p=19408#primaryimage","url":"https:\/\/www.altercampagne.net\/wp-content\/uploads\/2020\/08\/IMG_20190821_191457.jpg","contentUrl":"https:\/\/www.altercampagne.net\/wp-content\/uploads\/2020\/08\/IMG_20190821_191457.jpg","width":1200,"height":630},{"@type":"BreadcrumbList","@id":"https:\/\/www.altercampagne.net\/?p=19408#breadcrumb","itemListElement":[{"@type":"ListItem","position":1,"name":"Accueil","item":"https:\/\/www.altercampagne.net\/"},{"@type":"ListItem","position":2,"name":"VID\u00c9O. AlterTour : un tour \u00e0 v\u00e9lo participatif pour d\u00e9couvrir les alternatives \u00e0 travers la France"}]},{"@type":"WebSite","@id":"https:\/\/www.altercampagne.net\/#website","url":"https:\/\/www.altercampagne.net\/","name":"AlterTour","description":"Reliez les Alternatives \u00e0 v\u00e9lo","potentialAction":[{"@type":"SearchAction","target":{"@type":"EntryPoint","urlTemplate":"https:\/\/www.altercampagne.net\/?s={search_term_string}"},"query-input":{"@type":"PropertyValueSpecification","valueRequired":true,"valueName":"search_term_string"}}],"inLanguage":"fr-FR"},{"@type":"Person","@id":"https:\/\/www.altercampagne.net\/#\/schema\/person\/0f261460c09e430caa0f9bcffa319109","name":"Mathieu","image":{"@type":"ImageObject","inLanguage":"fr-FR","@id":"https:\/\/secure.gravatar.com\/avatar\/aa9d3d24c83f2141e5e2709d0f63d09a99f6be6bb7a50abc4915838d9f54501a?s=96&d=mm&r=g","url":"https:\/\/secure.gravatar.com\/avatar\/aa9d3d24c83f2141e5e2709d0f63d09a99f6be6bb7a50abc4915838d9f54501a?s=96&d=mm&r=g","contentUrl":"https:\/\/secure.gravatar.com\/avatar\/aa9d3d24c83f2141e5e2709d0f63d09a99f6be6bb7a50abc4915838d9f54501a?s=96&d=mm&r=g","caption":"Mathieu"},"url":"https:\/\/www.altercampagne.net\/?author=214"}]}},"_links":{"self":[{"href":"https:\/\/www.altercampagne.net\/index.php?rest_route=\/wp\/v2\/posts\/19408","targetHints":{"allow":["GET"]}}],"collection":[{"href":"https:\/\/www.altercampagne.net\/index.php?rest_route=\/wp\/v2\/posts"}],"about":[{"href":"https:\/\/www.altercampagne.net\/index.php?rest_route=\/wp\/v2\/types\/post"}],"author":[{"embeddable":true,"href":"https:\/\/www.altercampagne.net\/index.php?rest_route=\/wp\/v2\/users\/214"}],"replies":[{"embeddable":true,"href":"https:\/\/www.altercampagne.net\/index.php?rest_route=%2Fwp%2Fv2%2Fcomments&post=19408"}],"version-history":[{"count":3,"href":"https:\/\/www.altercampagne.net\/index.php?rest_route=\/wp\/v2\/posts\/19408\/revisions"}],"predecessor-version":[{"id":19412,"href":"https:\/\/www.altercampagne.net\/index.php?rest_route=\/wp\/v2\/posts\/19408\/revisions\/19412"}],"wp:featuredmedia":[{"embeddable":true,"href":"https:\/\/www.altercampagne.net\/index.php?rest_route=\/wp\/v2\/media\/19410"}],"wp:attachment":[{"href":"https:\/\/www.altercampagne.net\/index.php?rest_route=%2Fwp%2Fv2%2Fmedia&parent=19408"}],"wp:term":[{"taxonomy":"category","embeddable":true,"href":"https:\/\/www.altercampagne.net\/index.php?rest_route=%2Fwp%2Fv2%2Fcategories&post=19408"},{"taxonomy":"post_tag","embeddable":true,"href":"https:\/\/www.altercampagne.net\/index.php?rest_route=%2Fwp%2Fv2%2Ftags&post=19408"}],"curies":[{"name":"wp","href":"https:\/\/api.w.org\/{rel}","templated":true}]}}