{"id":19413,"date":"2020-08-17T13:48:00","date_gmt":"2020-08-17T11:48:00","guid":{"rendered":"http:\/\/www.altercampagne.net\/?p=19413"},"modified":"2021-05-06T10:36:55","modified_gmt":"2021-05-06T08:36:55","slug":"les-cyclistes-de-laltertour-debarquent-dans-lindre","status":"publish","type":"post","link":"https:\/\/www.altercampagne.net\/?p=19413","title":{"rendered":"Les cyclistes de l&rsquo;AlterTour d\u00e9barquent dans l&rsquo;Indre"},"content":{"rendered":"\n<p> L\u2019AlterTour, parcours cycliste militant pour la transition \u00e9cologique et sociale, sera dans l\u2019Indre du 20 au 22 ao\u00fbt. Trois rencontres sont au programme et deux sont ouvertes au public.<\/p>\n\n\n\n<p><strong>La Fabrique d\u2019initiatives citoyennes <\/strong>est un dispositif de la F\u00e9d\u00e9ration des \u0153uvres la\u00efques dont l\u2019objectif est de valoriser les initiatives  locales. Elle envisage \u00e0 ce titre l\u2019organisation d\u2019un parcours \u00e0 v\u00e9lo, dans l\u2019Indre, dans le but de les faire conna\u00eetre par les habitants. C\u2019est pourquoi le dispositif a contact\u00e9 en septembre\u00a02019, les membres organisateurs de l\u2019AlterTour pour un passage dans l\u2019Indre, rapidement act\u00e9.<\/p>\n\n\n\n<h4 class=\"wp-block-heading\"> Des visites et des d\u00e9bats  <\/h4>\n\n\n\n<p>L\u2019AlterTour\u00a0? Un parcours \u00e0 v\u00e9lo participatif qui traverse plusieurs r\u00e9gions pour aller \u00e0 la rencontre des initiatives et des alternatives locales. Cette  ann\u00e9e, les cyclistes participants ont quitt\u00e9 Grenoble, le 8\u00a0juillet dernier, et ach\u00e8veront leur p\u00e9riple \u00e0 Argenton, le 22\u00a0ao\u00fbt.<br> Mais ils arriveront dans l\u2019Indre d\u00e8s le 20\u00a0ao\u00fbt, avec un premier rendez-vous fix\u00e9 \u00e0 Pellevoisin, au <strong>Relais des Pas sages<\/strong>. <em>\u00ab\u00a0Le Relais est un projet associatif n\u00e9 d\u2019un souhait\u00a0: celui de r\u00e9habiliter  une grange en un espace culturel, au sein duquel des projets \u00e9mergent<\/em>, expliquent les organisateurs du s\u00e9jour. <em>Les cyclistes de l\u2019AlterTour vont donc visiter la ferme, profiter d\u2019un  atelier de pr\u00e9paration de produits m\u00e9nagers \u00e9cologiques et d\u2019un chantier  participatif.\u00a0\u00bb<\/em> Le public est invit\u00e9 \u00e0 se rendre sur place.<br> Le  lendemain, le 21\u00a0ao\u00fbt, rendez-vous est pris au local de<strong> Ch\u00e2teau\u2019roule,<\/strong> pour des \u00e9changes et des discussions sur le th\u00e8me de la mobilit\u00e9 et les  diff\u00e9rents modes de d\u00e9placements \u00e0 Ch\u00e2teauroux, avant un parcours \u00e0 v\u00e9lo dans la ville. La soir\u00e9e se poursuivra \u00e0 Coings, chez Didier et \u00c9liane Brulet, fief de la m\u00e9thode Montessori, o\u00f9 aura lieu une soir\u00e9e d\u2019\u00e9changes sur la th\u00e9matique \u00ab\u00a0\u00c9ducation nouvelle\u00a0: de quoi  parle-t-on\u00a0?\u00a0\u00bb<br> Enfin, le 22\u00a0ao\u00fbt, le peloton de l\u2019AlterTour viendra  achever son p\u00e9riple \u00e0 Argenton-sur-Creuse, au j<strong>ardin partag\u00e9 de la Grenouille,<\/strong> avec une visite des lieux, des causeries, des d\u00e9bats et une  soir\u00e9e festive bal trad\u2019. L\u00e0 aussi, le public est convi\u00e9. <\/p>\n\n\n\n<p class=\"has-text-align-right\"><strong><a href=\"https:\/\/www.lanouvellerepublique.fr\/indre\/les-cyclistes-de-l-altertour-debarquent-dans-l-indre\" target=\"_blank\" rel=\"noreferrer noopener\" aria-label=\"Christophe Gervais, La Nouvelle R\u00e9publique (s\u2019ouvre dans un nouvel onglet)\">Christophe Gervais, La Nouvelle R\u00e9publique<\/a><\/strong><\/p>\n","protected":false},"excerpt":{"rendered":"<p>L\u2019AlterTour, parcours cycliste militant pour la transition \u00e9cologique et sociale, sera dans l\u2019Indre du 20 au 22 ao\u00fbt. Trois rencontres sont au programme et deux sont ouvertes au public. La Fabrique d\u2019initiatives citoyennes est un dispositif de la F\u00e9d\u00e9ration des \u0153uvres la\u00efques dont l\u2019objectif est de valoriser les initiatives locales. &#8230; <\/p>\n<div><a href=\"https:\/\/www.altercampagne.net\/?p=19413\" class=\"more-link\">Read More<\/a><\/div>\n","protected":false},"author":214,"featured_media":19414,"comment_status":"closed","ping_status":"closed","sticky":false,"template":"","format":"standard","meta":{"footnotes":""},"categories":[4313,3473,3967,239],"tags":[4169,4218],"class_list":["post-19413","post","type-post","status-publish","format-standard","has-post-thumbnail","hentry","category-altertour","category-centre-val-de-loire","category-edition-2020","category-revue-de-presse","tag-indre","tag-nouvelle-republique"],"yoast_head":"<!-- This site is optimized with the Yoast SEO plugin v27.3 - https:\/\/yoast.com\/product\/yoast-seo-wordpress\/ -->\n<title>Les cyclistes de l&#039;AlterTour d\u00e9barquent dans l&#039;Indre - AlterTour<\/title>\n<meta name=\"robots\" content=\"index, follow, max-snippet:-1, max-image-preview:large, max-video-preview:-1\" \/>\n<link rel=\"canonical\" href=\"https:\/\/www.altercampagne.net\/?p=19413\" \/>\n<meta property=\"og:locale\" content=\"fr_FR\" \/>\n<meta property=\"og:type\" content=\"article\" \/>\n<meta property=\"og:title\" content=\"Les cyclistes de l&#039;AlterTour d\u00e9barquent dans l&#039;Indre - AlterTour\" \/>\n<meta property=\"og:description\" content=\"L\u2019AlterTour, parcours cycliste militant pour la transition \u00e9cologique et sociale, sera dans l\u2019Indre du 20 au 22 ao\u00fbt. Trois rencontres sont au programme et deux sont ouvertes au public. La Fabrique d\u2019initiatives citoyennes est un dispositif de la F\u00e9d\u00e9ration des \u0153uvres la\u00efques dont l\u2019objectif est de valoriser les initiatives locales. ... Read More\" \/>\n<meta property=\"og:url\" content=\"https:\/\/www.altercampagne.net\/?p=19413\" \/>\n<meta property=\"og:site_name\" content=\"AlterTour\" \/>\n<meta property=\"article:published_time\" content=\"2020-08-17T11:48:00+00:00\" \/>\n<meta property=\"article:modified_time\" content=\"2021-05-06T08:36:55+00:00\" \/>\n<meta property=\"og:image\" content=\"https:\/\/www.altercampagne.net\/wp-content\/uploads\/2020\/09\/DSC0493.jpg\" \/>\n\t<meta property=\"og:image:width\" content=\"1200\" \/>\n\t<meta property=\"og:image:height\" content=\"630\" \/>\n\t<meta property=\"og:image:type\" content=\"image\/jpeg\" \/>\n<meta name=\"author\" content=\"Mathieu\" \/>\n<meta name=\"twitter:card\" content=\"summary_large_image\" \/>\n<meta name=\"twitter:label1\" content=\"\u00c9crit par\" \/>\n\t<meta name=\"twitter:data1\" content=\"Mathieu\" \/>\n\t<meta name=\"twitter:label2\" content=\"Dur\u00e9e de lecture estim\u00e9e\" \/>\n\t<meta name=\"twitter:data2\" content=\"2 minutes\" \/>\n<script type=\"application\/ld+json\" class=\"yoast-schema-graph\">{\"@context\":\"https:\\\/\\\/schema.org\",\"@graph\":[{\"@type\":\"Article\",\"@id\":\"https:\\\/\\\/www.altercampagne.net\\\/?p=19413#article\",\"isPartOf\":{\"@id\":\"https:\\\/\\\/www.altercampagne.net\\\/?p=19413\"},\"author\":{\"name\":\"Mathieu\",\"@id\":\"https:\\\/\\\/www.altercampagne.net\\\/#\\\/schema\\\/person\\\/0f261460c09e430caa0f9bcffa319109\"},\"headline\":\"Les cyclistes de l&rsquo;AlterTour d\u00e9barquent dans l&rsquo;Indre\",\"datePublished\":\"2020-08-17T11:48:00+00:00\",\"dateModified\":\"2021-05-06T08:36:55+00:00\",\"mainEntityOfPage\":{\"@id\":\"https:\\\/\\\/www.altercampagne.net\\\/?p=19413\"},\"wordCount\":382,\"image\":{\"@id\":\"https:\\\/\\\/www.altercampagne.net\\\/?p=19413#primaryimage\"},\"thumbnailUrl\":\"https:\\\/\\\/www.altercampagne.net\\\/wp-content\\\/uploads\\\/2020\\\/09\\\/DSC0493.jpg\",\"keywords\":[\"Indre\",\"Nouvelle R\u00e9publique\"],\"articleSection\":[\"AlterTour\",\"Centre-Val de Loire\",\"Edition 2020\",\"Revue de presse\"],\"inLanguage\":\"fr-FR\"},{\"@type\":\"WebPage\",\"@id\":\"https:\\\/\\\/www.altercampagne.net\\\/?p=19413\",\"url\":\"https:\\\/\\\/www.altercampagne.net\\\/?p=19413\",\"name\":\"Les cyclistes de l'AlterTour d\u00e9barquent dans l'Indre - AlterTour\",\"isPartOf\":{\"@id\":\"https:\\\/\\\/www.altercampagne.net\\\/#website\"},\"primaryImageOfPage\":{\"@id\":\"https:\\\/\\\/www.altercampagne.net\\\/?p=19413#primaryimage\"},\"image\":{\"@id\":\"https:\\\/\\\/www.altercampagne.net\\\/?p=19413#primaryimage\"},\"thumbnailUrl\":\"https:\\\/\\\/www.altercampagne.net\\\/wp-content\\\/uploads\\\/2020\\\/09\\\/DSC0493.jpg\",\"datePublished\":\"2020-08-17T11:48:00+00:00\",\"dateModified\":\"2021-05-06T08:36:55+00:00\",\"author\":{\"@id\":\"https:\\\/\\\/www.altercampagne.net\\\/#\\\/schema\\\/person\\\/0f261460c09e430caa0f9bcffa319109\"},\"breadcrumb\":{\"@id\":\"https:\\\/\\\/www.altercampagne.net\\\/?p=19413#breadcrumb\"},\"inLanguage\":\"fr-FR\",\"potentialAction\":[{\"@type\":\"ReadAction\",\"target\":[\"https:\\\/\\\/www.altercampagne.net\\\/?p=19413\"]}]},{\"@type\":\"ImageObject\",\"inLanguage\":\"fr-FR\",\"@id\":\"https:\\\/\\\/www.altercampagne.net\\\/?p=19413#primaryimage\",\"url\":\"https:\\\/\\\/www.altercampagne.net\\\/wp-content\\\/uploads\\\/2020\\\/09\\\/DSC0493.jpg\",\"contentUrl\":\"https:\\\/\\\/www.altercampagne.net\\\/wp-content\\\/uploads\\\/2020\\\/09\\\/DSC0493.jpg\",\"width\":1200,\"height\":630},{\"@type\":\"BreadcrumbList\",\"@id\":\"https:\\\/\\\/www.altercampagne.net\\\/?p=19413#breadcrumb\",\"itemListElement\":[{\"@type\":\"ListItem\",\"position\":1,\"name\":\"Accueil\",\"item\":\"https:\\\/\\\/www.altercampagne.net\\\/\"},{\"@type\":\"ListItem\",\"position\":2,\"name\":\"Les cyclistes de l&rsquo;AlterTour d\u00e9barquent dans l&rsquo;Indre\"}]},{\"@type\":\"WebSite\",\"@id\":\"https:\\\/\\\/www.altercampagne.net\\\/#website\",\"url\":\"https:\\\/\\\/www.altercampagne.net\\\/\",\"name\":\"AlterTour\",\"description\":\"Reliez les Alternatives \u00e0 v\u00e9lo\",\"potentialAction\":[{\"@type\":\"SearchAction\",\"target\":{\"@type\":\"EntryPoint\",\"urlTemplate\":\"https:\\\/\\\/www.altercampagne.net\\\/?s={search_term_string}\"},\"query-input\":{\"@type\":\"PropertyValueSpecification\",\"valueRequired\":true,\"valueName\":\"search_term_string\"}}],\"inLanguage\":\"fr-FR\"},{\"@type\":\"Person\",\"@id\":\"https:\\\/\\\/www.altercampagne.net\\\/#\\\/schema\\\/person\\\/0f261460c09e430caa0f9bcffa319109\",\"name\":\"Mathieu\",\"image\":{\"@type\":\"ImageObject\",\"inLanguage\":\"fr-FR\",\"@id\":\"https:\\\/\\\/secure.gravatar.com\\\/avatar\\\/aa9d3d24c83f2141e5e2709d0f63d09a99f6be6bb7a50abc4915838d9f54501a?s=96&d=mm&r=g\",\"url\":\"https:\\\/\\\/secure.gravatar.com\\\/avatar\\\/aa9d3d24c83f2141e5e2709d0f63d09a99f6be6bb7a50abc4915838d9f54501a?s=96&d=mm&r=g\",\"contentUrl\":\"https:\\\/\\\/secure.gravatar.com\\\/avatar\\\/aa9d3d24c83f2141e5e2709d0f63d09a99f6be6bb7a50abc4915838d9f54501a?s=96&d=mm&r=g\",\"caption\":\"Mathieu\"},\"url\":\"https:\\\/\\\/www.altercampagne.net\\\/?author=214\"}]}<\/script>\n<!-- \/ Yoast SEO plugin. -->","yoast_head_json":{"title":"Les cyclistes de l'AlterTour d\u00e9barquent dans l'Indre - AlterTour","robots":{"index":"index","follow":"follow","max-snippet":"max-snippet:-1","max-image-preview":"max-image-preview:large","max-video-preview":"max-video-preview:-1"},"canonical":"https:\/\/www.altercampagne.net\/?p=19413","og_locale":"fr_FR","og_type":"article","og_title":"Les cyclistes de l'AlterTour d\u00e9barquent dans l'Indre - AlterTour","og_description":"L\u2019AlterTour, parcours cycliste militant pour la transition \u00e9cologique et sociale, sera dans l\u2019Indre du 20 au 22 ao\u00fbt. Trois rencontres sont au programme et deux sont ouvertes au public. La Fabrique d\u2019initiatives citoyennes est un dispositif de la F\u00e9d\u00e9ration des \u0153uvres la\u00efques dont l\u2019objectif est de valoriser les initiatives locales. ... Read More","og_url":"https:\/\/www.altercampagne.net\/?p=19413","og_site_name":"AlterTour","article_published_time":"2020-08-17T11:48:00+00:00","article_modified_time":"2021-05-06T08:36:55+00:00","og_image":[{"width":1200,"height":630,"url":"https:\/\/www.altercampagne.net\/wp-content\/uploads\/2020\/09\/DSC0493.jpg","type":"image\/jpeg"}],"author":"Mathieu","twitter_card":"summary_large_image","twitter_misc":{"\u00c9crit par":"Mathieu","Dur\u00e9e de lecture estim\u00e9e":"2 minutes"},"schema":{"@context":"https:\/\/schema.org","@graph":[{"@type":"Article","@id":"https:\/\/www.altercampagne.net\/?p=19413#article","isPartOf":{"@id":"https:\/\/www.altercampagne.net\/?p=19413"},"author":{"name":"Mathieu","@id":"https:\/\/www.altercampagne.net\/#\/schema\/person\/0f261460c09e430caa0f9bcffa319109"},"headline":"Les cyclistes de l&rsquo;AlterTour d\u00e9barquent dans l&rsquo;Indre","datePublished":"2020-08-17T11:48:00+00:00","dateModified":"2021-05-06T08:36:55+00:00","mainEntityOfPage":{"@id":"https:\/\/www.altercampagne.net\/?p=19413"},"wordCount":382,"image":{"@id":"https:\/\/www.altercampagne.net\/?p=19413#primaryimage"},"thumbnailUrl":"https:\/\/www.altercampagne.net\/wp-content\/uploads\/2020\/09\/DSC0493.jpg","keywords":["Indre","Nouvelle R\u00e9publique"],"articleSection":["AlterTour","Centre-Val de Loire","Edition 2020","Revue de presse"],"inLanguage":"fr-FR"},{"@type":"WebPage","@id":"https:\/\/www.altercampagne.net\/?p=19413","url":"https:\/\/www.altercampagne.net\/?p=19413","name":"Les cyclistes de l'AlterTour d\u00e9barquent dans l'Indre - AlterTour","isPartOf":{"@id":"https:\/\/www.altercampagne.net\/#website"},"primaryImageOfPage":{"@id":"https:\/\/www.altercampagne.net\/?p=19413#primaryimage"},"image":{"@id":"https:\/\/www.altercampagne.net\/?p=19413#primaryimage"},"thumbnailUrl":"https:\/\/www.altercampagne.net\/wp-content\/uploads\/2020\/09\/DSC0493.jpg","datePublished":"2020-08-17T11:48:00+00:00","dateModified":"2021-05-06T08:36:55+00:00","author":{"@id":"https:\/\/www.altercampagne.net\/#\/schema\/person\/0f261460c09e430caa0f9bcffa319109"},"breadcrumb":{"@id":"https:\/\/www.altercampagne.net\/?p=19413#breadcrumb"},"inLanguage":"fr-FR","potentialAction":[{"@type":"ReadAction","target":["https:\/\/www.altercampagne.net\/?p=19413"]}]},{"@type":"ImageObject","inLanguage":"fr-FR","@id":"https:\/\/www.altercampagne.net\/?p=19413#primaryimage","url":"https:\/\/www.altercampagne.net\/wp-content\/uploads\/2020\/09\/DSC0493.jpg","contentUrl":"https:\/\/www.altercampagne.net\/wp-content\/uploads\/2020\/09\/DSC0493.jpg","width":1200,"height":630},{"@type":"BreadcrumbList","@id":"https:\/\/www.altercampagne.net\/?p=19413#breadcrumb","itemListElement":[{"@type":"ListItem","position":1,"name":"Accueil","item":"https:\/\/www.altercampagne.net\/"},{"@type":"ListItem","position":2,"name":"Les cyclistes de l&rsquo;AlterTour d\u00e9barquent dans l&rsquo;Indre"}]},{"@type":"WebSite","@id":"https:\/\/www.altercampagne.net\/#website","url":"https:\/\/www.altercampagne.net\/","name":"AlterTour","description":"Reliez les Alternatives \u00e0 v\u00e9lo","potentialAction":[{"@type":"SearchAction","target":{"@type":"EntryPoint","urlTemplate":"https:\/\/www.altercampagne.net\/?s={search_term_string}"},"query-input":{"@type":"PropertyValueSpecification","valueRequired":true,"valueName":"search_term_string"}}],"inLanguage":"fr-FR"},{"@type":"Person","@id":"https:\/\/www.altercampagne.net\/#\/schema\/person\/0f261460c09e430caa0f9bcffa319109","name":"Mathieu","image":{"@type":"ImageObject","inLanguage":"fr-FR","@id":"https:\/\/secure.gravatar.com\/avatar\/aa9d3d24c83f2141e5e2709d0f63d09a99f6be6bb7a50abc4915838d9f54501a?s=96&d=mm&r=g","url":"https:\/\/secure.gravatar.com\/avatar\/aa9d3d24c83f2141e5e2709d0f63d09a99f6be6bb7a50abc4915838d9f54501a?s=96&d=mm&r=g","contentUrl":"https:\/\/secure.gravatar.com\/avatar\/aa9d3d24c83f2141e5e2709d0f63d09a99f6be6bb7a50abc4915838d9f54501a?s=96&d=mm&r=g","caption":"Mathieu"},"url":"https:\/\/www.altercampagne.net\/?author=214"}]}},"_links":{"self":[{"href":"https:\/\/www.altercampagne.net\/index.php?rest_route=\/wp\/v2\/posts\/19413","targetHints":{"allow":["GET"]}}],"collection":[{"href":"https:\/\/www.altercampagne.net\/index.php?rest_route=\/wp\/v2\/posts"}],"about":[{"href":"https:\/\/www.altercampagne.net\/index.php?rest_route=\/wp\/v2\/types\/post"}],"author":[{"embeddable":true,"href":"https:\/\/www.altercampagne.net\/index.php?rest_route=\/wp\/v2\/users\/214"}],"replies":[{"embeddable":true,"href":"https:\/\/www.altercampagne.net\/index.php?rest_route=%2Fwp%2Fv2%2Fcomments&post=19413"}],"version-history":[{"count":2,"href":"https:\/\/www.altercampagne.net\/index.php?rest_route=\/wp\/v2\/posts\/19413\/revisions"}],"predecessor-version":[{"id":19684,"href":"https:\/\/www.altercampagne.net\/index.php?rest_route=\/wp\/v2\/posts\/19413\/revisions\/19684"}],"wp:featuredmedia":[{"embeddable":true,"href":"https:\/\/www.altercampagne.net\/index.php?rest_route=\/wp\/v2\/media\/19414"}],"wp:attachment":[{"href":"https:\/\/www.altercampagne.net\/index.php?rest_route=%2Fwp%2Fv2%2Fmedia&parent=19413"}],"wp:term":[{"taxonomy":"category","embeddable":true,"href":"https:\/\/www.altercampagne.net\/index.php?rest_route=%2Fwp%2Fv2%2Fcategories&post=19413"},{"taxonomy":"post_tag","embeddable":true,"href":"https:\/\/www.altercampagne.net\/index.php?rest_route=%2Fwp%2Fv2%2Ftags&post=19413"}],"curies":[{"name":"wp","href":"https:\/\/api.w.org\/{rel}","templated":true}]}}