{"id":19416,"date":"2020-08-09T14:03:00","date_gmt":"2020-08-09T12:03:00","guid":{"rendered":"http:\/\/www.altercampagne.net\/?p=19416"},"modified":"2021-05-06T10:36:56","modified_gmt":"2021-05-06T08:36:56","slug":"laltertour-rencontre-les-habitants-du-loiret-qui-sengagent-pour-une-agriculture-une-urbanisation-une-forme-dhabitat-plus-ecologiques","status":"publish","type":"post","link":"https:\/\/www.altercampagne.net\/?p=19416","title":{"rendered":"L&rsquo;AlterTour rencontre les habitants du Loiret qui s&rsquo;engagent pour une agriculture, une urbanisation, une forme d&rsquo;habitat plus \u00e9cologiques"},"content":{"rendered":"\n<p> Cette ann\u00e9e, l\u2019AlterTour, le tour de France cycliste des alternatives  sociales et \u00e9cologiques, fait \u00e9tape dans le Loiret. Ils \u00e9taient ce  samedi \u00e0 Ch\u00e2lette-sur-Loing et resteront jusqu&rsquo;\u00e0 mardi, dans le  d\u00e9partement, en rencontrant ceux qui s&rsquo;engagent. <\/p>\n\n\n\n<p>Au fond de la ferme urbaine De la fourche \u00e0 la  fourchette&nbsp;de Guillaume Samp\u00e9, \u00e0 Ch\u00e2lette-sur-Loing, une soixantaine de cyclistes sont assis devant un tableau. Ils se r\u00e9partissent les t\u00e2ches  du lendemain, avant de visiter l\u2019exploitation mara\u00eech\u00e8re, situ\u00e9e \u00e0 deux pas du centre-ville. <strong>Ils ont install\u00e9 leurs tentes, dans le terrain, leurs v\u00e9los se reposent des kilom\u00e8tres aval\u00e9s,<\/strong> et les charg\u00e9s de la logistique s\u2019occupent des l\u00e9gumes pour les repas. Le tout est participatif, chacun s&rsquo;investit \u00e0 sa fa\u00e7on sur les  diff\u00e9rentes t\u00e2ches qui ponctuent les journ\u00e9es de l&rsquo;AlterTour.<\/p>\n\n\n\n<p>Ce samedi 8 ao\u00fbt, les <a href=\"http:\/\/www.altercampagne.net\/\" target=\"_blank\" rel=\"noreferrer noopener\" aria-label=\" (s\u2019ouvre dans un nouvel onglet)\">cyclistes de l\u2019AlterTour<\/a>  faisaient une premi\u00e8re \u00e9tape dans le Loiret, apr\u00e8s avoir parcouru une cinquantaine de kilom\u00e8tres depuis Villeneuve-les-Gen\u00eats (Yonne). \u00ab\u00a0L\u2019AlterTour est parti le 8&nbsp;juillet de Grenoble, et nous arriverons le 23&nbsp;ao\u00fbt, \u00e0 Argenton-sur-Creuse, soit 1.400&nbsp;kilom\u00e8tres. <strong>L\u2019objectif  est de d\u00e9couvrir des initiatives int\u00e9ressantes sur le plan \u00e9cologique  et social, en termes de transport, d\u2019habitat, d\u2019agriculture\u2026\u00a0\u00bb<\/strong>, pr\u00e9cise Mathieu Formont, coordinateur de l\u2019association Altercampagne.<\/p>\n\n\n\n<p>Cette ann\u00e9e, ils seront 450 cyclistes inscrits \u00e0 se relayer sur la totalit\u00e9 du parcours.&nbsp;\u00ab\u00a0Depuis deux ans, nous sommes complets. Lors des deux premi\u00e8res \u00e9ditions, il y avait maximum 120 personnes\u00a0\u00bb, se r\u00e9jouit-il.<\/p>\n\n\n\n<h3 class=\"wp-block-heading\">Des initiatives locales<\/h3>\n\n\n\n<p>Ainsi, <a href=\"https:\/\/www.larep.fr\/orleans-45000\/actualites\/l-altertour-la-randonnee-cycliste-des-alternatives-ecologiques-fait-etape-dans-le-loiret-du-8-au-11-aout_13820531\/\" target=\"_blank\" rel=\"noreferrer noopener\" aria-label=\" (s\u2019ouvre dans un nouvel onglet)\">dans le Loiret, ils s\u2019arr\u00eateront, ce dimanche soir et lundi, \u00e0 Bou<\/a>, et rencontreront le collectif Le village de la Loire qui se bat contre  le projet du conseil d\u00e9partemental de construire la d\u00e9viation de Jargeau. <strong>Ils parleront aussi de diff\u00e9rentes \u00ab\u00a0luttes locales contre l\u2019artificialisation des terres et la privatisation du monde\u00a0\u00bb. <\/strong>Mardi 11 ao\u00fbt, ils seront \u00e0 Saint-Hilaire-Saint-Mesmin, pour d\u00e9couvrir la maison interg\u00e9n\u00e9rationnelle Anne et Sim\u00e9on.<\/p>\n\n\n\n<p>Les cyclistes, qui doivent s\u2019inscrire, participent sur le nombre d\u2019\u00e9tapes qu\u2019ils souhaitent&nbsp;: \u00ab\u00a0<strong>En moyenne, ils restent sept jours, mais nous avons deux cyclistes qui sont l\u00e0 depuis le d\u00e9but\u00a0\u00bb, pr\u00e9cise-t-il.<\/strong><\/p>\n\n\n\n<p>Il s\u2019agit de deux jeunes femmes, Marie Lhermitte, Toulousaine, et Marie Ham\u00e9on, Nantaise. \u00ab\u00a0J\u2019ai voulu participer, car tous les ingr\u00e9dients me plaisaient&nbsp;: \u00eatre dehors, \u00eatre en collectivit\u00e9. Je n\u2019avais jamais fait de randonn\u00e9e \u00e0 v\u00e9lo, je voulais un cadre s\u00e9curis\u00e9.&nbsp;On va \u00e0 notre rythme\u00a0\u00bb, justifie cette derni\u00e8re. Elle a \u00e9t\u00e9  particuli\u00e8rement marqu\u00e9e par la rencontre avec un \u00e9leveur, Johan, de la ferme du Ponant, \u00ab\u00a0il a un rapport particulier avec ses vaches, quand  elles sont \u00e2g\u00e9es, ils ne les vend pas, il les emm\u00e8ne jusqu&rsquo;\u00e0 leur fin de vie, il n&rsquo;est pas dans une d\u00e9marche productiviste\u00a0\u00bb.<\/p>\n\n\n\n<h3 class=\"wp-block-heading\">Un \u00e9tat d&rsquo;esprit et une ambiance atypique<\/h3>\n\n\n\n<p>Marie Lhermitte \u00e9tait tr\u00e8s attir\u00e9e par les  rencontres avec des agriculteurs, afin de construire son projet professionnel, \u00ab\u00a0et j\u2019ai des valeurs profondes pour la transition  \u00e9cologique, l\u2019environnement. C\u2019\u00e9tait un challenge mais je vois que le voyage \u00e0 v\u00e9lo est tout \u00e0 fait possible\u00a0\u00bb.&nbsp;Elle ne continue pas le  parcours et s\u2019arr\u00eatait ce samedi soir, mais <strong>restera marqu\u00e9e par certaines initiatives, comme cette exp\u00e9rience&nbsp;de traction animale chez un mara\u00eecher, <\/strong>que les cyclistes ont d\u00e9couverte au Ch\u00e2teau partag\u00e9 en Savoie.&nbsp;<\/p>\n\n\n\n<p>Toutes deux appr\u00e9cient l\u2019\u00e9tat d\u2019esprit qui r\u00e8gne sur l\u2019AlterTour. \u00ab\u00a0C\u2019est tr\u00e8s fort\u00a0\u00bb, d\u00e9crit Marie Lhermitte. <strong>Confiance, libert\u00e9 de pouvoir parler de ses projets sans passer pour des  utopistes, coh\u00e9sion, autogestion, effort physique sur plusieurs jours, aspect interg\u00e9n\u00e9rationnel de la d\u00e9marche, <\/strong>sont autant de choses qu&rsquo;elles appr\u00e9cient sur l&rsquo;AlterTour.<\/p>\n\n\n\n<p class=\"has-text-align-right\"><strong><a href=\"https:\/\/www.larep.fr\/chalette-sur-loing-45120\/actualites\/l-altertour-rencontre-les-habitants-du-loiret-qui-s-engagent-pour-une-agriculture-une-urbanisation-une-forme-d-habitat-plus-ecologiques_13821791\/\" target=\"_blank\" rel=\"noreferrer noopener\" aria-label=\"Cindy Roudier-Valaud, La R\u00e9publique du Centre (s\u2019ouvre dans un nouvel onglet)\">Cindy Roudier-Valaud, La R\u00e9publique du Centre<\/a><\/strong><\/p>\n","protected":false},"excerpt":{"rendered":"<p>Cette ann\u00e9e, l\u2019AlterTour, le tour de France cycliste des alternatives sociales et \u00e9cologiques, fait \u00e9tape dans le Loiret. Ils \u00e9taient ce samedi \u00e0 Ch\u00e2lette-sur-Loing et resteront jusqu&rsquo;\u00e0 mardi, dans le d\u00e9partement, en rencontrant ceux qui s&rsquo;engagent. Au fond de la ferme urbaine De la fourche \u00e0 la fourchette&nbsp;de Guillaume Samp\u00e9, &#8230; <\/p>\n<div><a href=\"https:\/\/www.altercampagne.net\/?p=19416\" class=\"more-link\">Read More<\/a><\/div>\n","protected":false},"author":214,"featured_media":19417,"comment_status":"closed","ping_status":"closed","sticky":false,"template":"","format":"standard","meta":{"footnotes":""},"categories":[4313,3473,3967,239],"tags":[4202,4219],"class_list":["post-19416","post","type-post","status-publish","format-standard","has-post-thumbnail","hentry","category-altertour","category-centre-val-de-loire","category-edition-2020","category-revue-de-presse","tag-chalette-sur-loing","tag-republique-du-centre"],"yoast_head":"<!-- This site is optimized with the Yoast SEO plugin v27.3 - https:\/\/yoast.com\/product\/yoast-seo-wordpress\/ -->\n<title>L&#039;AlterTour rencontre les habitants du Loiret qui s&#039;engagent pour une agriculture, une urbanisation, une forme d&#039;habitat plus \u00e9cologiques - AlterTour<\/title>\n<meta name=\"robots\" content=\"index, follow, max-snippet:-1, max-image-preview:large, max-video-preview:-1\" \/>\n<link rel=\"canonical\" href=\"https:\/\/www.altercampagne.net\/?p=19416\" \/>\n<meta property=\"og:locale\" content=\"fr_FR\" \/>\n<meta property=\"og:type\" content=\"article\" \/>\n<meta property=\"og:title\" content=\"L&#039;AlterTour rencontre les habitants du Loiret qui s&#039;engagent pour une agriculture, une urbanisation, une forme d&#039;habitat plus \u00e9cologiques - AlterTour\" \/>\n<meta property=\"og:description\" content=\"Cette ann\u00e9e, l\u2019AlterTour, le tour de France cycliste des alternatives sociales et \u00e9cologiques, fait \u00e9tape dans le Loiret. Ils \u00e9taient ce samedi \u00e0 Ch\u00e2lette-sur-Loing et resteront jusqu&rsquo;\u00e0 mardi, dans le d\u00e9partement, en rencontrant ceux qui s&rsquo;engagent. Au fond de la ferme urbaine De la fourche \u00e0 la fourchette&nbsp;de Guillaume Samp\u00e9, ... Read More\" \/>\n<meta property=\"og:url\" content=\"https:\/\/www.altercampagne.net\/?p=19416\" \/>\n<meta property=\"og:site_name\" content=\"AlterTour\" \/>\n<meta property=\"article:published_time\" content=\"2020-08-09T12:03:00+00:00\" \/>\n<meta property=\"article:modified_time\" content=\"2021-05-06T08:36:56+00:00\" \/>\n<meta property=\"og:image\" content=\"https:\/\/www.altercampagne.net\/wp-content\/uploads\/2020\/09\/AT2020_Photos_Juanfe-298.jpg\" \/>\n\t<meta property=\"og:image:width\" content=\"1200\" \/>\n\t<meta property=\"og:image:height\" content=\"630\" \/>\n\t<meta property=\"og:image:type\" content=\"image\/jpeg\" \/>\n<meta name=\"author\" content=\"Mathieu\" \/>\n<meta name=\"twitter:card\" content=\"summary_large_image\" \/>\n<meta name=\"twitter:label1\" content=\"\u00c9crit par\" \/>\n\t<meta name=\"twitter:data1\" content=\"Mathieu\" \/>\n\t<meta name=\"twitter:label2\" content=\"Dur\u00e9e de lecture estim\u00e9e\" \/>\n\t<meta name=\"twitter:data2\" content=\"3 minutes\" \/>\n<script type=\"application\/ld+json\" class=\"yoast-schema-graph\">{\"@context\":\"https:\\\/\\\/schema.org\",\"@graph\":[{\"@type\":\"Article\",\"@id\":\"https:\\\/\\\/www.altercampagne.net\\\/?p=19416#article\",\"isPartOf\":{\"@id\":\"https:\\\/\\\/www.altercampagne.net\\\/?p=19416\"},\"author\":{\"name\":\"Mathieu\",\"@id\":\"https:\\\/\\\/www.altercampagne.net\\\/#\\\/schema\\\/person\\\/0f261460c09e430caa0f9bcffa319109\"},\"headline\":\"L&rsquo;AlterTour rencontre les habitants du Loiret qui s&rsquo;engagent pour une agriculture, une urbanisation, une forme d&rsquo;habitat plus \u00e9cologiques\",\"datePublished\":\"2020-08-09T12:03:00+00:00\",\"dateModified\":\"2021-05-06T08:36:56+00:00\",\"mainEntityOfPage\":{\"@id\":\"https:\\\/\\\/www.altercampagne.net\\\/?p=19416\"},\"wordCount\":684,\"image\":{\"@id\":\"https:\\\/\\\/www.altercampagne.net\\\/?p=19416#primaryimage\"},\"thumbnailUrl\":\"https:\\\/\\\/www.altercampagne.net\\\/wp-content\\\/uploads\\\/2020\\\/09\\\/AT2020_Photos_Juanfe-298.jpg\",\"keywords\":[\"Ch\u00e2lette-sur-Loing\",\"R\u00e9publique du Centre\"],\"articleSection\":[\"AlterTour\",\"Centre-Val de Loire\",\"Edition 2020\",\"Revue de presse\"],\"inLanguage\":\"fr-FR\"},{\"@type\":\"WebPage\",\"@id\":\"https:\\\/\\\/www.altercampagne.net\\\/?p=19416\",\"url\":\"https:\\\/\\\/www.altercampagne.net\\\/?p=19416\",\"name\":\"L'AlterTour rencontre les habitants du Loiret qui s'engagent pour une agriculture, une urbanisation, une forme d'habitat plus \u00e9cologiques - AlterTour\",\"isPartOf\":{\"@id\":\"https:\\\/\\\/www.altercampagne.net\\\/#website\"},\"primaryImageOfPage\":{\"@id\":\"https:\\\/\\\/www.altercampagne.net\\\/?p=19416#primaryimage\"},\"image\":{\"@id\":\"https:\\\/\\\/www.altercampagne.net\\\/?p=19416#primaryimage\"},\"thumbnailUrl\":\"https:\\\/\\\/www.altercampagne.net\\\/wp-content\\\/uploads\\\/2020\\\/09\\\/AT2020_Photos_Juanfe-298.jpg\",\"datePublished\":\"2020-08-09T12:03:00+00:00\",\"dateModified\":\"2021-05-06T08:36:56+00:00\",\"author\":{\"@id\":\"https:\\\/\\\/www.altercampagne.net\\\/#\\\/schema\\\/person\\\/0f261460c09e430caa0f9bcffa319109\"},\"breadcrumb\":{\"@id\":\"https:\\\/\\\/www.altercampagne.net\\\/?p=19416#breadcrumb\"},\"inLanguage\":\"fr-FR\",\"potentialAction\":[{\"@type\":\"ReadAction\",\"target\":[\"https:\\\/\\\/www.altercampagne.net\\\/?p=19416\"]}]},{\"@type\":\"ImageObject\",\"inLanguage\":\"fr-FR\",\"@id\":\"https:\\\/\\\/www.altercampagne.net\\\/?p=19416#primaryimage\",\"url\":\"https:\\\/\\\/www.altercampagne.net\\\/wp-content\\\/uploads\\\/2020\\\/09\\\/AT2020_Photos_Juanfe-298.jpg\",\"contentUrl\":\"https:\\\/\\\/www.altercampagne.net\\\/wp-content\\\/uploads\\\/2020\\\/09\\\/AT2020_Photos_Juanfe-298.jpg\",\"width\":1200,\"height\":630},{\"@type\":\"BreadcrumbList\",\"@id\":\"https:\\\/\\\/www.altercampagne.net\\\/?p=19416#breadcrumb\",\"itemListElement\":[{\"@type\":\"ListItem\",\"position\":1,\"name\":\"Accueil\",\"item\":\"https:\\\/\\\/www.altercampagne.net\\\/\"},{\"@type\":\"ListItem\",\"position\":2,\"name\":\"L&rsquo;AlterTour rencontre les habitants du Loiret qui s&rsquo;engagent pour une agriculture, une urbanisation, une forme d&rsquo;habitat plus \u00e9cologiques\"}]},{\"@type\":\"WebSite\",\"@id\":\"https:\\\/\\\/www.altercampagne.net\\\/#website\",\"url\":\"https:\\\/\\\/www.altercampagne.net\\\/\",\"name\":\"AlterTour\",\"description\":\"Reliez les Alternatives \u00e0 v\u00e9lo\",\"potentialAction\":[{\"@type\":\"SearchAction\",\"target\":{\"@type\":\"EntryPoint\",\"urlTemplate\":\"https:\\\/\\\/www.altercampagne.net\\\/?s={search_term_string}\"},\"query-input\":{\"@type\":\"PropertyValueSpecification\",\"valueRequired\":true,\"valueName\":\"search_term_string\"}}],\"inLanguage\":\"fr-FR\"},{\"@type\":\"Person\",\"@id\":\"https:\\\/\\\/www.altercampagne.net\\\/#\\\/schema\\\/person\\\/0f261460c09e430caa0f9bcffa319109\",\"name\":\"Mathieu\",\"image\":{\"@type\":\"ImageObject\",\"inLanguage\":\"fr-FR\",\"@id\":\"https:\\\/\\\/secure.gravatar.com\\\/avatar\\\/aa9d3d24c83f2141e5e2709d0f63d09a99f6be6bb7a50abc4915838d9f54501a?s=96&d=mm&r=g\",\"url\":\"https:\\\/\\\/secure.gravatar.com\\\/avatar\\\/aa9d3d24c83f2141e5e2709d0f63d09a99f6be6bb7a50abc4915838d9f54501a?s=96&d=mm&r=g\",\"contentUrl\":\"https:\\\/\\\/secure.gravatar.com\\\/avatar\\\/aa9d3d24c83f2141e5e2709d0f63d09a99f6be6bb7a50abc4915838d9f54501a?s=96&d=mm&r=g\",\"caption\":\"Mathieu\"},\"url\":\"https:\\\/\\\/www.altercampagne.net\\\/?author=214\"}]}<\/script>\n<!-- \/ Yoast SEO plugin. -->","yoast_head_json":{"title":"L'AlterTour rencontre les habitants du Loiret qui s'engagent pour une agriculture, une urbanisation, une forme d'habitat plus \u00e9cologiques - AlterTour","robots":{"index":"index","follow":"follow","max-snippet":"max-snippet:-1","max-image-preview":"max-image-preview:large","max-video-preview":"max-video-preview:-1"},"canonical":"https:\/\/www.altercampagne.net\/?p=19416","og_locale":"fr_FR","og_type":"article","og_title":"L'AlterTour rencontre les habitants du Loiret qui s'engagent pour une agriculture, une urbanisation, une forme d'habitat plus \u00e9cologiques - AlterTour","og_description":"Cette ann\u00e9e, l\u2019AlterTour, le tour de France cycliste des alternatives sociales et \u00e9cologiques, fait \u00e9tape dans le Loiret. Ils \u00e9taient ce samedi \u00e0 Ch\u00e2lette-sur-Loing et resteront jusqu&rsquo;\u00e0 mardi, dans le d\u00e9partement, en rencontrant ceux qui s&rsquo;engagent. Au fond de la ferme urbaine De la fourche \u00e0 la fourchette&nbsp;de Guillaume Samp\u00e9, ... Read More","og_url":"https:\/\/www.altercampagne.net\/?p=19416","og_site_name":"AlterTour","article_published_time":"2020-08-09T12:03:00+00:00","article_modified_time":"2021-05-06T08:36:56+00:00","og_image":[{"width":1200,"height":630,"url":"https:\/\/www.altercampagne.net\/wp-content\/uploads\/2020\/09\/AT2020_Photos_Juanfe-298.jpg","type":"image\/jpeg"}],"author":"Mathieu","twitter_card":"summary_large_image","twitter_misc":{"\u00c9crit par":"Mathieu","Dur\u00e9e de lecture estim\u00e9e":"3 minutes"},"schema":{"@context":"https:\/\/schema.org","@graph":[{"@type":"Article","@id":"https:\/\/www.altercampagne.net\/?p=19416#article","isPartOf":{"@id":"https:\/\/www.altercampagne.net\/?p=19416"},"author":{"name":"Mathieu","@id":"https:\/\/www.altercampagne.net\/#\/schema\/person\/0f261460c09e430caa0f9bcffa319109"},"headline":"L&rsquo;AlterTour rencontre les habitants du Loiret qui s&rsquo;engagent pour une agriculture, une urbanisation, une forme d&rsquo;habitat plus \u00e9cologiques","datePublished":"2020-08-09T12:03:00+00:00","dateModified":"2021-05-06T08:36:56+00:00","mainEntityOfPage":{"@id":"https:\/\/www.altercampagne.net\/?p=19416"},"wordCount":684,"image":{"@id":"https:\/\/www.altercampagne.net\/?p=19416#primaryimage"},"thumbnailUrl":"https:\/\/www.altercampagne.net\/wp-content\/uploads\/2020\/09\/AT2020_Photos_Juanfe-298.jpg","keywords":["Ch\u00e2lette-sur-Loing","R\u00e9publique du Centre"],"articleSection":["AlterTour","Centre-Val de Loire","Edition 2020","Revue de presse"],"inLanguage":"fr-FR"},{"@type":"WebPage","@id":"https:\/\/www.altercampagne.net\/?p=19416","url":"https:\/\/www.altercampagne.net\/?p=19416","name":"L'AlterTour rencontre les habitants du Loiret qui s'engagent pour une agriculture, une urbanisation, une forme d'habitat plus \u00e9cologiques - AlterTour","isPartOf":{"@id":"https:\/\/www.altercampagne.net\/#website"},"primaryImageOfPage":{"@id":"https:\/\/www.altercampagne.net\/?p=19416#primaryimage"},"image":{"@id":"https:\/\/www.altercampagne.net\/?p=19416#primaryimage"},"thumbnailUrl":"https:\/\/www.altercampagne.net\/wp-content\/uploads\/2020\/09\/AT2020_Photos_Juanfe-298.jpg","datePublished":"2020-08-09T12:03:00+00:00","dateModified":"2021-05-06T08:36:56+00:00","author":{"@id":"https:\/\/www.altercampagne.net\/#\/schema\/person\/0f261460c09e430caa0f9bcffa319109"},"breadcrumb":{"@id":"https:\/\/www.altercampagne.net\/?p=19416#breadcrumb"},"inLanguage":"fr-FR","potentialAction":[{"@type":"ReadAction","target":["https:\/\/www.altercampagne.net\/?p=19416"]}]},{"@type":"ImageObject","inLanguage":"fr-FR","@id":"https:\/\/www.altercampagne.net\/?p=19416#primaryimage","url":"https:\/\/www.altercampagne.net\/wp-content\/uploads\/2020\/09\/AT2020_Photos_Juanfe-298.jpg","contentUrl":"https:\/\/www.altercampagne.net\/wp-content\/uploads\/2020\/09\/AT2020_Photos_Juanfe-298.jpg","width":1200,"height":630},{"@type":"BreadcrumbList","@id":"https:\/\/www.altercampagne.net\/?p=19416#breadcrumb","itemListElement":[{"@type":"ListItem","position":1,"name":"Accueil","item":"https:\/\/www.altercampagne.net\/"},{"@type":"ListItem","position":2,"name":"L&rsquo;AlterTour rencontre les habitants du Loiret qui s&rsquo;engagent pour une agriculture, une urbanisation, une forme d&rsquo;habitat plus \u00e9cologiques"}]},{"@type":"WebSite","@id":"https:\/\/www.altercampagne.net\/#website","url":"https:\/\/www.altercampagne.net\/","name":"AlterTour","description":"Reliez les Alternatives \u00e0 v\u00e9lo","potentialAction":[{"@type":"SearchAction","target":{"@type":"EntryPoint","urlTemplate":"https:\/\/www.altercampagne.net\/?s={search_term_string}"},"query-input":{"@type":"PropertyValueSpecification","valueRequired":true,"valueName":"search_term_string"}}],"inLanguage":"fr-FR"},{"@type":"Person","@id":"https:\/\/www.altercampagne.net\/#\/schema\/person\/0f261460c09e430caa0f9bcffa319109","name":"Mathieu","image":{"@type":"ImageObject","inLanguage":"fr-FR","@id":"https:\/\/secure.gravatar.com\/avatar\/aa9d3d24c83f2141e5e2709d0f63d09a99f6be6bb7a50abc4915838d9f54501a?s=96&d=mm&r=g","url":"https:\/\/secure.gravatar.com\/avatar\/aa9d3d24c83f2141e5e2709d0f63d09a99f6be6bb7a50abc4915838d9f54501a?s=96&d=mm&r=g","contentUrl":"https:\/\/secure.gravatar.com\/avatar\/aa9d3d24c83f2141e5e2709d0f63d09a99f6be6bb7a50abc4915838d9f54501a?s=96&d=mm&r=g","caption":"Mathieu"},"url":"https:\/\/www.altercampagne.net\/?author=214"}]}},"_links":{"self":[{"href":"https:\/\/www.altercampagne.net\/index.php?rest_route=\/wp\/v2\/posts\/19416","targetHints":{"allow":["GET"]}}],"collection":[{"href":"https:\/\/www.altercampagne.net\/index.php?rest_route=\/wp\/v2\/posts"}],"about":[{"href":"https:\/\/www.altercampagne.net\/index.php?rest_route=\/wp\/v2\/types\/post"}],"author":[{"embeddable":true,"href":"https:\/\/www.altercampagne.net\/index.php?rest_route=\/wp\/v2\/users\/214"}],"replies":[{"embeddable":true,"href":"https:\/\/www.altercampagne.net\/index.php?rest_route=%2Fwp%2Fv2%2Fcomments&post=19416"}],"version-history":[{"count":3,"href":"https:\/\/www.altercampagne.net\/index.php?rest_route=\/wp\/v2\/posts\/19416\/revisions"}],"predecessor-version":[{"id":19688,"href":"https:\/\/www.altercampagne.net\/index.php?rest_route=\/wp\/v2\/posts\/19416\/revisions\/19688"}],"wp:featuredmedia":[{"embeddable":true,"href":"https:\/\/www.altercampagne.net\/index.php?rest_route=\/wp\/v2\/media\/19417"}],"wp:attachment":[{"href":"https:\/\/www.altercampagne.net\/index.php?rest_route=%2Fwp%2Fv2%2Fmedia&parent=19416"}],"wp:term":[{"taxonomy":"category","embeddable":true,"href":"https:\/\/www.altercampagne.net\/index.php?rest_route=%2Fwp%2Fv2%2Fcategories&post=19416"},{"taxonomy":"post_tag","embeddable":true,"href":"https:\/\/www.altercampagne.net\/index.php?rest_route=%2Fwp%2Fv2%2Ftags&post=19416"}],"curies":[{"name":"wp","href":"https:\/\/api.w.org\/{rel}","templated":true}]}}