{"id":19419,"date":"2020-08-25T14:23:00","date_gmt":"2020-08-25T12:23:00","guid":{"rendered":"http:\/\/www.altercampagne.net\/?p=19419"},"modified":"2021-05-06T10:36:55","modified_gmt":"2021-05-06T08:36:55","slug":"arrivee-de-laltertour-en-venise-du-berry","status":"publish","type":"post","link":"https:\/\/www.altercampagne.net\/?p=19419","title":{"rendered":"Arriv\u00e9e de l\u2019AlterTour en Venise du Berry"},"content":{"rendered":"\n<p> C\u2019est la fin d\u2019un p\u00e9riple long de plus de 1.000 km, commenc\u00e9 le 8  juillet, \u00e0 la recherche d\u2019alternatives \u00e9cologiques, culturelles ou  \u00e9ducatives. <\/p>\n\n\n\n<p> L\u2019AlterTour, ou Tour des alternatives, a \u00e9t\u00e9 accueilli samedi au terrain de camping des Chambons, \u00e0 Argenton, o\u00f9 la soixantaine de participants a bivouaqu\u00e9. Cette arriv\u00e9e s\u2019est poursuivie par un d\u00e9tour aux jardins de la Grenouille et \u00e0 la salle des f\u00eates.<br> Apr\u00e8s avoir parcouru 1.300&nbsp;km en v\u00e9lo, cette \u00e9tape finale \u00e0 Argenton, apr\u00e8s un d\u00e9part le 8&nbsp;juillet \u00e0 Grenoble, d\u00e9coule d\u2019un contact avec la F\u00e9d\u00e9ration des \u0153uvres la\u00efques de l\u2019Indre (Fol 36), repr\u00e9sent\u00e9e par Paola Lod\u00e9.<\/p>\n\n\n\n<h4 class=\"wp-block-heading\"> 450&nbsp;personnes ont pris part \u00e0 la 13e \u00e9dition <\/h4>\n\n\n\n<p> <em>\u00ab\u00a0Aujourd\u2019hui, nous sommes une soixantaine de participants pour cette derni\u00e8re \u00e9tape, en sachant qu\u2019au total, 450 personnes ont particip\u00e9 de mani\u00e8re diff\u00e9rente depuis le 8\u00a0juillet. Certaines ont fait le parcours en totalit\u00e9 et d\u2019autres ont particip\u00e9 \u00e0 une ou deux \u00e9tapes, en fonction du  temps qu\u2019ils avaient \u00e0 consacrer \u00e0 cette importante action\u00a0\u00bb<\/em>, a indiqu\u00e9 Ludovic Mamdy.<br>    Membre du coll\u00e8ge solidaire de l\u2019association de tutelle  Altercampagne,  fond\u00e9e en 2004 par un collectif d\u2019associations \u00e0 la  suite des journ\u00e9es   de mobilisation contre les OGM, Ludovic Mamdy n\u2019a  pas manqu\u00e9 de  rappeler que cette manifestation, 13e du nom en France,  permet de  d\u00e9couvrir des alternatives et de lutter pour une transition  \u00e9cologique  li\u00e9e, entre autres, \u00e0 la modification du climat, aux  probl\u00e8mes  concernant la  biodiversit\u00e9, la production agricole bio et  autres, dont  des cr\u00e9ations  artistiques en milieu rural.<br> Marie Ham\u00e9on, de Nantes, a parcouru les 1.300\u00a0km : <em>\u00ab\u00a0c\u2019est  tr\u00e8s enrichissant au niveau des rencontres autour de diverses  alternatives du monde agricole conventionnel\u00a0; alternative \u00e9galement \u00e0  l\u2019\u00c9ducation nationale, d\u2019acc\u00e8s \u00e0 la culture, aux spectacles et autres\u00a0\u00bb<\/em>.<br>    Une soir\u00e9e d\u2019\u00e9changes et festive, salle Jean-Frappat, \u00e9tait ensuite   organis\u00e9e. Au programme\u00a0: des causeries autour du <strong>dispositif Territoire   z\u00e9ro ch\u00f4meur<\/strong> de longue dur\u00e9e, de la<strong> lutte contre la privatisation du    barrage d\u2019\u00c9guzon,<\/strong> de la d\u00e9fense des services publics avec le comit\u00e9 de    <strong>d\u00e9fense de la gare d\u2019Argenton <\/strong>et la pr\u00e9sentation de la <strong>brasserie   artisanale La Palisse de Nuret-Le-Ferron.<\/strong><br> La soir\u00e9e s\u2019est termin\u00e9e par un concert anim\u00e9 par Les Genoux\u00a0; l\u2019association locale Acoud\u00e9o s\u2019est charg\u00e9e de la buvette.   <\/p>\n\n\n\n<p class=\"has-text-align-right\"><strong><a href=\"https:\/\/www.lanouvellerepublique.fr\/indre\/commune\/argenton-sur-creuse\/arrivee-de-l-altertour-en-venise-du-berry\" target=\"_blank\" rel=\"noreferrer noopener\" aria-label=\"Lionel Marchenay, La Nouvelle R\u00e9publique (s\u2019ouvre dans un nouvel onglet)\">Lionel Marchenay, La Nouvelle R\u00e9publique<\/a><\/strong><\/p>\n","protected":false},"excerpt":{"rendered":"<p>C\u2019est la fin d\u2019un p\u00e9riple long de plus de 1.000 km, commenc\u00e9 le 8 juillet, \u00e0 la recherche d\u2019alternatives \u00e9cologiques, culturelles ou \u00e9ducatives. L\u2019AlterTour, ou Tour des alternatives, a \u00e9t\u00e9 accueilli samedi au terrain de camping des Chambons, \u00e0 Argenton, o\u00f9 la soixantaine de participants a bivouaqu\u00e9. Cette arriv\u00e9e s\u2019est &#8230; <\/p>\n<div><a href=\"https:\/\/www.altercampagne.net\/?p=19419\" class=\"more-link\">Read More<\/a><\/div>\n","protected":false},"author":214,"featured_media":19420,"comment_status":"closed","ping_status":"closed","sticky":false,"template":"","format":"standard","meta":{"footnotes":""},"categories":[4313,3473,3967,239],"tags":[4218,4221],"class_list":["post-19419","post","type-post","status-publish","format-standard","has-post-thumbnail","hentry","category-altertour","category-centre-val-de-loire","category-edition-2020","category-revue-de-presse","tag-nouvelle-republique","tag-argenton-sur-creuse"],"yoast_head":"<!-- This site is optimized with the Yoast SEO plugin v27.3 - https:\/\/yoast.com\/product\/yoast-seo-wordpress\/ -->\n<title>Arriv\u00e9e de l\u2019AlterTour en Venise du Berry - AlterTour<\/title>\n<meta name=\"robots\" content=\"index, follow, max-snippet:-1, max-image-preview:large, max-video-preview:-1\" \/>\n<link rel=\"canonical\" href=\"https:\/\/www.altercampagne.net\/?p=19419\" \/>\n<meta property=\"og:locale\" content=\"fr_FR\" \/>\n<meta property=\"og:type\" content=\"article\" \/>\n<meta property=\"og:title\" content=\"Arriv\u00e9e de l\u2019AlterTour en Venise du Berry - AlterTour\" \/>\n<meta property=\"og:description\" content=\"C\u2019est la fin d\u2019un p\u00e9riple long de plus de 1.000 km, commenc\u00e9 le 8 juillet, \u00e0 la recherche d\u2019alternatives \u00e9cologiques, culturelles ou \u00e9ducatives. L\u2019AlterTour, ou Tour des alternatives, a \u00e9t\u00e9 accueilli samedi au terrain de camping des Chambons, \u00e0 Argenton, o\u00f9 la soixantaine de participants a bivouaqu\u00e9. Cette arriv\u00e9e s\u2019est ... Read More\" \/>\n<meta property=\"og:url\" content=\"https:\/\/www.altercampagne.net\/?p=19419\" \/>\n<meta property=\"og:site_name\" content=\"AlterTour\" \/>\n<meta property=\"article:published_time\" content=\"2020-08-25T12:23:00+00:00\" \/>\n<meta property=\"article:modified_time\" content=\"2021-05-06T08:36:55+00:00\" \/>\n<meta property=\"og:image\" content=\"https:\/\/www.altercampagne.net\/wp-content\/uploads\/2020\/09\/DSC0999.jpg\" \/>\n\t<meta property=\"og:image:width\" content=\"1200\" \/>\n\t<meta property=\"og:image:height\" content=\"630\" \/>\n\t<meta property=\"og:image:type\" content=\"image\/jpeg\" \/>\n<meta name=\"author\" content=\"Mathieu\" \/>\n<meta name=\"twitter:card\" content=\"summary_large_image\" \/>\n<meta name=\"twitter:label1\" content=\"\u00c9crit par\" \/>\n\t<meta name=\"twitter:data1\" content=\"Mathieu\" \/>\n\t<meta name=\"twitter:label2\" content=\"Dur\u00e9e de lecture estim\u00e9e\" \/>\n\t<meta name=\"twitter:data2\" content=\"2 minutes\" \/>\n<script type=\"application\/ld+json\" class=\"yoast-schema-graph\">{\"@context\":\"https:\\\/\\\/schema.org\",\"@graph\":[{\"@type\":\"Article\",\"@id\":\"https:\\\/\\\/www.altercampagne.net\\\/?p=19419#article\",\"isPartOf\":{\"@id\":\"https:\\\/\\\/www.altercampagne.net\\\/?p=19419\"},\"author\":{\"name\":\"Mathieu\",\"@id\":\"https:\\\/\\\/www.altercampagne.net\\\/#\\\/schema\\\/person\\\/0f261460c09e430caa0f9bcffa319109\"},\"headline\":\"Arriv\u00e9e de l\u2019AlterTour en Venise du Berry\",\"datePublished\":\"2020-08-25T12:23:00+00:00\",\"dateModified\":\"2021-05-06T08:36:55+00:00\",\"mainEntityOfPage\":{\"@id\":\"https:\\\/\\\/www.altercampagne.net\\\/?p=19419\"},\"wordCount\":419,\"image\":{\"@id\":\"https:\\\/\\\/www.altercampagne.net\\\/?p=19419#primaryimage\"},\"thumbnailUrl\":\"https:\\\/\\\/www.altercampagne.net\\\/wp-content\\\/uploads\\\/2020\\\/09\\\/DSC0999.jpg\",\"keywords\":[\"Nouvelle R\u00e9publique\",\"Argenton-sur-Creuse\"],\"articleSection\":[\"AlterTour\",\"Centre-Val de Loire\",\"Edition 2020\",\"Revue de presse\"],\"inLanguage\":\"fr-FR\"},{\"@type\":\"WebPage\",\"@id\":\"https:\\\/\\\/www.altercampagne.net\\\/?p=19419\",\"url\":\"https:\\\/\\\/www.altercampagne.net\\\/?p=19419\",\"name\":\"Arriv\u00e9e de l\u2019AlterTour en Venise du Berry - AlterTour\",\"isPartOf\":{\"@id\":\"https:\\\/\\\/www.altercampagne.net\\\/#website\"},\"primaryImageOfPage\":{\"@id\":\"https:\\\/\\\/www.altercampagne.net\\\/?p=19419#primaryimage\"},\"image\":{\"@id\":\"https:\\\/\\\/www.altercampagne.net\\\/?p=19419#primaryimage\"},\"thumbnailUrl\":\"https:\\\/\\\/www.altercampagne.net\\\/wp-content\\\/uploads\\\/2020\\\/09\\\/DSC0999.jpg\",\"datePublished\":\"2020-08-25T12:23:00+00:00\",\"dateModified\":\"2021-05-06T08:36:55+00:00\",\"author\":{\"@id\":\"https:\\\/\\\/www.altercampagne.net\\\/#\\\/schema\\\/person\\\/0f261460c09e430caa0f9bcffa319109\"},\"breadcrumb\":{\"@id\":\"https:\\\/\\\/www.altercampagne.net\\\/?p=19419#breadcrumb\"},\"inLanguage\":\"fr-FR\",\"potentialAction\":[{\"@type\":\"ReadAction\",\"target\":[\"https:\\\/\\\/www.altercampagne.net\\\/?p=19419\"]}]},{\"@type\":\"ImageObject\",\"inLanguage\":\"fr-FR\",\"@id\":\"https:\\\/\\\/www.altercampagne.net\\\/?p=19419#primaryimage\",\"url\":\"https:\\\/\\\/www.altercampagne.net\\\/wp-content\\\/uploads\\\/2020\\\/09\\\/DSC0999.jpg\",\"contentUrl\":\"https:\\\/\\\/www.altercampagne.net\\\/wp-content\\\/uploads\\\/2020\\\/09\\\/DSC0999.jpg\",\"width\":1200,\"height\":630,\"caption\":\"Photo de Luca Bon\"},{\"@type\":\"BreadcrumbList\",\"@id\":\"https:\\\/\\\/www.altercampagne.net\\\/?p=19419#breadcrumb\",\"itemListElement\":[{\"@type\":\"ListItem\",\"position\":1,\"name\":\"Accueil\",\"item\":\"https:\\\/\\\/www.altercampagne.net\\\/\"},{\"@type\":\"ListItem\",\"position\":2,\"name\":\"Arriv\u00e9e de l\u2019AlterTour en Venise du Berry\"}]},{\"@type\":\"WebSite\",\"@id\":\"https:\\\/\\\/www.altercampagne.net\\\/#website\",\"url\":\"https:\\\/\\\/www.altercampagne.net\\\/\",\"name\":\"AlterTour\",\"description\":\"Reliez les Alternatives \u00e0 v\u00e9lo\",\"potentialAction\":[{\"@type\":\"SearchAction\",\"target\":{\"@type\":\"EntryPoint\",\"urlTemplate\":\"https:\\\/\\\/www.altercampagne.net\\\/?s={search_term_string}\"},\"query-input\":{\"@type\":\"PropertyValueSpecification\",\"valueRequired\":true,\"valueName\":\"search_term_string\"}}],\"inLanguage\":\"fr-FR\"},{\"@type\":\"Person\",\"@id\":\"https:\\\/\\\/www.altercampagne.net\\\/#\\\/schema\\\/person\\\/0f261460c09e430caa0f9bcffa319109\",\"name\":\"Mathieu\",\"image\":{\"@type\":\"ImageObject\",\"inLanguage\":\"fr-FR\",\"@id\":\"https:\\\/\\\/secure.gravatar.com\\\/avatar\\\/aa9d3d24c83f2141e5e2709d0f63d09a99f6be6bb7a50abc4915838d9f54501a?s=96&d=mm&r=g\",\"url\":\"https:\\\/\\\/secure.gravatar.com\\\/avatar\\\/aa9d3d24c83f2141e5e2709d0f63d09a99f6be6bb7a50abc4915838d9f54501a?s=96&d=mm&r=g\",\"contentUrl\":\"https:\\\/\\\/secure.gravatar.com\\\/avatar\\\/aa9d3d24c83f2141e5e2709d0f63d09a99f6be6bb7a50abc4915838d9f54501a?s=96&d=mm&r=g\",\"caption\":\"Mathieu\"},\"url\":\"https:\\\/\\\/www.altercampagne.net\\\/?author=214\"}]}<\/script>\n<!-- \/ Yoast SEO plugin. -->","yoast_head_json":{"title":"Arriv\u00e9e de l\u2019AlterTour en Venise du Berry - AlterTour","robots":{"index":"index","follow":"follow","max-snippet":"max-snippet:-1","max-image-preview":"max-image-preview:large","max-video-preview":"max-video-preview:-1"},"canonical":"https:\/\/www.altercampagne.net\/?p=19419","og_locale":"fr_FR","og_type":"article","og_title":"Arriv\u00e9e de l\u2019AlterTour en Venise du Berry - AlterTour","og_description":"C\u2019est la fin d\u2019un p\u00e9riple long de plus de 1.000 km, commenc\u00e9 le 8 juillet, \u00e0 la recherche d\u2019alternatives \u00e9cologiques, culturelles ou \u00e9ducatives. L\u2019AlterTour, ou Tour des alternatives, a \u00e9t\u00e9 accueilli samedi au terrain de camping des Chambons, \u00e0 Argenton, o\u00f9 la soixantaine de participants a bivouaqu\u00e9. Cette arriv\u00e9e s\u2019est ... Read More","og_url":"https:\/\/www.altercampagne.net\/?p=19419","og_site_name":"AlterTour","article_published_time":"2020-08-25T12:23:00+00:00","article_modified_time":"2021-05-06T08:36:55+00:00","og_image":[{"width":1200,"height":630,"url":"https:\/\/www.altercampagne.net\/wp-content\/uploads\/2020\/09\/DSC0999.jpg","type":"image\/jpeg"}],"author":"Mathieu","twitter_card":"summary_large_image","twitter_misc":{"\u00c9crit par":"Mathieu","Dur\u00e9e de lecture estim\u00e9e":"2 minutes"},"schema":{"@context":"https:\/\/schema.org","@graph":[{"@type":"Article","@id":"https:\/\/www.altercampagne.net\/?p=19419#article","isPartOf":{"@id":"https:\/\/www.altercampagne.net\/?p=19419"},"author":{"name":"Mathieu","@id":"https:\/\/www.altercampagne.net\/#\/schema\/person\/0f261460c09e430caa0f9bcffa319109"},"headline":"Arriv\u00e9e de l\u2019AlterTour en Venise du Berry","datePublished":"2020-08-25T12:23:00+00:00","dateModified":"2021-05-06T08:36:55+00:00","mainEntityOfPage":{"@id":"https:\/\/www.altercampagne.net\/?p=19419"},"wordCount":419,"image":{"@id":"https:\/\/www.altercampagne.net\/?p=19419#primaryimage"},"thumbnailUrl":"https:\/\/www.altercampagne.net\/wp-content\/uploads\/2020\/09\/DSC0999.jpg","keywords":["Nouvelle R\u00e9publique","Argenton-sur-Creuse"],"articleSection":["AlterTour","Centre-Val de Loire","Edition 2020","Revue de presse"],"inLanguage":"fr-FR"},{"@type":"WebPage","@id":"https:\/\/www.altercampagne.net\/?p=19419","url":"https:\/\/www.altercampagne.net\/?p=19419","name":"Arriv\u00e9e de l\u2019AlterTour en Venise du Berry - AlterTour","isPartOf":{"@id":"https:\/\/www.altercampagne.net\/#website"},"primaryImageOfPage":{"@id":"https:\/\/www.altercampagne.net\/?p=19419#primaryimage"},"image":{"@id":"https:\/\/www.altercampagne.net\/?p=19419#primaryimage"},"thumbnailUrl":"https:\/\/www.altercampagne.net\/wp-content\/uploads\/2020\/09\/DSC0999.jpg","datePublished":"2020-08-25T12:23:00+00:00","dateModified":"2021-05-06T08:36:55+00:00","author":{"@id":"https:\/\/www.altercampagne.net\/#\/schema\/person\/0f261460c09e430caa0f9bcffa319109"},"breadcrumb":{"@id":"https:\/\/www.altercampagne.net\/?p=19419#breadcrumb"},"inLanguage":"fr-FR","potentialAction":[{"@type":"ReadAction","target":["https:\/\/www.altercampagne.net\/?p=19419"]}]},{"@type":"ImageObject","inLanguage":"fr-FR","@id":"https:\/\/www.altercampagne.net\/?p=19419#primaryimage","url":"https:\/\/www.altercampagne.net\/wp-content\/uploads\/2020\/09\/DSC0999.jpg","contentUrl":"https:\/\/www.altercampagne.net\/wp-content\/uploads\/2020\/09\/DSC0999.jpg","width":1200,"height":630,"caption":"Photo de Luca Bon"},{"@type":"BreadcrumbList","@id":"https:\/\/www.altercampagne.net\/?p=19419#breadcrumb","itemListElement":[{"@type":"ListItem","position":1,"name":"Accueil","item":"https:\/\/www.altercampagne.net\/"},{"@type":"ListItem","position":2,"name":"Arriv\u00e9e de l\u2019AlterTour en Venise du Berry"}]},{"@type":"WebSite","@id":"https:\/\/www.altercampagne.net\/#website","url":"https:\/\/www.altercampagne.net\/","name":"AlterTour","description":"Reliez les Alternatives \u00e0 v\u00e9lo","potentialAction":[{"@type":"SearchAction","target":{"@type":"EntryPoint","urlTemplate":"https:\/\/www.altercampagne.net\/?s={search_term_string}"},"query-input":{"@type":"PropertyValueSpecification","valueRequired":true,"valueName":"search_term_string"}}],"inLanguage":"fr-FR"},{"@type":"Person","@id":"https:\/\/www.altercampagne.net\/#\/schema\/person\/0f261460c09e430caa0f9bcffa319109","name":"Mathieu","image":{"@type":"ImageObject","inLanguage":"fr-FR","@id":"https:\/\/secure.gravatar.com\/avatar\/aa9d3d24c83f2141e5e2709d0f63d09a99f6be6bb7a50abc4915838d9f54501a?s=96&d=mm&r=g","url":"https:\/\/secure.gravatar.com\/avatar\/aa9d3d24c83f2141e5e2709d0f63d09a99f6be6bb7a50abc4915838d9f54501a?s=96&d=mm&r=g","contentUrl":"https:\/\/secure.gravatar.com\/avatar\/aa9d3d24c83f2141e5e2709d0f63d09a99f6be6bb7a50abc4915838d9f54501a?s=96&d=mm&r=g","caption":"Mathieu"},"url":"https:\/\/www.altercampagne.net\/?author=214"}]}},"_links":{"self":[{"href":"https:\/\/www.altercampagne.net\/index.php?rest_route=\/wp\/v2\/posts\/19419","targetHints":{"allow":["GET"]}}],"collection":[{"href":"https:\/\/www.altercampagne.net\/index.php?rest_route=\/wp\/v2\/posts"}],"about":[{"href":"https:\/\/www.altercampagne.net\/index.php?rest_route=\/wp\/v2\/types\/post"}],"author":[{"embeddable":true,"href":"https:\/\/www.altercampagne.net\/index.php?rest_route=\/wp\/v2\/users\/214"}],"replies":[{"embeddable":true,"href":"https:\/\/www.altercampagne.net\/index.php?rest_route=%2Fwp%2Fv2%2Fcomments&post=19419"}],"version-history":[{"count":4,"href":"https:\/\/www.altercampagne.net\/index.php?rest_route=\/wp\/v2\/posts\/19419\/revisions"}],"predecessor-version":[{"id":19687,"href":"https:\/\/www.altercampagne.net\/index.php?rest_route=\/wp\/v2\/posts\/19419\/revisions\/19687"}],"wp:featuredmedia":[{"embeddable":true,"href":"https:\/\/www.altercampagne.net\/index.php?rest_route=\/wp\/v2\/media\/19420"}],"wp:attachment":[{"href":"https:\/\/www.altercampagne.net\/index.php?rest_route=%2Fwp%2Fv2%2Fmedia&parent=19419"}],"wp:term":[{"taxonomy":"category","embeddable":true,"href":"https:\/\/www.altercampagne.net\/index.php?rest_route=%2Fwp%2Fv2%2Fcategories&post=19419"},{"taxonomy":"post_tag","embeddable":true,"href":"https:\/\/www.altercampagne.net\/index.php?rest_route=%2Fwp%2Fv2%2Ftags&post=19419"}],"curies":[{"name":"wp","href":"https:\/\/api.w.org\/{rel}","templated":true}]}}