{"id":19423,"date":"2020-08-19T14:35:00","date_gmt":"2020-08-19T12:35:00","guid":{"rendered":"http:\/\/www.altercampagne.net\/?p=19423"},"modified":"2021-05-06T10:36:55","modified_gmt":"2021-05-06T08:36:55","slug":"lochois-altertour-a-la-decouverte-dun-monde-plus-ecologique","status":"publish","type":"post","link":"https:\/\/www.altercampagne.net\/?p=19423","title":{"rendered":"Lochois : AlterTour, \u00e0 la d\u00e9couverte d&rsquo;un monde plus \u00e9cologique"},"content":{"rendered":"\n<p> Pour sa 13e \u00e9dition, l\u2019AlterTour, un parcours \u00e0 v\u00e9lo en faveur de la  transition \u00e9cologique et solidaire, fait escale \u00e0 la Coop\u00e9rative de Bel\u00eatre, \u00e0 Dolus-le-Sec. <\/p>\n\n\n\n<p> Depuis le 8&nbsp;juillet, l\u2019AlterTour et ses cyclistes volontaires sillonnent  la France \u00e0 la rencontre de projets de transition, favorables \u00e0  l\u2019agriculture biologique, aux mobilit\u00e9s douces ou encore \u00e0 la culture. <\/p>\n\n\n\n<h4 class=\"wp-block-heading\"> L\u2019\u00e9cologie \u00e0 l\u2019honneur  <\/h4>\n\n\n\n<p> Pour cette 13e \u00e9dition, les cyclistes du moment ont enfourch\u00e9 leur bicyclette au matin, au d\u00e9part de Monthou-sur-Bi\u00e8vre, avant de faire   escale \u00e0 la Coop\u00e9rative de Bel\u00eatre, \u00e0 Dolus-le-Sec, o\u00f9 cinq personnes exploitent cette ferme collective en agriculture biologique. Pour cette   \u00e9tape, comme durant tout le parcours, ce sont 60\u00a0participants qui investissent les lieux, apr\u00e8s avoir install\u00e9 le campement du soir. <em>\u00ab\u00a0On a un groupe de 60\u00a0personnes tout le long et cela s\u2019\u00e9quilibre avec les arriv\u00e9es et les d\u00e9parts<\/em>, d\u00e9taille Mathieu Formont, coordinateur de l\u2019association Altercampagne. <em>Cela fait deux \u00e9ditions que nous sommes complets.\u00a0\u00bb<\/em>   L<strong>a Coop\u00e9rative Bel\u00eatre<\/strong> fait, tout comme l\u2019association Altercampagne, partie du <strong><a rel=\"noreferrer noopener\" aria-label=\" (s\u2019ouvre dans un nouvel onglet)\" href=\"http:\/\/www.reseaurepas.free.fr\/\" target=\"_blank\">r\u00e9seau d\u2019\u00e9changes et de pratiques alternatives solidaires<\/a><\/strong> (REPAS). L\u2019occasion de rencontrer les exploitants de la ferme, mais \u00e9galement d\u2019\u00e9voquer, le temps d\u2019une soir\u00e9e, le compagnonnage ou encore l\u2019agriculture biologique, afin d\u2019\u00e9changer sur les pratiques de chacun. <\/p>\n\n\n\n<h4 class=\"wp-block-heading\">Une conception horizontale <\/h4>\n\n\n\n<p><em>\u00ab&nbsp;L\u2019id\u00e9e, c\u2019est de s\u2019adapter \u00e0 tout le monde&nbsp;\u00bb<\/em>,   explique Fabien, en charge de la cuisine pour la journ\u00e9e. Chaque jour, le collectif se r\u00e9partit en effet les t\u00e2ches \u00e0 effectuer&nbsp;: r\u00e9veil, cuisine, conduite du camion ou encore photographie. Pour Claire, c\u2019est une premi\u00e8re cette ann\u00e9e&nbsp;:<em> \u00ab&nbsp;Je suis arriv\u00e9e il n\u2019y a pas longtemps, mais je trouve cette organisation formidable. L\u2019autogestion fonctionne  vraiment tr\u00e8s bien.&nbsp;\u00bb<\/em> Luca, le journaliste et photographe du jour, vient \u00e9galement pour la premi\u00e8re fois&nbsp;:<em> \u00ab&nbsp;C\u2019est un peu un condens\u00e9 de tout ce que j\u2019aime&nbsp;: le sport, la photo, d\u00e9couvrir de nouvelles choses\u2026 Je suis vraiment bien&nbsp;!&nbsp;\u00bb<\/em> <br> Le succ\u00e8s est tel, qu\u2019il faudrait d\u00e9doubler le projet&nbsp;: <em>\u00ab&nbsp;On essaye de trouver un moyen d\u2019accueillir plus de monde, c\u2019est vraiment frustrant de refuser des participants&nbsp;\u00bb<\/em>, confie Mathieu Formont. Lanc\u00e9e le 8&nbsp;juillet \u00e0 Grenoble, la 13e \u00e9dition de cet AlterTour 2020&nbsp;s\u2019en ira ce mercredi vers l\u2019Indre, \u00e0 Pellevoisin. L\u2019aventure se concluera \u00e0 Argenton-sur-Creuse (Indre) le  23&nbsp;ao\u00fbt, apr\u00e8s un parcours de 1.400&nbsp;km sur les routes de France.<br> Fin du parcours samedi 22&nbsp;ao\u00fbt. Pour plus de renseignements&nbsp;: www.altertour.net. <\/p>\n\n\n\n<p class=\"has-text-align-right\"><strong><a href=\"https:\/\/www.lanouvellerepublique.fr\/loisirs\/lochois-altertour-a-la-decouverte-d-un-monde-plus-ecologique\" target=\"_blank\" rel=\"noreferrer noopener\" aria-label=\"Laura Alliche, La Nouvelle R\u00e9publique (s\u2019ouvre dans un nouvel onglet)\">Laura Alliche, La Nouvelle R\u00e9publique<\/a><\/strong>  <\/p>\n","protected":false},"excerpt":{"rendered":"<p>Pour sa 13e \u00e9dition, l\u2019AlterTour, un parcours \u00e0 v\u00e9lo en faveur de la transition \u00e9cologique et solidaire, fait escale \u00e0 la Coop\u00e9rative de Bel\u00eatre, \u00e0 Dolus-le-Sec. Depuis le 8&nbsp;juillet, l\u2019AlterTour et ses cyclistes volontaires sillonnent la France \u00e0 la rencontre de projets de transition, favorables \u00e0 l\u2019agriculture biologique, aux mobilit\u00e9s &#8230; <\/p>\n<div><a href=\"https:\/\/www.altercampagne.net\/?p=19423\" class=\"more-link\">Read More<\/a><\/div>\n","protected":false},"author":214,"featured_media":19424,"comment_status":"closed","ping_status":"closed","sticky":false,"template":"","format":"standard","meta":{"footnotes":""},"categories":[4313,3473,3967,239],"tags":[674,4222],"class_list":["post-19423","post","type-post","status-publish","format-standard","has-post-thumbnail","hentry","category-altertour","category-centre-val-de-loire","category-edition-2020","category-revue-de-presse","tag-la-nouvelle-republique","tag-dolus-le-sec"],"yoast_head":"<!-- This site is optimized with the Yoast SEO plugin v27.3 - https:\/\/yoast.com\/product\/yoast-seo-wordpress\/ -->\n<title>Lochois : AlterTour, \u00e0 la d\u00e9couverte d&#039;un monde plus \u00e9cologique - AlterTour<\/title>\n<meta name=\"robots\" content=\"index, follow, max-snippet:-1, max-image-preview:large, max-video-preview:-1\" \/>\n<link rel=\"canonical\" href=\"https:\/\/www.altercampagne.net\/?p=19423\" \/>\n<meta property=\"og:locale\" content=\"fr_FR\" \/>\n<meta property=\"og:type\" content=\"article\" \/>\n<meta property=\"og:title\" content=\"Lochois : AlterTour, \u00e0 la d\u00e9couverte d&#039;un monde plus \u00e9cologique - AlterTour\" \/>\n<meta property=\"og:description\" content=\"Pour sa 13e \u00e9dition, l\u2019AlterTour, un parcours \u00e0 v\u00e9lo en faveur de la transition \u00e9cologique et solidaire, fait escale \u00e0 la Coop\u00e9rative de Bel\u00eatre, \u00e0 Dolus-le-Sec. Depuis le 8&nbsp;juillet, l\u2019AlterTour et ses cyclistes volontaires sillonnent la France \u00e0 la rencontre de projets de transition, favorables \u00e0 l\u2019agriculture biologique, aux mobilit\u00e9s ... Read More\" \/>\n<meta property=\"og:url\" content=\"https:\/\/www.altercampagne.net\/?p=19423\" \/>\n<meta property=\"og:site_name\" content=\"AlterTour\" \/>\n<meta property=\"article:published_time\" content=\"2020-08-19T12:35:00+00:00\" \/>\n<meta property=\"article:modified_time\" content=\"2021-05-06T08:36:55+00:00\" \/>\n<meta property=\"og:image\" content=\"https:\/\/www.altercampagne.net\/wp-content\/uploads\/2020\/09\/DSC1063.jpg\" \/>\n\t<meta property=\"og:image:width\" content=\"1200\" \/>\n\t<meta property=\"og:image:height\" content=\"630\" \/>\n\t<meta property=\"og:image:type\" content=\"image\/jpeg\" \/>\n<meta name=\"author\" content=\"Mathieu\" \/>\n<meta name=\"twitter:card\" content=\"summary_large_image\" \/>\n<meta name=\"twitter:label1\" content=\"\u00c9crit par\" \/>\n\t<meta name=\"twitter:data1\" content=\"Mathieu\" \/>\n\t<meta name=\"twitter:label2\" content=\"Dur\u00e9e de lecture estim\u00e9e\" \/>\n\t<meta name=\"twitter:data2\" content=\"2 minutes\" \/>\n<script type=\"application\/ld+json\" class=\"yoast-schema-graph\">{\"@context\":\"https:\\\/\\\/schema.org\",\"@graph\":[{\"@type\":\"Article\",\"@id\":\"https:\\\/\\\/www.altercampagne.net\\\/?p=19423#article\",\"isPartOf\":{\"@id\":\"https:\\\/\\\/www.altercampagne.net\\\/?p=19423\"},\"author\":{\"name\":\"Mathieu\",\"@id\":\"https:\\\/\\\/www.altercampagne.net\\\/#\\\/schema\\\/person\\\/0f261460c09e430caa0f9bcffa319109\"},\"headline\":\"Lochois : AlterTour, \u00e0 la d\u00e9couverte d&rsquo;un monde plus \u00e9cologique\",\"datePublished\":\"2020-08-19T12:35:00+00:00\",\"dateModified\":\"2021-05-06T08:36:55+00:00\",\"mainEntityOfPage\":{\"@id\":\"https:\\\/\\\/www.altercampagne.net\\\/?p=19423\"},\"wordCount\":463,\"image\":{\"@id\":\"https:\\\/\\\/www.altercampagne.net\\\/?p=19423#primaryimage\"},\"thumbnailUrl\":\"https:\\\/\\\/www.altercampagne.net\\\/wp-content\\\/uploads\\\/2020\\\/09\\\/DSC1063.jpg\",\"keywords\":[\"la nouvelle r\u00e9publique\",\"Dolus-le-Sec\"],\"articleSection\":[\"AlterTour\",\"Centre-Val de Loire\",\"Edition 2020\",\"Revue de presse\"],\"inLanguage\":\"fr-FR\"},{\"@type\":\"WebPage\",\"@id\":\"https:\\\/\\\/www.altercampagne.net\\\/?p=19423\",\"url\":\"https:\\\/\\\/www.altercampagne.net\\\/?p=19423\",\"name\":\"Lochois : AlterTour, \u00e0 la d\u00e9couverte d'un monde plus \u00e9cologique - AlterTour\",\"isPartOf\":{\"@id\":\"https:\\\/\\\/www.altercampagne.net\\\/#website\"},\"primaryImageOfPage\":{\"@id\":\"https:\\\/\\\/www.altercampagne.net\\\/?p=19423#primaryimage\"},\"image\":{\"@id\":\"https:\\\/\\\/www.altercampagne.net\\\/?p=19423#primaryimage\"},\"thumbnailUrl\":\"https:\\\/\\\/www.altercampagne.net\\\/wp-content\\\/uploads\\\/2020\\\/09\\\/DSC1063.jpg\",\"datePublished\":\"2020-08-19T12:35:00+00:00\",\"dateModified\":\"2021-05-06T08:36:55+00:00\",\"author\":{\"@id\":\"https:\\\/\\\/www.altercampagne.net\\\/#\\\/schema\\\/person\\\/0f261460c09e430caa0f9bcffa319109\"},\"breadcrumb\":{\"@id\":\"https:\\\/\\\/www.altercampagne.net\\\/?p=19423#breadcrumb\"},\"inLanguage\":\"fr-FR\",\"potentialAction\":[{\"@type\":\"ReadAction\",\"target\":[\"https:\\\/\\\/www.altercampagne.net\\\/?p=19423\"]}]},{\"@type\":\"ImageObject\",\"inLanguage\":\"fr-FR\",\"@id\":\"https:\\\/\\\/www.altercampagne.net\\\/?p=19423#primaryimage\",\"url\":\"https:\\\/\\\/www.altercampagne.net\\\/wp-content\\\/uploads\\\/2020\\\/09\\\/DSC1063.jpg\",\"contentUrl\":\"https:\\\/\\\/www.altercampagne.net\\\/wp-content\\\/uploads\\\/2020\\\/09\\\/DSC1063.jpg\",\"width\":1200,\"height\":630},{\"@type\":\"BreadcrumbList\",\"@id\":\"https:\\\/\\\/www.altercampagne.net\\\/?p=19423#breadcrumb\",\"itemListElement\":[{\"@type\":\"ListItem\",\"position\":1,\"name\":\"Accueil\",\"item\":\"https:\\\/\\\/www.altercampagne.net\\\/\"},{\"@type\":\"ListItem\",\"position\":2,\"name\":\"Lochois : AlterTour, \u00e0 la d\u00e9couverte d&rsquo;un monde plus \u00e9cologique\"}]},{\"@type\":\"WebSite\",\"@id\":\"https:\\\/\\\/www.altercampagne.net\\\/#website\",\"url\":\"https:\\\/\\\/www.altercampagne.net\\\/\",\"name\":\"AlterTour\",\"description\":\"Reliez les Alternatives \u00e0 v\u00e9lo\",\"potentialAction\":[{\"@type\":\"SearchAction\",\"target\":{\"@type\":\"EntryPoint\",\"urlTemplate\":\"https:\\\/\\\/www.altercampagne.net\\\/?s={search_term_string}\"},\"query-input\":{\"@type\":\"PropertyValueSpecification\",\"valueRequired\":true,\"valueName\":\"search_term_string\"}}],\"inLanguage\":\"fr-FR\"},{\"@type\":\"Person\",\"@id\":\"https:\\\/\\\/www.altercampagne.net\\\/#\\\/schema\\\/person\\\/0f261460c09e430caa0f9bcffa319109\",\"name\":\"Mathieu\",\"image\":{\"@type\":\"ImageObject\",\"inLanguage\":\"fr-FR\",\"@id\":\"https:\\\/\\\/secure.gravatar.com\\\/avatar\\\/aa9d3d24c83f2141e5e2709d0f63d09a99f6be6bb7a50abc4915838d9f54501a?s=96&d=mm&r=g\",\"url\":\"https:\\\/\\\/secure.gravatar.com\\\/avatar\\\/aa9d3d24c83f2141e5e2709d0f63d09a99f6be6bb7a50abc4915838d9f54501a?s=96&d=mm&r=g\",\"contentUrl\":\"https:\\\/\\\/secure.gravatar.com\\\/avatar\\\/aa9d3d24c83f2141e5e2709d0f63d09a99f6be6bb7a50abc4915838d9f54501a?s=96&d=mm&r=g\",\"caption\":\"Mathieu\"},\"url\":\"https:\\\/\\\/www.altercampagne.net\\\/?author=214\"}]}<\/script>\n<!-- \/ Yoast SEO plugin. -->","yoast_head_json":{"title":"Lochois : AlterTour, \u00e0 la d\u00e9couverte d'un monde plus \u00e9cologique - AlterTour","robots":{"index":"index","follow":"follow","max-snippet":"max-snippet:-1","max-image-preview":"max-image-preview:large","max-video-preview":"max-video-preview:-1"},"canonical":"https:\/\/www.altercampagne.net\/?p=19423","og_locale":"fr_FR","og_type":"article","og_title":"Lochois : AlterTour, \u00e0 la d\u00e9couverte d'un monde plus \u00e9cologique - AlterTour","og_description":"Pour sa 13e \u00e9dition, l\u2019AlterTour, un parcours \u00e0 v\u00e9lo en faveur de la transition \u00e9cologique et solidaire, fait escale \u00e0 la Coop\u00e9rative de Bel\u00eatre, \u00e0 Dolus-le-Sec. Depuis le 8&nbsp;juillet, l\u2019AlterTour et ses cyclistes volontaires sillonnent la France \u00e0 la rencontre de projets de transition, favorables \u00e0 l\u2019agriculture biologique, aux mobilit\u00e9s ... Read More","og_url":"https:\/\/www.altercampagne.net\/?p=19423","og_site_name":"AlterTour","article_published_time":"2020-08-19T12:35:00+00:00","article_modified_time":"2021-05-06T08:36:55+00:00","og_image":[{"width":1200,"height":630,"url":"https:\/\/www.altercampagne.net\/wp-content\/uploads\/2020\/09\/DSC1063.jpg","type":"image\/jpeg"}],"author":"Mathieu","twitter_card":"summary_large_image","twitter_misc":{"\u00c9crit par":"Mathieu","Dur\u00e9e de lecture estim\u00e9e":"2 minutes"},"schema":{"@context":"https:\/\/schema.org","@graph":[{"@type":"Article","@id":"https:\/\/www.altercampagne.net\/?p=19423#article","isPartOf":{"@id":"https:\/\/www.altercampagne.net\/?p=19423"},"author":{"name":"Mathieu","@id":"https:\/\/www.altercampagne.net\/#\/schema\/person\/0f261460c09e430caa0f9bcffa319109"},"headline":"Lochois : AlterTour, \u00e0 la d\u00e9couverte d&rsquo;un monde plus \u00e9cologique","datePublished":"2020-08-19T12:35:00+00:00","dateModified":"2021-05-06T08:36:55+00:00","mainEntityOfPage":{"@id":"https:\/\/www.altercampagne.net\/?p=19423"},"wordCount":463,"image":{"@id":"https:\/\/www.altercampagne.net\/?p=19423#primaryimage"},"thumbnailUrl":"https:\/\/www.altercampagne.net\/wp-content\/uploads\/2020\/09\/DSC1063.jpg","keywords":["la nouvelle r\u00e9publique","Dolus-le-Sec"],"articleSection":["AlterTour","Centre-Val de Loire","Edition 2020","Revue de presse"],"inLanguage":"fr-FR"},{"@type":"WebPage","@id":"https:\/\/www.altercampagne.net\/?p=19423","url":"https:\/\/www.altercampagne.net\/?p=19423","name":"Lochois : AlterTour, \u00e0 la d\u00e9couverte d'un monde plus \u00e9cologique - AlterTour","isPartOf":{"@id":"https:\/\/www.altercampagne.net\/#website"},"primaryImageOfPage":{"@id":"https:\/\/www.altercampagne.net\/?p=19423#primaryimage"},"image":{"@id":"https:\/\/www.altercampagne.net\/?p=19423#primaryimage"},"thumbnailUrl":"https:\/\/www.altercampagne.net\/wp-content\/uploads\/2020\/09\/DSC1063.jpg","datePublished":"2020-08-19T12:35:00+00:00","dateModified":"2021-05-06T08:36:55+00:00","author":{"@id":"https:\/\/www.altercampagne.net\/#\/schema\/person\/0f261460c09e430caa0f9bcffa319109"},"breadcrumb":{"@id":"https:\/\/www.altercampagne.net\/?p=19423#breadcrumb"},"inLanguage":"fr-FR","potentialAction":[{"@type":"ReadAction","target":["https:\/\/www.altercampagne.net\/?p=19423"]}]},{"@type":"ImageObject","inLanguage":"fr-FR","@id":"https:\/\/www.altercampagne.net\/?p=19423#primaryimage","url":"https:\/\/www.altercampagne.net\/wp-content\/uploads\/2020\/09\/DSC1063.jpg","contentUrl":"https:\/\/www.altercampagne.net\/wp-content\/uploads\/2020\/09\/DSC1063.jpg","width":1200,"height":630},{"@type":"BreadcrumbList","@id":"https:\/\/www.altercampagne.net\/?p=19423#breadcrumb","itemListElement":[{"@type":"ListItem","position":1,"name":"Accueil","item":"https:\/\/www.altercampagne.net\/"},{"@type":"ListItem","position":2,"name":"Lochois : AlterTour, \u00e0 la d\u00e9couverte d&rsquo;un monde plus \u00e9cologique"}]},{"@type":"WebSite","@id":"https:\/\/www.altercampagne.net\/#website","url":"https:\/\/www.altercampagne.net\/","name":"AlterTour","description":"Reliez les Alternatives \u00e0 v\u00e9lo","potentialAction":[{"@type":"SearchAction","target":{"@type":"EntryPoint","urlTemplate":"https:\/\/www.altercampagne.net\/?s={search_term_string}"},"query-input":{"@type":"PropertyValueSpecification","valueRequired":true,"valueName":"search_term_string"}}],"inLanguage":"fr-FR"},{"@type":"Person","@id":"https:\/\/www.altercampagne.net\/#\/schema\/person\/0f261460c09e430caa0f9bcffa319109","name":"Mathieu","image":{"@type":"ImageObject","inLanguage":"fr-FR","@id":"https:\/\/secure.gravatar.com\/avatar\/aa9d3d24c83f2141e5e2709d0f63d09a99f6be6bb7a50abc4915838d9f54501a?s=96&d=mm&r=g","url":"https:\/\/secure.gravatar.com\/avatar\/aa9d3d24c83f2141e5e2709d0f63d09a99f6be6bb7a50abc4915838d9f54501a?s=96&d=mm&r=g","contentUrl":"https:\/\/secure.gravatar.com\/avatar\/aa9d3d24c83f2141e5e2709d0f63d09a99f6be6bb7a50abc4915838d9f54501a?s=96&d=mm&r=g","caption":"Mathieu"},"url":"https:\/\/www.altercampagne.net\/?author=214"}]}},"_links":{"self":[{"href":"https:\/\/www.altercampagne.net\/index.php?rest_route=\/wp\/v2\/posts\/19423","targetHints":{"allow":["GET"]}}],"collection":[{"href":"https:\/\/www.altercampagne.net\/index.php?rest_route=\/wp\/v2\/posts"}],"about":[{"href":"https:\/\/www.altercampagne.net\/index.php?rest_route=\/wp\/v2\/types\/post"}],"author":[{"embeddable":true,"href":"https:\/\/www.altercampagne.net\/index.php?rest_route=\/wp\/v2\/users\/214"}],"replies":[{"embeddable":true,"href":"https:\/\/www.altercampagne.net\/index.php?rest_route=%2Fwp%2Fv2%2Fcomments&post=19423"}],"version-history":[{"count":3,"href":"https:\/\/www.altercampagne.net\/index.php?rest_route=\/wp\/v2\/posts\/19423\/revisions"}],"predecessor-version":[{"id":19686,"href":"https:\/\/www.altercampagne.net\/index.php?rest_route=\/wp\/v2\/posts\/19423\/revisions\/19686"}],"wp:featuredmedia":[{"embeddable":true,"href":"https:\/\/www.altercampagne.net\/index.php?rest_route=\/wp\/v2\/media\/19424"}],"wp:attachment":[{"href":"https:\/\/www.altercampagne.net\/index.php?rest_route=%2Fwp%2Fv2%2Fmedia&parent=19423"}],"wp:term":[{"taxonomy":"category","embeddable":true,"href":"https:\/\/www.altercampagne.net\/index.php?rest_route=%2Fwp%2Fv2%2Fcategories&post=19423"},{"taxonomy":"post_tag","embeddable":true,"href":"https:\/\/www.altercampagne.net\/index.php?rest_route=%2Fwp%2Fv2%2Ftags&post=19423"}],"curies":[{"name":"wp","href":"https:\/\/api.w.org\/{rel}","templated":true}]}}