{"id":19426,"date":"2020-08-10T15:01:00","date_gmt":"2020-08-10T13:01:00","guid":{"rendered":"http:\/\/www.altercampagne.net\/?p=19426"},"modified":"2021-05-06T10:36:56","modified_gmt":"2021-05-06T08:36:56","slug":"soixante-cyclistes-de-laltertour-ont-passe-trois-jours-inspirants-en-puisaye-forterre","status":"publish","type":"post","link":"https:\/\/www.altercampagne.net\/?p=19426","title":{"rendered":"Soixante cyclistes de l&rsquo;AlterTour ont pass\u00e9 trois jours inspirants en Puisaye-Forterre"},"content":{"rendered":"\n<p> Parti de Grenoble le 8\u00a0juillet 2020, pour six semaines sur la route d\u2019alternatives, l\u2019AlterTour a fait halte trois jours en  Puisaye-Forterre. Immersion \u00e0 Toucy avec la soixantaine de cyclistes sur le site de La Californie. <\/p>\n\n\n\n<p><br> Ils bravent les plombantes chaleurs \u00e0 la force des  bras et des p\u00e9dales, vers des alternatives locales enrichissantes, \u00e9conomiques, solidaires, \u00e9cologiques, alimentaires, \u00e9nerg\u00e9tiques\u2026  Soixante participants europ\u00e9ens (France, Belgique, Espagne, Pays-Bas\u2026) de l\u2019AlterTour, lanc\u00e9 \u00e0\u00a0Grenoble le 8\u00a0juillet, ont pos\u00e9 v\u00e9los et tentes  en Puisaye-Forterre, de mercredi 5 au\u00a0vendredi 7 ao\u00fbt. Apr\u00e8s des arr\u00eats \u00e0  Chamb\u00e9ry, Annecy, Lyon, Cublize, M\u00e2con et Beaune.<\/p>\n\n\n\n<p>\u00c0 raison de 35\u00a0km en moyenne par jour, le peloton  \u00e9volutif (tr\u00e8s peu font le tour entier) rejoindra le 22\u00a0ao\u00fbt Argenton-sur-Creuse (Indre). La performance sportive importe peu ici. La  transition \u00e9cologique et sociale, beaucoup.<\/p>\n\n\n\n<p>\u00ab\u00a0Chaque matin, on se retransmet les consignes sanitaires.\u00a0\u00bb<\/p>\n\n\n\n<p>\u00ab\u00a0Ce tour va d\u2019alternative en alternative pendant  six semaines, en \u00e9tant compl\u00e8tement co-construit par ses membres b\u00e9n\u00e9voles tout au long de l\u2019ann\u00e9e\u00a0\u00bb, d\u00e9finit une altercycliste, ayant  g\u00e9r\u00e9 les pr\u00e9paratifs sur un tron\u00e7on de six journ\u00e9es. \u00ab\u00a0Du Morvan jusqu\u2019\u00e0 la fin de la Puisaye. J\u2019ai d\u00e9frich\u00e9 les d\u00e9partements de l\u2019Yonne et de la  Ni\u00e8vre, par des recherches et appels.\u00a0\u00bb L\u2019AlterTour 2020, un temps menac\u00e9 par la crise de Covid-19, s\u2019adapte. Prudent. \u00ab\u00a0Chaque matin, on se retransmet les consignes sanitaires.\u00a0\u00bb<\/p>\n\n\n\n<p>Au-del\u00e0 du <a href=\"https:\/\/www.lyonne.fr\/toucy-89130\/actualites\/l-altertour-s-installe-en-puisaye-pour-trois-jours_13820355\/\" target=\"_blank\" rel=\"noreferrer noopener\" aria-label=\" (s\u2019ouvre dans un nouvel onglet)\">campement install\u00e9 mercredi 5 ao\u00fbt au stade de rugby avec vestiaires mis \u00e0 disposition<\/a>, le site de La Californie a \u00e9t\u00e9 le principal \u00ab\u00a0accueillant\u00a0\u00bb de l\u2019\u00e9tape poyaudine, comme on dit dans le jargon de l\u2019AlterTour.<\/p>\n\n\n\n<h3 class=\"wp-block-heading\">La r\u00e9silience au c\u0153ur des th\u00e9matiques<\/h3>\n\n\n\n<p>Jeudi 6 ao\u00fbt, la journ\u00e9e sans v\u00e9lo \u00e0 Toucy portait sur les questions de r\u00e9silience. Repr\u00e9sent\u00e9e, la Station de recherche  pluridisciplinaire des Metz (SRPM), bas\u00e9e \u00e0 Saint-Sauveur, a \u00e9voqu\u00e9 la restitution du bocage, l\u2019am\u00e9nagement des zones humides\u2026 \u00ab\u00a0De chouettes \u00e9changes, retient Ga\u00eblle Mass\u00e9. On a termin\u00e9 en r\u00e9coltant des id\u00e9es d\u2019ailleurs, pour renforcer la r\u00e9silience des syst\u00e8mes alimentaires (eau, alimentation, territoire).\u00a0\u00bb Quelques exemples d\u2019ailleurs not\u00e9s\u00a0: banque  de graines, valoriser les algues comestibles accroch\u00e9es aux rochers, chariots et frigos de rue ou de cage d\u2019escalier\u2026<\/p>\n\n\n\n<h3 class=\"wp-block-heading\">L\u2019\u00a0\u00bbextraordinaire\u00a0\u00bb potager de Toucy Entraide, \u00ab\u00a0un gros coup de c\u0153ur pour plein d\u2019altercyclistes\u00a0\u00bb<\/h3>\n\n\n\n<p>Ont plu aussi\u00a0: une lecture de paysages et une  visite du potager solidaire de Toucy Entraide, entam\u00e9 en octobre\u00a02019. \u00ab\u00a0Le traverser a \u00e9t\u00e9 extraordinaire. Un gros coup de c\u0153ur pour plein d\u2019altercyclistes, par cette initiative touchante et la vision sociale qu\u2019il y a derri\u00e8re\u00a0\u00bb, r\u00e9agit une organisatrice. De l\u2019\u00e9motion et du  partage, sans d\u00e9tour.\u00a0<\/p>\n\n\n\n<p> <strong>L&rsquo;atelier v\u00e9lo, \u00ab\u00a0une porte d&rsquo;entr\u00e9e\u00a0\u00bb.<\/strong> \u00c0 La Californie, Camille anime avec Laurent l\u2019atelier v\u00e9lo. \u00ab\u00a0Il a \u00e9t\u00e9 une porte d\u2019entr\u00e9e pour l\u2019AlterTour. L\u2019occasion de faire le lien avec toutes les  associations qui gravitent autour du site.\u00a0\u00bb\u00a0Jeudi, les mobilit\u00e9s douces  se d\u00e9clinaient en jeux de r\u00f4le autour de personnages type, en petits  groupes. D\u2019autres altercyclistes ont pr\u00e9f\u00e9r\u00e9 construire une machine \u00e0  laver m\u00e9canique.<br> Ma\u00eetriser sa cha\u00eene de v\u00e9lo, d\u00e9graisser \u00e0  l\u2019essence, remettre de l\u2019huile\u2026 Durant deux heures, Camille a distill\u00e9 ses conseils. \u00ab\u00a0Tu te crois nul mais en fait, ne t\u2019inqui\u00e8te pas ! Tu vas  voir qu\u2019il y a plein de trucs que tu sais faire en observant ton v\u00e9lo.\u00a0\u00bb\u00a0Alors pas de panique. \u00ab\u00a0N\u2019ayez pas peur, vous n\u2019\u00eates pas nuls !  L\u2019entretien de son v\u00e9lo est \u00e0 la port\u00e9e de tout le monde. L\u2019observer est d\u00e9j\u00e0 une \u00e9tape de r\u00e9paration.\u00a0\u00bb\u00a0Par aussi un concert organis\u00e9 par la Po\u00e8terie (Saint-Sauveur), La Californie a su d\u00e9montrer sa force f\u00e9d\u00e9ratrice et sa dimension interassociative. \u00ab\u00a0Pour dire qu\u2019on travaille  ensemble\u00a0\u00bb, valide Juliette Six. M\u00eame \u00e9nergie de terrain d\u00e9ploy\u00e9e vendredi au jardin ressource Le P.a.r.c, \u00e0 Louesme, avec notamment le caf\u00e9 associatif Chez M\u2019an Jeanne et Petit Pierre  (Villeneuve-les-Gen\u00eats). <\/p>\n\n\n\n<p class=\"has-text-align-right\"><strong><a href=\"https:\/\/www.lyonne.fr\/toucy-89130\/loisirs\/soixante-cyclistes-de-l-altertour-ont-passe-trois-jours-inspirants-en-puisaye-forterre_13821987\/\" target=\"_blank\" rel=\"noreferrer noopener\" aria-label=\"Vincent Thomas, L'Yonne R\u00e9publicaine (s\u2019ouvre dans un nouvel onglet)\">Vincent Thomas, L&rsquo;Yonne R\u00e9publicaine<\/a><\/strong><\/p>\n","protected":false},"excerpt":{"rendered":"<p>Parti de Grenoble le 8\u00a0juillet 2020, pour six semaines sur la route d\u2019alternatives, l\u2019AlterTour a fait halte trois jours en Puisaye-Forterre. Immersion \u00e0 Toucy avec la soixantaine de cyclistes sur le site de La Californie. Ils bravent les plombantes chaleurs \u00e0 la force des bras et des p\u00e9dales, vers des &#8230; <\/p>\n<div><a href=\"https:\/\/www.altercampagne.net\/?p=19426\" class=\"more-link\">Read More<\/a><\/div>\n","protected":false},"author":214,"featured_media":19429,"comment_status":"closed","ping_status":"closed","sticky":false,"template":"","format":"standard","meta":{"footnotes":""},"categories":[4313,3495,3967,239],"tags":[984,4200,4223,4224],"class_list":["post-19426","post","type-post","status-publish","format-standard","has-post-thumbnail","hentry","category-altertour","category-bourgogne-franche-comte","category-edition-2020","category-revue-de-presse","tag-toucy","tag-yonne-republicaine","tag-vincnet-thomas","tag-la-californie"],"yoast_head":"<!-- This site is optimized with the Yoast SEO plugin v27.3 - https:\/\/yoast.com\/product\/yoast-seo-wordpress\/ -->\n<title>Soixante cyclistes de l&#039;AlterTour ont pass\u00e9 trois jours inspirants en Puisaye-Forterre - AlterTour<\/title>\n<meta name=\"robots\" content=\"index, follow, max-snippet:-1, max-image-preview:large, max-video-preview:-1\" \/>\n<link rel=\"canonical\" href=\"https:\/\/www.altercampagne.net\/?p=19426\" \/>\n<meta property=\"og:locale\" content=\"fr_FR\" \/>\n<meta property=\"og:type\" content=\"article\" \/>\n<meta property=\"og:title\" content=\"Soixante cyclistes de l&#039;AlterTour ont pass\u00e9 trois jours inspirants en Puisaye-Forterre - AlterTour\" \/>\n<meta property=\"og:description\" content=\"Parti de Grenoble le 8\u00a0juillet 2020, pour six semaines sur la route d\u2019alternatives, l\u2019AlterTour a fait halte trois jours en Puisaye-Forterre. Immersion \u00e0 Toucy avec la soixantaine de cyclistes sur le site de La Californie. Ils bravent les plombantes chaleurs \u00e0 la force des bras et des p\u00e9dales, vers des ... Read More\" \/>\n<meta property=\"og:url\" content=\"https:\/\/www.altercampagne.net\/?p=19426\" \/>\n<meta property=\"og:site_name\" content=\"AlterTour\" \/>\n<meta property=\"article:published_time\" content=\"2020-08-10T13:01:00+00:00\" \/>\n<meta property=\"article:modified_time\" content=\"2021-05-06T08:36:56+00:00\" \/>\n<meta property=\"og:image\" content=\"https:\/\/www.altercampagne.net\/wp-content\/uploads\/2020\/09\/IMG_20200806_105043.jpg\" \/>\n\t<meta property=\"og:image:width\" content=\"1200\" \/>\n\t<meta property=\"og:image:height\" content=\"630\" \/>\n\t<meta property=\"og:image:type\" content=\"image\/jpeg\" \/>\n<meta name=\"author\" content=\"Mathieu\" \/>\n<meta name=\"twitter:card\" content=\"summary_large_image\" \/>\n<meta name=\"twitter:label1\" content=\"\u00c9crit par\" \/>\n\t<meta name=\"twitter:data1\" content=\"Mathieu\" \/>\n\t<meta name=\"twitter:label2\" content=\"Dur\u00e9e de lecture estim\u00e9e\" \/>\n\t<meta name=\"twitter:data2\" content=\"4 minutes\" \/>\n<script type=\"application\/ld+json\" class=\"yoast-schema-graph\">{\"@context\":\"https:\\\/\\\/schema.org\",\"@graph\":[{\"@type\":\"Article\",\"@id\":\"https:\\\/\\\/www.altercampagne.net\\\/?p=19426#article\",\"isPartOf\":{\"@id\":\"https:\\\/\\\/www.altercampagne.net\\\/?p=19426\"},\"author\":{\"name\":\"Mathieu\",\"@id\":\"https:\\\/\\\/www.altercampagne.net\\\/#\\\/schema\\\/person\\\/0f261460c09e430caa0f9bcffa319109\"},\"headline\":\"Soixante cyclistes de l&rsquo;AlterTour ont pass\u00e9 trois jours inspirants en Puisaye-Forterre\",\"datePublished\":\"2020-08-10T13:01:00+00:00\",\"dateModified\":\"2021-05-06T08:36:56+00:00\",\"mainEntityOfPage\":{\"@id\":\"https:\\\/\\\/www.altercampagne.net\\\/?p=19426\"},\"wordCount\":718,\"image\":{\"@id\":\"https:\\\/\\\/www.altercampagne.net\\\/?p=19426#primaryimage\"},\"thumbnailUrl\":\"https:\\\/\\\/www.altercampagne.net\\\/wp-content\\\/uploads\\\/2020\\\/09\\\/IMG_20200806_105043.jpg\",\"keywords\":[\"Toucy\",\"Yonne R\u00e9publicaine\",\"Vincnet Thomas\",\"La Californie\"],\"articleSection\":[\"AlterTour\",\"Bourgogne-Franche-Comt\u00e9\",\"Edition 2020\",\"Revue de presse\"],\"inLanguage\":\"fr-FR\"},{\"@type\":\"WebPage\",\"@id\":\"https:\\\/\\\/www.altercampagne.net\\\/?p=19426\",\"url\":\"https:\\\/\\\/www.altercampagne.net\\\/?p=19426\",\"name\":\"Soixante cyclistes de l'AlterTour ont pass\u00e9 trois jours inspirants en Puisaye-Forterre - AlterTour\",\"isPartOf\":{\"@id\":\"https:\\\/\\\/www.altercampagne.net\\\/#website\"},\"primaryImageOfPage\":{\"@id\":\"https:\\\/\\\/www.altercampagne.net\\\/?p=19426#primaryimage\"},\"image\":{\"@id\":\"https:\\\/\\\/www.altercampagne.net\\\/?p=19426#primaryimage\"},\"thumbnailUrl\":\"https:\\\/\\\/www.altercampagne.net\\\/wp-content\\\/uploads\\\/2020\\\/09\\\/IMG_20200806_105043.jpg\",\"datePublished\":\"2020-08-10T13:01:00+00:00\",\"dateModified\":\"2021-05-06T08:36:56+00:00\",\"author\":{\"@id\":\"https:\\\/\\\/www.altercampagne.net\\\/#\\\/schema\\\/person\\\/0f261460c09e430caa0f9bcffa319109\"},\"breadcrumb\":{\"@id\":\"https:\\\/\\\/www.altercampagne.net\\\/?p=19426#breadcrumb\"},\"inLanguage\":\"fr-FR\",\"potentialAction\":[{\"@type\":\"ReadAction\",\"target\":[\"https:\\\/\\\/www.altercampagne.net\\\/?p=19426\"]}]},{\"@type\":\"ImageObject\",\"inLanguage\":\"fr-FR\",\"@id\":\"https:\\\/\\\/www.altercampagne.net\\\/?p=19426#primaryimage\",\"url\":\"https:\\\/\\\/www.altercampagne.net\\\/wp-content\\\/uploads\\\/2020\\\/09\\\/IMG_20200806_105043.jpg\",\"contentUrl\":\"https:\\\/\\\/www.altercampagne.net\\\/wp-content\\\/uploads\\\/2020\\\/09\\\/IMG_20200806_105043.jpg\",\"width\":1200,\"height\":630},{\"@type\":\"BreadcrumbList\",\"@id\":\"https:\\\/\\\/www.altercampagne.net\\\/?p=19426#breadcrumb\",\"itemListElement\":[{\"@type\":\"ListItem\",\"position\":1,\"name\":\"Accueil\",\"item\":\"https:\\\/\\\/www.altercampagne.net\\\/\"},{\"@type\":\"ListItem\",\"position\":2,\"name\":\"Soixante cyclistes de l&rsquo;AlterTour ont pass\u00e9 trois jours inspirants en Puisaye-Forterre\"}]},{\"@type\":\"WebSite\",\"@id\":\"https:\\\/\\\/www.altercampagne.net\\\/#website\",\"url\":\"https:\\\/\\\/www.altercampagne.net\\\/\",\"name\":\"AlterTour\",\"description\":\"Reliez les Alternatives \u00e0 v\u00e9lo\",\"potentialAction\":[{\"@type\":\"SearchAction\",\"target\":{\"@type\":\"EntryPoint\",\"urlTemplate\":\"https:\\\/\\\/www.altercampagne.net\\\/?s={search_term_string}\"},\"query-input\":{\"@type\":\"PropertyValueSpecification\",\"valueRequired\":true,\"valueName\":\"search_term_string\"}}],\"inLanguage\":\"fr-FR\"},{\"@type\":\"Person\",\"@id\":\"https:\\\/\\\/www.altercampagne.net\\\/#\\\/schema\\\/person\\\/0f261460c09e430caa0f9bcffa319109\",\"name\":\"Mathieu\",\"image\":{\"@type\":\"ImageObject\",\"inLanguage\":\"fr-FR\",\"@id\":\"https:\\\/\\\/secure.gravatar.com\\\/avatar\\\/aa9d3d24c83f2141e5e2709d0f63d09a99f6be6bb7a50abc4915838d9f54501a?s=96&d=mm&r=g\",\"url\":\"https:\\\/\\\/secure.gravatar.com\\\/avatar\\\/aa9d3d24c83f2141e5e2709d0f63d09a99f6be6bb7a50abc4915838d9f54501a?s=96&d=mm&r=g\",\"contentUrl\":\"https:\\\/\\\/secure.gravatar.com\\\/avatar\\\/aa9d3d24c83f2141e5e2709d0f63d09a99f6be6bb7a50abc4915838d9f54501a?s=96&d=mm&r=g\",\"caption\":\"Mathieu\"},\"url\":\"https:\\\/\\\/www.altercampagne.net\\\/?author=214\"}]}<\/script>\n<!-- \/ Yoast SEO plugin. -->","yoast_head_json":{"title":"Soixante cyclistes de l'AlterTour ont pass\u00e9 trois jours inspirants en Puisaye-Forterre - AlterTour","robots":{"index":"index","follow":"follow","max-snippet":"max-snippet:-1","max-image-preview":"max-image-preview:large","max-video-preview":"max-video-preview:-1"},"canonical":"https:\/\/www.altercampagne.net\/?p=19426","og_locale":"fr_FR","og_type":"article","og_title":"Soixante cyclistes de l'AlterTour ont pass\u00e9 trois jours inspirants en Puisaye-Forterre - AlterTour","og_description":"Parti de Grenoble le 8\u00a0juillet 2020, pour six semaines sur la route d\u2019alternatives, l\u2019AlterTour a fait halte trois jours en Puisaye-Forterre. Immersion \u00e0 Toucy avec la soixantaine de cyclistes sur le site de La Californie. Ils bravent les plombantes chaleurs \u00e0 la force des bras et des p\u00e9dales, vers des ... Read More","og_url":"https:\/\/www.altercampagne.net\/?p=19426","og_site_name":"AlterTour","article_published_time":"2020-08-10T13:01:00+00:00","article_modified_time":"2021-05-06T08:36:56+00:00","og_image":[{"width":1200,"height":630,"url":"https:\/\/www.altercampagne.net\/wp-content\/uploads\/2020\/09\/IMG_20200806_105043.jpg","type":"image\/jpeg"}],"author":"Mathieu","twitter_card":"summary_large_image","twitter_misc":{"\u00c9crit par":"Mathieu","Dur\u00e9e de lecture estim\u00e9e":"4 minutes"},"schema":{"@context":"https:\/\/schema.org","@graph":[{"@type":"Article","@id":"https:\/\/www.altercampagne.net\/?p=19426#article","isPartOf":{"@id":"https:\/\/www.altercampagne.net\/?p=19426"},"author":{"name":"Mathieu","@id":"https:\/\/www.altercampagne.net\/#\/schema\/person\/0f261460c09e430caa0f9bcffa319109"},"headline":"Soixante cyclistes de l&rsquo;AlterTour ont pass\u00e9 trois jours inspirants en Puisaye-Forterre","datePublished":"2020-08-10T13:01:00+00:00","dateModified":"2021-05-06T08:36:56+00:00","mainEntityOfPage":{"@id":"https:\/\/www.altercampagne.net\/?p=19426"},"wordCount":718,"image":{"@id":"https:\/\/www.altercampagne.net\/?p=19426#primaryimage"},"thumbnailUrl":"https:\/\/www.altercampagne.net\/wp-content\/uploads\/2020\/09\/IMG_20200806_105043.jpg","keywords":["Toucy","Yonne R\u00e9publicaine","Vincnet Thomas","La Californie"],"articleSection":["AlterTour","Bourgogne-Franche-Comt\u00e9","Edition 2020","Revue de presse"],"inLanguage":"fr-FR"},{"@type":"WebPage","@id":"https:\/\/www.altercampagne.net\/?p=19426","url":"https:\/\/www.altercampagne.net\/?p=19426","name":"Soixante cyclistes de l'AlterTour ont pass\u00e9 trois jours inspirants en Puisaye-Forterre - AlterTour","isPartOf":{"@id":"https:\/\/www.altercampagne.net\/#website"},"primaryImageOfPage":{"@id":"https:\/\/www.altercampagne.net\/?p=19426#primaryimage"},"image":{"@id":"https:\/\/www.altercampagne.net\/?p=19426#primaryimage"},"thumbnailUrl":"https:\/\/www.altercampagne.net\/wp-content\/uploads\/2020\/09\/IMG_20200806_105043.jpg","datePublished":"2020-08-10T13:01:00+00:00","dateModified":"2021-05-06T08:36:56+00:00","author":{"@id":"https:\/\/www.altercampagne.net\/#\/schema\/person\/0f261460c09e430caa0f9bcffa319109"},"breadcrumb":{"@id":"https:\/\/www.altercampagne.net\/?p=19426#breadcrumb"},"inLanguage":"fr-FR","potentialAction":[{"@type":"ReadAction","target":["https:\/\/www.altercampagne.net\/?p=19426"]}]},{"@type":"ImageObject","inLanguage":"fr-FR","@id":"https:\/\/www.altercampagne.net\/?p=19426#primaryimage","url":"https:\/\/www.altercampagne.net\/wp-content\/uploads\/2020\/09\/IMG_20200806_105043.jpg","contentUrl":"https:\/\/www.altercampagne.net\/wp-content\/uploads\/2020\/09\/IMG_20200806_105043.jpg","width":1200,"height":630},{"@type":"BreadcrumbList","@id":"https:\/\/www.altercampagne.net\/?p=19426#breadcrumb","itemListElement":[{"@type":"ListItem","position":1,"name":"Accueil","item":"https:\/\/www.altercampagne.net\/"},{"@type":"ListItem","position":2,"name":"Soixante cyclistes de l&rsquo;AlterTour ont pass\u00e9 trois jours inspirants en Puisaye-Forterre"}]},{"@type":"WebSite","@id":"https:\/\/www.altercampagne.net\/#website","url":"https:\/\/www.altercampagne.net\/","name":"AlterTour","description":"Reliez les Alternatives \u00e0 v\u00e9lo","potentialAction":[{"@type":"SearchAction","target":{"@type":"EntryPoint","urlTemplate":"https:\/\/www.altercampagne.net\/?s={search_term_string}"},"query-input":{"@type":"PropertyValueSpecification","valueRequired":true,"valueName":"search_term_string"}}],"inLanguage":"fr-FR"},{"@type":"Person","@id":"https:\/\/www.altercampagne.net\/#\/schema\/person\/0f261460c09e430caa0f9bcffa319109","name":"Mathieu","image":{"@type":"ImageObject","inLanguage":"fr-FR","@id":"https:\/\/secure.gravatar.com\/avatar\/aa9d3d24c83f2141e5e2709d0f63d09a99f6be6bb7a50abc4915838d9f54501a?s=96&d=mm&r=g","url":"https:\/\/secure.gravatar.com\/avatar\/aa9d3d24c83f2141e5e2709d0f63d09a99f6be6bb7a50abc4915838d9f54501a?s=96&d=mm&r=g","contentUrl":"https:\/\/secure.gravatar.com\/avatar\/aa9d3d24c83f2141e5e2709d0f63d09a99f6be6bb7a50abc4915838d9f54501a?s=96&d=mm&r=g","caption":"Mathieu"},"url":"https:\/\/www.altercampagne.net\/?author=214"}]}},"_links":{"self":[{"href":"https:\/\/www.altercampagne.net\/index.php?rest_route=\/wp\/v2\/posts\/19426","targetHints":{"allow":["GET"]}}],"collection":[{"href":"https:\/\/www.altercampagne.net\/index.php?rest_route=\/wp\/v2\/posts"}],"about":[{"href":"https:\/\/www.altercampagne.net\/index.php?rest_route=\/wp\/v2\/types\/post"}],"author":[{"embeddable":true,"href":"https:\/\/www.altercampagne.net\/index.php?rest_route=\/wp\/v2\/users\/214"}],"replies":[{"embeddable":true,"href":"https:\/\/www.altercampagne.net\/index.php?rest_route=%2Fwp%2Fv2%2Fcomments&post=19426"}],"version-history":[{"count":3,"href":"https:\/\/www.altercampagne.net\/index.php?rest_route=\/wp\/v2\/posts\/19426\/revisions"}],"predecessor-version":[{"id":19430,"href":"https:\/\/www.altercampagne.net\/index.php?rest_route=\/wp\/v2\/posts\/19426\/revisions\/19430"}],"wp:featuredmedia":[{"embeddable":true,"href":"https:\/\/www.altercampagne.net\/index.php?rest_route=\/wp\/v2\/media\/19429"}],"wp:attachment":[{"href":"https:\/\/www.altercampagne.net\/index.php?rest_route=%2Fwp%2Fv2%2Fmedia&parent=19426"}],"wp:term":[{"taxonomy":"category","embeddable":true,"href":"https:\/\/www.altercampagne.net\/index.php?rest_route=%2Fwp%2Fv2%2Fcategories&post=19426"},{"taxonomy":"post_tag","embeddable":true,"href":"https:\/\/www.altercampagne.net\/index.php?rest_route=%2Fwp%2Fv2%2Ftags&post=19426"}],"curies":[{"name":"wp","href":"https:\/\/api.w.org\/{rel}","templated":true}]}}