{"id":19431,"date":"2020-08-05T15:13:00","date_gmt":"2020-08-05T13:13:00","guid":{"rendered":"http:\/\/www.altercampagne.net\/?p=19431"},"modified":"2021-05-06T10:36:56","modified_gmt":"2021-05-06T08:36:56","slug":"laltertour-sinstalle-en-puisaye-pour-trois-jours","status":"publish","type":"post","link":"https:\/\/www.altercampagne.net\/?p=19431","title":{"rendered":"L&rsquo;AlterTour s&rsquo;installe en Puisaye pour trois jours"},"content":{"rendered":"\n<p> Visant \u00e0 promouvoir la transition \u00e9cologique et sociale, l\u2019AlterTour arrive en Puisaye ce mercredi 5 ao\u00fbt. Des activit\u00e9s et animations sont ouvertes \u00e0 tous jusqu&rsquo;au vendredi 7 ao\u00fbt. <\/p>\n\n\n\n<p>Soixante cyclistes qui d\u00e9boulent pour un moment de rencontres, d&rsquo;ateliers, de partage&#8230; avec des associations locales. C&rsquo;est <a href=\"https:\/\/www.lyonne.fr\/toucy-89130\/actualites\/l-altertour-fera-etapes-en-puisaye-du-5-au-8-aout-a-l-affut-de-projets-pour-la-transition-ecologique-et-sociale_13800755\/\">l&rsquo;AlterTour<\/a>, parti le 8 juillet de Grenoble. Il fait \u00e9tapes&nbsp;en Puisaye, aujourd&rsquo;hui, jeudi 6 et vendredi 7&nbsp;ao\u00fbt.<\/p>\n\n\n\n<p><strong>Mercredi 5 ao\u00fbt. <\/strong>De 9\u00a0heures \u00e0  12h30\u00a0: trajet Clamecy-Fontenoy. De 14h30 \u00e0 16\u00a0heures\u00a0: trajet Fontenoy &#8211; Toucy. De 16\u2009\u00e0 17\u00a0heures\u00a0: rencontre avec L\u2019atelier de r\u00e9paration v\u00e9lo  de La Californie, petit ap\u00e9ro\/d\u00e9montage de v\u00e9los. De 19 \u00e0 23\u00a0heures\u00a0: repas et soir\u00e9e.<\/p>\n\n\n\n<p><strong>Jeudi 6\u00a0ao\u00fbt. <\/strong>De 9\u2009\u00e0 12\u00a0heures\u00a0: rencontre et promenade d\u00e9couverte avec La SRPM. De 14\u2009\u00e0 18\u00a0heures\u00a0: forum ouvert\/ateliers avec La Californie. De 19\u2009\u00e0 21\u00a0heures\u00a0: repas partag\u00e9. De 21\u2009\u00e0 23\u00a0heures\u00a0: soir\u00e9e festive.<\/p>\n\n\n\n<p> <strong>Vendredi 7 ao\u00fbt. <\/strong>De 9 \u00e0 12\u00a0heures\u00a0: trajet Toucy &#8211; Louesme. De 12 \u00e0 14\u00a0heures\u00a0: pique-nique partag\u00e9 au jardin ressource de  l\u2019association Le P.a.r.c., au lieu-dit Les Taupins. De 15\u00a0heures \u00e0  15h45\u00a0: pr\u00e9sentation des associations Le P.a.r.c. et Chez M\u2019an Jeanne et  Petit Pierre. De 15h45 \u00e0 17h45\u00a0: \u00e9nergie au jardin\u00a0avec Dominique Vuillermoz, semences au jardin\u00a0avec Pauline Daviet, eau au jardin\u00a0avec  Marion Bessay, yoga du rire\u00a0avec Anne-Sophie Perrin, communication non  violente avec Cyril Guiborat, impro\u00a0avec Florence Regnery. De 18\u00a0\u00e0  19\u00a0heures\u00a0: pr\u00e9sentation de l\u2019AlterTour et discussions. \u00c0 19\u00a0heures\u00a0: repas partag\u00e9. Vers 20h30\u00a0: lecture de po\u00e9sies et interludes musicaux, puis soir\u00e9e libre, discussions et musiques improvis\u00e9es. <\/p>\n\n\n\n<p class=\"has-text-align-right\"><strong><a href=\"https:\/\/www.lyonne.fr\/toucy-89130\/actualites\/l-altertour-s-installe-en-puisaye-pour-trois-jours_13820355\/\" target=\"_blank\" rel=\"noreferrer noopener\" aria-label=\"Olivier Richard, L'Yonne R\u00e9publicaine (s\u2019ouvre dans un nouvel onglet)\">Olivier Richard, L&rsquo;Yonne R\u00e9publicaine<\/a><\/strong><\/p>\n","protected":false},"excerpt":{"rendered":"<p>Visant \u00e0 promouvoir la transition \u00e9cologique et sociale, l\u2019AlterTour arrive en Puisaye ce mercredi 5 ao\u00fbt. Des activit\u00e9s et animations sont ouvertes \u00e0 tous jusqu&rsquo;au vendredi 7 ao\u00fbt. Soixante cyclistes qui d\u00e9boulent pour un moment de rencontres, d&rsquo;ateliers, de partage&#8230; avec des associations locales. C&rsquo;est l&rsquo;AlterTour, parti le 8 juillet &#8230; <\/p>\n<div><a href=\"https:\/\/www.altercampagne.net\/?p=19431\" class=\"more-link\">Read More<\/a><\/div>\n","protected":false},"author":214,"featured_media":19432,"comment_status":"closed","ping_status":"closed","sticky":false,"template":"","format":"standard","meta":{"footnotes":""},"categories":[4313,3495,3967,239],"tags":[984,4200,4224,4225],"class_list":["post-19431","post","type-post","status-publish","format-standard","has-post-thumbnail","hentry","category-altertour","category-bourgogne-franche-comte","category-edition-2020","category-revue-de-presse","tag-toucy","tag-yonne-republicaine","tag-la-californie","tag-le-parc"],"yoast_head":"<!-- This site is optimized with the Yoast SEO plugin v27.3 - https:\/\/yoast.com\/product\/yoast-seo-wordpress\/ -->\n<title>L&#039;AlterTour s&#039;installe en Puisaye pour trois jours - AlterTour<\/title>\n<meta name=\"robots\" content=\"index, follow, max-snippet:-1, max-image-preview:large, max-video-preview:-1\" \/>\n<link rel=\"canonical\" href=\"https:\/\/www.altercampagne.net\/?p=19431\" \/>\n<meta property=\"og:locale\" content=\"fr_FR\" \/>\n<meta property=\"og:type\" content=\"article\" \/>\n<meta property=\"og:title\" content=\"L&#039;AlterTour s&#039;installe en Puisaye pour trois jours - AlterTour\" \/>\n<meta property=\"og:description\" content=\"Visant \u00e0 promouvoir la transition \u00e9cologique et sociale, l\u2019AlterTour arrive en Puisaye ce mercredi 5 ao\u00fbt. Des activit\u00e9s et animations sont ouvertes \u00e0 tous jusqu&rsquo;au vendredi 7 ao\u00fbt. Soixante cyclistes qui d\u00e9boulent pour un moment de rencontres, d&rsquo;ateliers, de partage&#8230; avec des associations locales. C&rsquo;est l&rsquo;AlterTour, parti le 8 juillet ... Read More\" \/>\n<meta property=\"og:url\" content=\"https:\/\/www.altercampagne.net\/?p=19431\" \/>\n<meta property=\"og:site_name\" content=\"AlterTour\" \/>\n<meta property=\"article:published_time\" content=\"2020-08-05T13:13:00+00:00\" \/>\n<meta property=\"article:modified_time\" content=\"2021-05-06T08:36:56+00:00\" \/>\n<meta property=\"og:image\" content=\"https:\/\/www.altercampagne.net\/wp-content\/uploads\/2020\/09\/IMG_9508-toucy.jpg\" \/>\n\t<meta property=\"og:image:width\" content=\"1200\" \/>\n\t<meta property=\"og:image:height\" content=\"630\" \/>\n\t<meta property=\"og:image:type\" content=\"image\/jpeg\" \/>\n<meta name=\"author\" content=\"Mathieu\" \/>\n<meta name=\"twitter:card\" content=\"summary_large_image\" \/>\n<meta name=\"twitter:label1\" content=\"\u00c9crit par\" \/>\n\t<meta name=\"twitter:data1\" content=\"Mathieu\" \/>\n\t<meta name=\"twitter:label2\" content=\"Dur\u00e9e de lecture estim\u00e9e\" \/>\n\t<meta name=\"twitter:data2\" content=\"1 minute\" \/>\n<script type=\"application\/ld+json\" class=\"yoast-schema-graph\">{\"@context\":\"https:\\\/\\\/schema.org\",\"@graph\":[{\"@type\":\"Article\",\"@id\":\"https:\\\/\\\/www.altercampagne.net\\\/?p=19431#article\",\"isPartOf\":{\"@id\":\"https:\\\/\\\/www.altercampagne.net\\\/?p=19431\"},\"author\":{\"name\":\"Mathieu\",\"@id\":\"https:\\\/\\\/www.altercampagne.net\\\/#\\\/schema\\\/person\\\/0f261460c09e430caa0f9bcffa319109\"},\"headline\":\"L&rsquo;AlterTour s&rsquo;installe en Puisaye pour trois jours\",\"datePublished\":\"2020-08-05T13:13:00+00:00\",\"dateModified\":\"2021-05-06T08:36:56+00:00\",\"mainEntityOfPage\":{\"@id\":\"https:\\\/\\\/www.altercampagne.net\\\/?p=19431\"},\"wordCount\":273,\"image\":{\"@id\":\"https:\\\/\\\/www.altercampagne.net\\\/?p=19431#primaryimage\"},\"thumbnailUrl\":\"https:\\\/\\\/www.altercampagne.net\\\/wp-content\\\/uploads\\\/2020\\\/09\\\/IMG_9508-toucy.jpg\",\"keywords\":[\"Toucy\",\"Yonne R\u00e9publicaine\",\"La Californie\",\"Le Parc\"],\"articleSection\":[\"AlterTour\",\"Bourgogne-Franche-Comt\u00e9\",\"Edition 2020\",\"Revue de presse\"],\"inLanguage\":\"fr-FR\"},{\"@type\":\"WebPage\",\"@id\":\"https:\\\/\\\/www.altercampagne.net\\\/?p=19431\",\"url\":\"https:\\\/\\\/www.altercampagne.net\\\/?p=19431\",\"name\":\"L'AlterTour s'installe en Puisaye pour trois jours - AlterTour\",\"isPartOf\":{\"@id\":\"https:\\\/\\\/www.altercampagne.net\\\/#website\"},\"primaryImageOfPage\":{\"@id\":\"https:\\\/\\\/www.altercampagne.net\\\/?p=19431#primaryimage\"},\"image\":{\"@id\":\"https:\\\/\\\/www.altercampagne.net\\\/?p=19431#primaryimage\"},\"thumbnailUrl\":\"https:\\\/\\\/www.altercampagne.net\\\/wp-content\\\/uploads\\\/2020\\\/09\\\/IMG_9508-toucy.jpg\",\"datePublished\":\"2020-08-05T13:13:00+00:00\",\"dateModified\":\"2021-05-06T08:36:56+00:00\",\"author\":{\"@id\":\"https:\\\/\\\/www.altercampagne.net\\\/#\\\/schema\\\/person\\\/0f261460c09e430caa0f9bcffa319109\"},\"breadcrumb\":{\"@id\":\"https:\\\/\\\/www.altercampagne.net\\\/?p=19431#breadcrumb\"},\"inLanguage\":\"fr-FR\",\"potentialAction\":[{\"@type\":\"ReadAction\",\"target\":[\"https:\\\/\\\/www.altercampagne.net\\\/?p=19431\"]}]},{\"@type\":\"ImageObject\",\"inLanguage\":\"fr-FR\",\"@id\":\"https:\\\/\\\/www.altercampagne.net\\\/?p=19431#primaryimage\",\"url\":\"https:\\\/\\\/www.altercampagne.net\\\/wp-content\\\/uploads\\\/2020\\\/09\\\/IMG_9508-toucy.jpg\",\"contentUrl\":\"https:\\\/\\\/www.altercampagne.net\\\/wp-content\\\/uploads\\\/2020\\\/09\\\/IMG_9508-toucy.jpg\",\"width\":1200,\"height\":630},{\"@type\":\"BreadcrumbList\",\"@id\":\"https:\\\/\\\/www.altercampagne.net\\\/?p=19431#breadcrumb\",\"itemListElement\":[{\"@type\":\"ListItem\",\"position\":1,\"name\":\"Accueil\",\"item\":\"https:\\\/\\\/www.altercampagne.net\\\/\"},{\"@type\":\"ListItem\",\"position\":2,\"name\":\"L&rsquo;AlterTour s&rsquo;installe en Puisaye pour trois jours\"}]},{\"@type\":\"WebSite\",\"@id\":\"https:\\\/\\\/www.altercampagne.net\\\/#website\",\"url\":\"https:\\\/\\\/www.altercampagne.net\\\/\",\"name\":\"AlterTour\",\"description\":\"Reliez les Alternatives \u00e0 v\u00e9lo\",\"potentialAction\":[{\"@type\":\"SearchAction\",\"target\":{\"@type\":\"EntryPoint\",\"urlTemplate\":\"https:\\\/\\\/www.altercampagne.net\\\/?s={search_term_string}\"},\"query-input\":{\"@type\":\"PropertyValueSpecification\",\"valueRequired\":true,\"valueName\":\"search_term_string\"}}],\"inLanguage\":\"fr-FR\"},{\"@type\":\"Person\",\"@id\":\"https:\\\/\\\/www.altercampagne.net\\\/#\\\/schema\\\/person\\\/0f261460c09e430caa0f9bcffa319109\",\"name\":\"Mathieu\",\"image\":{\"@type\":\"ImageObject\",\"inLanguage\":\"fr-FR\",\"@id\":\"https:\\\/\\\/secure.gravatar.com\\\/avatar\\\/aa9d3d24c83f2141e5e2709d0f63d09a99f6be6bb7a50abc4915838d9f54501a?s=96&d=mm&r=g\",\"url\":\"https:\\\/\\\/secure.gravatar.com\\\/avatar\\\/aa9d3d24c83f2141e5e2709d0f63d09a99f6be6bb7a50abc4915838d9f54501a?s=96&d=mm&r=g\",\"contentUrl\":\"https:\\\/\\\/secure.gravatar.com\\\/avatar\\\/aa9d3d24c83f2141e5e2709d0f63d09a99f6be6bb7a50abc4915838d9f54501a?s=96&d=mm&r=g\",\"caption\":\"Mathieu\"},\"url\":\"https:\\\/\\\/www.altercampagne.net\\\/?author=214\"}]}<\/script>\n<!-- \/ Yoast SEO plugin. -->","yoast_head_json":{"title":"L'AlterTour s'installe en Puisaye pour trois jours - AlterTour","robots":{"index":"index","follow":"follow","max-snippet":"max-snippet:-1","max-image-preview":"max-image-preview:large","max-video-preview":"max-video-preview:-1"},"canonical":"https:\/\/www.altercampagne.net\/?p=19431","og_locale":"fr_FR","og_type":"article","og_title":"L'AlterTour s'installe en Puisaye pour trois jours - AlterTour","og_description":"Visant \u00e0 promouvoir la transition \u00e9cologique et sociale, l\u2019AlterTour arrive en Puisaye ce mercredi 5 ao\u00fbt. Des activit\u00e9s et animations sont ouvertes \u00e0 tous jusqu&rsquo;au vendredi 7 ao\u00fbt. Soixante cyclistes qui d\u00e9boulent pour un moment de rencontres, d&rsquo;ateliers, de partage&#8230; avec des associations locales. C&rsquo;est l&rsquo;AlterTour, parti le 8 juillet ... Read More","og_url":"https:\/\/www.altercampagne.net\/?p=19431","og_site_name":"AlterTour","article_published_time":"2020-08-05T13:13:00+00:00","article_modified_time":"2021-05-06T08:36:56+00:00","og_image":[{"width":1200,"height":630,"url":"https:\/\/www.altercampagne.net\/wp-content\/uploads\/2020\/09\/IMG_9508-toucy.jpg","type":"image\/jpeg"}],"author":"Mathieu","twitter_card":"summary_large_image","twitter_misc":{"\u00c9crit par":"Mathieu","Dur\u00e9e de lecture estim\u00e9e":"1 minute"},"schema":{"@context":"https:\/\/schema.org","@graph":[{"@type":"Article","@id":"https:\/\/www.altercampagne.net\/?p=19431#article","isPartOf":{"@id":"https:\/\/www.altercampagne.net\/?p=19431"},"author":{"name":"Mathieu","@id":"https:\/\/www.altercampagne.net\/#\/schema\/person\/0f261460c09e430caa0f9bcffa319109"},"headline":"L&rsquo;AlterTour s&rsquo;installe en Puisaye pour trois jours","datePublished":"2020-08-05T13:13:00+00:00","dateModified":"2021-05-06T08:36:56+00:00","mainEntityOfPage":{"@id":"https:\/\/www.altercampagne.net\/?p=19431"},"wordCount":273,"image":{"@id":"https:\/\/www.altercampagne.net\/?p=19431#primaryimage"},"thumbnailUrl":"https:\/\/www.altercampagne.net\/wp-content\/uploads\/2020\/09\/IMG_9508-toucy.jpg","keywords":["Toucy","Yonne R\u00e9publicaine","La Californie","Le Parc"],"articleSection":["AlterTour","Bourgogne-Franche-Comt\u00e9","Edition 2020","Revue de presse"],"inLanguage":"fr-FR"},{"@type":"WebPage","@id":"https:\/\/www.altercampagne.net\/?p=19431","url":"https:\/\/www.altercampagne.net\/?p=19431","name":"L'AlterTour s'installe en Puisaye pour trois jours - AlterTour","isPartOf":{"@id":"https:\/\/www.altercampagne.net\/#website"},"primaryImageOfPage":{"@id":"https:\/\/www.altercampagne.net\/?p=19431#primaryimage"},"image":{"@id":"https:\/\/www.altercampagne.net\/?p=19431#primaryimage"},"thumbnailUrl":"https:\/\/www.altercampagne.net\/wp-content\/uploads\/2020\/09\/IMG_9508-toucy.jpg","datePublished":"2020-08-05T13:13:00+00:00","dateModified":"2021-05-06T08:36:56+00:00","author":{"@id":"https:\/\/www.altercampagne.net\/#\/schema\/person\/0f261460c09e430caa0f9bcffa319109"},"breadcrumb":{"@id":"https:\/\/www.altercampagne.net\/?p=19431#breadcrumb"},"inLanguage":"fr-FR","potentialAction":[{"@type":"ReadAction","target":["https:\/\/www.altercampagne.net\/?p=19431"]}]},{"@type":"ImageObject","inLanguage":"fr-FR","@id":"https:\/\/www.altercampagne.net\/?p=19431#primaryimage","url":"https:\/\/www.altercampagne.net\/wp-content\/uploads\/2020\/09\/IMG_9508-toucy.jpg","contentUrl":"https:\/\/www.altercampagne.net\/wp-content\/uploads\/2020\/09\/IMG_9508-toucy.jpg","width":1200,"height":630},{"@type":"BreadcrumbList","@id":"https:\/\/www.altercampagne.net\/?p=19431#breadcrumb","itemListElement":[{"@type":"ListItem","position":1,"name":"Accueil","item":"https:\/\/www.altercampagne.net\/"},{"@type":"ListItem","position":2,"name":"L&rsquo;AlterTour s&rsquo;installe en Puisaye pour trois jours"}]},{"@type":"WebSite","@id":"https:\/\/www.altercampagne.net\/#website","url":"https:\/\/www.altercampagne.net\/","name":"AlterTour","description":"Reliez les Alternatives \u00e0 v\u00e9lo","potentialAction":[{"@type":"SearchAction","target":{"@type":"EntryPoint","urlTemplate":"https:\/\/www.altercampagne.net\/?s={search_term_string}"},"query-input":{"@type":"PropertyValueSpecification","valueRequired":true,"valueName":"search_term_string"}}],"inLanguage":"fr-FR"},{"@type":"Person","@id":"https:\/\/www.altercampagne.net\/#\/schema\/person\/0f261460c09e430caa0f9bcffa319109","name":"Mathieu","image":{"@type":"ImageObject","inLanguage":"fr-FR","@id":"https:\/\/secure.gravatar.com\/avatar\/aa9d3d24c83f2141e5e2709d0f63d09a99f6be6bb7a50abc4915838d9f54501a?s=96&d=mm&r=g","url":"https:\/\/secure.gravatar.com\/avatar\/aa9d3d24c83f2141e5e2709d0f63d09a99f6be6bb7a50abc4915838d9f54501a?s=96&d=mm&r=g","contentUrl":"https:\/\/secure.gravatar.com\/avatar\/aa9d3d24c83f2141e5e2709d0f63d09a99f6be6bb7a50abc4915838d9f54501a?s=96&d=mm&r=g","caption":"Mathieu"},"url":"https:\/\/www.altercampagne.net\/?author=214"}]}},"_links":{"self":[{"href":"https:\/\/www.altercampagne.net\/index.php?rest_route=\/wp\/v2\/posts\/19431","targetHints":{"allow":["GET"]}}],"collection":[{"href":"https:\/\/www.altercampagne.net\/index.php?rest_route=\/wp\/v2\/posts"}],"about":[{"href":"https:\/\/www.altercampagne.net\/index.php?rest_route=\/wp\/v2\/types\/post"}],"author":[{"embeddable":true,"href":"https:\/\/www.altercampagne.net\/index.php?rest_route=\/wp\/v2\/users\/214"}],"replies":[{"embeddable":true,"href":"https:\/\/www.altercampagne.net\/index.php?rest_route=%2Fwp%2Fv2%2Fcomments&post=19431"}],"version-history":[{"count":1,"href":"https:\/\/www.altercampagne.net\/index.php?rest_route=\/wp\/v2\/posts\/19431\/revisions"}],"predecessor-version":[{"id":19433,"href":"https:\/\/www.altercampagne.net\/index.php?rest_route=\/wp\/v2\/posts\/19431\/revisions\/19433"}],"wp:featuredmedia":[{"embeddable":true,"href":"https:\/\/www.altercampagne.net\/index.php?rest_route=\/wp\/v2\/media\/19432"}],"wp:attachment":[{"href":"https:\/\/www.altercampagne.net\/index.php?rest_route=%2Fwp%2Fv2%2Fmedia&parent=19431"}],"wp:term":[{"taxonomy":"category","embeddable":true,"href":"https:\/\/www.altercampagne.net\/index.php?rest_route=%2Fwp%2Fv2%2Fcategories&post=19431"},{"taxonomy":"post_tag","embeddable":true,"href":"https:\/\/www.altercampagne.net\/index.php?rest_route=%2Fwp%2Fv2%2Ftags&post=19431"}],"curies":[{"name":"wp","href":"https:\/\/api.w.org\/{rel}","templated":true}]}}