{"id":19434,"date":"2020-09-24T18:00:00","date_gmt":"2020-09-24T16:00:00","guid":{"rendered":"http:\/\/www.altercampagne.net\/?p=19434"},"modified":"2021-05-06T10:35:58","modified_gmt":"2021-05-06T08:35:58","slug":"la-premiere-pleniere-de-laltertour-change-de-format","status":"publish","type":"post","link":"https:\/\/www.altercampagne.net\/?p=19434","title":{"rendered":"La premi\u00e8re pl\u00e9ni\u00e8re de l&rsquo;AlterTour change de format"},"content":{"rendered":"\n<p> Que de rebondissements ! Nous apprenons \u00e0 l&rsquo;instant que nos  accueillant.e.s du Palais de la Femme ont \u00e9cout\u00e9 les derni\u00e8res annonces  du gouvernement et se voient dans l&rsquo;obligation de nous fermer le lieu ce  week-end. La bonne nouvelle : plus besoin de porter le masque pendant tout notre joyeux week-end !<br><br> La pl\u00e9ni\u00e8re se d\u00e9roula <strong>\u00e0 distance<\/strong>, via l&rsquo;application Zoom. On a boss\u00e9 toutes les fonctionnalit\u00e9s, on va vous surprendre. Pour participer, envoyez un texto au  06 52 27 64 37 en indiquant votre adresse mail<\/p>\n\n\n\n<p>Voici le <strong>planning<\/strong>, fra\u00eechement repens\u00e9 pour vous : <br> <\/p>\n\n\n\n<p> Samedi 26 septembre :<br> 10h00 &#8211; 11h00 : Accueil et explications, brise-glace et bilan de l&rsquo;AlterTour 2020<br>  11h00 &#8211; 11h30 : Pause<br> 11h30 &#8211; 12h30 : Restitution du Coll\u00e8ge Solidaire et pr\u00e9sentation d\u2019une ann\u00e9e d\u2019organisation<br> 12h30 &#8211; 14h00 : Pause d\u00e9jeuner<br>   14h00 &#8211; 15h00 : Choix de la zone<br> 15h00 &#8211; 15h30 : Pause<br> 15h30 &#8211; 16h30 : Tour m\u00e9t\u00e9o sur l\u2019implication de chacun.e pour cette nouvelle ann\u00e9e d\u2019organisation<\/p>\n\n\n\n<p>Dimanche 27 septembre :<br> 10h00 &#8211; 11h00 : Validation de la zone et constitution des \u00e9quipes de d\u00e9frichage<br> 11h00 &#8211; 11h30 : Pause<br> 11h30 &#8211; 12h30 : Formations (espace membre et communiquer \u00e0 distance)<br> 12h30 &#8211; 12h45 : Tour m\u00e9t\u00e9o et bilan de ce week-end in\u00e9dit<br> Enfin, pour celles et ceux qui sont d\u00e9j\u00e0 en route (pour de vrai ou juste  dans la t\u00eate), sachez qu&rsquo;il est s\u00fbrement possible de trouver un.e ou deux altercyclistes avec qui se regrouper \u00e0 Paris, Lyon ou ailleurs, pour que le week-end soit un petit peu festif malgr\u00e9 tout !<br> Allez, c&rsquo;est certain que ce n&rsquo;est pas comme d&rsquo;habitude, mais on va y arriver !<\/p>\n","protected":false},"excerpt":{"rendered":"<p>Que de rebondissements ! Nous apprenons \u00e0 l&rsquo;instant que nos accueillant.e.s du Palais de la Femme ont \u00e9cout\u00e9 les derni\u00e8res annonces du gouvernement et se voient dans l&rsquo;obligation de nous fermer le lieu ce week-end. La bonne nouvelle : plus besoin de porter le masque pendant tout notre joyeux week-end &#8230; <\/p>\n<div><a href=\"https:\/\/www.altercampagne.net\/?p=19434\" class=\"more-link\">Read More<\/a><\/div>\n","protected":false},"author":214,"featured_media":19435,"comment_status":"closed","ping_status":"closed","sticky":false,"template":"","format":"standard","meta":{"footnotes":""},"categories":[4313,4198,3539],"tags":[388,434,4227,4228],"class_list":["post-19434","post","type-post","status-publish","format-standard","has-post-thumbnail","hentry","category-altertour","category-edition-2021","category-we-de-preparation","tag-septembre","tag-pleniere","tag-covid","tag-zoom"],"yoast_head":"<!-- This site is optimized with the Yoast SEO plugin v27.3 - https:\/\/yoast.com\/product\/yoast-seo-wordpress\/ -->\n<title>La premi\u00e8re pl\u00e9ni\u00e8re de l&#039;AlterTour change de format - AlterTour<\/title>\n<meta name=\"robots\" content=\"index, follow, max-snippet:-1, max-image-preview:large, max-video-preview:-1\" \/>\n<link rel=\"canonical\" href=\"https:\/\/www.altercampagne.net\/?p=19434\" \/>\n<meta property=\"og:locale\" content=\"fr_FR\" \/>\n<meta property=\"og:type\" content=\"article\" \/>\n<meta property=\"og:title\" content=\"La premi\u00e8re pl\u00e9ni\u00e8re de l&#039;AlterTour change de format - AlterTour\" \/>\n<meta property=\"og:description\" content=\"Que de rebondissements ! Nous apprenons \u00e0 l&rsquo;instant que nos accueillant.e.s du Palais de la Femme ont \u00e9cout\u00e9 les derni\u00e8res annonces du gouvernement et se voient dans l&rsquo;obligation de nous fermer le lieu ce week-end. La bonne nouvelle : plus besoin de porter le masque pendant tout notre joyeux week-end ... Read More\" \/>\n<meta property=\"og:url\" content=\"https:\/\/www.altercampagne.net\/?p=19434\" \/>\n<meta property=\"og:site_name\" content=\"AlterTour\" \/>\n<meta property=\"article:published_time\" content=\"2020-09-24T16:00:00+00:00\" \/>\n<meta property=\"article:modified_time\" content=\"2021-05-06T08:35:58+00:00\" \/>\n<meta property=\"og:image\" content=\"https:\/\/www.altercampagne.net\/wp-content\/uploads\/2020\/09\/120195579_1430141653857840_5214495088816131031_o.jpg\" \/>\n\t<meta property=\"og:image:width\" content=\"526\" \/>\n\t<meta property=\"og:image:height\" content=\"274\" \/>\n\t<meta property=\"og:image:type\" content=\"image\/jpeg\" \/>\n<meta name=\"author\" content=\"Mathieu\" \/>\n<meta name=\"twitter:card\" content=\"summary_large_image\" \/>\n<meta name=\"twitter:label1\" content=\"\u00c9crit par\" \/>\n\t<meta name=\"twitter:data1\" content=\"Mathieu\" \/>\n\t<meta name=\"twitter:label2\" content=\"Dur\u00e9e de lecture estim\u00e9e\" \/>\n\t<meta name=\"twitter:data2\" content=\"1 minute\" \/>\n<script type=\"application\/ld+json\" class=\"yoast-schema-graph\">{\"@context\":\"https:\\\/\\\/schema.org\",\"@graph\":[{\"@type\":\"Article\",\"@id\":\"https:\\\/\\\/www.altercampagne.net\\\/?p=19434#article\",\"isPartOf\":{\"@id\":\"https:\\\/\\\/www.altercampagne.net\\\/?p=19434\"},\"author\":{\"name\":\"Mathieu\",\"@id\":\"https:\\\/\\\/www.altercampagne.net\\\/#\\\/schema\\\/person\\\/0f261460c09e430caa0f9bcffa319109\"},\"headline\":\"La premi\u00e8re pl\u00e9ni\u00e8re de l&rsquo;AlterTour change de format\",\"datePublished\":\"2020-09-24T16:00:00+00:00\",\"dateModified\":\"2021-05-06T08:35:58+00:00\",\"mainEntityOfPage\":{\"@id\":\"https:\\\/\\\/www.altercampagne.net\\\/?p=19434\"},\"wordCount\":291,\"image\":{\"@id\":\"https:\\\/\\\/www.altercampagne.net\\\/?p=19434#primaryimage\"},\"thumbnailUrl\":\"https:\\\/\\\/www.altercampagne.net\\\/wp-content\\\/uploads\\\/2020\\\/09\\\/120195579_1430141653857840_5214495088816131031_o.jpg\",\"keywords\":[\"septembre\",\"pl\u00e9ni\u00e8re\",\"covid\",\"zoom\"],\"articleSection\":[\"AlterTour\",\"Edition 2021\",\"WE de pr\u00e9paration\"],\"inLanguage\":\"fr-FR\"},{\"@type\":\"WebPage\",\"@id\":\"https:\\\/\\\/www.altercampagne.net\\\/?p=19434\",\"url\":\"https:\\\/\\\/www.altercampagne.net\\\/?p=19434\",\"name\":\"La premi\u00e8re pl\u00e9ni\u00e8re de l'AlterTour change de format - AlterTour\",\"isPartOf\":{\"@id\":\"https:\\\/\\\/www.altercampagne.net\\\/#website\"},\"primaryImageOfPage\":{\"@id\":\"https:\\\/\\\/www.altercampagne.net\\\/?p=19434#primaryimage\"},\"image\":{\"@id\":\"https:\\\/\\\/www.altercampagne.net\\\/?p=19434#primaryimage\"},\"thumbnailUrl\":\"https:\\\/\\\/www.altercampagne.net\\\/wp-content\\\/uploads\\\/2020\\\/09\\\/120195579_1430141653857840_5214495088816131031_o.jpg\",\"datePublished\":\"2020-09-24T16:00:00+00:00\",\"dateModified\":\"2021-05-06T08:35:58+00:00\",\"author\":{\"@id\":\"https:\\\/\\\/www.altercampagne.net\\\/#\\\/schema\\\/person\\\/0f261460c09e430caa0f9bcffa319109\"},\"breadcrumb\":{\"@id\":\"https:\\\/\\\/www.altercampagne.net\\\/?p=19434#breadcrumb\"},\"inLanguage\":\"fr-FR\",\"potentialAction\":[{\"@type\":\"ReadAction\",\"target\":[\"https:\\\/\\\/www.altercampagne.net\\\/?p=19434\"]}]},{\"@type\":\"ImageObject\",\"inLanguage\":\"fr-FR\",\"@id\":\"https:\\\/\\\/www.altercampagne.net\\\/?p=19434#primaryimage\",\"url\":\"https:\\\/\\\/www.altercampagne.net\\\/wp-content\\\/uploads\\\/2020\\\/09\\\/120195579_1430141653857840_5214495088816131031_o.jpg\",\"contentUrl\":\"https:\\\/\\\/www.altercampagne.net\\\/wp-content\\\/uploads\\\/2020\\\/09\\\/120195579_1430141653857840_5214495088816131031_o.jpg\",\"width\":526,\"height\":274},{\"@type\":\"BreadcrumbList\",\"@id\":\"https:\\\/\\\/www.altercampagne.net\\\/?p=19434#breadcrumb\",\"itemListElement\":[{\"@type\":\"ListItem\",\"position\":1,\"name\":\"Accueil\",\"item\":\"https:\\\/\\\/www.altercampagne.net\\\/\"},{\"@type\":\"ListItem\",\"position\":2,\"name\":\"La premi\u00e8re pl\u00e9ni\u00e8re de l&rsquo;AlterTour change de format\"}]},{\"@type\":\"WebSite\",\"@id\":\"https:\\\/\\\/www.altercampagne.net\\\/#website\",\"url\":\"https:\\\/\\\/www.altercampagne.net\\\/\",\"name\":\"AlterTour\",\"description\":\"Reliez les Alternatives \u00e0 v\u00e9lo\",\"potentialAction\":[{\"@type\":\"SearchAction\",\"target\":{\"@type\":\"EntryPoint\",\"urlTemplate\":\"https:\\\/\\\/www.altercampagne.net\\\/?s={search_term_string}\"},\"query-input\":{\"@type\":\"PropertyValueSpecification\",\"valueRequired\":true,\"valueName\":\"search_term_string\"}}],\"inLanguage\":\"fr-FR\"},{\"@type\":\"Person\",\"@id\":\"https:\\\/\\\/www.altercampagne.net\\\/#\\\/schema\\\/person\\\/0f261460c09e430caa0f9bcffa319109\",\"name\":\"Mathieu\",\"image\":{\"@type\":\"ImageObject\",\"inLanguage\":\"fr-FR\",\"@id\":\"https:\\\/\\\/secure.gravatar.com\\\/avatar\\\/aa9d3d24c83f2141e5e2709d0f63d09a99f6be6bb7a50abc4915838d9f54501a?s=96&d=mm&r=g\",\"url\":\"https:\\\/\\\/secure.gravatar.com\\\/avatar\\\/aa9d3d24c83f2141e5e2709d0f63d09a99f6be6bb7a50abc4915838d9f54501a?s=96&d=mm&r=g\",\"contentUrl\":\"https:\\\/\\\/secure.gravatar.com\\\/avatar\\\/aa9d3d24c83f2141e5e2709d0f63d09a99f6be6bb7a50abc4915838d9f54501a?s=96&d=mm&r=g\",\"caption\":\"Mathieu\"},\"url\":\"https:\\\/\\\/www.altercampagne.net\\\/?author=214\"}]}<\/script>\n<!-- \/ Yoast SEO plugin. -->","yoast_head_json":{"title":"La premi\u00e8re pl\u00e9ni\u00e8re de l'AlterTour change de format - AlterTour","robots":{"index":"index","follow":"follow","max-snippet":"max-snippet:-1","max-image-preview":"max-image-preview:large","max-video-preview":"max-video-preview:-1"},"canonical":"https:\/\/www.altercampagne.net\/?p=19434","og_locale":"fr_FR","og_type":"article","og_title":"La premi\u00e8re pl\u00e9ni\u00e8re de l'AlterTour change de format - AlterTour","og_description":"Que de rebondissements ! Nous apprenons \u00e0 l&rsquo;instant que nos accueillant.e.s du Palais de la Femme ont \u00e9cout\u00e9 les derni\u00e8res annonces du gouvernement et se voient dans l&rsquo;obligation de nous fermer le lieu ce week-end. La bonne nouvelle : plus besoin de porter le masque pendant tout notre joyeux week-end ... Read More","og_url":"https:\/\/www.altercampagne.net\/?p=19434","og_site_name":"AlterTour","article_published_time":"2020-09-24T16:00:00+00:00","article_modified_time":"2021-05-06T08:35:58+00:00","og_image":[{"width":526,"height":274,"url":"https:\/\/www.altercampagne.net\/wp-content\/uploads\/2020\/09\/120195579_1430141653857840_5214495088816131031_o.jpg","type":"image\/jpeg"}],"author":"Mathieu","twitter_card":"summary_large_image","twitter_misc":{"\u00c9crit par":"Mathieu","Dur\u00e9e de lecture estim\u00e9e":"1 minute"},"schema":{"@context":"https:\/\/schema.org","@graph":[{"@type":"Article","@id":"https:\/\/www.altercampagne.net\/?p=19434#article","isPartOf":{"@id":"https:\/\/www.altercampagne.net\/?p=19434"},"author":{"name":"Mathieu","@id":"https:\/\/www.altercampagne.net\/#\/schema\/person\/0f261460c09e430caa0f9bcffa319109"},"headline":"La premi\u00e8re pl\u00e9ni\u00e8re de l&rsquo;AlterTour change de format","datePublished":"2020-09-24T16:00:00+00:00","dateModified":"2021-05-06T08:35:58+00:00","mainEntityOfPage":{"@id":"https:\/\/www.altercampagne.net\/?p=19434"},"wordCount":291,"image":{"@id":"https:\/\/www.altercampagne.net\/?p=19434#primaryimage"},"thumbnailUrl":"https:\/\/www.altercampagne.net\/wp-content\/uploads\/2020\/09\/120195579_1430141653857840_5214495088816131031_o.jpg","keywords":["septembre","pl\u00e9ni\u00e8re","covid","zoom"],"articleSection":["AlterTour","Edition 2021","WE de pr\u00e9paration"],"inLanguage":"fr-FR"},{"@type":"WebPage","@id":"https:\/\/www.altercampagne.net\/?p=19434","url":"https:\/\/www.altercampagne.net\/?p=19434","name":"La premi\u00e8re pl\u00e9ni\u00e8re de l'AlterTour change de format - AlterTour","isPartOf":{"@id":"https:\/\/www.altercampagne.net\/#website"},"primaryImageOfPage":{"@id":"https:\/\/www.altercampagne.net\/?p=19434#primaryimage"},"image":{"@id":"https:\/\/www.altercampagne.net\/?p=19434#primaryimage"},"thumbnailUrl":"https:\/\/www.altercampagne.net\/wp-content\/uploads\/2020\/09\/120195579_1430141653857840_5214495088816131031_o.jpg","datePublished":"2020-09-24T16:00:00+00:00","dateModified":"2021-05-06T08:35:58+00:00","author":{"@id":"https:\/\/www.altercampagne.net\/#\/schema\/person\/0f261460c09e430caa0f9bcffa319109"},"breadcrumb":{"@id":"https:\/\/www.altercampagne.net\/?p=19434#breadcrumb"},"inLanguage":"fr-FR","potentialAction":[{"@type":"ReadAction","target":["https:\/\/www.altercampagne.net\/?p=19434"]}]},{"@type":"ImageObject","inLanguage":"fr-FR","@id":"https:\/\/www.altercampagne.net\/?p=19434#primaryimage","url":"https:\/\/www.altercampagne.net\/wp-content\/uploads\/2020\/09\/120195579_1430141653857840_5214495088816131031_o.jpg","contentUrl":"https:\/\/www.altercampagne.net\/wp-content\/uploads\/2020\/09\/120195579_1430141653857840_5214495088816131031_o.jpg","width":526,"height":274},{"@type":"BreadcrumbList","@id":"https:\/\/www.altercampagne.net\/?p=19434#breadcrumb","itemListElement":[{"@type":"ListItem","position":1,"name":"Accueil","item":"https:\/\/www.altercampagne.net\/"},{"@type":"ListItem","position":2,"name":"La premi\u00e8re pl\u00e9ni\u00e8re de l&rsquo;AlterTour change de format"}]},{"@type":"WebSite","@id":"https:\/\/www.altercampagne.net\/#website","url":"https:\/\/www.altercampagne.net\/","name":"AlterTour","description":"Reliez les Alternatives \u00e0 v\u00e9lo","potentialAction":[{"@type":"SearchAction","target":{"@type":"EntryPoint","urlTemplate":"https:\/\/www.altercampagne.net\/?s={search_term_string}"},"query-input":{"@type":"PropertyValueSpecification","valueRequired":true,"valueName":"search_term_string"}}],"inLanguage":"fr-FR"},{"@type":"Person","@id":"https:\/\/www.altercampagne.net\/#\/schema\/person\/0f261460c09e430caa0f9bcffa319109","name":"Mathieu","image":{"@type":"ImageObject","inLanguage":"fr-FR","@id":"https:\/\/secure.gravatar.com\/avatar\/aa9d3d24c83f2141e5e2709d0f63d09a99f6be6bb7a50abc4915838d9f54501a?s=96&d=mm&r=g","url":"https:\/\/secure.gravatar.com\/avatar\/aa9d3d24c83f2141e5e2709d0f63d09a99f6be6bb7a50abc4915838d9f54501a?s=96&d=mm&r=g","contentUrl":"https:\/\/secure.gravatar.com\/avatar\/aa9d3d24c83f2141e5e2709d0f63d09a99f6be6bb7a50abc4915838d9f54501a?s=96&d=mm&r=g","caption":"Mathieu"},"url":"https:\/\/www.altercampagne.net\/?author=214"}]}},"_links":{"self":[{"href":"https:\/\/www.altercampagne.net\/index.php?rest_route=\/wp\/v2\/posts\/19434","targetHints":{"allow":["GET"]}}],"collection":[{"href":"https:\/\/www.altercampagne.net\/index.php?rest_route=\/wp\/v2\/posts"}],"about":[{"href":"https:\/\/www.altercampagne.net\/index.php?rest_route=\/wp\/v2\/types\/post"}],"author":[{"embeddable":true,"href":"https:\/\/www.altercampagne.net\/index.php?rest_route=\/wp\/v2\/users\/214"}],"replies":[{"embeddable":true,"href":"https:\/\/www.altercampagne.net\/index.php?rest_route=%2Fwp%2Fv2%2Fcomments&post=19434"}],"version-history":[{"count":1,"href":"https:\/\/www.altercampagne.net\/index.php?rest_route=\/wp\/v2\/posts\/19434\/revisions"}],"predecessor-version":[{"id":19436,"href":"https:\/\/www.altercampagne.net\/index.php?rest_route=\/wp\/v2\/posts\/19434\/revisions\/19436"}],"wp:featuredmedia":[{"embeddable":true,"href":"https:\/\/www.altercampagne.net\/index.php?rest_route=\/wp\/v2\/media\/19435"}],"wp:attachment":[{"href":"https:\/\/www.altercampagne.net\/index.php?rest_route=%2Fwp%2Fv2%2Fmedia&parent=19434"}],"wp:term":[{"taxonomy":"category","embeddable":true,"href":"https:\/\/www.altercampagne.net\/index.php?rest_route=%2Fwp%2Fv2%2Fcategories&post=19434"},{"taxonomy":"post_tag","embeddable":true,"href":"https:\/\/www.altercampagne.net\/index.php?rest_route=%2Fwp%2Fv2%2Ftags&post=19434"}],"curies":[{"name":"wp","href":"https:\/\/api.w.org\/{rel}","templated":true}]}}