{"id":19437,"date":"2020-07-15T12:54:00","date_gmt":"2020-07-15T10:54:00","guid":{"rendered":"http:\/\/www.altercampagne.net\/?p=19437"},"modified":"2021-05-06T10:39:42","modified_gmt":"2021-05-06T08:39:42","slug":"ils-pedalent-pour-changer-la-societe-a-cognin","status":"publish","type":"post","link":"https:\/\/www.altercampagne.net\/?p=19437","title":{"rendered":"Ils p\u00e9dalent pour changer la soci\u00e9t\u00e9 \u00e0 Cognin"},"content":{"rendered":"\n<p> Soixante cyclistes ont fait une halte au ch\u00e2teau du For\u00e9zan, \u00e0 Cognin, pour mettre en avant la transition \u00e9cologique et sociale. <\/p>\n\n\n\n<p>n\u00e9 il y a treize ans, ce tour de France itin\u00e9rant \u00e0 v\u00e9lo pour la transition \u00e9cologique et sociale montre une prise de conscience qui n\u2019est pas nouvelle pour certains. Dimanche 12\u00a0juillet, 60 cyclistes de l\u2019AlterTour, accueillis par la mairie, se sont arr\u00eat\u00e9s \u00e0 Cognin pour une pause repas suivie d\u2019ateliers propos\u00e9s au public dans le parc du  ch\u00e2teau avec les associations Roue libre, Compost\u2019action et la Ferme  mara\u00eech\u00e8re du For\u00e9zan.<\/p>\n\n\n\n<h4 class=\"wp-block-heading\">Mettre en lumi\u00e8re les alternatives possibles<\/h4>\n\n\n\n<p>L\u2019AlterTour est une manifestation itin\u00e9rante qui part \u00e0 la rencontre des alternatives et qui valorise des initiatives porteuses de solutions pour la transition \u00e9cologique et sociale\u00a0dans plusieurs domaines (agriculture, \u00e9conomie, \u00e9nergie, transport, habitat, travail,  \u00e9ducation\u2026). Il s\u2019agit aussi de lutter contre des projets climaticides, mena\u00e7ant des terres agricoles, la biodiversit\u00e9 ou des sites naturels. Et  bien s\u00fbr de promouvoir le v\u00e9lo, accessible \u00e0 tous.<\/p>\n\n\n\n<p>Partis le mercredi 8\u00a0juillet de Grenoble, les cyclistes -qui s\u2019\u00e9toffent et se renouvellent \u00e0 chaque \u00e9tape, autour d\u2019un noyau technique- rejoindront Argenton-sur-Creuse (Indre) le dimanche 23\u00a0ao\u00fbt pour une arriv\u00e9e bien  m\u00e9rit\u00e9e. Le fonctionnement en autogestion, o\u00f9 chacun prend part aux t\u00e2ches quotidiennes, est une invitation au partage. Chacun peut donner  son avis et prendre part aux d\u00e9cisions.<\/p>\n\n\n\n<p>Pour les organisateurs et  les participants, il s\u2019agit de faire \u00e9voluer notre soci\u00e9t\u00e9 de  consommation avec \u00e0 l\u2019esprit, la solidarit\u00e9 plut\u00f4t que le chacun pour soi, la simplicit\u00e9 des produits naturels plut\u00f4t que la surconsommation, la coop\u00e9ration plut\u00f4t que la comp\u00e9tition.<\/p>\n\n\n\n<p class=\"has-text-align-right\"> <strong><a rel=\"noreferrer noopener\" aria-label=\"Jacky BARTHELEMY, Le Dauphin\u00e9 (s\u2019ouvre dans un nouvel onglet)\" href=\"https:\/\/www.ledauphine.com\/environnement\/2020\/07\/14\/ils-pedalent-pour-changer-la-societe\" target=\"_blank\">Jacky Barthelemy, Le Dauphin\u00e9<\/a><\/strong><\/p>\n","protected":false},"excerpt":{"rendered":"<p>Soixante cyclistes ont fait une halte au ch\u00e2teau du For\u00e9zan, \u00e0 Cognin, pour mettre en avant la transition \u00e9cologique et sociale. n\u00e9 il y a treize ans, ce tour de France itin\u00e9rant \u00e0 v\u00e9lo pour la transition \u00e9cologique et sociale montre une prise de conscience qui n\u2019est pas nouvelle pour &#8230; <\/p>\n<div><a href=\"https:\/\/www.altercampagne.net\/?p=19437\" class=\"more-link\">Read More<\/a><\/div>\n","protected":false},"author":214,"featured_media":19438,"comment_status":"closed","ping_status":"closed","sticky":false,"template":"","format":"standard","meta":{"footnotes":""},"categories":[3471,4313,3967,239],"tags":[4229,4230,4231,4232,4234,4235],"class_list":["post-19437","post","type-post","status-publish","format-standard","has-post-thumbnail","hentry","category-auvergne-rhone-alpes","category-altertour","category-edition-2020","category-revue-de-presse","tag-dauphine","tag-jacky-barthelemy","tag-cognin","tag-roue-libre","tag-ferme-du-forezan","tag-compost-action"],"yoast_head":"<!-- This site is optimized with the Yoast SEO plugin v27.3 - https:\/\/yoast.com\/product\/yoast-seo-wordpress\/ -->\n<title>Ils p\u00e9dalent pour changer la soci\u00e9t\u00e9 \u00e0 Cognin - AlterTour<\/title>\n<meta name=\"robots\" content=\"index, follow, max-snippet:-1, max-image-preview:large, max-video-preview:-1\" \/>\n<link rel=\"canonical\" href=\"https:\/\/www.altercampagne.net\/?p=19437\" \/>\n<meta property=\"og:locale\" content=\"fr_FR\" \/>\n<meta property=\"og:type\" content=\"article\" \/>\n<meta property=\"og:title\" content=\"Ils p\u00e9dalent pour changer la soci\u00e9t\u00e9 \u00e0 Cognin - AlterTour\" \/>\n<meta property=\"og:description\" content=\"Soixante cyclistes ont fait une halte au ch\u00e2teau du For\u00e9zan, \u00e0 Cognin, pour mettre en avant la transition \u00e9cologique et sociale. n\u00e9 il y a treize ans, ce tour de France itin\u00e9rant \u00e0 v\u00e9lo pour la transition \u00e9cologique et sociale montre une prise de conscience qui n\u2019est pas nouvelle pour ... Read More\" \/>\n<meta property=\"og:url\" content=\"https:\/\/www.altercampagne.net\/?p=19437\" \/>\n<meta property=\"og:site_name\" content=\"AlterTour\" \/>\n<meta property=\"article:published_time\" content=\"2020-07-15T10:54:00+00:00\" \/>\n<meta property=\"article:modified_time\" content=\"2021-05-06T08:39:42+00:00\" \/>\n<meta property=\"og:image\" content=\"https:\/\/www.altercampagne.net\/wp-content\/uploads\/2020\/09\/Isabelle_Chapuis-DSC_8692.jpg\" \/>\n\t<meta property=\"og:image:width\" content=\"1200\" \/>\n\t<meta property=\"og:image:height\" content=\"630\" \/>\n\t<meta property=\"og:image:type\" content=\"image\/jpeg\" \/>\n<meta name=\"author\" content=\"Mathieu\" \/>\n<meta name=\"twitter:card\" content=\"summary_large_image\" \/>\n<meta name=\"twitter:label1\" content=\"\u00c9crit par\" \/>\n\t<meta name=\"twitter:data1\" content=\"Mathieu\" \/>\n\t<meta name=\"twitter:label2\" content=\"Dur\u00e9e de lecture estim\u00e9e\" \/>\n\t<meta name=\"twitter:data2\" content=\"1 minute\" \/>\n<script type=\"application\/ld+json\" class=\"yoast-schema-graph\">{\"@context\":\"https:\\\/\\\/schema.org\",\"@graph\":[{\"@type\":\"Article\",\"@id\":\"https:\\\/\\\/www.altercampagne.net\\\/?p=19437#article\",\"isPartOf\":{\"@id\":\"https:\\\/\\\/www.altercampagne.net\\\/?p=19437\"},\"author\":{\"name\":\"Mathieu\",\"@id\":\"https:\\\/\\\/www.altercampagne.net\\\/#\\\/schema\\\/person\\\/0f261460c09e430caa0f9bcffa319109\"},\"headline\":\"Ils p\u00e9dalent pour changer la soci\u00e9t\u00e9 \u00e0 Cognin\",\"datePublished\":\"2020-07-15T10:54:00+00:00\",\"dateModified\":\"2021-05-06T08:39:42+00:00\",\"mainEntityOfPage\":{\"@id\":\"https:\\\/\\\/www.altercampagne.net\\\/?p=19437\"},\"wordCount\":304,\"image\":{\"@id\":\"https:\\\/\\\/www.altercampagne.net\\\/?p=19437#primaryimage\"},\"thumbnailUrl\":\"https:\\\/\\\/www.altercampagne.net\\\/wp-content\\\/uploads\\\/2020\\\/09\\\/Isabelle_Chapuis-DSC_8692.jpg\",\"keywords\":[\"Dauphin\u00e9\",\"Jacky BARTHELEMY\",\"cognin\",\"roue libre\",\"Ferme du For\u00e9zan\",\"Compost Action\"],\"articleSection\":[\"Auvergne-Rh\u00f4ne-Alpes\",\"AlterTour\",\"Edition 2020\",\"Revue de presse\"],\"inLanguage\":\"fr-FR\"},{\"@type\":\"WebPage\",\"@id\":\"https:\\\/\\\/www.altercampagne.net\\\/?p=19437\",\"url\":\"https:\\\/\\\/www.altercampagne.net\\\/?p=19437\",\"name\":\"Ils p\u00e9dalent pour changer la soci\u00e9t\u00e9 \u00e0 Cognin - AlterTour\",\"isPartOf\":{\"@id\":\"https:\\\/\\\/www.altercampagne.net\\\/#website\"},\"primaryImageOfPage\":{\"@id\":\"https:\\\/\\\/www.altercampagne.net\\\/?p=19437#primaryimage\"},\"image\":{\"@id\":\"https:\\\/\\\/www.altercampagne.net\\\/?p=19437#primaryimage\"},\"thumbnailUrl\":\"https:\\\/\\\/www.altercampagne.net\\\/wp-content\\\/uploads\\\/2020\\\/09\\\/Isabelle_Chapuis-DSC_8692.jpg\",\"datePublished\":\"2020-07-15T10:54:00+00:00\",\"dateModified\":\"2021-05-06T08:39:42+00:00\",\"author\":{\"@id\":\"https:\\\/\\\/www.altercampagne.net\\\/#\\\/schema\\\/person\\\/0f261460c09e430caa0f9bcffa319109\"},\"breadcrumb\":{\"@id\":\"https:\\\/\\\/www.altercampagne.net\\\/?p=19437#breadcrumb\"},\"inLanguage\":\"fr-FR\",\"potentialAction\":[{\"@type\":\"ReadAction\",\"target\":[\"https:\\\/\\\/www.altercampagne.net\\\/?p=19437\"]}]},{\"@type\":\"ImageObject\",\"inLanguage\":\"fr-FR\",\"@id\":\"https:\\\/\\\/www.altercampagne.net\\\/?p=19437#primaryimage\",\"url\":\"https:\\\/\\\/www.altercampagne.net\\\/wp-content\\\/uploads\\\/2020\\\/09\\\/Isabelle_Chapuis-DSC_8692.jpg\",\"contentUrl\":\"https:\\\/\\\/www.altercampagne.net\\\/wp-content\\\/uploads\\\/2020\\\/09\\\/Isabelle_Chapuis-DSC_8692.jpg\",\"width\":1200,\"height\":630},{\"@type\":\"BreadcrumbList\",\"@id\":\"https:\\\/\\\/www.altercampagne.net\\\/?p=19437#breadcrumb\",\"itemListElement\":[{\"@type\":\"ListItem\",\"position\":1,\"name\":\"Accueil\",\"item\":\"https:\\\/\\\/www.altercampagne.net\\\/\"},{\"@type\":\"ListItem\",\"position\":2,\"name\":\"Ils p\u00e9dalent pour changer la soci\u00e9t\u00e9 \u00e0 Cognin\"}]},{\"@type\":\"WebSite\",\"@id\":\"https:\\\/\\\/www.altercampagne.net\\\/#website\",\"url\":\"https:\\\/\\\/www.altercampagne.net\\\/\",\"name\":\"AlterTour\",\"description\":\"Reliez les Alternatives \u00e0 v\u00e9lo\",\"potentialAction\":[{\"@type\":\"SearchAction\",\"target\":{\"@type\":\"EntryPoint\",\"urlTemplate\":\"https:\\\/\\\/www.altercampagne.net\\\/?s={search_term_string}\"},\"query-input\":{\"@type\":\"PropertyValueSpecification\",\"valueRequired\":true,\"valueName\":\"search_term_string\"}}],\"inLanguage\":\"fr-FR\"},{\"@type\":\"Person\",\"@id\":\"https:\\\/\\\/www.altercampagne.net\\\/#\\\/schema\\\/person\\\/0f261460c09e430caa0f9bcffa319109\",\"name\":\"Mathieu\",\"image\":{\"@type\":\"ImageObject\",\"inLanguage\":\"fr-FR\",\"@id\":\"https:\\\/\\\/secure.gravatar.com\\\/avatar\\\/aa9d3d24c83f2141e5e2709d0f63d09a99f6be6bb7a50abc4915838d9f54501a?s=96&d=mm&r=g\",\"url\":\"https:\\\/\\\/secure.gravatar.com\\\/avatar\\\/aa9d3d24c83f2141e5e2709d0f63d09a99f6be6bb7a50abc4915838d9f54501a?s=96&d=mm&r=g\",\"contentUrl\":\"https:\\\/\\\/secure.gravatar.com\\\/avatar\\\/aa9d3d24c83f2141e5e2709d0f63d09a99f6be6bb7a50abc4915838d9f54501a?s=96&d=mm&r=g\",\"caption\":\"Mathieu\"},\"url\":\"https:\\\/\\\/www.altercampagne.net\\\/?author=214\"}]}<\/script>\n<!-- \/ Yoast SEO plugin. -->","yoast_head_json":{"title":"Ils p\u00e9dalent pour changer la soci\u00e9t\u00e9 \u00e0 Cognin - AlterTour","robots":{"index":"index","follow":"follow","max-snippet":"max-snippet:-1","max-image-preview":"max-image-preview:large","max-video-preview":"max-video-preview:-1"},"canonical":"https:\/\/www.altercampagne.net\/?p=19437","og_locale":"fr_FR","og_type":"article","og_title":"Ils p\u00e9dalent pour changer la soci\u00e9t\u00e9 \u00e0 Cognin - AlterTour","og_description":"Soixante cyclistes ont fait une halte au ch\u00e2teau du For\u00e9zan, \u00e0 Cognin, pour mettre en avant la transition \u00e9cologique et sociale. n\u00e9 il y a treize ans, ce tour de France itin\u00e9rant \u00e0 v\u00e9lo pour la transition \u00e9cologique et sociale montre une prise de conscience qui n\u2019est pas nouvelle pour ... Read More","og_url":"https:\/\/www.altercampagne.net\/?p=19437","og_site_name":"AlterTour","article_published_time":"2020-07-15T10:54:00+00:00","article_modified_time":"2021-05-06T08:39:42+00:00","og_image":[{"width":1200,"height":630,"url":"https:\/\/www.altercampagne.net\/wp-content\/uploads\/2020\/09\/Isabelle_Chapuis-DSC_8692.jpg","type":"image\/jpeg"}],"author":"Mathieu","twitter_card":"summary_large_image","twitter_misc":{"\u00c9crit par":"Mathieu","Dur\u00e9e de lecture estim\u00e9e":"1 minute"},"schema":{"@context":"https:\/\/schema.org","@graph":[{"@type":"Article","@id":"https:\/\/www.altercampagne.net\/?p=19437#article","isPartOf":{"@id":"https:\/\/www.altercampagne.net\/?p=19437"},"author":{"name":"Mathieu","@id":"https:\/\/www.altercampagne.net\/#\/schema\/person\/0f261460c09e430caa0f9bcffa319109"},"headline":"Ils p\u00e9dalent pour changer la soci\u00e9t\u00e9 \u00e0 Cognin","datePublished":"2020-07-15T10:54:00+00:00","dateModified":"2021-05-06T08:39:42+00:00","mainEntityOfPage":{"@id":"https:\/\/www.altercampagne.net\/?p=19437"},"wordCount":304,"image":{"@id":"https:\/\/www.altercampagne.net\/?p=19437#primaryimage"},"thumbnailUrl":"https:\/\/www.altercampagne.net\/wp-content\/uploads\/2020\/09\/Isabelle_Chapuis-DSC_8692.jpg","keywords":["Dauphin\u00e9","Jacky BARTHELEMY","cognin","roue libre","Ferme du For\u00e9zan","Compost Action"],"articleSection":["Auvergne-Rh\u00f4ne-Alpes","AlterTour","Edition 2020","Revue de presse"],"inLanguage":"fr-FR"},{"@type":"WebPage","@id":"https:\/\/www.altercampagne.net\/?p=19437","url":"https:\/\/www.altercampagne.net\/?p=19437","name":"Ils p\u00e9dalent pour changer la soci\u00e9t\u00e9 \u00e0 Cognin - AlterTour","isPartOf":{"@id":"https:\/\/www.altercampagne.net\/#website"},"primaryImageOfPage":{"@id":"https:\/\/www.altercampagne.net\/?p=19437#primaryimage"},"image":{"@id":"https:\/\/www.altercampagne.net\/?p=19437#primaryimage"},"thumbnailUrl":"https:\/\/www.altercampagne.net\/wp-content\/uploads\/2020\/09\/Isabelle_Chapuis-DSC_8692.jpg","datePublished":"2020-07-15T10:54:00+00:00","dateModified":"2021-05-06T08:39:42+00:00","author":{"@id":"https:\/\/www.altercampagne.net\/#\/schema\/person\/0f261460c09e430caa0f9bcffa319109"},"breadcrumb":{"@id":"https:\/\/www.altercampagne.net\/?p=19437#breadcrumb"},"inLanguage":"fr-FR","potentialAction":[{"@type":"ReadAction","target":["https:\/\/www.altercampagne.net\/?p=19437"]}]},{"@type":"ImageObject","inLanguage":"fr-FR","@id":"https:\/\/www.altercampagne.net\/?p=19437#primaryimage","url":"https:\/\/www.altercampagne.net\/wp-content\/uploads\/2020\/09\/Isabelle_Chapuis-DSC_8692.jpg","contentUrl":"https:\/\/www.altercampagne.net\/wp-content\/uploads\/2020\/09\/Isabelle_Chapuis-DSC_8692.jpg","width":1200,"height":630},{"@type":"BreadcrumbList","@id":"https:\/\/www.altercampagne.net\/?p=19437#breadcrumb","itemListElement":[{"@type":"ListItem","position":1,"name":"Accueil","item":"https:\/\/www.altercampagne.net\/"},{"@type":"ListItem","position":2,"name":"Ils p\u00e9dalent pour changer la soci\u00e9t\u00e9 \u00e0 Cognin"}]},{"@type":"WebSite","@id":"https:\/\/www.altercampagne.net\/#website","url":"https:\/\/www.altercampagne.net\/","name":"AlterTour","description":"Reliez les Alternatives \u00e0 v\u00e9lo","potentialAction":[{"@type":"SearchAction","target":{"@type":"EntryPoint","urlTemplate":"https:\/\/www.altercampagne.net\/?s={search_term_string}"},"query-input":{"@type":"PropertyValueSpecification","valueRequired":true,"valueName":"search_term_string"}}],"inLanguage":"fr-FR"},{"@type":"Person","@id":"https:\/\/www.altercampagne.net\/#\/schema\/person\/0f261460c09e430caa0f9bcffa319109","name":"Mathieu","image":{"@type":"ImageObject","inLanguage":"fr-FR","@id":"https:\/\/secure.gravatar.com\/avatar\/aa9d3d24c83f2141e5e2709d0f63d09a99f6be6bb7a50abc4915838d9f54501a?s=96&d=mm&r=g","url":"https:\/\/secure.gravatar.com\/avatar\/aa9d3d24c83f2141e5e2709d0f63d09a99f6be6bb7a50abc4915838d9f54501a?s=96&d=mm&r=g","contentUrl":"https:\/\/secure.gravatar.com\/avatar\/aa9d3d24c83f2141e5e2709d0f63d09a99f6be6bb7a50abc4915838d9f54501a?s=96&d=mm&r=g","caption":"Mathieu"},"url":"https:\/\/www.altercampagne.net\/?author=214"}]}},"_links":{"self":[{"href":"https:\/\/www.altercampagne.net\/index.php?rest_route=\/wp\/v2\/posts\/19437","targetHints":{"allow":["GET"]}}],"collection":[{"href":"https:\/\/www.altercampagne.net\/index.php?rest_route=\/wp\/v2\/posts"}],"about":[{"href":"https:\/\/www.altercampagne.net\/index.php?rest_route=\/wp\/v2\/types\/post"}],"author":[{"embeddable":true,"href":"https:\/\/www.altercampagne.net\/index.php?rest_route=\/wp\/v2\/users\/214"}],"replies":[{"embeddable":true,"href":"https:\/\/www.altercampagne.net\/index.php?rest_route=%2Fwp%2Fv2%2Fcomments&post=19437"}],"version-history":[{"count":1,"href":"https:\/\/www.altercampagne.net\/index.php?rest_route=\/wp\/v2\/posts\/19437\/revisions"}],"predecessor-version":[{"id":19439,"href":"https:\/\/www.altercampagne.net\/index.php?rest_route=\/wp\/v2\/posts\/19437\/revisions\/19439"}],"wp:featuredmedia":[{"embeddable":true,"href":"https:\/\/www.altercampagne.net\/index.php?rest_route=\/wp\/v2\/media\/19438"}],"wp:attachment":[{"href":"https:\/\/www.altercampagne.net\/index.php?rest_route=%2Fwp%2Fv2%2Fmedia&parent=19437"}],"wp:term":[{"taxonomy":"category","embeddable":true,"href":"https:\/\/www.altercampagne.net\/index.php?rest_route=%2Fwp%2Fv2%2Fcategories&post=19437"},{"taxonomy":"post_tag","embeddable":true,"href":"https:\/\/www.altercampagne.net\/index.php?rest_route=%2Fwp%2Fv2%2Ftags&post=19437"}],"curies":[{"name":"wp","href":"https:\/\/api.w.org\/{rel}","templated":true}]}}