{"id":19440,"date":"2020-08-17T11:16:00","date_gmt":"2020-08-17T09:16:00","guid":{"rendered":"http:\/\/www.altercampagne.net\/?p=19440"},"modified":"2021-05-06T10:36:55","modified_gmt":"2021-05-06T08:36:55","slug":"video-en-savoie-ces-dix-familles-vivent-en-habitat-partage-dans-un-chateau","status":"publish","type":"post","link":"https:\/\/www.altercampagne.net\/?p=19440","title":{"rendered":"VID\u00c9O. En Savoie, ces dix familles vivent en habitat partag\u00e9&#8230; dans un ch\u00e2teau"},"content":{"rendered":"\n<p> Vivre dans un ch\u00e2teau face aux montagnes, \u00e7a fait r\u00eaver non ? C&rsquo;est ce qu&rsquo;on fait dix familles en posant leurs valises au Ch\u00e2teau Partag\u00e9. <\/p>\n\n\n\n<p> <strong>Le Ch\u00e2teau Partag\u00e9, c\u2019est une magnifique demeure du dix-huiti\u00e8me si\u00e8cle, en Savoie, qui a \u00e9t\u00e9 investie par dix adultes, huit enfants, des poules, des brebis, des ch\u00e8vres, un bouc, un b\u00e9lier, et deux juments !<\/strong> <\/p>\n\n\n\n<p>Dans cette ancienne maison de ma\u00eetre face au massif de la Chartreuse en Savoie, chaque foyer a son appartement, et tous partagent buanderie,  biblioth\u00e8que, jardin, et surtout leurs joies, leurs peines et leurs passions.<\/p>\n\n\n\n<p>La vie collective s\u2019organise avec la sociocratie et la communication non violente. Des outils-clef pour ces dix familles qui viennent de diff\u00e9rents horizons g\u00e9ographiques et ne se connaissaient pas avant d\u2019investir le Ch\u00e2teau.<\/p>\n\n\n\n<p>Et les habitants ne se sont pas arr\u00eat\u00e9s \u00e0 une cohabitation ! Ils ont d\u00e9velopp\u00e9 sur le lieu des activit\u00e9s professionnelles comme du mara\u00eechage biologique en traction animale, une boulangerie, de l\u2019accueil paysan et r\u00eavent maintenant d\u2019ouvrir une \u00e9cole d\u00e9mocratique. Regardez :<\/p>\n\n\n\n<p><iframe loading=\"lazy\" src=\"https:\/\/www.youtube.com\/embed\/wG37XPbYoUo\" allow=\"accelerometer; autoplay; clipboard-write; encrypted-media; gyroscope; picture-in-picture\" allowfullscreen=\"\" width=\"560\" height=\"315\" frameborder=\"0\"><\/iframe><\/p>\n\n\n\n<p>Le Ch\u00e2teau Partag\u00e9 est un bel exemple pour toutes celles et ceux qui r\u00eavent d\u2019alternatives de vie. Alors explorez cette oasis du r\u00e9seau  colibris dans ce reportage r\u00e9alis\u00e9 lors de <a rel=\"noreferrer noopener\" href=\"https:\/\/positivr.fr\/video-altertour-un-tour-a-velo-participatif-pour-decouvrir-les-alternatives-a-travers-la-france\/\" target=\"_blank\">l\u2019AlterTour<\/a> qui sillonnait \u00e0 v\u00e9lo les routes des Alpes \u00e0 l\u2019\u00e9t\u00e9 2020.<\/p>\n\n\n\n<p><em>Pour d\u00e9couvrir d\u2019autres initiatives citoyennes pour la transition \u00e9cologique, sociale et d\u00e9mocratique, allez voir les reportages du Pays  des Alternatives sur <a rel=\"noreferrer noopener\" href=\"https:\/\/www.instagram.com\/paysdesalternatives\/\" target=\"_blank\">Instagram<\/a>, <a rel=\"noreferrer noopener\" href=\"https:\/\/www.youtube.com\/channel\/UCHYmfuCA-8A2GQ9rguicKRQ\" target=\"_blank\">YouTube<\/a> et <a rel=\"noreferrer noopener\" href=\"https:\/\/www.facebook.com\/PaysDesAlternatives\/\" target=\"_blank\">Facebook<\/a>. Pour que ces reportages continuent, soutenez-les sur <a rel=\"noreferrer noopener\" href=\"https:\/\/fr.tipeee.com\/aupaysdesalternatives\" target=\"_blank\">Tipeee<\/a> !<\/em><\/p>\n\n\n\n<p class=\"has-text-align-right\"><strong><a href=\"https:\/\/positivr.fr\/video-en-savoie-ces-dix-familles-ont-decide-dacheter-un-chateau-pour-vivre-en-habitat-collectif\/\" target=\"_blank\" rel=\"noreferrer noopener\" aria-label=\"Victoria (s\u2019ouvre dans un nouvel onglet)\">Victoria<\/a><\/strong><\/p>\n","protected":false},"excerpt":{"rendered":"<p>Vivre dans un ch\u00e2teau face aux montagnes, \u00e7a fait r\u00eaver non ? C&rsquo;est ce qu&rsquo;on fait dix familles en posant leurs valises au Ch\u00e2teau Partag\u00e9. Le Ch\u00e2teau Partag\u00e9, c\u2019est une magnifique demeure du dix-huiti\u00e8me si\u00e8cle, en Savoie, qui a \u00e9t\u00e9 investie par dix adultes, huit enfants, des poules, des brebis, &#8230; <\/p>\n<div><a href=\"https:\/\/www.altercampagne.net\/?p=19440\" class=\"more-link\">Read More<\/a><\/div>\n","protected":false},"author":324,"featured_media":19443,"comment_status":"closed","ping_status":"closed","sticky":false,"template":"","format":"standard","meta":{"footnotes":""},"categories":[3471,4313,3967,239,3485],"tags":[818,3114,4176,4182,4237,4238,4239],"class_list":["post-19440","post","type-post","status-publish","format-standard","has-post-thumbnail","hentry","category-auvergne-rhone-alpes","category-altertour","category-edition-2020","category-revue-de-presse","category-habitat","tag-savoie","tag-mr-mondialisation","tag-dullin","tag-chateau-partage","tag-victoria-berni","tag-au-pays-des-alternatives","tag-chartreuse"],"yoast_head":"<!-- This site is optimized with the Yoast SEO plugin v27.3 - https:\/\/yoast.com\/product\/yoast-seo-wordpress\/ -->\n<title>VID\u00c9O. En Savoie, ces dix familles vivent en habitat partag\u00e9... dans un ch\u00e2teau - AlterTour<\/title>\n<meta name=\"robots\" content=\"index, follow, max-snippet:-1, max-image-preview:large, max-video-preview:-1\" \/>\n<link rel=\"canonical\" href=\"https:\/\/www.altercampagne.net\/?p=19440\" \/>\n<meta property=\"og:locale\" content=\"fr_FR\" \/>\n<meta property=\"og:type\" content=\"article\" \/>\n<meta property=\"og:title\" content=\"VID\u00c9O. En Savoie, ces dix familles vivent en habitat partag\u00e9... dans un ch\u00e2teau - AlterTour\" \/>\n<meta property=\"og:description\" content=\"Vivre dans un ch\u00e2teau face aux montagnes, \u00e7a fait r\u00eaver non ? C&rsquo;est ce qu&rsquo;on fait dix familles en posant leurs valises au Ch\u00e2teau Partag\u00e9. Le Ch\u00e2teau Partag\u00e9, c\u2019est une magnifique demeure du dix-huiti\u00e8me si\u00e8cle, en Savoie, qui a \u00e9t\u00e9 investie par dix adultes, huit enfants, des poules, des brebis, ... Read More\" \/>\n<meta property=\"og:url\" content=\"https:\/\/www.altercampagne.net\/?p=19440\" \/>\n<meta property=\"og:site_name\" content=\"AlterTour\" \/>\n<meta property=\"article:published_time\" content=\"2020-08-17T09:16:00+00:00\" \/>\n<meta property=\"article:modified_time\" content=\"2021-05-06T08:36:55+00:00\" \/>\n<meta property=\"og:image\" content=\"https:\/\/www.altercampagne.net\/wp-content\/uploads\/2020\/09\/unnamed-file-12-696x392-1.jpg\" \/>\n\t<meta property=\"og:image:width\" content=\"1200\" \/>\n\t<meta property=\"og:image:height\" content=\"630\" \/>\n\t<meta property=\"og:image:type\" content=\"image\/jpeg\" \/>\n<meta name=\"author\" content=\"Victoria\" \/>\n<meta name=\"twitter:card\" content=\"summary_large_image\" \/>\n<meta name=\"twitter:label1\" content=\"\u00c9crit par\" \/>\n\t<meta name=\"twitter:data1\" content=\"Victoria\" \/>\n\t<meta name=\"twitter:label2\" content=\"Dur\u00e9e de lecture estim\u00e9e\" \/>\n\t<meta name=\"twitter:data2\" content=\"1 minute\" \/>\n<script type=\"application\/ld+json\" class=\"yoast-schema-graph\">{\"@context\":\"https:\\\/\\\/schema.org\",\"@graph\":[{\"@type\":\"Article\",\"@id\":\"https:\\\/\\\/www.altercampagne.net\\\/?p=19440#article\",\"isPartOf\":{\"@id\":\"https:\\\/\\\/www.altercampagne.net\\\/?p=19440\"},\"author\":{\"name\":\"Victoria\",\"@id\":\"https:\\\/\\\/www.altercampagne.net\\\/#\\\/schema\\\/person\\\/63f42535b8d137de766a75d1de28edb6\"},\"headline\":\"VID\u00c9O. En Savoie, ces dix familles vivent en habitat partag\u00e9&#8230; dans un ch\u00e2teau\",\"datePublished\":\"2020-08-17T09:16:00+00:00\",\"dateModified\":\"2021-05-06T08:36:55+00:00\",\"mainEntityOfPage\":{\"@id\":\"https:\\\/\\\/www.altercampagne.net\\\/?p=19440\"},\"wordCount\":290,\"image\":{\"@id\":\"https:\\\/\\\/www.altercampagne.net\\\/?p=19440#primaryimage\"},\"thumbnailUrl\":\"https:\\\/\\\/www.altercampagne.net\\\/wp-content\\\/uploads\\\/2020\\\/09\\\/unnamed-file-12-696x392-1.jpg\",\"keywords\":[\"Savoie\",\"Mr Mondialisation\",\"Dullin\",\"Ch\u00e2teau partag\u00e9\",\"Victoria Berni\",\"Au pays des Alternatives\",\"chartreuse\"],\"articleSection\":[\"Auvergne-Rh\u00f4ne-Alpes\",\"AlterTour\",\"Edition 2020\",\"Revue de presse\",\"Habitat\"],\"inLanguage\":\"fr-FR\"},{\"@type\":\"WebPage\",\"@id\":\"https:\\\/\\\/www.altercampagne.net\\\/?p=19440\",\"url\":\"https:\\\/\\\/www.altercampagne.net\\\/?p=19440\",\"name\":\"VID\u00c9O. En Savoie, ces dix familles vivent en habitat partag\u00e9... dans un ch\u00e2teau - AlterTour\",\"isPartOf\":{\"@id\":\"https:\\\/\\\/www.altercampagne.net\\\/#website\"},\"primaryImageOfPage\":{\"@id\":\"https:\\\/\\\/www.altercampagne.net\\\/?p=19440#primaryimage\"},\"image\":{\"@id\":\"https:\\\/\\\/www.altercampagne.net\\\/?p=19440#primaryimage\"},\"thumbnailUrl\":\"https:\\\/\\\/www.altercampagne.net\\\/wp-content\\\/uploads\\\/2020\\\/09\\\/unnamed-file-12-696x392-1.jpg\",\"datePublished\":\"2020-08-17T09:16:00+00:00\",\"dateModified\":\"2021-05-06T08:36:55+00:00\",\"author\":{\"@id\":\"https:\\\/\\\/www.altercampagne.net\\\/#\\\/schema\\\/person\\\/63f42535b8d137de766a75d1de28edb6\"},\"breadcrumb\":{\"@id\":\"https:\\\/\\\/www.altercampagne.net\\\/?p=19440#breadcrumb\"},\"inLanguage\":\"fr-FR\",\"potentialAction\":[{\"@type\":\"ReadAction\",\"target\":[\"https:\\\/\\\/www.altercampagne.net\\\/?p=19440\"]}]},{\"@type\":\"ImageObject\",\"inLanguage\":\"fr-FR\",\"@id\":\"https:\\\/\\\/www.altercampagne.net\\\/?p=19440#primaryimage\",\"url\":\"https:\\\/\\\/www.altercampagne.net\\\/wp-content\\\/uploads\\\/2020\\\/09\\\/unnamed-file-12-696x392-1.jpg\",\"contentUrl\":\"https:\\\/\\\/www.altercampagne.net\\\/wp-content\\\/uploads\\\/2020\\\/09\\\/unnamed-file-12-696x392-1.jpg\",\"width\":1200,\"height\":630},{\"@type\":\"BreadcrumbList\",\"@id\":\"https:\\\/\\\/www.altercampagne.net\\\/?p=19440#breadcrumb\",\"itemListElement\":[{\"@type\":\"ListItem\",\"position\":1,\"name\":\"Accueil\",\"item\":\"https:\\\/\\\/www.altercampagne.net\\\/\"},{\"@type\":\"ListItem\",\"position\":2,\"name\":\"VID\u00c9O. En Savoie, ces dix familles vivent en habitat partag\u00e9&#8230; dans un ch\u00e2teau\"}]},{\"@type\":\"WebSite\",\"@id\":\"https:\\\/\\\/www.altercampagne.net\\\/#website\",\"url\":\"https:\\\/\\\/www.altercampagne.net\\\/\",\"name\":\"AlterTour\",\"description\":\"Reliez les Alternatives \u00e0 v\u00e9lo\",\"potentialAction\":[{\"@type\":\"SearchAction\",\"target\":{\"@type\":\"EntryPoint\",\"urlTemplate\":\"https:\\\/\\\/www.altercampagne.net\\\/?s={search_term_string}\"},\"query-input\":{\"@type\":\"PropertyValueSpecification\",\"valueRequired\":true,\"valueName\":\"search_term_string\"}}],\"inLanguage\":\"fr-FR\"},{\"@type\":\"Person\",\"@id\":\"https:\\\/\\\/www.altercampagne.net\\\/#\\\/schema\\\/person\\\/63f42535b8d137de766a75d1de28edb6\",\"name\":\"Victoria\",\"image\":{\"@type\":\"ImageObject\",\"inLanguage\":\"fr-FR\",\"@id\":\"https:\\\/\\\/secure.gravatar.com\\\/avatar\\\/b290d69f8ac2c70c2fe78987d48a2f7f78d29846548f68150e72e9fe2beae3ad?s=96&d=mm&r=g\",\"url\":\"https:\\\/\\\/secure.gravatar.com\\\/avatar\\\/b290d69f8ac2c70c2fe78987d48a2f7f78d29846548f68150e72e9fe2beae3ad?s=96&d=mm&r=g\",\"contentUrl\":\"https:\\\/\\\/secure.gravatar.com\\\/avatar\\\/b290d69f8ac2c70c2fe78987d48a2f7f78d29846548f68150e72e9fe2beae3ad?s=96&d=mm&r=g\",\"caption\":\"Victoria\"},\"url\":\"https:\\\/\\\/www.altercampagne.net\\\/?author=324\"}]}<\/script>\n<!-- \/ Yoast SEO plugin. -->","yoast_head_json":{"title":"VID\u00c9O. En Savoie, ces dix familles vivent en habitat partag\u00e9... dans un ch\u00e2teau - AlterTour","robots":{"index":"index","follow":"follow","max-snippet":"max-snippet:-1","max-image-preview":"max-image-preview:large","max-video-preview":"max-video-preview:-1"},"canonical":"https:\/\/www.altercampagne.net\/?p=19440","og_locale":"fr_FR","og_type":"article","og_title":"VID\u00c9O. En Savoie, ces dix familles vivent en habitat partag\u00e9... dans un ch\u00e2teau - AlterTour","og_description":"Vivre dans un ch\u00e2teau face aux montagnes, \u00e7a fait r\u00eaver non ? C&rsquo;est ce qu&rsquo;on fait dix familles en posant leurs valises au Ch\u00e2teau Partag\u00e9. Le Ch\u00e2teau Partag\u00e9, c\u2019est une magnifique demeure du dix-huiti\u00e8me si\u00e8cle, en Savoie, qui a \u00e9t\u00e9 investie par dix adultes, huit enfants, des poules, des brebis, ... Read More","og_url":"https:\/\/www.altercampagne.net\/?p=19440","og_site_name":"AlterTour","article_published_time":"2020-08-17T09:16:00+00:00","article_modified_time":"2021-05-06T08:36:55+00:00","og_image":[{"width":1200,"height":630,"url":"https:\/\/www.altercampagne.net\/wp-content\/uploads\/2020\/09\/unnamed-file-12-696x392-1.jpg","type":"image\/jpeg"}],"author":"Victoria","twitter_card":"summary_large_image","twitter_misc":{"\u00c9crit par":"Victoria","Dur\u00e9e de lecture estim\u00e9e":"1 minute"},"schema":{"@context":"https:\/\/schema.org","@graph":[{"@type":"Article","@id":"https:\/\/www.altercampagne.net\/?p=19440#article","isPartOf":{"@id":"https:\/\/www.altercampagne.net\/?p=19440"},"author":{"name":"Victoria","@id":"https:\/\/www.altercampagne.net\/#\/schema\/person\/63f42535b8d137de766a75d1de28edb6"},"headline":"VID\u00c9O. En Savoie, ces dix familles vivent en habitat partag\u00e9&#8230; dans un ch\u00e2teau","datePublished":"2020-08-17T09:16:00+00:00","dateModified":"2021-05-06T08:36:55+00:00","mainEntityOfPage":{"@id":"https:\/\/www.altercampagne.net\/?p=19440"},"wordCount":290,"image":{"@id":"https:\/\/www.altercampagne.net\/?p=19440#primaryimage"},"thumbnailUrl":"https:\/\/www.altercampagne.net\/wp-content\/uploads\/2020\/09\/unnamed-file-12-696x392-1.jpg","keywords":["Savoie","Mr Mondialisation","Dullin","Ch\u00e2teau partag\u00e9","Victoria Berni","Au pays des Alternatives","chartreuse"],"articleSection":["Auvergne-Rh\u00f4ne-Alpes","AlterTour","Edition 2020","Revue de presse","Habitat"],"inLanguage":"fr-FR"},{"@type":"WebPage","@id":"https:\/\/www.altercampagne.net\/?p=19440","url":"https:\/\/www.altercampagne.net\/?p=19440","name":"VID\u00c9O. En Savoie, ces dix familles vivent en habitat partag\u00e9... dans un ch\u00e2teau - AlterTour","isPartOf":{"@id":"https:\/\/www.altercampagne.net\/#website"},"primaryImageOfPage":{"@id":"https:\/\/www.altercampagne.net\/?p=19440#primaryimage"},"image":{"@id":"https:\/\/www.altercampagne.net\/?p=19440#primaryimage"},"thumbnailUrl":"https:\/\/www.altercampagne.net\/wp-content\/uploads\/2020\/09\/unnamed-file-12-696x392-1.jpg","datePublished":"2020-08-17T09:16:00+00:00","dateModified":"2021-05-06T08:36:55+00:00","author":{"@id":"https:\/\/www.altercampagne.net\/#\/schema\/person\/63f42535b8d137de766a75d1de28edb6"},"breadcrumb":{"@id":"https:\/\/www.altercampagne.net\/?p=19440#breadcrumb"},"inLanguage":"fr-FR","potentialAction":[{"@type":"ReadAction","target":["https:\/\/www.altercampagne.net\/?p=19440"]}]},{"@type":"ImageObject","inLanguage":"fr-FR","@id":"https:\/\/www.altercampagne.net\/?p=19440#primaryimage","url":"https:\/\/www.altercampagne.net\/wp-content\/uploads\/2020\/09\/unnamed-file-12-696x392-1.jpg","contentUrl":"https:\/\/www.altercampagne.net\/wp-content\/uploads\/2020\/09\/unnamed-file-12-696x392-1.jpg","width":1200,"height":630},{"@type":"BreadcrumbList","@id":"https:\/\/www.altercampagne.net\/?p=19440#breadcrumb","itemListElement":[{"@type":"ListItem","position":1,"name":"Accueil","item":"https:\/\/www.altercampagne.net\/"},{"@type":"ListItem","position":2,"name":"VID\u00c9O. En Savoie, ces dix familles vivent en habitat partag\u00e9&#8230; dans un ch\u00e2teau"}]},{"@type":"WebSite","@id":"https:\/\/www.altercampagne.net\/#website","url":"https:\/\/www.altercampagne.net\/","name":"AlterTour","description":"Reliez les Alternatives \u00e0 v\u00e9lo","potentialAction":[{"@type":"SearchAction","target":{"@type":"EntryPoint","urlTemplate":"https:\/\/www.altercampagne.net\/?s={search_term_string}"},"query-input":{"@type":"PropertyValueSpecification","valueRequired":true,"valueName":"search_term_string"}}],"inLanguage":"fr-FR"},{"@type":"Person","@id":"https:\/\/www.altercampagne.net\/#\/schema\/person\/63f42535b8d137de766a75d1de28edb6","name":"Victoria","image":{"@type":"ImageObject","inLanguage":"fr-FR","@id":"https:\/\/secure.gravatar.com\/avatar\/b290d69f8ac2c70c2fe78987d48a2f7f78d29846548f68150e72e9fe2beae3ad?s=96&d=mm&r=g","url":"https:\/\/secure.gravatar.com\/avatar\/b290d69f8ac2c70c2fe78987d48a2f7f78d29846548f68150e72e9fe2beae3ad?s=96&d=mm&r=g","contentUrl":"https:\/\/secure.gravatar.com\/avatar\/b290d69f8ac2c70c2fe78987d48a2f7f78d29846548f68150e72e9fe2beae3ad?s=96&d=mm&r=g","caption":"Victoria"},"url":"https:\/\/www.altercampagne.net\/?author=324"}]}},"_links":{"self":[{"href":"https:\/\/www.altercampagne.net\/index.php?rest_route=\/wp\/v2\/posts\/19440","targetHints":{"allow":["GET"]}}],"collection":[{"href":"https:\/\/www.altercampagne.net\/index.php?rest_route=\/wp\/v2\/posts"}],"about":[{"href":"https:\/\/www.altercampagne.net\/index.php?rest_route=\/wp\/v2\/types\/post"}],"author":[{"embeddable":true,"href":"https:\/\/www.altercampagne.net\/index.php?rest_route=\/wp\/v2\/users\/324"}],"replies":[{"embeddable":true,"href":"https:\/\/www.altercampagne.net\/index.php?rest_route=%2Fwp%2Fv2%2Fcomments&post=19440"}],"version-history":[{"count":1,"href":"https:\/\/www.altercampagne.net\/index.php?rest_route=\/wp\/v2\/posts\/19440\/revisions"}],"predecessor-version":[{"id":19441,"href":"https:\/\/www.altercampagne.net\/index.php?rest_route=\/wp\/v2\/posts\/19440\/revisions\/19441"}],"wp:featuredmedia":[{"embeddable":true,"href":"https:\/\/www.altercampagne.net\/index.php?rest_route=\/wp\/v2\/media\/19443"}],"wp:attachment":[{"href":"https:\/\/www.altercampagne.net\/index.php?rest_route=%2Fwp%2Fv2%2Fmedia&parent=19440"}],"wp:term":[{"taxonomy":"category","embeddable":true,"href":"https:\/\/www.altercampagne.net\/index.php?rest_route=%2Fwp%2Fv2%2Fcategories&post=19440"},{"taxonomy":"post_tag","embeddable":true,"href":"https:\/\/www.altercampagne.net\/index.php?rest_route=%2Fwp%2Fv2%2Ftags&post=19440"}],"curies":[{"name":"wp","href":"https:\/\/api.w.org\/{rel}","templated":true}]}}