{"id":19452,"date":"2020-06-04T14:15:00","date_gmt":"2020-06-04T12:15:00","guid":{"rendered":"http:\/\/www.altercampagne.net\/?p=19452"},"modified":"2020-09-25T16:19:56","modified_gmt":"2020-09-25T14:19:56","slug":"portrait-du-pays-des-alternatives-sur-france-2","status":"publish","type":"post","link":"https:\/\/www.altercampagne.net\/?p=19452","title":{"rendered":"Portrait du Pays des Alternatives sur France 2"},"content":{"rendered":"\n<p><a href=\"https:\/\/www.facebook.com\/france2\/?__cft__[0]=AZVd1HMAIDKxItz5en97ZEd6UDANSb_g4Zs0RDNnthv1uSzE43G-OVXSI5j2F0mNy_S38m_l0Xd7tPCIoIvs6Xv6kGEA_kNIrBqFZ09jyf1ObrpPS7MR8x8Ko8GcKdpqjc7-dkNJDJ_LWWt5jvx849YERE-znW1CBTSPILOi2T_WsFHVVgbNY7RaEgL1fCXvGXgodtEDt4zstyqof2PJ6wm-&amp;__tn__=kK-R\" target=\"_blank\" rel=\"noreferrer noopener\" aria-label=\" (s\u2019ouvre dans un nouvel onglet)\">France 2<\/a> a fait un tour au Pays des Alternatives, j&rsquo;y parle de l&rsquo;<a href=\"https:\/\/www.facebook.com\/AlterTour\/?__cft__[0]=AZVd1HMAIDKxItz5en97ZEd6UDANSb_g4Zs0RDNnthv1uSzE43G-OVXSI5j2F0mNy_S38m_l0Xd7tPCIoIvs6Xv6kGEA_kNIrBqFZ09jyf1ObrpPS7MR8x8Ko8GcKdpqjc7-dkNJDJ_LWWt5jvx849YERE-znW1CBTSPILOi2T_WsFHVVgbNY7RaEgL1fCXvGXgodtEDt4zstyqof2PJ6wm-&amp;__tn__=kK-R\">AlterTour<\/a>, des yourtes de <a href=\"https:\/\/www.facebook.com\/la.frenaie\/?__cft__[0]=AZVd1HMAIDKxItz5en97ZEd6UDANSb_g4Zs0RDNnthv1uSzE43G-OVXSI5j2F0mNy_S38m_l0Xd7tPCIoIvs6Xv6kGEA_kNIrBqFZ09jyf1ObrpPS7MR8x8Ko8GcKdpqjc7-dkNJDJ_LWWt5jvx849YERE-znW1CBTSPILOi2T_WsFHVVgbNY7RaEgL1fCXvGXgodtEDt4zstyqof2PJ6wm-&amp;__tn__=kK-R\" target=\"_blank\" rel=\"noreferrer noopener\" aria-label=\" (s\u2019ouvre dans un nouvel onglet)\">La Frenaie<\/a>, des Low-Tech avec <a href=\"https:\/\/www.facebook.com\/IngenieursEngages\/?__cft__[0]=AZVd1HMAIDKxItz5en97ZEd6UDANSb_g4Zs0RDNnthv1uSzE43G-OVXSI5j2F0mNy_S38m_l0Xd7tPCIoIvs6Xv6kGEA_kNIrBqFZ09jyf1ObrpPS7MR8x8Ko8GcKdpqjc7-dkNJDJ_LWWt5jvx849YERE-znW1CBTSPILOi2T_WsFHVVgbNY7RaEgL1fCXvGXgodtEDt4zstyqof2PJ6wm-&amp;__tn__=kK-R\" target=\"_blank\" rel=\"noreferrer noopener\" aria-label=\" (s\u2019ouvre dans un nouvel onglet)\">Ing\u00e9nieurs Engag\u00e9s<\/a>, des Murs \u00e0 P\u00eaches &#8211; <a href=\"https:\/\/www.facebook.com\/FederationDesMursAPeches\/?__cft__[0]=AZVd1HMAIDKxItz5en97ZEd6UDANSb_g4Zs0RDNnthv1uSzE43G-OVXSI5j2F0mNy_S38m_l0Xd7tPCIoIvs6Xv6kGEA_kNIrBqFZ09jyf1ObrpPS7MR8x8Ko8GcKdpqjc7-dkNJDJ_LWWt5jvx849YERE-znW1CBTSPILOi2T_WsFHVVgbNY7RaEgL1fCXvGXgodtEDt4zstyqof2PJ6wm-&amp;__tn__=kK-R\" target=\"_blank\" rel=\"noreferrer noopener\" aria-label=\" (s\u2019ouvre dans un nouvel onglet)\">F\u00e9d\u00e9ration des Murs \u00e0 P\u00eaches<\/a><\/p>\n\n\n\n<p>J\u2019\u00e9voque aussi la transition d\u2019un parcours classique d\u2019ing\u00e9 au m\u00e9dia-activisme, la n\u00e9cessit\u00e9 d\u2019associer alternatives et luttes, la confrontation id\u00e9ologique mise en exergue par la crise du COVID, entre un vieux monde encrass\u00e9 dans une vision capitaliste et lib\u00e9rale et celui qui remet en question cette logique pour un monde respectueux du vivant. <\/p>\n\n\n\n<p>Merci aux journalistes qui ont transmis un portrait fid\u00e8le de nos \u00e9changes et des valeurs pr\u00f4n\u00e9es par le Pays des Alternatives ! L\u2019\u00e9mission int\u00e9grale est ici, avec le portrait de 12:05 \u00e0 17:38 : <a rel=\"noreferrer noopener\" href=\"https:\/\/www.france.tv\/france-2\/telematin\/1551519-emission-du-mercredi-3-juin-2020.html?fbclid=IwAR0Xj_phD7gRyz0RMPQf2LTNlGxROwR_KDhHIBZZ6rvbdJg_OqgkXVICegI\" target=\"_blank\">https:\/\/www.france.tv\/&#8230;\/1551519-emission-du-mercredi-3&#8230;<\/a><\/p>\n\n\n\n<p><iframe loading=\"lazy\" src=\"https:\/\/www.youtube.com\/embed\/uX_bHYu3a4A\" allow=\"accelerometer; autoplay; clipboard-write; encrypted-media; gyroscope; picture-in-picture\" allowfullscreen=\"\" width=\"560\" height=\"315\" frameborder=\"0\"><\/iframe><\/p>\n\n\n\n<p>Et bien-s\u00fbr, pour que le Pays des Alternatives continue, soutenez-le sur Tipeee : <a rel=\"noreferrer noopener\" href=\"https:\/\/fr.tipeee.com\/aupaysdesalternatives?fbclid=IwAR0FNDsz-KRKbJqiqrDNzC3hRepsFgl7eavTbiEpLbgUg2wybEYCfLX3t0U\" target=\"_blank\">https:\/\/fr.tipeee.com\/aupaysdesalternatives<\/a><\/p>\n","protected":false},"excerpt":{"rendered":"<p>France 2 a fait un tour au Pays des Alternatives, j&rsquo;y parle de l&rsquo;AlterTour, des yourtes de La Frenaie, des Low-Tech avec Ing\u00e9nieurs Engag\u00e9s, des Murs \u00e0 P\u00eaches &#8211; F\u00e9d\u00e9ration des Murs \u00e0 P\u00eaches J\u2019\u00e9voque aussi la transition d\u2019un parcours classique d\u2019ing\u00e9 au m\u00e9dia-activisme, la n\u00e9cessit\u00e9 d\u2019associer alternatives et luttes, &#8230; <\/p>\n<div><a href=\"https:\/\/www.altercampagne.net\/?p=19452\" class=\"more-link\">Read More<\/a><\/div>\n","protected":false},"author":324,"featured_media":19453,"comment_status":"closed","ping_status":"closed","sticky":false,"template":"","format":"standard","meta":{"footnotes":""},"categories":[3967,239],"tags":[4237,4238,4244],"class_list":["post-19452","post","type-post","status-publish","format-standard","has-post-thumbnail","hentry","category-edition-2020","category-revue-de-presse","tag-victoria-berni","tag-au-pays-des-alternatives","tag-france-2"],"yoast_head":"<!-- This site is optimized with the Yoast SEO plugin v27.3 - https:\/\/yoast.com\/product\/yoast-seo-wordpress\/ -->\n<title>Portrait du Pays des Alternatives sur France 2 - AlterTour<\/title>\n<meta name=\"robots\" content=\"index, follow, max-snippet:-1, max-image-preview:large, max-video-preview:-1\" \/>\n<link rel=\"canonical\" href=\"https:\/\/www.altercampagne.net\/?p=19452\" \/>\n<meta property=\"og:locale\" content=\"fr_FR\" \/>\n<meta property=\"og:type\" content=\"article\" \/>\n<meta property=\"og:title\" content=\"Portrait du Pays des Alternatives sur France 2 - AlterTour\" \/>\n<meta property=\"og:description\" content=\"France 2 a fait un tour au Pays des Alternatives, j&rsquo;y parle de l&rsquo;AlterTour, des yourtes de La Frenaie, des Low-Tech avec Ing\u00e9nieurs Engag\u00e9s, des Murs \u00e0 P\u00eaches &#8211; F\u00e9d\u00e9ration des Murs \u00e0 P\u00eaches J\u2019\u00e9voque aussi la transition d\u2019un parcours classique d\u2019ing\u00e9 au m\u00e9dia-activisme, la n\u00e9cessit\u00e9 d\u2019associer alternatives et luttes, ... Read More\" \/>\n<meta property=\"og:url\" content=\"https:\/\/www.altercampagne.net\/?p=19452\" \/>\n<meta property=\"og:site_name\" content=\"AlterTour\" \/>\n<meta property=\"article:published_time\" content=\"2020-06-04T12:15:00+00:00\" \/>\n<meta property=\"article:modified_time\" content=\"2020-09-25T14:19:56+00:00\" \/>\n<meta property=\"og:image\" content=\"https:\/\/www.altercampagne.net\/wp-content\/uploads\/2020\/09\/66622467_1350177021787402_3946880786732417024_n.jpg\" \/>\n\t<meta property=\"og:image:width\" content=\"1200\" \/>\n\t<meta property=\"og:image:height\" content=\"630\" \/>\n\t<meta property=\"og:image:type\" content=\"image\/jpeg\" \/>\n<meta name=\"author\" content=\"Victoria\" \/>\n<meta name=\"twitter:card\" content=\"summary_large_image\" \/>\n<meta name=\"twitter:label1\" content=\"\u00c9crit par\" \/>\n\t<meta name=\"twitter:data1\" content=\"Victoria\" \/>\n\t<meta name=\"twitter:label2\" content=\"Dur\u00e9e de lecture estim\u00e9e\" \/>\n\t<meta name=\"twitter:data2\" content=\"1 minute\" \/>\n<script type=\"application\/ld+json\" class=\"yoast-schema-graph\">{\"@context\":\"https:\\\/\\\/schema.org\",\"@graph\":[{\"@type\":\"Article\",\"@id\":\"https:\\\/\\\/www.altercampagne.net\\\/?p=19452#article\",\"isPartOf\":{\"@id\":\"https:\\\/\\\/www.altercampagne.net\\\/?p=19452\"},\"author\":{\"name\":\"Victoria\",\"@id\":\"https:\\\/\\\/www.altercampagne.net\\\/#\\\/schema\\\/person\\\/63f42535b8d137de766a75d1de28edb6\"},\"headline\":\"Portrait du Pays des Alternatives sur France 2\",\"datePublished\":\"2020-06-04T12:15:00+00:00\",\"dateModified\":\"2020-09-25T14:19:56+00:00\",\"mainEntityOfPage\":{\"@id\":\"https:\\\/\\\/www.altercampagne.net\\\/?p=19452\"},\"wordCount\":163,\"image\":{\"@id\":\"https:\\\/\\\/www.altercampagne.net\\\/?p=19452#primaryimage\"},\"thumbnailUrl\":\"https:\\\/\\\/www.altercampagne.net\\\/wp-content\\\/uploads\\\/2020\\\/09\\\/66622467_1350177021787402_3946880786732417024_n.jpg\",\"keywords\":[\"Victoria Berni\",\"Au pays des Alternatives\",\"France 2\"],\"articleSection\":[\"Edition 2020\",\"Revue de presse\"],\"inLanguage\":\"fr-FR\"},{\"@type\":\"WebPage\",\"@id\":\"https:\\\/\\\/www.altercampagne.net\\\/?p=19452\",\"url\":\"https:\\\/\\\/www.altercampagne.net\\\/?p=19452\",\"name\":\"Portrait du Pays des Alternatives sur France 2 - AlterTour\",\"isPartOf\":{\"@id\":\"https:\\\/\\\/www.altercampagne.net\\\/#website\"},\"primaryImageOfPage\":{\"@id\":\"https:\\\/\\\/www.altercampagne.net\\\/?p=19452#primaryimage\"},\"image\":{\"@id\":\"https:\\\/\\\/www.altercampagne.net\\\/?p=19452#primaryimage\"},\"thumbnailUrl\":\"https:\\\/\\\/www.altercampagne.net\\\/wp-content\\\/uploads\\\/2020\\\/09\\\/66622467_1350177021787402_3946880786732417024_n.jpg\",\"datePublished\":\"2020-06-04T12:15:00+00:00\",\"dateModified\":\"2020-09-25T14:19:56+00:00\",\"author\":{\"@id\":\"https:\\\/\\\/www.altercampagne.net\\\/#\\\/schema\\\/person\\\/63f42535b8d137de766a75d1de28edb6\"},\"breadcrumb\":{\"@id\":\"https:\\\/\\\/www.altercampagne.net\\\/?p=19452#breadcrumb\"},\"inLanguage\":\"fr-FR\",\"potentialAction\":[{\"@type\":\"ReadAction\",\"target\":[\"https:\\\/\\\/www.altercampagne.net\\\/?p=19452\"]}]},{\"@type\":\"ImageObject\",\"inLanguage\":\"fr-FR\",\"@id\":\"https:\\\/\\\/www.altercampagne.net\\\/?p=19452#primaryimage\",\"url\":\"https:\\\/\\\/www.altercampagne.net\\\/wp-content\\\/uploads\\\/2020\\\/09\\\/66622467_1350177021787402_3946880786732417024_n.jpg\",\"contentUrl\":\"https:\\\/\\\/www.altercampagne.net\\\/wp-content\\\/uploads\\\/2020\\\/09\\\/66622467_1350177021787402_3946880786732417024_n.jpg\",\"width\":1200,\"height\":630},{\"@type\":\"BreadcrumbList\",\"@id\":\"https:\\\/\\\/www.altercampagne.net\\\/?p=19452#breadcrumb\",\"itemListElement\":[{\"@type\":\"ListItem\",\"position\":1,\"name\":\"Accueil\",\"item\":\"https:\\\/\\\/www.altercampagne.net\\\/\"},{\"@type\":\"ListItem\",\"position\":2,\"name\":\"Portrait du Pays des Alternatives sur France 2\"}]},{\"@type\":\"WebSite\",\"@id\":\"https:\\\/\\\/www.altercampagne.net\\\/#website\",\"url\":\"https:\\\/\\\/www.altercampagne.net\\\/\",\"name\":\"AlterTour\",\"description\":\"Reliez les Alternatives \u00e0 v\u00e9lo\",\"potentialAction\":[{\"@type\":\"SearchAction\",\"target\":{\"@type\":\"EntryPoint\",\"urlTemplate\":\"https:\\\/\\\/www.altercampagne.net\\\/?s={search_term_string}\"},\"query-input\":{\"@type\":\"PropertyValueSpecification\",\"valueRequired\":true,\"valueName\":\"search_term_string\"}}],\"inLanguage\":\"fr-FR\"},{\"@type\":\"Person\",\"@id\":\"https:\\\/\\\/www.altercampagne.net\\\/#\\\/schema\\\/person\\\/63f42535b8d137de766a75d1de28edb6\",\"name\":\"Victoria\",\"image\":{\"@type\":\"ImageObject\",\"inLanguage\":\"fr-FR\",\"@id\":\"https:\\\/\\\/secure.gravatar.com\\\/avatar\\\/b290d69f8ac2c70c2fe78987d48a2f7f78d29846548f68150e72e9fe2beae3ad?s=96&d=mm&r=g\",\"url\":\"https:\\\/\\\/secure.gravatar.com\\\/avatar\\\/b290d69f8ac2c70c2fe78987d48a2f7f78d29846548f68150e72e9fe2beae3ad?s=96&d=mm&r=g\",\"contentUrl\":\"https:\\\/\\\/secure.gravatar.com\\\/avatar\\\/b290d69f8ac2c70c2fe78987d48a2f7f78d29846548f68150e72e9fe2beae3ad?s=96&d=mm&r=g\",\"caption\":\"Victoria\"},\"url\":\"https:\\\/\\\/www.altercampagne.net\\\/?author=324\"}]}<\/script>\n<!-- \/ Yoast SEO plugin. -->","yoast_head_json":{"title":"Portrait du Pays des Alternatives sur France 2 - AlterTour","robots":{"index":"index","follow":"follow","max-snippet":"max-snippet:-1","max-image-preview":"max-image-preview:large","max-video-preview":"max-video-preview:-1"},"canonical":"https:\/\/www.altercampagne.net\/?p=19452","og_locale":"fr_FR","og_type":"article","og_title":"Portrait du Pays des Alternatives sur France 2 - AlterTour","og_description":"France 2 a fait un tour au Pays des Alternatives, j&rsquo;y parle de l&rsquo;AlterTour, des yourtes de La Frenaie, des Low-Tech avec Ing\u00e9nieurs Engag\u00e9s, des Murs \u00e0 P\u00eaches &#8211; F\u00e9d\u00e9ration des Murs \u00e0 P\u00eaches J\u2019\u00e9voque aussi la transition d\u2019un parcours classique d\u2019ing\u00e9 au m\u00e9dia-activisme, la n\u00e9cessit\u00e9 d\u2019associer alternatives et luttes, ... Read More","og_url":"https:\/\/www.altercampagne.net\/?p=19452","og_site_name":"AlterTour","article_published_time":"2020-06-04T12:15:00+00:00","article_modified_time":"2020-09-25T14:19:56+00:00","og_image":[{"width":1200,"height":630,"url":"https:\/\/www.altercampagne.net\/wp-content\/uploads\/2020\/09\/66622467_1350177021787402_3946880786732417024_n.jpg","type":"image\/jpeg"}],"author":"Victoria","twitter_card":"summary_large_image","twitter_misc":{"\u00c9crit par":"Victoria","Dur\u00e9e de lecture estim\u00e9e":"1 minute"},"schema":{"@context":"https:\/\/schema.org","@graph":[{"@type":"Article","@id":"https:\/\/www.altercampagne.net\/?p=19452#article","isPartOf":{"@id":"https:\/\/www.altercampagne.net\/?p=19452"},"author":{"name":"Victoria","@id":"https:\/\/www.altercampagne.net\/#\/schema\/person\/63f42535b8d137de766a75d1de28edb6"},"headline":"Portrait du Pays des Alternatives sur France 2","datePublished":"2020-06-04T12:15:00+00:00","dateModified":"2020-09-25T14:19:56+00:00","mainEntityOfPage":{"@id":"https:\/\/www.altercampagne.net\/?p=19452"},"wordCount":163,"image":{"@id":"https:\/\/www.altercampagne.net\/?p=19452#primaryimage"},"thumbnailUrl":"https:\/\/www.altercampagne.net\/wp-content\/uploads\/2020\/09\/66622467_1350177021787402_3946880786732417024_n.jpg","keywords":["Victoria Berni","Au pays des Alternatives","France 2"],"articleSection":["Edition 2020","Revue de presse"],"inLanguage":"fr-FR"},{"@type":"WebPage","@id":"https:\/\/www.altercampagne.net\/?p=19452","url":"https:\/\/www.altercampagne.net\/?p=19452","name":"Portrait du Pays des Alternatives sur France 2 - AlterTour","isPartOf":{"@id":"https:\/\/www.altercampagne.net\/#website"},"primaryImageOfPage":{"@id":"https:\/\/www.altercampagne.net\/?p=19452#primaryimage"},"image":{"@id":"https:\/\/www.altercampagne.net\/?p=19452#primaryimage"},"thumbnailUrl":"https:\/\/www.altercampagne.net\/wp-content\/uploads\/2020\/09\/66622467_1350177021787402_3946880786732417024_n.jpg","datePublished":"2020-06-04T12:15:00+00:00","dateModified":"2020-09-25T14:19:56+00:00","author":{"@id":"https:\/\/www.altercampagne.net\/#\/schema\/person\/63f42535b8d137de766a75d1de28edb6"},"breadcrumb":{"@id":"https:\/\/www.altercampagne.net\/?p=19452#breadcrumb"},"inLanguage":"fr-FR","potentialAction":[{"@type":"ReadAction","target":["https:\/\/www.altercampagne.net\/?p=19452"]}]},{"@type":"ImageObject","inLanguage":"fr-FR","@id":"https:\/\/www.altercampagne.net\/?p=19452#primaryimage","url":"https:\/\/www.altercampagne.net\/wp-content\/uploads\/2020\/09\/66622467_1350177021787402_3946880786732417024_n.jpg","contentUrl":"https:\/\/www.altercampagne.net\/wp-content\/uploads\/2020\/09\/66622467_1350177021787402_3946880786732417024_n.jpg","width":1200,"height":630},{"@type":"BreadcrumbList","@id":"https:\/\/www.altercampagne.net\/?p=19452#breadcrumb","itemListElement":[{"@type":"ListItem","position":1,"name":"Accueil","item":"https:\/\/www.altercampagne.net\/"},{"@type":"ListItem","position":2,"name":"Portrait du Pays des Alternatives sur France 2"}]},{"@type":"WebSite","@id":"https:\/\/www.altercampagne.net\/#website","url":"https:\/\/www.altercampagne.net\/","name":"AlterTour","description":"Reliez les Alternatives \u00e0 v\u00e9lo","potentialAction":[{"@type":"SearchAction","target":{"@type":"EntryPoint","urlTemplate":"https:\/\/www.altercampagne.net\/?s={search_term_string}"},"query-input":{"@type":"PropertyValueSpecification","valueRequired":true,"valueName":"search_term_string"}}],"inLanguage":"fr-FR"},{"@type":"Person","@id":"https:\/\/www.altercampagne.net\/#\/schema\/person\/63f42535b8d137de766a75d1de28edb6","name":"Victoria","image":{"@type":"ImageObject","inLanguage":"fr-FR","@id":"https:\/\/secure.gravatar.com\/avatar\/b290d69f8ac2c70c2fe78987d48a2f7f78d29846548f68150e72e9fe2beae3ad?s=96&d=mm&r=g","url":"https:\/\/secure.gravatar.com\/avatar\/b290d69f8ac2c70c2fe78987d48a2f7f78d29846548f68150e72e9fe2beae3ad?s=96&d=mm&r=g","contentUrl":"https:\/\/secure.gravatar.com\/avatar\/b290d69f8ac2c70c2fe78987d48a2f7f78d29846548f68150e72e9fe2beae3ad?s=96&d=mm&r=g","caption":"Victoria"},"url":"https:\/\/www.altercampagne.net\/?author=324"}]}},"_links":{"self":[{"href":"https:\/\/www.altercampagne.net\/index.php?rest_route=\/wp\/v2\/posts\/19452","targetHints":{"allow":["GET"]}}],"collection":[{"href":"https:\/\/www.altercampagne.net\/index.php?rest_route=\/wp\/v2\/posts"}],"about":[{"href":"https:\/\/www.altercampagne.net\/index.php?rest_route=\/wp\/v2\/types\/post"}],"author":[{"embeddable":true,"href":"https:\/\/www.altercampagne.net\/index.php?rest_route=\/wp\/v2\/users\/324"}],"replies":[{"embeddable":true,"href":"https:\/\/www.altercampagne.net\/index.php?rest_route=%2Fwp%2Fv2%2Fcomments&post=19452"}],"version-history":[{"count":1,"href":"https:\/\/www.altercampagne.net\/index.php?rest_route=\/wp\/v2\/posts\/19452\/revisions"}],"predecessor-version":[{"id":19454,"href":"https:\/\/www.altercampagne.net\/index.php?rest_route=\/wp\/v2\/posts\/19452\/revisions\/19454"}],"wp:featuredmedia":[{"embeddable":true,"href":"https:\/\/www.altercampagne.net\/index.php?rest_route=\/wp\/v2\/media\/19453"}],"wp:attachment":[{"href":"https:\/\/www.altercampagne.net\/index.php?rest_route=%2Fwp%2Fv2%2Fmedia&parent=19452"}],"wp:term":[{"taxonomy":"category","embeddable":true,"href":"https:\/\/www.altercampagne.net\/index.php?rest_route=%2Fwp%2Fv2%2Fcategories&post=19452"},{"taxonomy":"post_tag","embeddable":true,"href":"https:\/\/www.altercampagne.net\/index.php?rest_route=%2Fwp%2Fv2%2Ftags&post=19452"}],"curies":[{"name":"wp","href":"https:\/\/api.w.org\/{rel}","templated":true}]}}