{"id":1951,"date":"2015-07-31T22:11:32","date_gmt":"2015-07-31T20:11:32","guid":{"rendered":"http:\/\/www.altercampagne.net\/?p=1951"},"modified":"2018-01-10T15:58:05","modified_gmt":"2018-01-10T14:58:05","slug":"laltertour-fera-etape-a-gedinne-dimanche","status":"publish","type":"post","link":"https:\/\/www.altercampagne.net\/?p=1951","title":{"rendered":"L&rsquo;AlterTour fera \u00e9tape \u00e0 Gedinne dimanche"},"content":{"rendered":"<p class=\"accroche\">Le tour cycliste alternatif fran\u00e7ais passera aussi par Mesnil-Eglise le mardi 4 et Braibant le mercredi 5 ao\u00fbt.<\/p>\n<p>Ce tour cycliste, est organis\u00e9 par une ASBL fran\u00e7aise qui milite pour des alternatives environnementales et soci\u00e9tales. Apr\u00e8s l&rsquo;\u00e9tape de Marbehan mercredi dernier, il reviendra dans la r\u00e9gion d\u00e8s le 2 ao\u00fbt. L&rsquo;\u00e9tape de dimanche reliera en effet Charleville \u00e0 Gedinne. Gedinne o\u00f9 le tour sera accueilli par le groupe Incroyables Comestibles, qui organise une f\u00eate pour l&rsquo;occasion.<\/p>\n<p>Deux sites pour cette journ\u00e9e; le parking de l&rsquo;\u00e9cole Croix-Scaille et l&rsquo;ancienne salle paroissiale de Gedinne. Cela commencera d\u00e8s 11h avec la donnerie, une expo photo et une bourse aux plantes. A 14 et 18h, des ateliers sont pr\u00e9vus avec notamment de la cuisine sauvage et des balades sur le th\u00e8me des castors. L&rsquo;accueil de l&rsquo;AlterTour se fera vers 17h et le tout se prolongera en soir\u00e9e.<\/p>\n<p>Apr\u00e8s cette \u00e9tape gedinnoise, le tour passera \u00e9galement le mardi 4 ao\u00fbt \u00e0 Mesnil-Eglise, pour rencontrer l&rsquo;association Allons en Vent, et le mercredi 5 \u00e0 Braibant pour visiter la Ferme de St\u00e9e.<\/p>\n<p>Toutes les infos <a href=\"https:\/\/www.facebook.com\/pages\/Gedinne-incroyables-comestibles\/626442514109586?fref=ts\" target=\"_blank\" rel=\"noopener\">ici<\/a>.<\/p>\n<p>Source, matele.be : <a href=\"http:\/\/www.matele.be\/l-altertour-fera-etape-a-gedinne-dimanche\" target=\"_blank\" rel=\"noopener\">http:\/\/www.matele.be\/l-altertour-fera-etape-a-gedinne-dimanche<\/a><\/p>\n","protected":false},"excerpt":{"rendered":"<p>Le tour cycliste alternatif fran\u00e7ais passera aussi par Mesnil-Eglise le mardi 4 et Braibant le mercredi 5 ao\u00fbt. Ce tour cycliste, est organis\u00e9 par une ASBL fran\u00e7aise qui milite pour des alternatives environnementales et soci\u00e9tales. Apr\u00e8s l&rsquo;\u00e9tape de Marbehan mercredi dernier, il reviendra dans la r\u00e9gion d\u00e8s le 2 ao\u00fbt. &#8230; <\/p>\n<div><a href=\"https:\/\/www.altercampagne.net\/?p=1951\" class=\"more-link\">Read More<\/a><\/div>\n","protected":false},"author":214,"featured_media":0,"comment_status":"closed","ping_status":"closed","sticky":false,"template":"","format":"standard","meta":{"footnotes":""},"categories":[239],"tags":[23,24,192,223,225,276,347,771,1530,1533,1672,1680],"class_list":["post-1951","post","type-post","status-publish","format-standard","hentry","category-revue-de-presse","tag-belgique","tag-luxembourg","tag-altertour-2015","tag-incroyables-comestibles","tag-gedinne","tag-donnerie","tag-ferme-de-stee","tag-incroyables-comestibles-gedinne","tag-ardennes","tag-province-de-luxembourg","tag-1672","tag-wallon","no-post-thumbnail"],"yoast_head":"<!-- This site is optimized with the Yoast SEO plugin v27.3 - https:\/\/yoast.com\/product\/yoast-seo-wordpress\/ -->\n<title>L&#039;AlterTour fera \u00e9tape \u00e0 Gedinne dimanche - AlterTour<\/title>\n<meta name=\"robots\" content=\"index, follow, max-snippet:-1, max-image-preview:large, max-video-preview:-1\" \/>\n<link rel=\"canonical\" href=\"https:\/\/www.altercampagne.net\/?p=1951\" \/>\n<meta property=\"og:locale\" content=\"fr_FR\" \/>\n<meta property=\"og:type\" content=\"article\" \/>\n<meta property=\"og:title\" content=\"L&#039;AlterTour fera \u00e9tape \u00e0 Gedinne dimanche - AlterTour\" \/>\n<meta property=\"og:description\" content=\"Le tour cycliste alternatif fran\u00e7ais passera aussi par Mesnil-Eglise le mardi 4 et Braibant le mercredi 5 ao\u00fbt. Ce tour cycliste, est organis\u00e9 par une ASBL fran\u00e7aise qui milite pour des alternatives environnementales et soci\u00e9tales. Apr\u00e8s l&rsquo;\u00e9tape de Marbehan mercredi dernier, il reviendra dans la r\u00e9gion d\u00e8s le 2 ao\u00fbt. ... Read More\" \/>\n<meta property=\"og:url\" content=\"https:\/\/www.altercampagne.net\/?p=1951\" \/>\n<meta property=\"og:site_name\" content=\"AlterTour\" \/>\n<meta property=\"article:published_time\" content=\"2015-07-31T20:11:32+00:00\" \/>\n<meta property=\"article:modified_time\" content=\"2018-01-10T14:58:05+00:00\" \/>\n<meta name=\"author\" content=\"Mathieu\" \/>\n<meta name=\"twitter:card\" content=\"summary_large_image\" \/>\n<meta name=\"twitter:label1\" content=\"\u00c9crit par\" \/>\n\t<meta name=\"twitter:data1\" content=\"Mathieu\" \/>\n\t<meta name=\"twitter:label2\" content=\"Dur\u00e9e de lecture estim\u00e9e\" \/>\n\t<meta name=\"twitter:data2\" content=\"1 minute\" \/>\n<script type=\"application\/ld+json\" class=\"yoast-schema-graph\">{\"@context\":\"https:\\\/\\\/schema.org\",\"@graph\":[{\"@type\":\"Article\",\"@id\":\"https:\\\/\\\/www.altercampagne.net\\\/?p=1951#article\",\"isPartOf\":{\"@id\":\"https:\\\/\\\/www.altercampagne.net\\\/?p=1951\"},\"author\":{\"name\":\"Mathieu\",\"@id\":\"https:\\\/\\\/www.altercampagne.net\\\/#\\\/schema\\\/person\\\/0f261460c09e430caa0f9bcffa319109\"},\"headline\":\"L&rsquo;AlterTour fera \u00e9tape \u00e0 Gedinne dimanche\",\"datePublished\":\"2015-07-31T20:11:32+00:00\",\"dateModified\":\"2018-01-10T14:58:05+00:00\",\"mainEntityOfPage\":{\"@id\":\"https:\\\/\\\/www.altercampagne.net\\\/?p=1951\"},\"wordCount\":209,\"keywords\":[\"belgique\",\"luxembourg\",\"AlterTour 2015\",\"Incroyables comestibles\",\"Gedinne\",\"Donnerie\",\"ferme de st\u00e9e\",\"Incroyables Comestibles Gedinne\",\"Ardennes\",\"province de Luxembourg\",\"2015\",\"wallon\"],\"articleSection\":[\"Revue de presse\"],\"inLanguage\":\"fr-FR\"},{\"@type\":\"WebPage\",\"@id\":\"https:\\\/\\\/www.altercampagne.net\\\/?p=1951\",\"url\":\"https:\\\/\\\/www.altercampagne.net\\\/?p=1951\",\"name\":\"L'AlterTour fera \u00e9tape \u00e0 Gedinne dimanche - AlterTour\",\"isPartOf\":{\"@id\":\"https:\\\/\\\/www.altercampagne.net\\\/#website\"},\"datePublished\":\"2015-07-31T20:11:32+00:00\",\"dateModified\":\"2018-01-10T14:58:05+00:00\",\"author\":{\"@id\":\"https:\\\/\\\/www.altercampagne.net\\\/#\\\/schema\\\/person\\\/0f261460c09e430caa0f9bcffa319109\"},\"breadcrumb\":{\"@id\":\"https:\\\/\\\/www.altercampagne.net\\\/?p=1951#breadcrumb\"},\"inLanguage\":\"fr-FR\",\"potentialAction\":[{\"@type\":\"ReadAction\",\"target\":[\"https:\\\/\\\/www.altercampagne.net\\\/?p=1951\"]}]},{\"@type\":\"BreadcrumbList\",\"@id\":\"https:\\\/\\\/www.altercampagne.net\\\/?p=1951#breadcrumb\",\"itemListElement\":[{\"@type\":\"ListItem\",\"position\":1,\"name\":\"Accueil\",\"item\":\"https:\\\/\\\/www.altercampagne.net\\\/\"},{\"@type\":\"ListItem\",\"position\":2,\"name\":\"L&rsquo;AlterTour fera \u00e9tape \u00e0 Gedinne dimanche\"}]},{\"@type\":\"WebSite\",\"@id\":\"https:\\\/\\\/www.altercampagne.net\\\/#website\",\"url\":\"https:\\\/\\\/www.altercampagne.net\\\/\",\"name\":\"AlterTour\",\"description\":\"Reliez les Alternatives \u00e0 v\u00e9lo\",\"potentialAction\":[{\"@type\":\"SearchAction\",\"target\":{\"@type\":\"EntryPoint\",\"urlTemplate\":\"https:\\\/\\\/www.altercampagne.net\\\/?s={search_term_string}\"},\"query-input\":{\"@type\":\"PropertyValueSpecification\",\"valueRequired\":true,\"valueName\":\"search_term_string\"}}],\"inLanguage\":\"fr-FR\"},{\"@type\":\"Person\",\"@id\":\"https:\\\/\\\/www.altercampagne.net\\\/#\\\/schema\\\/person\\\/0f261460c09e430caa0f9bcffa319109\",\"name\":\"Mathieu\",\"image\":{\"@type\":\"ImageObject\",\"inLanguage\":\"fr-FR\",\"@id\":\"https:\\\/\\\/secure.gravatar.com\\\/avatar\\\/aa9d3d24c83f2141e5e2709d0f63d09a99f6be6bb7a50abc4915838d9f54501a?s=96&d=mm&r=g\",\"url\":\"https:\\\/\\\/secure.gravatar.com\\\/avatar\\\/aa9d3d24c83f2141e5e2709d0f63d09a99f6be6bb7a50abc4915838d9f54501a?s=96&d=mm&r=g\",\"contentUrl\":\"https:\\\/\\\/secure.gravatar.com\\\/avatar\\\/aa9d3d24c83f2141e5e2709d0f63d09a99f6be6bb7a50abc4915838d9f54501a?s=96&d=mm&r=g\",\"caption\":\"Mathieu\"},\"url\":\"https:\\\/\\\/www.altercampagne.net\\\/?author=214\"}]}<\/script>\n<!-- \/ Yoast SEO plugin. -->","yoast_head_json":{"title":"L'AlterTour fera \u00e9tape \u00e0 Gedinne dimanche - AlterTour","robots":{"index":"index","follow":"follow","max-snippet":"max-snippet:-1","max-image-preview":"max-image-preview:large","max-video-preview":"max-video-preview:-1"},"canonical":"https:\/\/www.altercampagne.net\/?p=1951","og_locale":"fr_FR","og_type":"article","og_title":"L'AlterTour fera \u00e9tape \u00e0 Gedinne dimanche - AlterTour","og_description":"Le tour cycliste alternatif fran\u00e7ais passera aussi par Mesnil-Eglise le mardi 4 et Braibant le mercredi 5 ao\u00fbt. Ce tour cycliste, est organis\u00e9 par une ASBL fran\u00e7aise qui milite pour des alternatives environnementales et soci\u00e9tales. Apr\u00e8s l&rsquo;\u00e9tape de Marbehan mercredi dernier, il reviendra dans la r\u00e9gion d\u00e8s le 2 ao\u00fbt. ... Read More","og_url":"https:\/\/www.altercampagne.net\/?p=1951","og_site_name":"AlterTour","article_published_time":"2015-07-31T20:11:32+00:00","article_modified_time":"2018-01-10T14:58:05+00:00","author":"Mathieu","twitter_card":"summary_large_image","twitter_misc":{"\u00c9crit par":"Mathieu","Dur\u00e9e de lecture estim\u00e9e":"1 minute"},"schema":{"@context":"https:\/\/schema.org","@graph":[{"@type":"Article","@id":"https:\/\/www.altercampagne.net\/?p=1951#article","isPartOf":{"@id":"https:\/\/www.altercampagne.net\/?p=1951"},"author":{"name":"Mathieu","@id":"https:\/\/www.altercampagne.net\/#\/schema\/person\/0f261460c09e430caa0f9bcffa319109"},"headline":"L&rsquo;AlterTour fera \u00e9tape \u00e0 Gedinne dimanche","datePublished":"2015-07-31T20:11:32+00:00","dateModified":"2018-01-10T14:58:05+00:00","mainEntityOfPage":{"@id":"https:\/\/www.altercampagne.net\/?p=1951"},"wordCount":209,"keywords":["belgique","luxembourg","AlterTour 2015","Incroyables comestibles","Gedinne","Donnerie","ferme de st\u00e9e","Incroyables Comestibles Gedinne","Ardennes","province de Luxembourg","2015","wallon"],"articleSection":["Revue de presse"],"inLanguage":"fr-FR"},{"@type":"WebPage","@id":"https:\/\/www.altercampagne.net\/?p=1951","url":"https:\/\/www.altercampagne.net\/?p=1951","name":"L'AlterTour fera \u00e9tape \u00e0 Gedinne dimanche - AlterTour","isPartOf":{"@id":"https:\/\/www.altercampagne.net\/#website"},"datePublished":"2015-07-31T20:11:32+00:00","dateModified":"2018-01-10T14:58:05+00:00","author":{"@id":"https:\/\/www.altercampagne.net\/#\/schema\/person\/0f261460c09e430caa0f9bcffa319109"},"breadcrumb":{"@id":"https:\/\/www.altercampagne.net\/?p=1951#breadcrumb"},"inLanguage":"fr-FR","potentialAction":[{"@type":"ReadAction","target":["https:\/\/www.altercampagne.net\/?p=1951"]}]},{"@type":"BreadcrumbList","@id":"https:\/\/www.altercampagne.net\/?p=1951#breadcrumb","itemListElement":[{"@type":"ListItem","position":1,"name":"Accueil","item":"https:\/\/www.altercampagne.net\/"},{"@type":"ListItem","position":2,"name":"L&rsquo;AlterTour fera \u00e9tape \u00e0 Gedinne dimanche"}]},{"@type":"WebSite","@id":"https:\/\/www.altercampagne.net\/#website","url":"https:\/\/www.altercampagne.net\/","name":"AlterTour","description":"Reliez les Alternatives \u00e0 v\u00e9lo","potentialAction":[{"@type":"SearchAction","target":{"@type":"EntryPoint","urlTemplate":"https:\/\/www.altercampagne.net\/?s={search_term_string}"},"query-input":{"@type":"PropertyValueSpecification","valueRequired":true,"valueName":"search_term_string"}}],"inLanguage":"fr-FR"},{"@type":"Person","@id":"https:\/\/www.altercampagne.net\/#\/schema\/person\/0f261460c09e430caa0f9bcffa319109","name":"Mathieu","image":{"@type":"ImageObject","inLanguage":"fr-FR","@id":"https:\/\/secure.gravatar.com\/avatar\/aa9d3d24c83f2141e5e2709d0f63d09a99f6be6bb7a50abc4915838d9f54501a?s=96&d=mm&r=g","url":"https:\/\/secure.gravatar.com\/avatar\/aa9d3d24c83f2141e5e2709d0f63d09a99f6be6bb7a50abc4915838d9f54501a?s=96&d=mm&r=g","contentUrl":"https:\/\/secure.gravatar.com\/avatar\/aa9d3d24c83f2141e5e2709d0f63d09a99f6be6bb7a50abc4915838d9f54501a?s=96&d=mm&r=g","caption":"Mathieu"},"url":"https:\/\/www.altercampagne.net\/?author=214"}]}},"_links":{"self":[{"href":"https:\/\/www.altercampagne.net\/index.php?rest_route=\/wp\/v2\/posts\/1951","targetHints":{"allow":["GET"]}}],"collection":[{"href":"https:\/\/www.altercampagne.net\/index.php?rest_route=\/wp\/v2\/posts"}],"about":[{"href":"https:\/\/www.altercampagne.net\/index.php?rest_route=\/wp\/v2\/types\/post"}],"author":[{"embeddable":true,"href":"https:\/\/www.altercampagne.net\/index.php?rest_route=\/wp\/v2\/users\/214"}],"replies":[{"embeddable":true,"href":"https:\/\/www.altercampagne.net\/index.php?rest_route=%2Fwp%2Fv2%2Fcomments&post=1951"}],"version-history":[{"count":0,"href":"https:\/\/www.altercampagne.net\/index.php?rest_route=\/wp\/v2\/posts\/1951\/revisions"}],"wp:attachment":[{"href":"https:\/\/www.altercampagne.net\/index.php?rest_route=%2Fwp%2Fv2%2Fmedia&parent=1951"}],"wp:term":[{"taxonomy":"category","embeddable":true,"href":"https:\/\/www.altercampagne.net\/index.php?rest_route=%2Fwp%2Fv2%2Fcategories&post=1951"},{"taxonomy":"post_tag","embeddable":true,"href":"https:\/\/www.altercampagne.net\/index.php?rest_route=%2Fwp%2Fv2%2Ftags&post=1951"}],"curies":[{"name":"wp","href":"https:\/\/api.w.org\/{rel}","templated":true}]}}