{"id":1953,"date":"2015-08-13T18:55:36","date_gmt":"2015-08-13T16:55:36","guid":{"rendered":"http:\/\/www.altercampagne.net\/?p=1953"},"modified":"2016-04-10T13:43:08","modified_gmt":"2016-04-10T11:43:08","slug":"enfouissement-des-dechets-radioactifs-a-bure-les-coulisses-dun-mensonge-organise","status":"publish","type":"post","link":"https:\/\/www.altercampagne.net\/?p=1953","title":{"rendered":"Enfouissement des d\u00e9chets radioactifs \u00e0 Bure : les coulisses d\u2019un mensonge organis\u00e9"},"content":{"rendered":"<div class=\"chapo\">\n<p>Si le <a href=\"http:\/\/blefondation.e-monsite.com\/pages\/cercle-de-reflexion\/dechets-nucleaires.html\" rel=\"nofollow\">Centre Industriel de stockage G\u00e9ologique (CIGEO) de l\u2019Agence Nationale pour la gestion des D\u00e9chets Radioactifs (ANDRA)<\/a> est une r\u00e9alit\u00e9 inscrite dans le paysage lorrain, aucun d\u00e9chet n\u2019y est encore entrepos\u00e9 pour le moment.<\/p>\n<\/div>\n<p><span class=\"spip_document_174025 spip_documents spip_documents_left\"><a href=\"http:\/\/www.agoravox.fr\/IMG\/png\/logo-radioactivite.png\" rel=\"nofollow\" type=\"image\/png\"><img loading=\"lazy\" decoding=\"async\" class=\"spip_logos\" src=\"http:\/\/img.agoravox.fr\/local\/cache-vignettes\/L185xH162\/logo-radioactivite-6b6e3-026c2.png\" alt=\"PNG\" width=\"185\" height=\"162\" \/><\/a><\/span>\u00a0Les premiers devraient arriver, si tout va mal, en 2018. Il n\u2019est donc pas trop tard pour faire reculer le pouvoir politique parisien qui impose cette solution finale contre les populations et contre la science elle-m\u00eame. C\u2019est en tout cas ce qu\u2019ont voulu rappeler au peuple lorrain, les 1\u00a0500 marcheurs venus sur le site de Bure le dimanche 7 juin 2015.<\/p>\n<p>A l\u2019issue de la marche r\u00e9partie en quatre cort\u00e8ges diff\u00e9rents, un pique-nique convivial a eu lieu et une cha\u00eene humaine a entour\u00e9 le futur site d\u2019enfouissement. Le 18 juillet, un \u00ab\u00a0Alter-tour\u00a0\u00bb cycliste de France a \u00e9galement fait \u00e9tape \u00e0 Bure. Pour tous les citoyens hostiles \u00e0 ce grand projet inutile, le combat continue.<\/p>\n<p>De son c\u00f4t\u00e9, l\u2019ANDRA annon\u00e7ait que l\u2019exploitation du centre d\u00e9buterait par une \u00ab\u00a0phase pilote\u00a0\u00bb d\u2019une dur\u00e9e comprise entre cinq et dix ans. Des essais seraient ainsi effectu\u00e9s avec des colis factices repr\u00e9sentant 5\u00a0% du total des d\u00e9chets nucl\u00e9aires de haute activit\u00e9. Le stockage des colis radioactifs serait enclench\u00e9 dans la foul\u00e9e apr\u00e8s l\u2019accord de l\u2019Etat fran\u00e7ais, d\u2019abord en petit nombre, avant de se poursuivre \u00e0 un rythme industriel de 3\u00a0000 colis enfouis par an. Le site sera raccord\u00e9 au r\u00e9seau ferr\u00e9 depuis Gondrecourt, situ\u00e9 \u00e0 une douzaine de kilom\u00e8tres de Bure. Les colis seront donc essentiellement achemin\u00e9s par train sans rupture de charge, et non par la route. Rappelons que le centre doit accueillir 3\u00a0% du volume des d\u00e9chets radioactifs fran\u00e7ais, mais les d\u00e9chets plus dangereux, c\u2019est-\u00e0-dire ceux de haute activit\u00e9 et de moyenne activit\u00e9 \u00e0 vie longue qui concentrent \u00e0 eux seuls plus de 99\u00a0% de la radioactivit\u00e9 totale. Les plus nocifs \u00e9mettent un rayonnement radioactif pendant plus d\u2019un million d\u2019ann\u00e9es.<\/p>\n<p>L\u2019ANDRA d\u00e9clarait par ailleurs que la demande d\u2019autorisation de cr\u00e9ation de CIGEO, initialement programm\u00e9e en 2015, sera effectu\u00e9e en deux temps\u00a0: d\u00e8s 2015 pour la phase pr\u00e9paratoire, avant une finalisation fin 2017. Ce tour de passe-passe permettra ainsi aux ing\u00e9nieurs de gagner deux ans d\u2019\u00e9tudes.\u00a0Un temps pr\u00e9cieux quand on sait que l\u2019Autorit\u00e9 de S\u00fbret\u00e9 Nucl\u00e9aire (ASN) affirmait que le dossier CIGEO n\u2019\u00e9tait pas au point et insistait pour qu&rsquo;une capacit\u00e9 d&rsquo;entreposage soit pr\u00e9vue au cas o\u00f9 CIGEO ne fonctionnerait pas. Cela dit, sur le fond, rien ne change. Le d\u00e9cret sans d\u00e9bat parlementaire autorisant le d\u00e9marrage de la construction du centre d\u2019enfouissement devrait toujours \u00eatre sign\u00e9 \u00e0 l\u2019horizon 2020. Les premiers am\u00e9nagements doivent m\u00eame commencer d\u00e8s cette ann\u00e9e. Le d\u00e9but de l\u2019exploitation reste quant \u00e0 lui programm\u00e9 pour 2025.<\/p>\n<p>Nous ne pouvons une nouvelle fois que saluer la performance de l\u2019ANDRA d\u2019avoir accouch\u00e9 d\u2019un nouveau concept pour satisfaire aux apparences et tromper l\u2019opinion publique en faisant semblant de ralentir le calendrier tout en ne changeant strictement rien au projet final. Ces petits ajustements de communication n\u2019apportent en effet aucune r\u00e9ponse aux questions de fond. Ils d\u00e9montrent au contraire que les \u00e9tudes officielles men\u00e9es jusque-l\u00e0 ne sont pas si s\u00fbres qu\u2019on veuille bien nous le faire croire. Par exemple, comment concevoir s\u00e9rieusement une seule seconde qu\u2019une phase pilote de quelques ann\u00e9es permettra de savoir si ce stockage sera sans cons\u00e9quence sur des millions d\u2019ann\u00e9es\u00a0?<\/p>\n<p>Il faut savoir par ailleurs que c\u2019est la Direction G\u00e9n\u00e9rale de l\u2019Energie et du Climat (DGEC), organisme qui d\u00e9pend du minist\u00e8re fran\u00e7ais de l\u2019\u00e9cologie, qui pilote le projet CIGEO. Ce ne sont donc pas les ministres de l\u2019\u00e9cologie qui sont en charge du dossier d\u2019enfouissement, puisque ceux-ci vont et viennent au gr\u00e9 des diff\u00e9rents remaniements au sein du gouvernement fran\u00e7ais, mais des hauts fonctionnaires, \u00e0 l\u2019image d\u2019un certain Charles-Antoine Louet qui est \u00e0 la sous-direction de l\u2019\u00e9nergie nucl\u00e9aire de la DGEC, mais qui est aussi et surtout membre du Conseil d&rsquo;administration du Commissariat \u00e0 l\u2019Energie Atomique (CEA), du Conseil d&rsquo;administration de l\u2019Institut de Radioprotection et de S\u00fbret\u00e9 Nucl\u00e9aire (IRSN) et qui a d\u00e9j\u00e0 travaill\u00e9 en tant que chef de division \u00e0 l\u2019ASN. La plupart de ces hauts fonctionnaires sont issus des grands corps d\u2019Etat comme l\u2019Ecole polytechnique ou l\u2019Ecole des Mines. On les appelle d\u2019ailleurs les X-Mines. D\u00e8s lors, comment voulez-vous qu\u2019il y ait le moindre soup\u00e7on d\u2019ind\u00e9pendance dans les diff\u00e9rentes entit\u00e9s de la gouvernance et du contr\u00f4le du projet CIGEO\u00a0?<\/p>\n<p>En outre, afin de pouvoir implanter son centre d\u2019enfouissement des d\u00e9chets radioactifs les plus dangereux, l\u2019ANDRA a occult\u00e9 un pan important du sous-sol de Bure\u00a0: son potentiel g\u00e9othermique. L\u2019ASN a \u00e9mis des crit\u00e8res officiels pour d\u00e9terminer le lieu d\u2019implantation du site d\u2019enfouissement, dont notamment celui de ne pas creuser \u00e0 l\u2019aplomb d\u2019une ressource g\u00e9othermique pr\u00e9sentant un int\u00e9r\u00eat particulier. Une fois le site construit, l\u2019ASN reconna\u00eet en effet le risque d\u2019une perte de m\u00e9moire de celui-ci, qu\u2019elle situe raisonnablement au-del\u00e0 de 500 ans.\u00a0Si la ressource g\u00e9othermique venait \u00e0 \u00eatre exploit\u00e9e dans plusieurs si\u00e8cles,\u00a0les cons\u00e9quences de la perforation des alv\u00e9oles de stockage et, par cons\u00e9quent, des conteneurs de d\u00e9chets, seraient alors gravissimes pour la sant\u00e9 et la s\u00e9curit\u00e9 des populations. Or, le sous-sol de Bure renferme une ressource g\u00e9othermique cons\u00e9quente, connue des g\u00e9ologues depuis les ann\u00e9es 1980. Par cons\u00e9quent, le site aurait logiquement d\u00fb \u00eatre d\u00e9clar\u00e9 impropre \u00e0 l\u2019enfouissement. Mais, selon les associations antinucl\u00e9aires, <a href=\"http:\/\/blogerslorrainsengages.unblog.fr\/2013\/11\/13\/geothermie-vs-dechets-nucleaires-a-bure\/\" rel=\"nofollow\">l\u2019ANDRA n\u2019a cess\u00e9 de s\u2019\u00e9vertuer \u00e0 cacher l\u2019existence de cette ressource<\/a>. Celle-ci a pourtant \u00e9t\u00e9 mise en \u00e9vidence par les analyses du docteur en g\u00e9ologie Antoine Godinot, au point d\u2019\u00eatre officiellement reconnue par le Bureau de Recherches G\u00e9ologiques et Mini\u00e8res (BRGM) et le cabinet suisse d\u2019experts ind\u00e9pendants Geowatt. M\u00eame l\u2019IRSN reconna\u00eet son caract\u00e8re exploitable. La g\u00e9othermie permet de valoriser la chaleur du sous-sol dans les r\u00e9seaux de chauffage urbains, des industries ou encore des serres agricoles.<\/p>\n<p>Rappelons qu\u2019en 2010, la Zone d\u2019Int\u00e9r\u00eat pour la Reconnaissance Approfondie (ZIRA), choisie sans concertation pour implanter le centre d\u2019enfouissement CIGEO, avait \u00e9t\u00e9 valid\u00e9e par l\u2019Etat fran\u00e7ais sur la base d\u2019un avis rendu par l\u2019IRSN en 2009. Cet avis se fondait lui-m\u00eame sur les r\u00e9sultats pr\u00e9sent\u00e9s par l\u2019ANDRA qui niaient la ressource g\u00e9othermique de Bure. Ceux-ci concluaient ainsi que \u00ab\u00a0le forage traversant le Trias r\u00e9alis\u00e9 au centre de la zone permettait de confirmer l\u2019absence de potentiel g\u00e9othermique exploitable \u00e0 son aplomb\u00a0\u00bb. Depuis, suite au travail men\u00e9 par les associations, de nouveaux rapports et expertises sont venus contredire cet avis. En 2013, l\u2019IRSN est revenu sur ses affirmations en admettant que\u00a0\u00ab\u00a0la formation argilo-gr\u00e9seuse du Trias inf\u00e9rieur pr\u00e9sente un potentiel g\u00e9othermique\u00a0\u00bb\u00a0tout en reconnaissant la possibilit\u00e9 de son exploitation.<\/p>\n<p>Depuis, <a href=\"http:\/\/blogerslorrainsengages.unblog.fr\/2015\/07\/20\/enfouissement-des-dechets-radioactifs-francais-en-lorraine-la-democratie-une-nouvelle-fois-bafouee-par-un-procede-scelerat\/\" rel=\"nofollow\">un amendement de derni\u00e8re minute du s\u00e9nateur G\u00e9rard Longuet a \u00e9t\u00e9 int\u00e9gr\u00e9 subrepticement dans la loi Macron<\/a>, pass\u00e9e elle-m\u00eame en force par le sulfureux 49-3, afin d\u2019acc\u00e9l\u00e9rer la r\u00e9alisation du projet d\u2019enfouissement. Ce nouvel \u00e9pisode ne grandit \u00e9videmment pas la suppos\u00e9e repr\u00e9sentation nationale, d\u2019autant plus que le ministre Macron s\u2019\u00e9tait engag\u00e9 \u00e0 faire respecter le d\u00e9bat sur CIGEO. Heureusement, le Conseil constitutionnel a quelques jours apr\u00e8s invalid\u00e9 l\u2019article en question, estimant qu\u2019il n\u2019avait rien \u00e0 faire dans la loi. Rappelons que depuis septembre 2014, \u00e0 travers les deux lois de transition \u00e9nerg\u00e9tique et Macron, <a href=\"http:\/\/blogerslorrainsengages.unblog.fr\/2015\/02\/23\/enfouissement-des-dechets-radioactifs-a-bure-la-france-tente-de-passer-en-force\/\" rel=\"nofollow\">pas moins de treize amendements en dix reprises ont \u00e9t\u00e9 gliss\u00e9es au long des proc\u00e9dures pour \u00e9viter au projet d\u2019enfouissement de passer par une future loi sp\u00e9cifique<\/a>. Une m\u00e9thode aussi scandaleuse qu\u2019autoritaire. Le pr\u00e9sident de la r\u00e9publique fran\u00e7aise avait pourtant affirmait qu\u2019il ferait appliquer une r\u00e9elle d\u00e9mocratie participative dans les dossiers environnementaux. <a href=\"http:\/\/blogerslorrainsengages.unblog.fr\/2013\/02\/20\/enfouissement-des-dechets-radioactifs-francais-a-bure-le-volte-face-d%E2%80%99hollande\/\" rel=\"nofollow\">Fran\u00e7ois Hollande avait de m\u00eame exprim\u00e9 son opposition en 2000 \u00e0 l\u2019enfouissement des d\u00e9chets nucl\u00e9aires lorsqu\u2019il \u00e9tait d\u00e9put\u00e9 de Corr\u00e8ze<\/a>. Tout comme son ex-compagne S\u00e9gol\u00e8ne Royal entre 1987 et 1990 quand elle \u00e9tait d\u00e9put\u00e9e des Deux-S\u00e8vres.<\/p>\n<p>\u00ab\u00a0CIGEO est un complot\u00a0\u00bb. C\u2019est ce qui \u00e9tait \u00e9crit dans le cahier d\u2019acteur n\u00b097 r\u00e9dig\u00e9 dans le cadre du <a href=\"http:\/\/blogerslorrainsengages.unblog.fr\/2014\/06\/18\/enfouissement-des-dechets-nucleaires-en-lorraine-des-rapporteurs-publics-denoncent-le-debat-bidon-de-bure\/\" rel=\"nofollow\">pseuso d\u00e9bat public<\/a>. Le document a \u00e9t\u00e9 mis en ligne pendant deux mois sur le site r\u00e9alis\u00e9 par la Commission Nationale du D\u00e9bat Public (CNDP), avant d\u2019\u00eatre censur\u00e9 et retir\u00e9 par Christian Leyrit, pr\u00e9sident de la CNDP.<\/p>\n<p>La folie de Bure a d\u00e9j\u00e0 englouti plus de 1,5 milliard d\u2019euros. Les Lorrains ne doivent pas se r\u00e9signer \u00e0 voir leur pays devenir la poubelle radioactive de la France. Apr\u00e8s avoir exploit\u00e9 pendant des d\u00e9cennies les richesses du sous-sol lorrain, Paris entend \u00e0 pr\u00e9sent nous empoisonner pour des mill\u00e9naires. Apr\u00e8s le martyr de Verdun, nous devons \u00e9viter le sacrifice de Bure.<\/p>\n<p>Source, agoravox : <a href=\"http:\/\/www.agoravox.fr\/actualites\/info-locale\/article\/enfouissement-des-dechets-170732\" target=\"_blank\">http:\/\/www.agoravox.fr\/actualites\/info-locale\/article\/enfouissement-des-dechets-170732<\/a><\/p>\n","protected":false},"excerpt":{"rendered":"<p>Si le Centre Industriel de stockage G\u00e9ologique (CIGEO) de l\u2019Agence Nationale pour la gestion des D\u00e9chets Radioactifs (ANDRA) est une r\u00e9alit\u00e9 inscrite dans le paysage lorrain, aucun d\u00e9chet n\u2019y est encore entrepos\u00e9 pour le moment. \u00a0Les premiers devraient arriver, si tout va mal, en 2018. Il n\u2019est donc pas trop &#8230; <\/p>\n<div><a href=\"https:\/\/www.altercampagne.net\/?p=1953\" class=\"more-link\">Read More<\/a><\/div>\n","protected":false},"author":214,"featured_media":0,"comment_status":"closed","ping_status":"closed","sticky":false,"template":"","format":"standard","meta":{"footnotes":""},"categories":[239],"tags":[25,44,192,193,232,233,247,259,330,376,1514,1515,1672],"class_list":["post-1953","post","type-post","status-publish","format-standard","hentry","category-revue-de-presse","tag-bure","tag-climat","tag-altertour-2015","tag-cigeo","tag-nucleaire","tag-cop21","tag-lorraine","tag-energie","tag-andra","tag-dechet-nucleaire","tag-meuse","tag-alsace-champagne-ardenne-lorraine","tag-1672","no-post-thumbnail"],"yoast_head":"<!-- This site is optimized with the Yoast SEO plugin v27.3 - https:\/\/yoast.com\/product\/yoast-seo-wordpress\/ -->\n<title>Enfouissement des d\u00e9chets radioactifs \u00e0 Bure : les coulisses d\u2019un mensonge organis\u00e9 - AlterTour<\/title>\n<meta name=\"robots\" content=\"index, follow, max-snippet:-1, max-image-preview:large, max-video-preview:-1\" \/>\n<link rel=\"canonical\" href=\"https:\/\/www.altercampagne.net\/?p=1953\" \/>\n<meta property=\"og:locale\" content=\"fr_FR\" \/>\n<meta property=\"og:type\" content=\"article\" \/>\n<meta property=\"og:title\" content=\"Enfouissement des d\u00e9chets radioactifs \u00e0 Bure : les coulisses d\u2019un mensonge organis\u00e9 - AlterTour\" \/>\n<meta property=\"og:description\" content=\"Si le Centre Industriel de stockage G\u00e9ologique (CIGEO) de l\u2019Agence Nationale pour la gestion des D\u00e9chets Radioactifs (ANDRA) est une r\u00e9alit\u00e9 inscrite dans le paysage lorrain, aucun d\u00e9chet n\u2019y est encore entrepos\u00e9 pour le moment. \u00a0Les premiers devraient arriver, si tout va mal, en 2018. Il n\u2019est donc pas trop ... Read More\" \/>\n<meta property=\"og:url\" content=\"https:\/\/www.altercampagne.net\/?p=1953\" \/>\n<meta property=\"og:site_name\" content=\"AlterTour\" \/>\n<meta property=\"article:published_time\" content=\"2015-08-13T16:55:36+00:00\" \/>\n<meta property=\"article:modified_time\" content=\"2016-04-10T11:43:08+00:00\" \/>\n<meta property=\"og:image\" content=\"http:\/\/img.agoravox.fr\/local\/cache-vignettes\/L185xH162\/logo-radioactivite-6b6e3-026c2.png\" \/>\n<meta name=\"author\" content=\"Mathieu\" \/>\n<meta name=\"twitter:card\" content=\"summary_large_image\" \/>\n<meta name=\"twitter:label1\" content=\"\u00c9crit par\" \/>\n\t<meta name=\"twitter:data1\" content=\"Mathieu\" \/>\n\t<meta name=\"twitter:label2\" content=\"Dur\u00e9e de lecture estim\u00e9e\" \/>\n\t<meta name=\"twitter:data2\" content=\"8 minutes\" \/>\n<script type=\"application\/ld+json\" class=\"yoast-schema-graph\">{\"@context\":\"https:\\\/\\\/schema.org\",\"@graph\":[{\"@type\":\"Article\",\"@id\":\"https:\\\/\\\/www.altercampagne.net\\\/?p=1953#article\",\"isPartOf\":{\"@id\":\"https:\\\/\\\/www.altercampagne.net\\\/?p=1953\"},\"author\":{\"name\":\"Mathieu\",\"@id\":\"https:\\\/\\\/www.altercampagne.net\\\/#\\\/schema\\\/person\\\/0f261460c09e430caa0f9bcffa319109\"},\"headline\":\"Enfouissement des d\u00e9chets radioactifs \u00e0 Bure : les coulisses d\u2019un mensonge organis\u00e9\",\"datePublished\":\"2015-08-13T16:55:36+00:00\",\"dateModified\":\"2016-04-10T11:43:08+00:00\",\"mainEntityOfPage\":{\"@id\":\"https:\\\/\\\/www.altercampagne.net\\\/?p=1953\"},\"wordCount\":1612,\"image\":{\"@id\":\"https:\\\/\\\/www.altercampagne.net\\\/?p=1953#primaryimage\"},\"thumbnailUrl\":\"http:\\\/\\\/img.agoravox.fr\\\/local\\\/cache-vignettes\\\/L185xH162\\\/logo-radioactivite-6b6e3-026c2.png\",\"keywords\":[\"Bure\",\"climat\",\"AlterTour 2015\",\"CIGEO\",\"nucl\u00e9aire\",\"cop21\",\"Lorraine\",\"\u00e9nergie\",\"andra\",\"d\u00e9chet nucl\u00e9aire\",\"Meuse\",\"Alsace-Champagne-Ardenne-Lorraine\",\"2015\"],\"articleSection\":[\"Revue de presse\"],\"inLanguage\":\"fr-FR\"},{\"@type\":\"WebPage\",\"@id\":\"https:\\\/\\\/www.altercampagne.net\\\/?p=1953\",\"url\":\"https:\\\/\\\/www.altercampagne.net\\\/?p=1953\",\"name\":\"Enfouissement des d\u00e9chets radioactifs \u00e0 Bure : les coulisses d\u2019un mensonge organis\u00e9 - AlterTour\",\"isPartOf\":{\"@id\":\"https:\\\/\\\/www.altercampagne.net\\\/#website\"},\"primaryImageOfPage\":{\"@id\":\"https:\\\/\\\/www.altercampagne.net\\\/?p=1953#primaryimage\"},\"image\":{\"@id\":\"https:\\\/\\\/www.altercampagne.net\\\/?p=1953#primaryimage\"},\"thumbnailUrl\":\"http:\\\/\\\/img.agoravox.fr\\\/local\\\/cache-vignettes\\\/L185xH162\\\/logo-radioactivite-6b6e3-026c2.png\",\"datePublished\":\"2015-08-13T16:55:36+00:00\",\"dateModified\":\"2016-04-10T11:43:08+00:00\",\"author\":{\"@id\":\"https:\\\/\\\/www.altercampagne.net\\\/#\\\/schema\\\/person\\\/0f261460c09e430caa0f9bcffa319109\"},\"breadcrumb\":{\"@id\":\"https:\\\/\\\/www.altercampagne.net\\\/?p=1953#breadcrumb\"},\"inLanguage\":\"fr-FR\",\"potentialAction\":[{\"@type\":\"ReadAction\",\"target\":[\"https:\\\/\\\/www.altercampagne.net\\\/?p=1953\"]}]},{\"@type\":\"ImageObject\",\"inLanguage\":\"fr-FR\",\"@id\":\"https:\\\/\\\/www.altercampagne.net\\\/?p=1953#primaryimage\",\"url\":\"http:\\\/\\\/img.agoravox.fr\\\/local\\\/cache-vignettes\\\/L185xH162\\\/logo-radioactivite-6b6e3-026c2.png\",\"contentUrl\":\"http:\\\/\\\/img.agoravox.fr\\\/local\\\/cache-vignettes\\\/L185xH162\\\/logo-radioactivite-6b6e3-026c2.png\"},{\"@type\":\"BreadcrumbList\",\"@id\":\"https:\\\/\\\/www.altercampagne.net\\\/?p=1953#breadcrumb\",\"itemListElement\":[{\"@type\":\"ListItem\",\"position\":1,\"name\":\"Accueil\",\"item\":\"https:\\\/\\\/www.altercampagne.net\\\/\"},{\"@type\":\"ListItem\",\"position\":2,\"name\":\"Enfouissement des d\u00e9chets radioactifs \u00e0 Bure : les coulisses d\u2019un mensonge organis\u00e9\"}]},{\"@type\":\"WebSite\",\"@id\":\"https:\\\/\\\/www.altercampagne.net\\\/#website\",\"url\":\"https:\\\/\\\/www.altercampagne.net\\\/\",\"name\":\"AlterTour\",\"description\":\"Reliez les Alternatives \u00e0 v\u00e9lo\",\"potentialAction\":[{\"@type\":\"SearchAction\",\"target\":{\"@type\":\"EntryPoint\",\"urlTemplate\":\"https:\\\/\\\/www.altercampagne.net\\\/?s={search_term_string}\"},\"query-input\":{\"@type\":\"PropertyValueSpecification\",\"valueRequired\":true,\"valueName\":\"search_term_string\"}}],\"inLanguage\":\"fr-FR\"},{\"@type\":\"Person\",\"@id\":\"https:\\\/\\\/www.altercampagne.net\\\/#\\\/schema\\\/person\\\/0f261460c09e430caa0f9bcffa319109\",\"name\":\"Mathieu\",\"image\":{\"@type\":\"ImageObject\",\"inLanguage\":\"fr-FR\",\"@id\":\"https:\\\/\\\/secure.gravatar.com\\\/avatar\\\/aa9d3d24c83f2141e5e2709d0f63d09a99f6be6bb7a50abc4915838d9f54501a?s=96&d=mm&r=g\",\"url\":\"https:\\\/\\\/secure.gravatar.com\\\/avatar\\\/aa9d3d24c83f2141e5e2709d0f63d09a99f6be6bb7a50abc4915838d9f54501a?s=96&d=mm&r=g\",\"contentUrl\":\"https:\\\/\\\/secure.gravatar.com\\\/avatar\\\/aa9d3d24c83f2141e5e2709d0f63d09a99f6be6bb7a50abc4915838d9f54501a?s=96&d=mm&r=g\",\"caption\":\"Mathieu\"},\"url\":\"https:\\\/\\\/www.altercampagne.net\\\/?author=214\"}]}<\/script>\n<!-- \/ Yoast SEO plugin. -->","yoast_head_json":{"title":"Enfouissement des d\u00e9chets radioactifs \u00e0 Bure : les coulisses d\u2019un mensonge organis\u00e9 - AlterTour","robots":{"index":"index","follow":"follow","max-snippet":"max-snippet:-1","max-image-preview":"max-image-preview:large","max-video-preview":"max-video-preview:-1"},"canonical":"https:\/\/www.altercampagne.net\/?p=1953","og_locale":"fr_FR","og_type":"article","og_title":"Enfouissement des d\u00e9chets radioactifs \u00e0 Bure : les coulisses d\u2019un mensonge organis\u00e9 - AlterTour","og_description":"Si le Centre Industriel de stockage G\u00e9ologique (CIGEO) de l\u2019Agence Nationale pour la gestion des D\u00e9chets Radioactifs (ANDRA) est une r\u00e9alit\u00e9 inscrite dans le paysage lorrain, aucun d\u00e9chet n\u2019y est encore entrepos\u00e9 pour le moment. \u00a0Les premiers devraient arriver, si tout va mal, en 2018. Il n\u2019est donc pas trop ... Read More","og_url":"https:\/\/www.altercampagne.net\/?p=1953","og_site_name":"AlterTour","article_published_time":"2015-08-13T16:55:36+00:00","article_modified_time":"2016-04-10T11:43:08+00:00","og_image":[{"url":"http:\/\/img.agoravox.fr\/local\/cache-vignettes\/L185xH162\/logo-radioactivite-6b6e3-026c2.png","type":"","width":"","height":""}],"author":"Mathieu","twitter_card":"summary_large_image","twitter_misc":{"\u00c9crit par":"Mathieu","Dur\u00e9e de lecture estim\u00e9e":"8 minutes"},"schema":{"@context":"https:\/\/schema.org","@graph":[{"@type":"Article","@id":"https:\/\/www.altercampagne.net\/?p=1953#article","isPartOf":{"@id":"https:\/\/www.altercampagne.net\/?p=1953"},"author":{"name":"Mathieu","@id":"https:\/\/www.altercampagne.net\/#\/schema\/person\/0f261460c09e430caa0f9bcffa319109"},"headline":"Enfouissement des d\u00e9chets radioactifs \u00e0 Bure : les coulisses d\u2019un mensonge organis\u00e9","datePublished":"2015-08-13T16:55:36+00:00","dateModified":"2016-04-10T11:43:08+00:00","mainEntityOfPage":{"@id":"https:\/\/www.altercampagne.net\/?p=1953"},"wordCount":1612,"image":{"@id":"https:\/\/www.altercampagne.net\/?p=1953#primaryimage"},"thumbnailUrl":"http:\/\/img.agoravox.fr\/local\/cache-vignettes\/L185xH162\/logo-radioactivite-6b6e3-026c2.png","keywords":["Bure","climat","AlterTour 2015","CIGEO","nucl\u00e9aire","cop21","Lorraine","\u00e9nergie","andra","d\u00e9chet nucl\u00e9aire","Meuse","Alsace-Champagne-Ardenne-Lorraine","2015"],"articleSection":["Revue de presse"],"inLanguage":"fr-FR"},{"@type":"WebPage","@id":"https:\/\/www.altercampagne.net\/?p=1953","url":"https:\/\/www.altercampagne.net\/?p=1953","name":"Enfouissement des d\u00e9chets radioactifs \u00e0 Bure : les coulisses d\u2019un mensonge organis\u00e9 - AlterTour","isPartOf":{"@id":"https:\/\/www.altercampagne.net\/#website"},"primaryImageOfPage":{"@id":"https:\/\/www.altercampagne.net\/?p=1953#primaryimage"},"image":{"@id":"https:\/\/www.altercampagne.net\/?p=1953#primaryimage"},"thumbnailUrl":"http:\/\/img.agoravox.fr\/local\/cache-vignettes\/L185xH162\/logo-radioactivite-6b6e3-026c2.png","datePublished":"2015-08-13T16:55:36+00:00","dateModified":"2016-04-10T11:43:08+00:00","author":{"@id":"https:\/\/www.altercampagne.net\/#\/schema\/person\/0f261460c09e430caa0f9bcffa319109"},"breadcrumb":{"@id":"https:\/\/www.altercampagne.net\/?p=1953#breadcrumb"},"inLanguage":"fr-FR","potentialAction":[{"@type":"ReadAction","target":["https:\/\/www.altercampagne.net\/?p=1953"]}]},{"@type":"ImageObject","inLanguage":"fr-FR","@id":"https:\/\/www.altercampagne.net\/?p=1953#primaryimage","url":"http:\/\/img.agoravox.fr\/local\/cache-vignettes\/L185xH162\/logo-radioactivite-6b6e3-026c2.png","contentUrl":"http:\/\/img.agoravox.fr\/local\/cache-vignettes\/L185xH162\/logo-radioactivite-6b6e3-026c2.png"},{"@type":"BreadcrumbList","@id":"https:\/\/www.altercampagne.net\/?p=1953#breadcrumb","itemListElement":[{"@type":"ListItem","position":1,"name":"Accueil","item":"https:\/\/www.altercampagne.net\/"},{"@type":"ListItem","position":2,"name":"Enfouissement des d\u00e9chets radioactifs \u00e0 Bure : les coulisses d\u2019un mensonge organis\u00e9"}]},{"@type":"WebSite","@id":"https:\/\/www.altercampagne.net\/#website","url":"https:\/\/www.altercampagne.net\/","name":"AlterTour","description":"Reliez les Alternatives \u00e0 v\u00e9lo","potentialAction":[{"@type":"SearchAction","target":{"@type":"EntryPoint","urlTemplate":"https:\/\/www.altercampagne.net\/?s={search_term_string}"},"query-input":{"@type":"PropertyValueSpecification","valueRequired":true,"valueName":"search_term_string"}}],"inLanguage":"fr-FR"},{"@type":"Person","@id":"https:\/\/www.altercampagne.net\/#\/schema\/person\/0f261460c09e430caa0f9bcffa319109","name":"Mathieu","image":{"@type":"ImageObject","inLanguage":"fr-FR","@id":"https:\/\/secure.gravatar.com\/avatar\/aa9d3d24c83f2141e5e2709d0f63d09a99f6be6bb7a50abc4915838d9f54501a?s=96&d=mm&r=g","url":"https:\/\/secure.gravatar.com\/avatar\/aa9d3d24c83f2141e5e2709d0f63d09a99f6be6bb7a50abc4915838d9f54501a?s=96&d=mm&r=g","contentUrl":"https:\/\/secure.gravatar.com\/avatar\/aa9d3d24c83f2141e5e2709d0f63d09a99f6be6bb7a50abc4915838d9f54501a?s=96&d=mm&r=g","caption":"Mathieu"},"url":"https:\/\/www.altercampagne.net\/?author=214"}]}},"_links":{"self":[{"href":"https:\/\/www.altercampagne.net\/index.php?rest_route=\/wp\/v2\/posts\/1953","targetHints":{"allow":["GET"]}}],"collection":[{"href":"https:\/\/www.altercampagne.net\/index.php?rest_route=\/wp\/v2\/posts"}],"about":[{"href":"https:\/\/www.altercampagne.net\/index.php?rest_route=\/wp\/v2\/types\/post"}],"author":[{"embeddable":true,"href":"https:\/\/www.altercampagne.net\/index.php?rest_route=\/wp\/v2\/users\/214"}],"replies":[{"embeddable":true,"href":"https:\/\/www.altercampagne.net\/index.php?rest_route=%2Fwp%2Fv2%2Fcomments&post=1953"}],"version-history":[{"count":0,"href":"https:\/\/www.altercampagne.net\/index.php?rest_route=\/wp\/v2\/posts\/1953\/revisions"}],"wp:attachment":[{"href":"https:\/\/www.altercampagne.net\/index.php?rest_route=%2Fwp%2Fv2%2Fmedia&parent=1953"}],"wp:term":[{"taxonomy":"category","embeddable":true,"href":"https:\/\/www.altercampagne.net\/index.php?rest_route=%2Fwp%2Fv2%2Fcategories&post=1953"},{"taxonomy":"post_tag","embeddable":true,"href":"https:\/\/www.altercampagne.net\/index.php?rest_route=%2Fwp%2Fv2%2Ftags&post=1953"}],"curies":[{"name":"wp","href":"https:\/\/api.w.org\/{rel}","templated":true}]}}