{"id":1955,"date":"2015-07-17T22:05:58","date_gmt":"2015-07-17T20:05:58","guid":{"rendered":"http:\/\/www.altercampagne.net\/?p=1955"},"modified":"2024-10-22T14:52:05","modified_gmt":"2024-10-22T12:52:05","slug":"nucleaire-ils-pedalent-jusqua-bure-contre-le-projet-cigeo","status":"publish","type":"post","link":"https:\/\/www.altercampagne.net\/?p=1955","title":{"rendered":"Nucl\u00e9aire : ils p\u00e9dalent jusqu\u2019\u00e0 Bure contre le projet Cig\u00e9o"},"content":{"rendered":"<p>LA LUTTE contre le r\u00e9chauffement climatique est un combat qui ne cesse de prendre de l\u2019ampleur. Ainsi, ces d\u00e9fenseurs de la plan\u00e8te vont entamer samedi un voyage de plusieurs centaines de kilom\u00e8tres \u00e0 v\u00e9lo, l\u2019AlterTour. Cette 8e \u00e9dition traversera trois pays : la France, le Luxembourg et la Belgique. Ces 1.200 km, ces 35 \u00e9tapes seront ponctu\u00e9s de conf\u00e9rences, de d\u00e9bats et de visites ouverts au public. Ils vont ainsi relier Bar-le-Duc \u00e0 Calais.<\/p>\n<p>Les objectifs de ce voyage sont d\u2019alerter la population sur le climat et de lui faire comprendre qu\u2019elle doit \u00eatre d\u00e9cisionnaire des d\u00e9bats internationaux.<\/p>\n<p>Samedi, ils vont partir \u00e0 13 h 30 du camping de Bar-le-Duc direction Bure. Cette premi\u00e8re \u00e9tape est un symbole pour Mathieu Fromont, coordinateur du projet : \u00ab Nous voulions vraiment partir de la Meuse et de Bure. De nombreuses manifestations vont avoir lieu sur le site cet \u00e9t\u00e9. Nous voulions \u00eatre pr\u00e9sents \u00bb. Le soir, une projection suivie d\u2019un d\u00e9bat sur l\u2019enfouissement des d\u00e9chets nucl\u00e9aires est programm\u00e9e. Dimanche, les antinucl\u00e9aires resteront sur le site. Un cercle de parole aura lieu \u00e0 10 h ainsi qu\u2019un \u00e9change autour des voyages \u00e0 v\u00e9lo \u00e0 14 h. L\u2019apr\u00e8s-midi se terminera par un concert des Bure Haleurs. Lundi, ils remonteront sur leurs bicyclettes pour rejoindre Pierre-la-Treiche (54).<\/p>\n<p>Source, l&rsquo;Est R\u00e9publicain : <a href=\"http:\/\/www.estrepublicain.fr\/environnement\/2015\/07\/16\/nucleaire-ils-pedalent-jusqu-a-bure-contre-le-projet-cigeo\" target=\"_blank\" rel=\"noopener\">http:\/\/www.estrepublicain.fr\/environnement\/2015\/07\/16\/nucleaire-ils-pedalent-jusqu-a-bure-contre-le-projet-cigeo<\/a><\/p>\n","protected":false},"excerpt":{"rendered":"<p>LA LUTTE contre le r\u00e9chauffement climatique est un combat qui ne cesse de prendre de l\u2019ampleur. Ainsi, ces d\u00e9fenseurs de la plan\u00e8te vont entamer samedi un voyage de plusieurs centaines de kilom\u00e8tres \u00e0 v\u00e9lo, l\u2019AlterTour. Cette 8e \u00e9dition traversera trois pays : la France, le Luxembourg et la Belgique. Ces &#8230; <\/p>\n<div><a href=\"https:\/\/www.altercampagne.net\/?p=1955\" class=\"more-link\">Read More<\/a><\/div>\n","protected":false},"author":215,"featured_media":1956,"comment_status":"closed","ping_status":"closed","sticky":false,"template":"","format":"standard","meta":{"footnotes":""},"categories":[239],"tags":[25,44,171,192,193,232,233,247,328,329,352,1514],"class_list":["post-1955","post","type-post","status-publish","format-standard","has-post-thumbnail","hentry","category-revue-de-presse","tag-bure","tag-climat","tag-bure-haleurs","tag-altertour-2015","tag-cigeo","tag-nucleaire","tag-cop21","tag-lorraine","tag-bar-le-duc","tag-bure-a-cuire","tag-pierre-la-treiche","tag-meuse"],"yoast_head":"<!-- This site is optimized with the Yoast SEO plugin v27.3 - https:\/\/yoast.com\/product\/yoast-seo-wordpress\/ -->\n<title>Nucl\u00e9aire : ils p\u00e9dalent jusqu\u2019\u00e0 Bure contre le projet Cig\u00e9o - AlterTour<\/title>\n<meta name=\"robots\" content=\"index, follow, max-snippet:-1, max-image-preview:large, max-video-preview:-1\" \/>\n<link rel=\"canonical\" href=\"https:\/\/www.altercampagne.net\/?p=1955\" \/>\n<meta property=\"og:locale\" content=\"fr_FR\" \/>\n<meta property=\"og:type\" content=\"article\" \/>\n<meta property=\"og:title\" content=\"Nucl\u00e9aire : ils p\u00e9dalent jusqu\u2019\u00e0 Bure contre le projet Cig\u00e9o - AlterTour\" \/>\n<meta property=\"og:description\" content=\"LA LUTTE contre le r\u00e9chauffement climatique est un combat qui ne cesse de prendre de l\u2019ampleur. Ainsi, ces d\u00e9fenseurs de la plan\u00e8te vont entamer samedi un voyage de plusieurs centaines de kilom\u00e8tres \u00e0 v\u00e9lo, l\u2019AlterTour. Cette 8e \u00e9dition traversera trois pays : la France, le Luxembourg et la Belgique. Ces ... Read More\" \/>\n<meta property=\"og:url\" content=\"https:\/\/www.altercampagne.net\/?p=1955\" \/>\n<meta property=\"og:site_name\" content=\"AlterTour\" \/>\n<meta property=\"article:published_time\" content=\"2015-07-17T20:05:58+00:00\" \/>\n<meta property=\"article:modified_time\" content=\"2024-10-22T12:52:05+00:00\" \/>\n<meta property=\"og:image\" content=\"https:\/\/www.altercampagne.net\/wp-content\/uploads\/2015\/08\/title.jpg\" \/>\n\t<meta property=\"og:image:width\" content=\"1600\" \/>\n\t<meta property=\"og:image:height\" content=\"1065\" \/>\n\t<meta property=\"og:image:type\" content=\"image\/jpeg\" \/>\n<meta name=\"author\" content=\"AlterTour\" \/>\n<meta name=\"twitter:card\" content=\"summary_large_image\" \/>\n<meta name=\"twitter:label1\" content=\"\u00c9crit par\" \/>\n\t<meta name=\"twitter:data1\" content=\"AlterTour\" \/>\n\t<meta name=\"twitter:label2\" content=\"Dur\u00e9e de lecture estim\u00e9e\" \/>\n\t<meta name=\"twitter:data2\" content=\"2 minutes\" \/>\n<script type=\"application\/ld+json\" class=\"yoast-schema-graph\">{\"@context\":\"https:\\\/\\\/schema.org\",\"@graph\":[{\"@type\":\"Article\",\"@id\":\"https:\\\/\\\/www.altercampagne.net\\\/?p=1955#article\",\"isPartOf\":{\"@id\":\"https:\\\/\\\/www.altercampagne.net\\\/?p=1955\"},\"author\":{\"name\":\"AlterTour\",\"@id\":\"https:\\\/\\\/www.altercampagne.net\\\/#\\\/schema\\\/person\\\/e5b68c803196f649c2152249d262d94a\"},\"headline\":\"Nucl\u00e9aire : ils p\u00e9dalent jusqu\u2019\u00e0 Bure contre le projet Cig\u00e9o\",\"datePublished\":\"2015-07-17T20:05:58+00:00\",\"dateModified\":\"2024-10-22T12:52:05+00:00\",\"mainEntityOfPage\":{\"@id\":\"https:\\\/\\\/www.altercampagne.net\\\/?p=1955\"},\"wordCount\":245,\"image\":{\"@id\":\"https:\\\/\\\/www.altercampagne.net\\\/?p=1955#primaryimage\"},\"thumbnailUrl\":\"https:\\\/\\\/www.altercampagne.net\\\/wp-content\\\/uploads\\\/2015\\\/08\\\/title.jpg\",\"keywords\":[\"Bure\",\"climat\",\"Bure Haleurs\",\"AlterTour 2015\",\"CIGEO\",\"nucl\u00e9aire\",\"cop21\",\"Lorraine\",\"bar-le-duc\",\"bure \u00e0 cuire\",\"Pierre-la-Treiche\",\"Meuse\"],\"articleSection\":[\"Revue de presse\"],\"inLanguage\":\"fr-FR\"},{\"@type\":\"WebPage\",\"@id\":\"https:\\\/\\\/www.altercampagne.net\\\/?p=1955\",\"url\":\"https:\\\/\\\/www.altercampagne.net\\\/?p=1955\",\"name\":\"Nucl\u00e9aire : ils p\u00e9dalent jusqu\u2019\u00e0 Bure contre le projet Cig\u00e9o - AlterTour\",\"isPartOf\":{\"@id\":\"https:\\\/\\\/www.altercampagne.net\\\/#website\"},\"primaryImageOfPage\":{\"@id\":\"https:\\\/\\\/www.altercampagne.net\\\/?p=1955#primaryimage\"},\"image\":{\"@id\":\"https:\\\/\\\/www.altercampagne.net\\\/?p=1955#primaryimage\"},\"thumbnailUrl\":\"https:\\\/\\\/www.altercampagne.net\\\/wp-content\\\/uploads\\\/2015\\\/08\\\/title.jpg\",\"datePublished\":\"2015-07-17T20:05:58+00:00\",\"dateModified\":\"2024-10-22T12:52:05+00:00\",\"author\":{\"@id\":\"https:\\\/\\\/www.altercampagne.net\\\/#\\\/schema\\\/person\\\/e5b68c803196f649c2152249d262d94a\"},\"breadcrumb\":{\"@id\":\"https:\\\/\\\/www.altercampagne.net\\\/?p=1955#breadcrumb\"},\"inLanguage\":\"fr-FR\",\"potentialAction\":[{\"@type\":\"ReadAction\",\"target\":[\"https:\\\/\\\/www.altercampagne.net\\\/?p=1955\"]}]},{\"@type\":\"ImageObject\",\"inLanguage\":\"fr-FR\",\"@id\":\"https:\\\/\\\/www.altercampagne.net\\\/?p=1955#primaryimage\",\"url\":\"https:\\\/\\\/www.altercampagne.net\\\/wp-content\\\/uploads\\\/2015\\\/08\\\/title.jpg\",\"contentUrl\":\"https:\\\/\\\/www.altercampagne.net\\\/wp-content\\\/uploads\\\/2015\\\/08\\\/title.jpg\",\"width\":1600,\"height\":1065},{\"@type\":\"BreadcrumbList\",\"@id\":\"https:\\\/\\\/www.altercampagne.net\\\/?p=1955#breadcrumb\",\"itemListElement\":[{\"@type\":\"ListItem\",\"position\":1,\"name\":\"Accueil\",\"item\":\"https:\\\/\\\/www.altercampagne.net\\\/\"},{\"@type\":\"ListItem\",\"position\":2,\"name\":\"Nucl\u00e9aire : ils p\u00e9dalent jusqu\u2019\u00e0 Bure contre le projet Cig\u00e9o\"}]},{\"@type\":\"WebSite\",\"@id\":\"https:\\\/\\\/www.altercampagne.net\\\/#website\",\"url\":\"https:\\\/\\\/www.altercampagne.net\\\/\",\"name\":\"AlterTour\",\"description\":\"Reliez les Alternatives \u00e0 v\u00e9lo\",\"potentialAction\":[{\"@type\":\"SearchAction\",\"target\":{\"@type\":\"EntryPoint\",\"urlTemplate\":\"https:\\\/\\\/www.altercampagne.net\\\/?s={search_term_string}\"},\"query-input\":{\"@type\":\"PropertyValueSpecification\",\"valueRequired\":true,\"valueName\":\"search_term_string\"}}],\"inLanguage\":\"fr-FR\"},{\"@type\":\"Person\",\"@id\":\"https:\\\/\\\/www.altercampagne.net\\\/#\\\/schema\\\/person\\\/e5b68c803196f649c2152249d262d94a\",\"name\":\"AlterTour\",\"image\":{\"@type\":\"ImageObject\",\"inLanguage\":\"fr-FR\",\"@id\":\"https:\\\/\\\/secure.gravatar.com\\\/avatar\\\/3f2ed77f8506b8ea264ad5938bb0114bfa10f35b64086a66dfbb6e9f58ad9693?s=96&d=mm&r=g\",\"url\":\"https:\\\/\\\/secure.gravatar.com\\\/avatar\\\/3f2ed77f8506b8ea264ad5938bb0114bfa10f35b64086a66dfbb6e9f58ad9693?s=96&d=mm&r=g\",\"contentUrl\":\"https:\\\/\\\/secure.gravatar.com\\\/avatar\\\/3f2ed77f8506b8ea264ad5938bb0114bfa10f35b64086a66dfbb6e9f58ad9693?s=96&d=mm&r=g\",\"caption\":\"AlterTour\"},\"url\":\"https:\\\/\\\/www.altercampagne.net\\\/?author=215\"}]}<\/script>\n<!-- \/ Yoast SEO plugin. -->","yoast_head_json":{"title":"Nucl\u00e9aire : ils p\u00e9dalent jusqu\u2019\u00e0 Bure contre le projet Cig\u00e9o - AlterTour","robots":{"index":"index","follow":"follow","max-snippet":"max-snippet:-1","max-image-preview":"max-image-preview:large","max-video-preview":"max-video-preview:-1"},"canonical":"https:\/\/www.altercampagne.net\/?p=1955","og_locale":"fr_FR","og_type":"article","og_title":"Nucl\u00e9aire : ils p\u00e9dalent jusqu\u2019\u00e0 Bure contre le projet Cig\u00e9o - AlterTour","og_description":"LA LUTTE contre le r\u00e9chauffement climatique est un combat qui ne cesse de prendre de l\u2019ampleur. Ainsi, ces d\u00e9fenseurs de la plan\u00e8te vont entamer samedi un voyage de plusieurs centaines de kilom\u00e8tres \u00e0 v\u00e9lo, l\u2019AlterTour. Cette 8e \u00e9dition traversera trois pays : la France, le Luxembourg et la Belgique. Ces ... Read More","og_url":"https:\/\/www.altercampagne.net\/?p=1955","og_site_name":"AlterTour","article_published_time":"2015-07-17T20:05:58+00:00","article_modified_time":"2024-10-22T12:52:05+00:00","og_image":[{"width":1600,"height":1065,"url":"https:\/\/www.altercampagne.net\/wp-content\/uploads\/2015\/08\/title.jpg","type":"image\/jpeg"}],"author":"AlterTour","twitter_card":"summary_large_image","twitter_misc":{"\u00c9crit par":"AlterTour","Dur\u00e9e de lecture estim\u00e9e":"2 minutes"},"schema":{"@context":"https:\/\/schema.org","@graph":[{"@type":"Article","@id":"https:\/\/www.altercampagne.net\/?p=1955#article","isPartOf":{"@id":"https:\/\/www.altercampagne.net\/?p=1955"},"author":{"name":"AlterTour","@id":"https:\/\/www.altercampagne.net\/#\/schema\/person\/e5b68c803196f649c2152249d262d94a"},"headline":"Nucl\u00e9aire : ils p\u00e9dalent jusqu\u2019\u00e0 Bure contre le projet Cig\u00e9o","datePublished":"2015-07-17T20:05:58+00:00","dateModified":"2024-10-22T12:52:05+00:00","mainEntityOfPage":{"@id":"https:\/\/www.altercampagne.net\/?p=1955"},"wordCount":245,"image":{"@id":"https:\/\/www.altercampagne.net\/?p=1955#primaryimage"},"thumbnailUrl":"https:\/\/www.altercampagne.net\/wp-content\/uploads\/2015\/08\/title.jpg","keywords":["Bure","climat","Bure Haleurs","AlterTour 2015","CIGEO","nucl\u00e9aire","cop21","Lorraine","bar-le-duc","bure \u00e0 cuire","Pierre-la-Treiche","Meuse"],"articleSection":["Revue de presse"],"inLanguage":"fr-FR"},{"@type":"WebPage","@id":"https:\/\/www.altercampagne.net\/?p=1955","url":"https:\/\/www.altercampagne.net\/?p=1955","name":"Nucl\u00e9aire : ils p\u00e9dalent jusqu\u2019\u00e0 Bure contre le projet Cig\u00e9o - AlterTour","isPartOf":{"@id":"https:\/\/www.altercampagne.net\/#website"},"primaryImageOfPage":{"@id":"https:\/\/www.altercampagne.net\/?p=1955#primaryimage"},"image":{"@id":"https:\/\/www.altercampagne.net\/?p=1955#primaryimage"},"thumbnailUrl":"https:\/\/www.altercampagne.net\/wp-content\/uploads\/2015\/08\/title.jpg","datePublished":"2015-07-17T20:05:58+00:00","dateModified":"2024-10-22T12:52:05+00:00","author":{"@id":"https:\/\/www.altercampagne.net\/#\/schema\/person\/e5b68c803196f649c2152249d262d94a"},"breadcrumb":{"@id":"https:\/\/www.altercampagne.net\/?p=1955#breadcrumb"},"inLanguage":"fr-FR","potentialAction":[{"@type":"ReadAction","target":["https:\/\/www.altercampagne.net\/?p=1955"]}]},{"@type":"ImageObject","inLanguage":"fr-FR","@id":"https:\/\/www.altercampagne.net\/?p=1955#primaryimage","url":"https:\/\/www.altercampagne.net\/wp-content\/uploads\/2015\/08\/title.jpg","contentUrl":"https:\/\/www.altercampagne.net\/wp-content\/uploads\/2015\/08\/title.jpg","width":1600,"height":1065},{"@type":"BreadcrumbList","@id":"https:\/\/www.altercampagne.net\/?p=1955#breadcrumb","itemListElement":[{"@type":"ListItem","position":1,"name":"Accueil","item":"https:\/\/www.altercampagne.net\/"},{"@type":"ListItem","position":2,"name":"Nucl\u00e9aire : ils p\u00e9dalent jusqu\u2019\u00e0 Bure contre le projet Cig\u00e9o"}]},{"@type":"WebSite","@id":"https:\/\/www.altercampagne.net\/#website","url":"https:\/\/www.altercampagne.net\/","name":"AlterTour","description":"Reliez les Alternatives \u00e0 v\u00e9lo","potentialAction":[{"@type":"SearchAction","target":{"@type":"EntryPoint","urlTemplate":"https:\/\/www.altercampagne.net\/?s={search_term_string}"},"query-input":{"@type":"PropertyValueSpecification","valueRequired":true,"valueName":"search_term_string"}}],"inLanguage":"fr-FR"},{"@type":"Person","@id":"https:\/\/www.altercampagne.net\/#\/schema\/person\/e5b68c803196f649c2152249d262d94a","name":"AlterTour","image":{"@type":"ImageObject","inLanguage":"fr-FR","@id":"https:\/\/secure.gravatar.com\/avatar\/3f2ed77f8506b8ea264ad5938bb0114bfa10f35b64086a66dfbb6e9f58ad9693?s=96&d=mm&r=g","url":"https:\/\/secure.gravatar.com\/avatar\/3f2ed77f8506b8ea264ad5938bb0114bfa10f35b64086a66dfbb6e9f58ad9693?s=96&d=mm&r=g","contentUrl":"https:\/\/secure.gravatar.com\/avatar\/3f2ed77f8506b8ea264ad5938bb0114bfa10f35b64086a66dfbb6e9f58ad9693?s=96&d=mm&r=g","caption":"AlterTour"},"url":"https:\/\/www.altercampagne.net\/?author=215"}]}},"_links":{"self":[{"href":"https:\/\/www.altercampagne.net\/index.php?rest_route=\/wp\/v2\/posts\/1955","targetHints":{"allow":["GET"]}}],"collection":[{"href":"https:\/\/www.altercampagne.net\/index.php?rest_route=\/wp\/v2\/posts"}],"about":[{"href":"https:\/\/www.altercampagne.net\/index.php?rest_route=\/wp\/v2\/types\/post"}],"author":[{"embeddable":true,"href":"https:\/\/www.altercampagne.net\/index.php?rest_route=\/wp\/v2\/users\/215"}],"replies":[{"embeddable":true,"href":"https:\/\/www.altercampagne.net\/index.php?rest_route=%2Fwp%2Fv2%2Fcomments&post=1955"}],"version-history":[{"count":2,"href":"https:\/\/www.altercampagne.net\/index.php?rest_route=\/wp\/v2\/posts\/1955\/revisions"}],"predecessor-version":[{"id":28638,"href":"https:\/\/www.altercampagne.net\/index.php?rest_route=\/wp\/v2\/posts\/1955\/revisions\/28638"}],"wp:featuredmedia":[{"embeddable":true,"href":"https:\/\/www.altercampagne.net\/index.php?rest_route=\/wp\/v2\/media\/1956"}],"wp:attachment":[{"href":"https:\/\/www.altercampagne.net\/index.php?rest_route=%2Fwp%2Fv2%2Fmedia&parent=1955"}],"wp:term":[{"taxonomy":"category","embeddable":true,"href":"https:\/\/www.altercampagne.net\/index.php?rest_route=%2Fwp%2Fv2%2Fcategories&post=1955"},{"taxonomy":"post_tag","embeddable":true,"href":"https:\/\/www.altercampagne.net\/index.php?rest_route=%2Fwp%2Fv2%2Ftags&post=1955"}],"curies":[{"name":"wp","href":"https:\/\/api.w.org\/{rel}","templated":true}]}}