{"id":19553,"date":"2020-09-29T19:44:46","date_gmt":"2020-09-29T17:44:46","guid":{"rendered":"http:\/\/www.altercampagne.net\/?p=19553"},"modified":"2020-10-17T11:05:25","modified_gmt":"2020-10-17T09:05:25","slug":"cest-la-rentree-une-merveilleuse-vague-dengagement-dans-un-contexte-inhabituel","status":"publish","type":"post","link":"https:\/\/www.altercampagne.net\/?p=19553","title":{"rendered":"C&rsquo;est la rentr\u00e9e ! Une merveilleuse vague d\u2019engagement dans un contexte inhabituel"},"content":{"rendered":"\n<h4 class=\"wp-block-heading\"> Jeudi, la nouvelle tombe : le palais de la femme ne peut plus nous accueillir, covid oblige.<\/h4>\n\n\n\n<p> Les organisatrices &#8211; F\u00e9licie, Lola et Brunelle &#8211; et Mathieu travaillent dur dur pour adapter les temps d\u2019\u00e9change et d\u2019ateliers en <strong>visio-pl\u00e9ni\u00e8re<\/strong> tandis que les non-parisiens annulent leurs billets ; ou du moins ceux qui ont eu la nouvelle \u00e0 temps, car oui certain.e.s se retrouvent \u00e0 la capitale, un petit sentiment de d\u00e9ception qu\u2019on imagine pr\u00e9sent !<\/p>\n\n\n\n<h4 class=\"wp-block-heading\">Heureusement, nous vivons la solidarit\u00e9<\/h4>\n\n\n\n<p>Et c\u2019est ainsi qu\u2019un peu partout \u00e0 Paris et ailleurs des groupes d\u2019altercyclistes s\u2019improvisent et se forment chez les un.e.s les autres pour assister \u00e0 une version in\u00e9dite &#8211; en ligne &#8211; de cette premi\u00e8re pl\u00e9ni\u00e8re de septembre, lan\u00e7ant la nouvelle \u00e9dition du tour !<\/p>\n\n\n\n<figure class=\"wp-block-image size-large\"><img loading=\"lazy\" decoding=\"async\" width=\"1000\" height=\"522\" src=\"http:\/\/www.altercampagne.net\/wp-content\/uploads\/2020\/09\/Pl\u00e9ni\u00e8re-1-2021-1-ex.jpg\" alt=\"\" class=\"wp-image-19561\" srcset=\"https:\/\/www.altercampagne.net\/wp-content\/uploads\/2020\/09\/Pl\u00e9ni\u00e8re-1-2021-1-ex.jpg 1000w, https:\/\/www.altercampagne.net\/wp-content\/uploads\/2020\/09\/Pl\u00e9ni\u00e8re-1-2021-1-ex-300x157.jpg 300w, https:\/\/www.altercampagne.net\/wp-content\/uploads\/2020\/09\/Pl\u00e9ni\u00e8re-1-2021-1-ex-768x401.jpg 768w, https:\/\/www.altercampagne.net\/wp-content\/uploads\/2020\/09\/Pl\u00e9ni\u00e8re-1-2021-1-ex-610x318.jpg 610w, https:\/\/www.altercampagne.net\/wp-content\/uploads\/2020\/09\/Pl\u00e9ni\u00e8re-1-2021-1-ex-100x52.jpg 100w, https:\/\/www.altercampagne.net\/wp-content\/uploads\/2020\/09\/Pl\u00e9ni\u00e8re-1-2021-1-ex-862x450.jpg 862w\" sizes=\"auto, (max-width: 1000px) 100vw, 1000px\" \/><figcaption>Chez Lo\u00efc \/ Photo : L\u00e9na<\/figcaption><\/figure>\n\n\n\n<p>C\u2019est ainsi que samedi matin 10h00 nous nous retrouvons tou.te.s un peu <strong>\u00e9berlu\u00e9.e.s face \u00e0 nos \u00e9crans<\/strong> : on ne comprend pas trop ce qui est en train de se passer, nous avions tant attendu ce moment o\u00f9 nous allions nous retrouver, s\u2019enlacer, prendre des nouvelles depuis le tour, se rappeler les moments forts et les anecdotes qui remplissent nos souvenirs, d\u00e9couvrir celles et ceux qui ont p\u00e9dal\u00e9 sur d\u2019autre \u00e9tapes, entamer des discussions au d\u00e9tour d\u2019un caf\u00e9\/croissant, <strong>tr\u00e9pignant de savoir quelle forme allaient prendre ces deux jours de travail<\/strong>.<\/p>\n\n\n\n<p class=\"has-text-align-right\"><em>Ici dans la Dombes<\/em><br><em>\u00e7a ressemble \u00e0 un vrai <strong>camp de base arri\u00e8re de l\u2019AlterTour<\/strong>,<\/em><br><em>trois des membres du coll\u00e8ge solidaire sont pr\u00e9sen<\/em>t,<br><em>chacun son ordinateur, chacun aidant \u00e0 l\u2019orga, <\/em><br><em>chacun animant des ateliers, chacun r\u00e9fl\u00e9chissant <\/em><br><em>afin que <strong>le week-end se d\u00e9roule au mieux<\/strong> !<\/em><\/p>\n\n\n\n<h4 class=\"wp-block-heading\"> Il y a du monde connect\u00e9 ! <\/h4>\n\n\n\n<p>Nous sommes <strong>une bonne soixantaine<\/strong> \u00e0 venir <strong>d\u00e9couvrir, \u00e9couter, s\u2019informer, \u00e9changer, s\u2019impliquer dans l\u2019orga<\/strong> ; certain.e.s souhaitent organiser des \u00e9tapes, d\u2019autres investissent le p\u00f4le communication ou&nbsp; logistique, ou viennent simplement participer au choix de la zone g\u00e9ographique.&nbsp;<\/p>\n\n\n\n<p>Parce que oui, la r\u00e9ponse tant demand\u00e9e \u00e0 la grande question qui r\u00e9git cette r\u00e9union d\u2019accros du v\u00e9lo est O\u00d9 !<br><strong>\u201cMais o\u00f9 allons-nous p\u00e9daler l\u2019\u00e9t\u00e9 prochain ?!\u201d<\/strong><\/p>\n\n\n\n<figure class=\"wp-block-image size-large\"><img loading=\"lazy\" decoding=\"async\" width=\"1000\" height=\"521\" src=\"http:\/\/www.altercampagne.net\/wp-content\/uploads\/2020\/09\/Pl\u00e9ni\u00e8re-1-2021-4-ex.jpg\" alt=\"\" class=\"wp-image-19562\" srcset=\"https:\/\/www.altercampagne.net\/wp-content\/uploads\/2020\/09\/Pl\u00e9ni\u00e8re-1-2021-4-ex.jpg 1000w, https:\/\/www.altercampagne.net\/wp-content\/uploads\/2020\/09\/Pl\u00e9ni\u00e8re-1-2021-4-ex-300x156.jpg 300w, https:\/\/www.altercampagne.net\/wp-content\/uploads\/2020\/09\/Pl\u00e9ni\u00e8re-1-2021-4-ex-768x400.jpg 768w, https:\/\/www.altercampagne.net\/wp-content\/uploads\/2020\/09\/Pl\u00e9ni\u00e8re-1-2021-4-ex-610x318.jpg 610w, https:\/\/www.altercampagne.net\/wp-content\/uploads\/2020\/09\/Pl\u00e9ni\u00e8re-1-2021-4-ex-100x52.jpg 100w, https:\/\/www.altercampagne.net\/wp-content\/uploads\/2020\/09\/Pl\u00e9ni\u00e8re-1-2021-4-ex-862x449.jpg 862w\" sizes=\"auto, (max-width: 1000px) 100vw, 1000px\" \/><figcaption>Une Visio-Pl\u00e9ni\u00e8re \/ Photo : Val\u00e9rie<\/figcaption><\/figure>\n\n\n\n<h4 class=\"wp-block-heading\">Cependant patience patience ! La place est aux ateliers du matin&nbsp;<\/h4>\n\n\n\n<p>En premier, explorer <strong>les pistes d\u2019am\u00e9lioration<\/strong> li\u00e9es au questionnaire de retour d\u2019exp\u00e9rience de notre passage au tour. Et en top trois des sujets les plus discut\u00e9s : <br><br><strong>Trouver le bon \u00e9quilibre au niveau du rythme <\/strong><br><strong>Renforcer le militantisme<\/strong><br><strong>Se saisir toujours plus des questions f\u00e9ministes<\/strong><\/p>\n\n\n\n<p>Ensuite c\u2019est au <strong>coll\u00e8ge solidaire<\/strong> de succinctement prendre la parole pour pr\u00e9senter <strong>ses raisons d\u2019\u00eatre et son fonctionnement<\/strong> tout au long de l\u2019ann\u00e9e, et pour donner quelques exemples de discussions et de d\u00e9cisions qui peuvent \u00eatre prises lors de r\u00e9unions jalonnant l\u2019orga de l\u2019AlterTour.<\/p>\n\n\n\n<p>Enfin c&rsquo;est par petits groupes anim\u00e9s par des membres \u00e0 l\u2019aise avec la m\u00e9canique AlterTour que nous pr\u00e9sentons aux <strong>n\u00e9o assoif\u00e9.e.s de l\u2019orga<\/strong> le <strong>r\u00e9troplanning d\u2019une ann\u00e9e d\u2019organisation<\/strong>, <br>pour que chacun.e se repr\u00e9sente les diff\u00e9rentes \u00e9tapes de construction d\u2019un AlterTour et des t\u00e2ches \u00e0 accomplir selon leur temporalit\u00e9 ; <br>avec pour but que chacun.e puisse au mieux s\u2019orienter et d\u00e9cider de son implication dans les diff\u00e9rents p\u00f4les et\/ou groupes de travail.&nbsp;<\/p>\n\n\n\n<p><strong>C\u2019est ainsi que les inscriptions sur la liste orga explosent de demandes et confirment l\u2019engouement que suscite l\u2019AlterTour !<\/strong><\/p>\n\n\n\n<p class=\"has-text-align-right\"><em>Ici dans la Dombes c\u2019est la pause d\u00e9jeuner,<\/em><br><em>teint\u00e9e de <strong>soulagement<\/strong>, de <strong>respiration<\/strong>, de <strong>gratitude<\/strong><\/em><br><em>de voir que l\u2019adaptation \u00e0 distance du week end se d\u00e9roule bien<\/em> ;<br><em>et toutefois <strong>beaucoup de travail de coordination<\/strong> encore \u00e0 faire !<\/em><\/p>\n\n\n\n<h4 class=\"wp-block-heading\">De l\u2019aligot \u00e0 l\u2019iode ?<\/h4>\n\n\n\n<p>Et c\u2019est l\u2019apr\u00e8s-midi que nous attaquons le dur, <strong>le gros du dossier<\/strong>, <strong>la raison de nos euphories<\/strong>, ce qui fait que nous allons passer les prochaines 24h \u00e0 \u00e9changer, d\u00e9battre, opiner du chef, s\u2019outrer les bras en l\u2019air, rire, couper les micros pour discuter en off, activer les neurones, trouver de la coh\u00e9rence, \u00e9couter son instinct, se laisser convaincre des arguments d\u2019autres, d\u00e9river du sujet pour mieux y revenir : <br><strong>mais quelles sont donc les r\u00e9gions que nous allons traverser en \u00e9t\u00e9 2021 ??<\/strong><\/p>\n\n\n\n<p>Un <strong>rapide syst\u00e8me de votation<\/strong> permet de d\u00e9gager <strong>deux tendances marqu\u00e9es<\/strong> : nord-ouest comprenant la Bretagne, la Normandie et la Belgique d\u2019un c\u00f4t\u00e9, l\u2019Auvergne de l\u2019autre.<\/p>\n\n\n\n<p>\u00c0 coup de graphiques, de cartes des \u00e9ditions pr\u00e9c\u00e9dentes, de test d\u2019itin\u00e9raire pour v\u00e9rifier le kilom\u00e9trage, de centres d\u2019int\u00e9r\u00eats <strong>touristico-militanto-alternatifs<\/strong>, de <strong>tours de paroles<\/strong> des envies, d\u2019argumentations et\/ou de blocages des un.e.s des autres, nous avan\u00e7ons dans nos r\u00e9flexions.<\/p>\n\n\n\n<p>Toute cette logique nous am\u00e8nera \u00e0 <strong>moins de dispersion et \u00e0 prendre plus de temps<\/strong> pour explorer les d\u00e9partements que nous traverserons ; <\/p>\n\n\n\n<h4 class=\"wp-block-heading\">Et c\u2019est ainsi que nous tapons dans le mille ! Ce sont la Bretagne et la Normandie qui seront \u00e0 l\u2019honneur en \u00e9t\u00e9 2021 !<\/h4>\n\n\n\n<figure class=\"wp-block-image size-large\"><img loading=\"lazy\" decoding=\"async\" width=\"1000\" height=\"522\" src=\"http:\/\/www.altercampagne.net\/wp-content\/uploads\/2020\/09\/Pl\u00e9ni\u00e8re-1-2021-5-ex.jpg\" alt=\"\" class=\"wp-image-19575\" srcset=\"https:\/\/www.altercampagne.net\/wp-content\/uploads\/2020\/09\/Pl\u00e9ni\u00e8re-1-2021-5-ex.jpg 1000w, https:\/\/www.altercampagne.net\/wp-content\/uploads\/2020\/09\/Pl\u00e9ni\u00e8re-1-2021-5-ex-300x157.jpg 300w, https:\/\/www.altercampagne.net\/wp-content\/uploads\/2020\/09\/Pl\u00e9ni\u00e8re-1-2021-5-ex-768x401.jpg 768w, https:\/\/www.altercampagne.net\/wp-content\/uploads\/2020\/09\/Pl\u00e9ni\u00e8re-1-2021-5-ex-610x318.jpg 610w, https:\/\/www.altercampagne.net\/wp-content\/uploads\/2020\/09\/Pl\u00e9ni\u00e8re-1-2021-5-ex-100x52.jpg 100w, https:\/\/www.altercampagne.net\/wp-content\/uploads\/2020\/09\/Pl\u00e9ni\u00e8re-1-2021-5-ex-862x450.jpg 862w\" sizes=\"auto, (max-width: 1000px) 100vw, 1000px\" \/><figcaption>Chez R\u00e9mi \/ Photo : Val\u00e9rie<\/figcaption><\/figure>\n\n\n\n<p class=\"has-text-align-right\"><em>Une petite pause lexique : nous appelons d\u00e9frichage l\u2019action d\u2019aller farfouiller, fouiner, glaner, rep\u00e9rer &#8211; gr\u00e2ce \u00e0 diff\u00e9rents r\u00e9seaux et moyens de communication &#8211; des actions, des lieux et des personnes sur un territoire donn\u00e9 ; ce qui nous permettra plus tard dans l\u2019ann\u00e9e de pouvoir \u00e9tablir le parcours r\u00e9el et les diff\u00e9rentes \u00e9tapes. <\/em><\/p>\n\n\n\n<h4 class=\"wp-block-heading\">Ne jamais prendre de d\u00e9cision le samedi soir d\u2019une pl\u00e9ni\u00e8re<\/h4>\n\n\n\n<p><strong>Toujours attendre le dimanche matin<\/strong> lorsque les t\u00eates se sont refroidies, et nous respecterons cette maxime !<\/p>\n\n\n\n<p>Ce sera donc <strong>un tour au parfum iod\u00e9<\/strong>, parfait, merveilleux, nous avons une zone \u00e0 d\u00e9fricher ! <br>Et c\u2019est assez in\u00e9dit car bien moins de d\u00e9partements sont \u00e0 fouiller et par cons\u00e9quent beaucoup d\u2019inscrit.e.s, dans chacun des d\u00e9partements vis\u00e9s, pour collecter les infos, les contacts, lieux et personnes qui nous appellent pour notre prochain passage, ce qui va nous permettre d\u2019\u00eatre d\u2019autant plus <strong>pr\u00e9ci.se.s et diversifi\u00e9.e.s dans les alternatives que nous irons rencontrer<\/strong> !<\/p>\n\n\n\n<p class=\"has-text-align-right\"><em>Ici dans la Dombes c\u2019est un m\u00e9lange d\u2019<strong>excitation<\/strong> et d\u2019<strong>euphorie<\/strong> qui r\u00e8gne,<\/em><br><em>le sentiment du <strong>travail accompli<\/strong> m\u00eal\u00e9 \u00e0 la <strong>fatigue<\/strong>, <\/em><br><em>l\u2019<strong>impatience<\/strong> des \u00e9tapes d\u2019orga<\/em> <em>suivantes<\/em><br><em>et l\u2019<strong>\u0153il averti du chemin \u00e0 accomplir<\/strong> <\/em><br><em>avant que prenne forme ce <strong>beau tour que nous ch\u00e9rissons<\/strong> .<\/em><\/p>\n\n\n\n<p>Encore deux petites formations &#8211; prise en main du site internet et des outils organisationnels &#8211; pour les nouvelles chairs fraiches de cette ann\u00e9e viendront <strong>cl\u00f4turer cet inattendu et n\u00e9anmoins efficace et tr\u00e8s r\u00e9jouissant weekend de travail.<\/strong><\/p>\n\n\n\n<h4 class=\"wp-block-heading\">On se revoit vite !<\/h4>\n\n\n\n<p>7 &amp; 8 novembre \u00e0 la MFR de Morre dans le Doubs :  11 Rue des Planches &#8211; 25660 Morre. <br>\nVous pouvez nous rejoindre en train (gare de Besan\u00e7on Viotte) ou en co-voiturage. <br>\nNous serons loger sur place, pensez \u00e0 prendre vos sacs de couchage.<br>12 &amp; 13 d\u00e9cembre, lieu encore \u00e0 d\u00e9finir<\/p>\n","protected":false},"excerpt":{"rendered":"<p>Jeudi, la nouvelle tombe : le palais de la femme ne peut plus nous accueillir, covid oblige. Les organisatrices &#8211; F\u00e9licie, Lola et Brunelle &#8211; et Mathieu travaillent dur dur pour adapter les temps d\u2019\u00e9change et d\u2019ateliers en visio-pl\u00e9ni\u00e8re tandis que les non-parisiens annulent leurs billets ; ou du moins &#8230; <\/p>\n<div><a href=\"https:\/\/www.altercampagne.net\/?p=19553\" class=\"more-link\">Read More<\/a><\/div>\n","protected":false},"author":295,"featured_media":19582,"comment_status":"closed","ping_status":"closed","sticky":false,"template":"","format":"standard","meta":{"footnotes":""},"categories":[4198,3539],"tags":[434,4228,4245],"class_list":["post-19553","post","type-post","status-publish","format-standard","has-post-thumbnail","hentry","category-edition-2021","category-we-de-preparation","tag-pleniere","tag-zoom","tag-viso"],"yoast_head":"<!-- This site is optimized with the Yoast SEO plugin v27.3 - https:\/\/yoast.com\/product\/yoast-seo-wordpress\/ -->\n<title>C&#039;est la rentr\u00e9e ! Une merveilleuse vague d\u2019engagement dans un contexte inhabituel - AlterTour<\/title>\n<meta name=\"robots\" content=\"index, follow, max-snippet:-1, max-image-preview:large, max-video-preview:-1\" \/>\n<link rel=\"canonical\" href=\"https:\/\/www.altercampagne.net\/?p=19553\" \/>\n<meta property=\"og:locale\" content=\"fr_FR\" \/>\n<meta property=\"og:type\" content=\"article\" \/>\n<meta property=\"og:title\" content=\"C&#039;est la rentr\u00e9e ! Une merveilleuse vague d\u2019engagement dans un contexte inhabituel - AlterTour\" \/>\n<meta property=\"og:description\" content=\"Jeudi, la nouvelle tombe : le palais de la femme ne peut plus nous accueillir, covid oblige. Les organisatrices &#8211; F\u00e9licie, Lola et Brunelle &#8211; et Mathieu travaillent dur dur pour adapter les temps d\u2019\u00e9change et d\u2019ateliers en visio-pl\u00e9ni\u00e8re tandis que les non-parisiens annulent leurs billets ; ou du moins ... Read More\" \/>\n<meta property=\"og:url\" content=\"https:\/\/www.altercampagne.net\/?p=19553\" \/>\n<meta property=\"og:site_name\" content=\"AlterTour\" \/>\n<meta property=\"article:published_time\" content=\"2020-09-29T17:44:46+00:00\" \/>\n<meta property=\"article:modified_time\" content=\"2020-10-17T09:05:25+00:00\" \/>\n<meta property=\"og:image\" content=\"https:\/\/www.altercampagne.net\/wp-content\/uploads\/2020\/09\/Pl\u00e9ni\u00e8re-1-2021-2-ex-e1601459809920.jpg\" \/>\n\t<meta property=\"og:image:width\" content=\"990\" \/>\n\t<meta property=\"og:image:height\" content=\"520\" \/>\n\t<meta property=\"og:image:type\" content=\"image\/jpeg\" \/>\n<meta name=\"author\" content=\"Ivan\" \/>\n<meta name=\"twitter:card\" content=\"summary_large_image\" \/>\n<meta name=\"twitter:label1\" content=\"\u00c9crit par\" \/>\n\t<meta name=\"twitter:data1\" content=\"Ivan\" \/>\n\t<meta name=\"twitter:label2\" content=\"Dur\u00e9e de lecture estim\u00e9e\" \/>\n\t<meta name=\"twitter:data2\" content=\"6 minutes\" \/>\n<script type=\"application\/ld+json\" class=\"yoast-schema-graph\">{\"@context\":\"https:\\\/\\\/schema.org\",\"@graph\":[{\"@type\":\"Article\",\"@id\":\"https:\\\/\\\/www.altercampagne.net\\\/?p=19553#article\",\"isPartOf\":{\"@id\":\"https:\\\/\\\/www.altercampagne.net\\\/?p=19553\"},\"author\":{\"name\":\"Ivan\",\"@id\":\"https:\\\/\\\/www.altercampagne.net\\\/#\\\/schema\\\/person\\\/c007149048bad022a8e11a5a1549e67a\"},\"headline\":\"C&rsquo;est la rentr\u00e9e ! Une merveilleuse vague d\u2019engagement dans un contexte inhabituel\",\"datePublished\":\"2020-09-29T17:44:46+00:00\",\"dateModified\":\"2020-10-17T09:05:25+00:00\",\"mainEntityOfPage\":{\"@id\":\"https:\\\/\\\/www.altercampagne.net\\\/?p=19553\"},\"wordCount\":1225,\"image\":{\"@id\":\"https:\\\/\\\/www.altercampagne.net\\\/?p=19553#primaryimage\"},\"thumbnailUrl\":\"https:\\\/\\\/www.altercampagne.net\\\/wp-content\\\/uploads\\\/2020\\\/09\\\/Pl\u00e9ni\u00e8re-1-2021-2-ex-e1601459809920.jpg\",\"keywords\":[\"pl\u00e9ni\u00e8re\",\"zoom\",\"viso\"],\"articleSection\":[\"Edition 2021\",\"WE de pr\u00e9paration\"],\"inLanguage\":\"fr-FR\"},{\"@type\":\"WebPage\",\"@id\":\"https:\\\/\\\/www.altercampagne.net\\\/?p=19553\",\"url\":\"https:\\\/\\\/www.altercampagne.net\\\/?p=19553\",\"name\":\"C'est la rentr\u00e9e ! Une merveilleuse vague d\u2019engagement dans un contexte inhabituel - AlterTour\",\"isPartOf\":{\"@id\":\"https:\\\/\\\/www.altercampagne.net\\\/#website\"},\"primaryImageOfPage\":{\"@id\":\"https:\\\/\\\/www.altercampagne.net\\\/?p=19553#primaryimage\"},\"image\":{\"@id\":\"https:\\\/\\\/www.altercampagne.net\\\/?p=19553#primaryimage\"},\"thumbnailUrl\":\"https:\\\/\\\/www.altercampagne.net\\\/wp-content\\\/uploads\\\/2020\\\/09\\\/Pl\u00e9ni\u00e8re-1-2021-2-ex-e1601459809920.jpg\",\"datePublished\":\"2020-09-29T17:44:46+00:00\",\"dateModified\":\"2020-10-17T09:05:25+00:00\",\"author\":{\"@id\":\"https:\\\/\\\/www.altercampagne.net\\\/#\\\/schema\\\/person\\\/c007149048bad022a8e11a5a1549e67a\"},\"breadcrumb\":{\"@id\":\"https:\\\/\\\/www.altercampagne.net\\\/?p=19553#breadcrumb\"},\"inLanguage\":\"fr-FR\",\"potentialAction\":[{\"@type\":\"ReadAction\",\"target\":[\"https:\\\/\\\/www.altercampagne.net\\\/?p=19553\"]}]},{\"@type\":\"ImageObject\",\"inLanguage\":\"fr-FR\",\"@id\":\"https:\\\/\\\/www.altercampagne.net\\\/?p=19553#primaryimage\",\"url\":\"https:\\\/\\\/www.altercampagne.net\\\/wp-content\\\/uploads\\\/2020\\\/09\\\/Pl\u00e9ni\u00e8re-1-2021-2-ex-e1601459809920.jpg\",\"contentUrl\":\"https:\\\/\\\/www.altercampagne.net\\\/wp-content\\\/uploads\\\/2020\\\/09\\\/Pl\u00e9ni\u00e8re-1-2021-2-ex-e1601459809920.jpg\",\"width\":990,\"height\":520},{\"@type\":\"BreadcrumbList\",\"@id\":\"https:\\\/\\\/www.altercampagne.net\\\/?p=19553#breadcrumb\",\"itemListElement\":[{\"@type\":\"ListItem\",\"position\":1,\"name\":\"Accueil\",\"item\":\"https:\\\/\\\/www.altercampagne.net\\\/\"},{\"@type\":\"ListItem\",\"position\":2,\"name\":\"C&rsquo;est la rentr\u00e9e ! Une merveilleuse vague d\u2019engagement dans un contexte inhabituel\"}]},{\"@type\":\"WebSite\",\"@id\":\"https:\\\/\\\/www.altercampagne.net\\\/#website\",\"url\":\"https:\\\/\\\/www.altercampagne.net\\\/\",\"name\":\"AlterTour\",\"description\":\"Reliez les Alternatives \u00e0 v\u00e9lo\",\"potentialAction\":[{\"@type\":\"SearchAction\",\"target\":{\"@type\":\"EntryPoint\",\"urlTemplate\":\"https:\\\/\\\/www.altercampagne.net\\\/?s={search_term_string}\"},\"query-input\":{\"@type\":\"PropertyValueSpecification\",\"valueRequired\":true,\"valueName\":\"search_term_string\"}}],\"inLanguage\":\"fr-FR\"},{\"@type\":\"Person\",\"@id\":\"https:\\\/\\\/www.altercampagne.net\\\/#\\\/schema\\\/person\\\/c007149048bad022a8e11a5a1549e67a\",\"name\":\"Ivan\",\"image\":{\"@type\":\"ImageObject\",\"inLanguage\":\"fr-FR\",\"@id\":\"https:\\\/\\\/secure.gravatar.com\\\/avatar\\\/d7114d9060e24703c012c83578543a4c1da7a646e90cb95e955d566a3b8500f6?s=96&d=mm&r=g\",\"url\":\"https:\\\/\\\/secure.gravatar.com\\\/avatar\\\/d7114d9060e24703c012c83578543a4c1da7a646e90cb95e955d566a3b8500f6?s=96&d=mm&r=g\",\"contentUrl\":\"https:\\\/\\\/secure.gravatar.com\\\/avatar\\\/d7114d9060e24703c012c83578543a4c1da7a646e90cb95e955d566a3b8500f6?s=96&d=mm&r=g\",\"caption\":\"Ivan\"},\"url\":\"https:\\\/\\\/www.altercampagne.net\\\/?author=295\"}]}<\/script>\n<!-- \/ Yoast SEO plugin. -->","yoast_head_json":{"title":"C'est la rentr\u00e9e ! Une merveilleuse vague d\u2019engagement dans un contexte inhabituel - AlterTour","robots":{"index":"index","follow":"follow","max-snippet":"max-snippet:-1","max-image-preview":"max-image-preview:large","max-video-preview":"max-video-preview:-1"},"canonical":"https:\/\/www.altercampagne.net\/?p=19553","og_locale":"fr_FR","og_type":"article","og_title":"C'est la rentr\u00e9e ! Une merveilleuse vague d\u2019engagement dans un contexte inhabituel - AlterTour","og_description":"Jeudi, la nouvelle tombe : le palais de la femme ne peut plus nous accueillir, covid oblige. Les organisatrices &#8211; F\u00e9licie, Lola et Brunelle &#8211; et Mathieu travaillent dur dur pour adapter les temps d\u2019\u00e9change et d\u2019ateliers en visio-pl\u00e9ni\u00e8re tandis que les non-parisiens annulent leurs billets ; ou du moins ... Read More","og_url":"https:\/\/www.altercampagne.net\/?p=19553","og_site_name":"AlterTour","article_published_time":"2020-09-29T17:44:46+00:00","article_modified_time":"2020-10-17T09:05:25+00:00","og_image":[{"width":990,"height":520,"url":"https:\/\/www.altercampagne.net\/wp-content\/uploads\/2020\/09\/Pl\u00e9ni\u00e8re-1-2021-2-ex-e1601459809920.jpg","type":"image\/jpeg"}],"author":"Ivan","twitter_card":"summary_large_image","twitter_misc":{"\u00c9crit par":"Ivan","Dur\u00e9e de lecture estim\u00e9e":"6 minutes"},"schema":{"@context":"https:\/\/schema.org","@graph":[{"@type":"Article","@id":"https:\/\/www.altercampagne.net\/?p=19553#article","isPartOf":{"@id":"https:\/\/www.altercampagne.net\/?p=19553"},"author":{"name":"Ivan","@id":"https:\/\/www.altercampagne.net\/#\/schema\/person\/c007149048bad022a8e11a5a1549e67a"},"headline":"C&rsquo;est la rentr\u00e9e ! Une merveilleuse vague d\u2019engagement dans un contexte inhabituel","datePublished":"2020-09-29T17:44:46+00:00","dateModified":"2020-10-17T09:05:25+00:00","mainEntityOfPage":{"@id":"https:\/\/www.altercampagne.net\/?p=19553"},"wordCount":1225,"image":{"@id":"https:\/\/www.altercampagne.net\/?p=19553#primaryimage"},"thumbnailUrl":"https:\/\/www.altercampagne.net\/wp-content\/uploads\/2020\/09\/Pl\u00e9ni\u00e8re-1-2021-2-ex-e1601459809920.jpg","keywords":["pl\u00e9ni\u00e8re","zoom","viso"],"articleSection":["Edition 2021","WE de pr\u00e9paration"],"inLanguage":"fr-FR"},{"@type":"WebPage","@id":"https:\/\/www.altercampagne.net\/?p=19553","url":"https:\/\/www.altercampagne.net\/?p=19553","name":"C'est la rentr\u00e9e ! Une merveilleuse vague d\u2019engagement dans un contexte inhabituel - AlterTour","isPartOf":{"@id":"https:\/\/www.altercampagne.net\/#website"},"primaryImageOfPage":{"@id":"https:\/\/www.altercampagne.net\/?p=19553#primaryimage"},"image":{"@id":"https:\/\/www.altercampagne.net\/?p=19553#primaryimage"},"thumbnailUrl":"https:\/\/www.altercampagne.net\/wp-content\/uploads\/2020\/09\/Pl\u00e9ni\u00e8re-1-2021-2-ex-e1601459809920.jpg","datePublished":"2020-09-29T17:44:46+00:00","dateModified":"2020-10-17T09:05:25+00:00","author":{"@id":"https:\/\/www.altercampagne.net\/#\/schema\/person\/c007149048bad022a8e11a5a1549e67a"},"breadcrumb":{"@id":"https:\/\/www.altercampagne.net\/?p=19553#breadcrumb"},"inLanguage":"fr-FR","potentialAction":[{"@type":"ReadAction","target":["https:\/\/www.altercampagne.net\/?p=19553"]}]},{"@type":"ImageObject","inLanguage":"fr-FR","@id":"https:\/\/www.altercampagne.net\/?p=19553#primaryimage","url":"https:\/\/www.altercampagne.net\/wp-content\/uploads\/2020\/09\/Pl\u00e9ni\u00e8re-1-2021-2-ex-e1601459809920.jpg","contentUrl":"https:\/\/www.altercampagne.net\/wp-content\/uploads\/2020\/09\/Pl\u00e9ni\u00e8re-1-2021-2-ex-e1601459809920.jpg","width":990,"height":520},{"@type":"BreadcrumbList","@id":"https:\/\/www.altercampagne.net\/?p=19553#breadcrumb","itemListElement":[{"@type":"ListItem","position":1,"name":"Accueil","item":"https:\/\/www.altercampagne.net\/"},{"@type":"ListItem","position":2,"name":"C&rsquo;est la rentr\u00e9e ! Une merveilleuse vague d\u2019engagement dans un contexte inhabituel"}]},{"@type":"WebSite","@id":"https:\/\/www.altercampagne.net\/#website","url":"https:\/\/www.altercampagne.net\/","name":"AlterTour","description":"Reliez les Alternatives \u00e0 v\u00e9lo","potentialAction":[{"@type":"SearchAction","target":{"@type":"EntryPoint","urlTemplate":"https:\/\/www.altercampagne.net\/?s={search_term_string}"},"query-input":{"@type":"PropertyValueSpecification","valueRequired":true,"valueName":"search_term_string"}}],"inLanguage":"fr-FR"},{"@type":"Person","@id":"https:\/\/www.altercampagne.net\/#\/schema\/person\/c007149048bad022a8e11a5a1549e67a","name":"Ivan","image":{"@type":"ImageObject","inLanguage":"fr-FR","@id":"https:\/\/secure.gravatar.com\/avatar\/d7114d9060e24703c012c83578543a4c1da7a646e90cb95e955d566a3b8500f6?s=96&d=mm&r=g","url":"https:\/\/secure.gravatar.com\/avatar\/d7114d9060e24703c012c83578543a4c1da7a646e90cb95e955d566a3b8500f6?s=96&d=mm&r=g","contentUrl":"https:\/\/secure.gravatar.com\/avatar\/d7114d9060e24703c012c83578543a4c1da7a646e90cb95e955d566a3b8500f6?s=96&d=mm&r=g","caption":"Ivan"},"url":"https:\/\/www.altercampagne.net\/?author=295"}]}},"_links":{"self":[{"href":"https:\/\/www.altercampagne.net\/index.php?rest_route=\/wp\/v2\/posts\/19553","targetHints":{"allow":["GET"]}}],"collection":[{"href":"https:\/\/www.altercampagne.net\/index.php?rest_route=\/wp\/v2\/posts"}],"about":[{"href":"https:\/\/www.altercampagne.net\/index.php?rest_route=\/wp\/v2\/types\/post"}],"author":[{"embeddable":true,"href":"https:\/\/www.altercampagne.net\/index.php?rest_route=\/wp\/v2\/users\/295"}],"replies":[{"embeddable":true,"href":"https:\/\/www.altercampagne.net\/index.php?rest_route=%2Fwp%2Fv2%2Fcomments&post=19553"}],"version-history":[{"count":29,"href":"https:\/\/www.altercampagne.net\/index.php?rest_route=\/wp\/v2\/posts\/19553\/revisions"}],"predecessor-version":[{"id":19693,"href":"https:\/\/www.altercampagne.net\/index.php?rest_route=\/wp\/v2\/posts\/19553\/revisions\/19693"}],"wp:featuredmedia":[{"embeddable":true,"href":"https:\/\/www.altercampagne.net\/index.php?rest_route=\/wp\/v2\/media\/19582"}],"wp:attachment":[{"href":"https:\/\/www.altercampagne.net\/index.php?rest_route=%2Fwp%2Fv2%2Fmedia&parent=19553"}],"wp:term":[{"taxonomy":"category","embeddable":true,"href":"https:\/\/www.altercampagne.net\/index.php?rest_route=%2Fwp%2Fv2%2Fcategories&post=19553"},{"taxonomy":"post_tag","embeddable":true,"href":"https:\/\/www.altercampagne.net\/index.php?rest_route=%2Fwp%2Fv2%2Ftags&post=19553"}],"curies":[{"name":"wp","href":"https:\/\/api.w.org\/{rel}","templated":true}]}}