{"id":1968,"date":"2015-08-14T21:45:56","date_gmt":"2015-08-14T19:45:56","guid":{"rendered":"http:\/\/www.altercampagne.net\/?p=1968"},"modified":"2019-09-16T09:22:26","modified_gmt":"2019-09-16T07:22:26","slug":"hallo-les-flandres","status":"publish","type":"post","link":"https:\/\/www.altercampagne.net\/?p=1968","title":{"rendered":"Hallo les Flandres !"},"content":{"rendered":"<p>R\u00e9veill\u00e9s \u00e0 tour de r\u00f4le par les avions de l\u2019a\u00e9roport international de Bruxelles puis par de mena\u00e7ants serre-fils, le groupe d\u2019Altercyclistes s\u2019est lev\u00e9 tant bien que mal \u00e0 partir de plus ou moins 6h00. R\u00e9confort\u00e9s par l\u2019ouverture d\u2019un pot de p\u00e2te \u00e0 tartiner au chocolat, le groupe a trouv\u00e9 la force d\u2019affronter une vague de d\u00e9part tout \u00e0 fait d\u00e9chirante. Par chance, ce matin la pluie ne fut pas au rendez-vous contrairement \u00e0 ce qu\u2019annon\u00e7aient les pr\u00e9visions m\u00e9t\u00e9orologiques de la vieille.<\/p>\n<p>Humides \u00e0 cause de l\u2019orage du jeudi soir mais n\u00e9anmoins beaucoup moins qu\u2019ils ne l\u2019auraient pu l\u2019\u00eatre gr\u00e2ce \u00e0 l\u2019aide pr\u00e9cieuse et spontan\u00e9e des zadistes qui limit\u00e8rent les d\u00e9gats de la temp\u00eate sur le campement, les volontaires Altertouristes ont quitt\u00e9 la ZAD du Keelbeek d\u2019Haren avec seulement une toute petite heure de retard pour se diriger vers quelques haut-lieux de la capitale belge au premier rang desquels l\u2019Atomium. Apr\u00e8s une photo-souvenir de rigueur face \u00e0 cet imposant monument t\u00e9moin de l\u2019exposition universelle de 1958, la joyeuse \u00e9quip\u00e9e a poursuivi son p\u00e9riple pour sa premi\u00e8re et derni\u00e8re journ\u00e9e \u00e0 travers la partie flamande de la Belgique.<\/p>\n<p>Pendant plus de septante kilom\u00e8tres, au c\u0153ur d\u2019une campagne o\u00f9 moutons et autres poneys abondent, les affiches et bribes de conversations saisies \u00e7a et l\u00e0 ont plong\u00e9 nos cyclistes dans une atmosph\u00e8re pour le moins exotique. Le groupe a pu profiter des \u00e9quipements publics de la ville de Ninove pour sa pause d\u00e9jeuner avant d\u2019atteindre apr\u00e8s un ultime effort la r\u00e9compense finale, celle de son arriv\u00e9e \u00e0 la ferme Boskanter \u00e0 Opbrakel, chez Ine Debrabanbere, son compagnon et leur deux filles.<\/p>\n<p><a href=\"http:\/\/www.altercampagne.net\/wp-content\/uploads\/2015\/08\/2015-08-14_19.27.57_5907.jpg\"><img loading=\"lazy\" decoding=\"async\" class=\"aligncenter size-full wp-image-1969\" src=\"http:\/\/www.altercampagne.net\/wp-content\/uploads\/2015\/08\/2015-08-14_19.27.57_5907.jpg\" alt=\"2015-08-14_19.27.57_5907\" width=\"426\" height=\"640\" srcset=\"https:\/\/www.altercampagne.net\/wp-content\/uploads\/2015\/08\/2015-08-14_19.27.57_5907.jpg 426w, https:\/\/www.altercampagne.net\/wp-content\/uploads\/2015\/08\/2015-08-14_19.27.57_5907-200x300.jpg 200w\" sizes=\"auto, (max-width: 426px) 100vw, 426px\" \/><\/a>Install\u00e9s depuis quatre ans dans cette ferme dont ils ne sont propri\u00e9taire que depuis un an, la famille cultive l\u00e9gumes, fruits et petits fruits selon des m\u00e9thodes issus de la permaculture. Ine travaille pour l\u2019instant \u00e0 l\u2019ext\u00e9rieur avec pour objectif de pouvoir un jour vivre exclusivement de son activit\u00e9 agricole notamment par le biais de la vente de produits transform\u00e9s. Il est important de noter que la famille est r\u00e9guli\u00e8rement aid\u00e9e par de nombreux b\u00e9n\u00e9voles internationaux, les fameux woofeurs, au nombre de six plus un enfant au moment de notre passage. En effet, ce lieu a aussi pour vocation d\u2019\u00eatre un espace d\u2019\u00e9change.<\/p>\n<p>C\u2019est ainsi qu\u2019apr\u00e8s une toilette autant m\u00e9rit\u00e9e que n\u00e9cessaire, le p\u00e9tillant Altergroupe a b\u00e9n\u00e9fici\u00e9 d\u2019un chaleureux accueil ponctu\u00e9 par la d\u00e9gustation de pains au levain et pizzas maison et, cela va sans dire, de bi\u00e8res artisanales bio et locale comme la mousseuse \u00ab Quintine\u00a0\u00bb. La soir\u00e9e s\u2019est poursuivie pour certains par l\u2019esquisse de quelques pas de danse rendue possible par l\u2019accord\u00e9on de Margret, la voisine, puis par celui de Marine ainsi que des conseils chor\u00e9graphiques d\u2019Elsa et Boris, notre couple de danseurs tout terrain.<\/p>\n<p>Merci \u00e0 toutes et \u00e0 tous pour cette belle journ\u00e9e\u00a0!<\/p>\n<p style=\"text-align: right;\">\u00a0<strong>Amandine B.<\/strong><\/p>\n","protected":false},"excerpt":{"rendered":"<p>R\u00e9veill\u00e9s \u00e0 tour de r\u00f4le par les avions de l\u2019a\u00e9roport international de Bruxelles puis par de mena\u00e7ants serre-fils, le groupe d\u2019Altercyclistes s\u2019est lev\u00e9 tant bien que mal \u00e0 partir de plus ou moins 6h00. R\u00e9confort\u00e9s par l\u2019ouverture d\u2019un pot de p\u00e2te \u00e0 tartiner au chocolat, le groupe a trouv\u00e9 la &#8230; <\/p>\n<div><a href=\"https:\/\/www.altercampagne.net\/?p=1968\" class=\"more-link\">Read More<\/a><\/div>\n","protected":false},"author":214,"featured_media":15610,"comment_status":"closed","ping_status":"closed","sticky":false,"template":"","format":"standard","meta":{"footnotes":""},"categories":[3483,3526,3460],"tags":[192,308,309,377,378,379,1508,1509,1510,1511,1672,1675,1676,1677,2704],"class_list":["post-1968","post","type-post","status-publish","format-standard","has-post-thumbnail","hentry","category-agriculture","category-belgique","category-edition-2015","tag-altertour-2015","tag-brakel","tag-flandres","tag-boskanter","tag-woofing","tag-pizza","tag-bracle","tag-denderstreek","tag-region-flamande","tag-province-de-flandre-orientale","tag-1672","tag-flandre-orientale","tag-flandre","tag-flamand","tag-alterjournaliste"],"yoast_head":"<!-- This site is optimized with the Yoast SEO plugin v27.3 - https:\/\/yoast.com\/product\/yoast-seo-wordpress\/ -->\n<title>Hallo les Flandres ! - AlterTour<\/title>\n<meta name=\"robots\" content=\"index, follow, max-snippet:-1, max-image-preview:large, max-video-preview:-1\" \/>\n<link rel=\"canonical\" href=\"https:\/\/www.altercampagne.net\/?p=1968\" \/>\n<meta property=\"og:locale\" content=\"fr_FR\" \/>\n<meta property=\"og:type\" content=\"article\" \/>\n<meta property=\"og:title\" content=\"Hallo les Flandres ! - AlterTour\" \/>\n<meta property=\"og:description\" content=\"R\u00e9veill\u00e9s \u00e0 tour de r\u00f4le par les avions de l\u2019a\u00e9roport international de Bruxelles puis par de mena\u00e7ants serre-fils, le groupe d\u2019Altercyclistes s\u2019est lev\u00e9 tant bien que mal \u00e0 partir de plus ou moins 6h00. R\u00e9confort\u00e9s par l\u2019ouverture d\u2019un pot de p\u00e2te \u00e0 tartiner au chocolat, le groupe a trouv\u00e9 la ... Read More\" \/>\n<meta property=\"og:url\" content=\"https:\/\/www.altercampagne.net\/?p=1968\" \/>\n<meta property=\"og:site_name\" content=\"AlterTour\" \/>\n<meta property=\"article:published_time\" content=\"2015-08-14T19:45:56+00:00\" \/>\n<meta property=\"article:modified_time\" content=\"2019-09-16T07:22:26+00:00\" \/>\n<meta property=\"og:image\" content=\"https:\/\/www.altercampagne.net\/wp-content\/uploads\/2015\/08\/2015-08-14_20.07.jpg\" \/>\n\t<meta property=\"og:image:width\" content=\"902\" \/>\n\t<meta property=\"og:image:height\" content=\"472\" \/>\n\t<meta property=\"og:image:type\" content=\"image\/jpeg\" \/>\n<meta name=\"author\" content=\"Mathieu\" \/>\n<meta name=\"twitter:card\" content=\"summary_large_image\" \/>\n<meta name=\"twitter:label1\" content=\"\u00c9crit par\" \/>\n\t<meta name=\"twitter:data1\" content=\"Mathieu\" \/>\n\t<meta name=\"twitter:label2\" content=\"Dur\u00e9e de lecture estim\u00e9e\" \/>\n\t<meta name=\"twitter:data2\" content=\"3 minutes\" \/>\n<script type=\"application\/ld+json\" class=\"yoast-schema-graph\">{\"@context\":\"https:\\\/\\\/schema.org\",\"@graph\":[{\"@type\":\"Article\",\"@id\":\"https:\\\/\\\/www.altercampagne.net\\\/?p=1968#article\",\"isPartOf\":{\"@id\":\"https:\\\/\\\/www.altercampagne.net\\\/?p=1968\"},\"author\":{\"name\":\"Mathieu\",\"@id\":\"https:\\\/\\\/www.altercampagne.net\\\/#\\\/schema\\\/person\\\/0f261460c09e430caa0f9bcffa319109\"},\"headline\":\"Hallo les Flandres !\",\"datePublished\":\"2015-08-14T19:45:56+00:00\",\"dateModified\":\"2019-09-16T07:22:26+00:00\",\"mainEntityOfPage\":{\"@id\":\"https:\\\/\\\/www.altercampagne.net\\\/?p=1968\"},\"wordCount\":540,\"image\":{\"@id\":\"https:\\\/\\\/www.altercampagne.net\\\/?p=1968#primaryimage\"},\"thumbnailUrl\":\"https:\\\/\\\/www.altercampagne.net\\\/wp-content\\\/uploads\\\/2015\\\/08\\\/2015-08-14_20.07.jpg\",\"keywords\":[\"AlterTour 2015\",\"brakel\",\"flandres\",\"boskanter\",\"woofing\",\"pizza\",\"Bracle\",\"Denderstreek\",\"R\u00e9gion flamande\",\"province de Flandre-Orientale\",\"2015\",\"Flandre-Orientale\",\"Flandre\",\"Flamand\",\"alterjournaliste\"],\"articleSection\":[\"Agriculture\",\"Belgique\",\"\u00c9dition 2015\"],\"inLanguage\":\"fr-FR\"},{\"@type\":\"WebPage\",\"@id\":\"https:\\\/\\\/www.altercampagne.net\\\/?p=1968\",\"url\":\"https:\\\/\\\/www.altercampagne.net\\\/?p=1968\",\"name\":\"Hallo les Flandres ! - AlterTour\",\"isPartOf\":{\"@id\":\"https:\\\/\\\/www.altercampagne.net\\\/#website\"},\"primaryImageOfPage\":{\"@id\":\"https:\\\/\\\/www.altercampagne.net\\\/?p=1968#primaryimage\"},\"image\":{\"@id\":\"https:\\\/\\\/www.altercampagne.net\\\/?p=1968#primaryimage\"},\"thumbnailUrl\":\"https:\\\/\\\/www.altercampagne.net\\\/wp-content\\\/uploads\\\/2015\\\/08\\\/2015-08-14_20.07.jpg\",\"datePublished\":\"2015-08-14T19:45:56+00:00\",\"dateModified\":\"2019-09-16T07:22:26+00:00\",\"author\":{\"@id\":\"https:\\\/\\\/www.altercampagne.net\\\/#\\\/schema\\\/person\\\/0f261460c09e430caa0f9bcffa319109\"},\"breadcrumb\":{\"@id\":\"https:\\\/\\\/www.altercampagne.net\\\/?p=1968#breadcrumb\"},\"inLanguage\":\"fr-FR\",\"potentialAction\":[{\"@type\":\"ReadAction\",\"target\":[\"https:\\\/\\\/www.altercampagne.net\\\/?p=1968\"]}]},{\"@type\":\"ImageObject\",\"inLanguage\":\"fr-FR\",\"@id\":\"https:\\\/\\\/www.altercampagne.net\\\/?p=1968#primaryimage\",\"url\":\"https:\\\/\\\/www.altercampagne.net\\\/wp-content\\\/uploads\\\/2015\\\/08\\\/2015-08-14_20.07.jpg\",\"contentUrl\":\"https:\\\/\\\/www.altercampagne.net\\\/wp-content\\\/uploads\\\/2015\\\/08\\\/2015-08-14_20.07.jpg\",\"width\":902,\"height\":472},{\"@type\":\"BreadcrumbList\",\"@id\":\"https:\\\/\\\/www.altercampagne.net\\\/?p=1968#breadcrumb\",\"itemListElement\":[{\"@type\":\"ListItem\",\"position\":1,\"name\":\"Accueil\",\"item\":\"https:\\\/\\\/www.altercampagne.net\\\/\"},{\"@type\":\"ListItem\",\"position\":2,\"name\":\"Hallo les Flandres !\"}]},{\"@type\":\"WebSite\",\"@id\":\"https:\\\/\\\/www.altercampagne.net\\\/#website\",\"url\":\"https:\\\/\\\/www.altercampagne.net\\\/\",\"name\":\"AlterTour\",\"description\":\"Reliez les Alternatives \u00e0 v\u00e9lo\",\"potentialAction\":[{\"@type\":\"SearchAction\",\"target\":{\"@type\":\"EntryPoint\",\"urlTemplate\":\"https:\\\/\\\/www.altercampagne.net\\\/?s={search_term_string}\"},\"query-input\":{\"@type\":\"PropertyValueSpecification\",\"valueRequired\":true,\"valueName\":\"search_term_string\"}}],\"inLanguage\":\"fr-FR\"},{\"@type\":\"Person\",\"@id\":\"https:\\\/\\\/www.altercampagne.net\\\/#\\\/schema\\\/person\\\/0f261460c09e430caa0f9bcffa319109\",\"name\":\"Mathieu\",\"image\":{\"@type\":\"ImageObject\",\"inLanguage\":\"fr-FR\",\"@id\":\"https:\\\/\\\/secure.gravatar.com\\\/avatar\\\/aa9d3d24c83f2141e5e2709d0f63d09a99f6be6bb7a50abc4915838d9f54501a?s=96&d=mm&r=g\",\"url\":\"https:\\\/\\\/secure.gravatar.com\\\/avatar\\\/aa9d3d24c83f2141e5e2709d0f63d09a99f6be6bb7a50abc4915838d9f54501a?s=96&d=mm&r=g\",\"contentUrl\":\"https:\\\/\\\/secure.gravatar.com\\\/avatar\\\/aa9d3d24c83f2141e5e2709d0f63d09a99f6be6bb7a50abc4915838d9f54501a?s=96&d=mm&r=g\",\"caption\":\"Mathieu\"},\"url\":\"https:\\\/\\\/www.altercampagne.net\\\/?author=214\"}]}<\/script>\n<!-- \/ Yoast SEO plugin. -->","yoast_head_json":{"title":"Hallo les Flandres ! - AlterTour","robots":{"index":"index","follow":"follow","max-snippet":"max-snippet:-1","max-image-preview":"max-image-preview:large","max-video-preview":"max-video-preview:-1"},"canonical":"https:\/\/www.altercampagne.net\/?p=1968","og_locale":"fr_FR","og_type":"article","og_title":"Hallo les Flandres ! - AlterTour","og_description":"R\u00e9veill\u00e9s \u00e0 tour de r\u00f4le par les avions de l\u2019a\u00e9roport international de Bruxelles puis par de mena\u00e7ants serre-fils, le groupe d\u2019Altercyclistes s\u2019est lev\u00e9 tant bien que mal \u00e0 partir de plus ou moins 6h00. R\u00e9confort\u00e9s par l\u2019ouverture d\u2019un pot de p\u00e2te \u00e0 tartiner au chocolat, le groupe a trouv\u00e9 la ... Read More","og_url":"https:\/\/www.altercampagne.net\/?p=1968","og_site_name":"AlterTour","article_published_time":"2015-08-14T19:45:56+00:00","article_modified_time":"2019-09-16T07:22:26+00:00","og_image":[{"width":902,"height":472,"url":"https:\/\/www.altercampagne.net\/wp-content\/uploads\/2015\/08\/2015-08-14_20.07.jpg","type":"image\/jpeg"}],"author":"Mathieu","twitter_card":"summary_large_image","twitter_misc":{"\u00c9crit par":"Mathieu","Dur\u00e9e de lecture estim\u00e9e":"3 minutes"},"schema":{"@context":"https:\/\/schema.org","@graph":[{"@type":"Article","@id":"https:\/\/www.altercampagne.net\/?p=1968#article","isPartOf":{"@id":"https:\/\/www.altercampagne.net\/?p=1968"},"author":{"name":"Mathieu","@id":"https:\/\/www.altercampagne.net\/#\/schema\/person\/0f261460c09e430caa0f9bcffa319109"},"headline":"Hallo les Flandres !","datePublished":"2015-08-14T19:45:56+00:00","dateModified":"2019-09-16T07:22:26+00:00","mainEntityOfPage":{"@id":"https:\/\/www.altercampagne.net\/?p=1968"},"wordCount":540,"image":{"@id":"https:\/\/www.altercampagne.net\/?p=1968#primaryimage"},"thumbnailUrl":"https:\/\/www.altercampagne.net\/wp-content\/uploads\/2015\/08\/2015-08-14_20.07.jpg","keywords":["AlterTour 2015","brakel","flandres","boskanter","woofing","pizza","Bracle","Denderstreek","R\u00e9gion flamande","province de Flandre-Orientale","2015","Flandre-Orientale","Flandre","Flamand","alterjournaliste"],"articleSection":["Agriculture","Belgique","\u00c9dition 2015"],"inLanguage":"fr-FR"},{"@type":"WebPage","@id":"https:\/\/www.altercampagne.net\/?p=1968","url":"https:\/\/www.altercampagne.net\/?p=1968","name":"Hallo les Flandres ! - AlterTour","isPartOf":{"@id":"https:\/\/www.altercampagne.net\/#website"},"primaryImageOfPage":{"@id":"https:\/\/www.altercampagne.net\/?p=1968#primaryimage"},"image":{"@id":"https:\/\/www.altercampagne.net\/?p=1968#primaryimage"},"thumbnailUrl":"https:\/\/www.altercampagne.net\/wp-content\/uploads\/2015\/08\/2015-08-14_20.07.jpg","datePublished":"2015-08-14T19:45:56+00:00","dateModified":"2019-09-16T07:22:26+00:00","author":{"@id":"https:\/\/www.altercampagne.net\/#\/schema\/person\/0f261460c09e430caa0f9bcffa319109"},"breadcrumb":{"@id":"https:\/\/www.altercampagne.net\/?p=1968#breadcrumb"},"inLanguage":"fr-FR","potentialAction":[{"@type":"ReadAction","target":["https:\/\/www.altercampagne.net\/?p=1968"]}]},{"@type":"ImageObject","inLanguage":"fr-FR","@id":"https:\/\/www.altercampagne.net\/?p=1968#primaryimage","url":"https:\/\/www.altercampagne.net\/wp-content\/uploads\/2015\/08\/2015-08-14_20.07.jpg","contentUrl":"https:\/\/www.altercampagne.net\/wp-content\/uploads\/2015\/08\/2015-08-14_20.07.jpg","width":902,"height":472},{"@type":"BreadcrumbList","@id":"https:\/\/www.altercampagne.net\/?p=1968#breadcrumb","itemListElement":[{"@type":"ListItem","position":1,"name":"Accueil","item":"https:\/\/www.altercampagne.net\/"},{"@type":"ListItem","position":2,"name":"Hallo les Flandres !"}]},{"@type":"WebSite","@id":"https:\/\/www.altercampagne.net\/#website","url":"https:\/\/www.altercampagne.net\/","name":"AlterTour","description":"Reliez les Alternatives \u00e0 v\u00e9lo","potentialAction":[{"@type":"SearchAction","target":{"@type":"EntryPoint","urlTemplate":"https:\/\/www.altercampagne.net\/?s={search_term_string}"},"query-input":{"@type":"PropertyValueSpecification","valueRequired":true,"valueName":"search_term_string"}}],"inLanguage":"fr-FR"},{"@type":"Person","@id":"https:\/\/www.altercampagne.net\/#\/schema\/person\/0f261460c09e430caa0f9bcffa319109","name":"Mathieu","image":{"@type":"ImageObject","inLanguage":"fr-FR","@id":"https:\/\/secure.gravatar.com\/avatar\/aa9d3d24c83f2141e5e2709d0f63d09a99f6be6bb7a50abc4915838d9f54501a?s=96&d=mm&r=g","url":"https:\/\/secure.gravatar.com\/avatar\/aa9d3d24c83f2141e5e2709d0f63d09a99f6be6bb7a50abc4915838d9f54501a?s=96&d=mm&r=g","contentUrl":"https:\/\/secure.gravatar.com\/avatar\/aa9d3d24c83f2141e5e2709d0f63d09a99f6be6bb7a50abc4915838d9f54501a?s=96&d=mm&r=g","caption":"Mathieu"},"url":"https:\/\/www.altercampagne.net\/?author=214"}]}},"_links":{"self":[{"href":"https:\/\/www.altercampagne.net\/index.php?rest_route=\/wp\/v2\/posts\/1968","targetHints":{"allow":["GET"]}}],"collection":[{"href":"https:\/\/www.altercampagne.net\/index.php?rest_route=\/wp\/v2\/posts"}],"about":[{"href":"https:\/\/www.altercampagne.net\/index.php?rest_route=\/wp\/v2\/types\/post"}],"author":[{"embeddable":true,"href":"https:\/\/www.altercampagne.net\/index.php?rest_route=\/wp\/v2\/users\/214"}],"replies":[{"embeddable":true,"href":"https:\/\/www.altercampagne.net\/index.php?rest_route=%2Fwp%2Fv2%2Fcomments&post=1968"}],"version-history":[{"count":0,"href":"https:\/\/www.altercampagne.net\/index.php?rest_route=\/wp\/v2\/posts\/1968\/revisions"}],"wp:featuredmedia":[{"embeddable":true,"href":"https:\/\/www.altercampagne.net\/index.php?rest_route=\/wp\/v2\/media\/15610"}],"wp:attachment":[{"href":"https:\/\/www.altercampagne.net\/index.php?rest_route=%2Fwp%2Fv2%2Fmedia&parent=1968"}],"wp:term":[{"taxonomy":"category","embeddable":true,"href":"https:\/\/www.altercampagne.net\/index.php?rest_route=%2Fwp%2Fv2%2Fcategories&post=1968"},{"taxonomy":"post_tag","embeddable":true,"href":"https:\/\/www.altercampagne.net\/index.php?rest_route=%2Fwp%2Fv2%2Ftags&post=1968"}],"curies":[{"name":"wp","href":"https:\/\/api.w.org\/{rel}","templated":true}]}}