{"id":1972,"date":"2015-08-15T22:11:09","date_gmt":"2015-08-15T20:11:09","guid":{"rendered":"http:\/\/www.altercampagne.net\/?p=1972"},"modified":"2020-02-24T15:12:40","modified_gmt":"2020-02-24T14:12:40","slug":"rencontre-avec-ath-en-transition","status":"publish","type":"post","link":"https:\/\/www.altercampagne.net\/?p=1972","title":{"rendered":"Rencontre avec Ath en transition"},"content":{"rendered":"<p>D\u00e9part : Brakel \/ Boskanter<\/p>\n<div>Arriv\u00e9e : Ath<\/div>\n<div>Impressions du jour :<\/div>\n<div>Lev\u00e9 humide mais joyeux, muscles aux aguets, l\u2019\u0153il (l\u00e9g\u00e8rement endormi), petit d\u00e9j. r\u00e9confortant, pain et yaourt all\u00e9chant.<\/div>\n<div>Pluie battante mais pas autant que nos accueillants d&rsquo;Ouedeghien, M\u00e9lanie et Bernard Delloye, grands voyageurs et perma-culteurs autodidactes, libres, tr\u00e8s libres dans leur t\u00eate (il y en a&nbsp;m\u00eame qui les ont vu voler&#8230; avec leurs \u00e2nes).<\/div>\n<div>Second tron\u00e7on : Ath comme&nbsp;direction&#8230; la Traviatta au carillon&#8230; et sonnent les cloches au son des g\u00e9ants. Rencontre avec Mme. Goliath, la Ducasse en son mus\u00e9e.<\/div>\n<div>A Ath, pas de v\u00e9lorution mais de la procession et de la transition. Des citoyens (tr\u00e8s) actifs et solidaires ; l&rsquo;\u00e9conomie locale, ils g\u00e8rent.<\/div>\n<div>Les liens sociaux, c&rsquo;est leur cr\u00e9neaux ; SEL, \u00ab\u00a0Repair caf\u00e9\u00a0\u00bb, \u00ab\u00a0Rue en transition\u00a0\u00bb, se regrouper pour consommer mieux et moins cher c&rsquo;est &nbsp;leur et notre affaire.<\/div>\n<div>Thomas, Mathieu et Marta sont l\u00e0. Prairie accueillante, d\u00eener sous tente et fin de soir\u00e9e au feu de bois. Paroles, paroles&#8230; on refait le monde et rien ne s&rsquo;en vole.<\/div>\n<div><\/div>\n<div style=\"text-align: right;\">Ainhoa et Tanja<\/div>\n","protected":false},"excerpt":{"rendered":"<p>D\u00e9part : Brakel \/ Boskanter Arriv\u00e9e : Ath Impressions du jour : Lev\u00e9 humide mais joyeux, muscles aux aguets, l\u2019\u0153il (l\u00e9g\u00e8rement endormi), petit d\u00e9j. r\u00e9confortant, pain et yaourt all\u00e9chant. Pluie battante mais pas autant que nos accueillants d&rsquo;Ouedeghien, M\u00e9lanie et Bernard Delloye, grands voyageurs et perma-culteurs autodidactes, libres, tr\u00e8s libres &#8230; <\/p>\n<div><a href=\"https:\/\/www.altercampagne.net\/?p=1972\" class=\"more-link\">Read More<\/a><\/div>\n","protected":false},"author":214,"featured_media":0,"comment_status":"closed","ping_status":"closed","sticky":false,"template":"","format":"standard","meta":{"footnotes":""},"categories":[3526,3460],"tags":[23,192,226,294,301,302,305,308,377,1505,1506,1507,1672,1674,2704],"class_list":["post-1972","post","type-post","status-publish","format-standard","hentry","category-belgique","category-edition-2015","tag-belgique","tag-altertour-2015","tag-repair-cafe","tag-permaculture","tag-ath-en-transition","tag-ath","tag-rue-en-transition","tag-brakel","tag-boskanter","tag-region-wallonne","tag-province-de-hainaut","tag-frasnes-lez-anvaing","tag-1672","tag-hainaut","tag-alterjournaliste","no-post-thumbnail"],"yoast_head":"<!-- This site is optimized with the Yoast SEO plugin v27.3 - https:\/\/yoast.com\/product\/yoast-seo-wordpress\/ -->\n<title>Rencontre avec Ath en transition - AlterTour<\/title>\n<meta name=\"robots\" content=\"index, follow, max-snippet:-1, max-image-preview:large, max-video-preview:-1\" \/>\n<link rel=\"canonical\" href=\"https:\/\/www.altercampagne.net\/?p=1972\" \/>\n<meta property=\"og:locale\" content=\"fr_FR\" \/>\n<meta property=\"og:type\" content=\"article\" \/>\n<meta property=\"og:title\" content=\"Rencontre avec Ath en transition - AlterTour\" \/>\n<meta property=\"og:description\" content=\"D\u00e9part : Brakel \/ Boskanter Arriv\u00e9e : Ath Impressions du jour : Lev\u00e9 humide mais joyeux, muscles aux aguets, l\u2019\u0153il (l\u00e9g\u00e8rement endormi), petit d\u00e9j. r\u00e9confortant, pain et yaourt all\u00e9chant. Pluie battante mais pas autant que nos accueillants d&rsquo;Ouedeghien, M\u00e9lanie et Bernard Delloye, grands voyageurs et perma-culteurs autodidactes, libres, tr\u00e8s libres ... Read More\" \/>\n<meta property=\"og:url\" content=\"https:\/\/www.altercampagne.net\/?p=1972\" \/>\n<meta property=\"og:site_name\" content=\"AlterTour\" \/>\n<meta property=\"article:published_time\" content=\"2015-08-15T20:11:09+00:00\" \/>\n<meta property=\"article:modified_time\" content=\"2020-02-24T14:12:40+00:00\" \/>\n<meta name=\"author\" content=\"Mathieu\" \/>\n<meta name=\"twitter:card\" content=\"summary_large_image\" \/>\n<meta name=\"twitter:label1\" content=\"\u00c9crit par\" \/>\n\t<meta name=\"twitter:data1\" content=\"Mathieu\" \/>\n\t<meta name=\"twitter:label2\" content=\"Dur\u00e9e de lecture estim\u00e9e\" \/>\n\t<meta name=\"twitter:data2\" content=\"1 minute\" \/>\n<script type=\"application\/ld+json\" class=\"yoast-schema-graph\">{\"@context\":\"https:\\\/\\\/schema.org\",\"@graph\":[{\"@type\":\"Article\",\"@id\":\"https:\\\/\\\/www.altercampagne.net\\\/?p=1972#article\",\"isPartOf\":{\"@id\":\"https:\\\/\\\/www.altercampagne.net\\\/?p=1972\"},\"author\":{\"name\":\"Mathieu\",\"@id\":\"https:\\\/\\\/www.altercampagne.net\\\/#\\\/schema\\\/person\\\/0f261460c09e430caa0f9bcffa319109\"},\"headline\":\"Rencontre avec Ath en transition\",\"datePublished\":\"2015-08-15T20:11:09+00:00\",\"dateModified\":\"2020-02-24T14:12:40+00:00\",\"mainEntityOfPage\":{\"@id\":\"https:\\\/\\\/www.altercampagne.net\\\/?p=1972\"},\"wordCount\":203,\"keywords\":[\"belgique\",\"AlterTour 2015\",\"Repair caf\u00e9\",\"permaculture\",\"ath en transition\",\"ath\",\"rue en transition\",\"brakel\",\"boskanter\",\"R\u00e9gion wallonne\",\"province de Hainaut\",\"Frasnes-lez-Anvaing\",\"2015\",\"Hainaut\",\"alterjournaliste\"],\"articleSection\":[\"Belgique\",\"\u00c9dition 2015\"],\"inLanguage\":\"fr-FR\"},{\"@type\":\"WebPage\",\"@id\":\"https:\\\/\\\/www.altercampagne.net\\\/?p=1972\",\"url\":\"https:\\\/\\\/www.altercampagne.net\\\/?p=1972\",\"name\":\"Rencontre avec Ath en transition - AlterTour\",\"isPartOf\":{\"@id\":\"https:\\\/\\\/www.altercampagne.net\\\/#website\"},\"datePublished\":\"2015-08-15T20:11:09+00:00\",\"dateModified\":\"2020-02-24T14:12:40+00:00\",\"author\":{\"@id\":\"https:\\\/\\\/www.altercampagne.net\\\/#\\\/schema\\\/person\\\/0f261460c09e430caa0f9bcffa319109\"},\"breadcrumb\":{\"@id\":\"https:\\\/\\\/www.altercampagne.net\\\/?p=1972#breadcrumb\"},\"inLanguage\":\"fr-FR\",\"potentialAction\":[{\"@type\":\"ReadAction\",\"target\":[\"https:\\\/\\\/www.altercampagne.net\\\/?p=1972\"]}]},{\"@type\":\"BreadcrumbList\",\"@id\":\"https:\\\/\\\/www.altercampagne.net\\\/?p=1972#breadcrumb\",\"itemListElement\":[{\"@type\":\"ListItem\",\"position\":1,\"name\":\"Accueil\",\"item\":\"https:\\\/\\\/www.altercampagne.net\\\/\"},{\"@type\":\"ListItem\",\"position\":2,\"name\":\"Rencontre avec Ath en transition\"}]},{\"@type\":\"WebSite\",\"@id\":\"https:\\\/\\\/www.altercampagne.net\\\/#website\",\"url\":\"https:\\\/\\\/www.altercampagne.net\\\/\",\"name\":\"AlterTour\",\"description\":\"Reliez les Alternatives \u00e0 v\u00e9lo\",\"potentialAction\":[{\"@type\":\"SearchAction\",\"target\":{\"@type\":\"EntryPoint\",\"urlTemplate\":\"https:\\\/\\\/www.altercampagne.net\\\/?s={search_term_string}\"},\"query-input\":{\"@type\":\"PropertyValueSpecification\",\"valueRequired\":true,\"valueName\":\"search_term_string\"}}],\"inLanguage\":\"fr-FR\"},{\"@type\":\"Person\",\"@id\":\"https:\\\/\\\/www.altercampagne.net\\\/#\\\/schema\\\/person\\\/0f261460c09e430caa0f9bcffa319109\",\"name\":\"Mathieu\",\"image\":{\"@type\":\"ImageObject\",\"inLanguage\":\"fr-FR\",\"@id\":\"https:\\\/\\\/secure.gravatar.com\\\/avatar\\\/aa9d3d24c83f2141e5e2709d0f63d09a99f6be6bb7a50abc4915838d9f54501a?s=96&d=mm&r=g\",\"url\":\"https:\\\/\\\/secure.gravatar.com\\\/avatar\\\/aa9d3d24c83f2141e5e2709d0f63d09a99f6be6bb7a50abc4915838d9f54501a?s=96&d=mm&r=g\",\"contentUrl\":\"https:\\\/\\\/secure.gravatar.com\\\/avatar\\\/aa9d3d24c83f2141e5e2709d0f63d09a99f6be6bb7a50abc4915838d9f54501a?s=96&d=mm&r=g\",\"caption\":\"Mathieu\"},\"url\":\"https:\\\/\\\/www.altercampagne.net\\\/?author=214\"}]}<\/script>\n<!-- \/ Yoast SEO plugin. -->","yoast_head_json":{"title":"Rencontre avec Ath en transition - AlterTour","robots":{"index":"index","follow":"follow","max-snippet":"max-snippet:-1","max-image-preview":"max-image-preview:large","max-video-preview":"max-video-preview:-1"},"canonical":"https:\/\/www.altercampagne.net\/?p=1972","og_locale":"fr_FR","og_type":"article","og_title":"Rencontre avec Ath en transition - AlterTour","og_description":"D\u00e9part : Brakel \/ Boskanter Arriv\u00e9e : Ath Impressions du jour : Lev\u00e9 humide mais joyeux, muscles aux aguets, l\u2019\u0153il (l\u00e9g\u00e8rement endormi), petit d\u00e9j. r\u00e9confortant, pain et yaourt all\u00e9chant. Pluie battante mais pas autant que nos accueillants d&rsquo;Ouedeghien, M\u00e9lanie et Bernard Delloye, grands voyageurs et perma-culteurs autodidactes, libres, tr\u00e8s libres ... Read More","og_url":"https:\/\/www.altercampagne.net\/?p=1972","og_site_name":"AlterTour","article_published_time":"2015-08-15T20:11:09+00:00","article_modified_time":"2020-02-24T14:12:40+00:00","author":"Mathieu","twitter_card":"summary_large_image","twitter_misc":{"\u00c9crit par":"Mathieu","Dur\u00e9e de lecture estim\u00e9e":"1 minute"},"schema":{"@context":"https:\/\/schema.org","@graph":[{"@type":"Article","@id":"https:\/\/www.altercampagne.net\/?p=1972#article","isPartOf":{"@id":"https:\/\/www.altercampagne.net\/?p=1972"},"author":{"name":"Mathieu","@id":"https:\/\/www.altercampagne.net\/#\/schema\/person\/0f261460c09e430caa0f9bcffa319109"},"headline":"Rencontre avec Ath en transition","datePublished":"2015-08-15T20:11:09+00:00","dateModified":"2020-02-24T14:12:40+00:00","mainEntityOfPage":{"@id":"https:\/\/www.altercampagne.net\/?p=1972"},"wordCount":203,"keywords":["belgique","AlterTour 2015","Repair caf\u00e9","permaculture","ath en transition","ath","rue en transition","brakel","boskanter","R\u00e9gion wallonne","province de Hainaut","Frasnes-lez-Anvaing","2015","Hainaut","alterjournaliste"],"articleSection":["Belgique","\u00c9dition 2015"],"inLanguage":"fr-FR"},{"@type":"WebPage","@id":"https:\/\/www.altercampagne.net\/?p=1972","url":"https:\/\/www.altercampagne.net\/?p=1972","name":"Rencontre avec Ath en transition - AlterTour","isPartOf":{"@id":"https:\/\/www.altercampagne.net\/#website"},"datePublished":"2015-08-15T20:11:09+00:00","dateModified":"2020-02-24T14:12:40+00:00","author":{"@id":"https:\/\/www.altercampagne.net\/#\/schema\/person\/0f261460c09e430caa0f9bcffa319109"},"breadcrumb":{"@id":"https:\/\/www.altercampagne.net\/?p=1972#breadcrumb"},"inLanguage":"fr-FR","potentialAction":[{"@type":"ReadAction","target":["https:\/\/www.altercampagne.net\/?p=1972"]}]},{"@type":"BreadcrumbList","@id":"https:\/\/www.altercampagne.net\/?p=1972#breadcrumb","itemListElement":[{"@type":"ListItem","position":1,"name":"Accueil","item":"https:\/\/www.altercampagne.net\/"},{"@type":"ListItem","position":2,"name":"Rencontre avec Ath en transition"}]},{"@type":"WebSite","@id":"https:\/\/www.altercampagne.net\/#website","url":"https:\/\/www.altercampagne.net\/","name":"AlterTour","description":"Reliez les Alternatives \u00e0 v\u00e9lo","potentialAction":[{"@type":"SearchAction","target":{"@type":"EntryPoint","urlTemplate":"https:\/\/www.altercampagne.net\/?s={search_term_string}"},"query-input":{"@type":"PropertyValueSpecification","valueRequired":true,"valueName":"search_term_string"}}],"inLanguage":"fr-FR"},{"@type":"Person","@id":"https:\/\/www.altercampagne.net\/#\/schema\/person\/0f261460c09e430caa0f9bcffa319109","name":"Mathieu","image":{"@type":"ImageObject","inLanguage":"fr-FR","@id":"https:\/\/secure.gravatar.com\/avatar\/aa9d3d24c83f2141e5e2709d0f63d09a99f6be6bb7a50abc4915838d9f54501a?s=96&d=mm&r=g","url":"https:\/\/secure.gravatar.com\/avatar\/aa9d3d24c83f2141e5e2709d0f63d09a99f6be6bb7a50abc4915838d9f54501a?s=96&d=mm&r=g","contentUrl":"https:\/\/secure.gravatar.com\/avatar\/aa9d3d24c83f2141e5e2709d0f63d09a99f6be6bb7a50abc4915838d9f54501a?s=96&d=mm&r=g","caption":"Mathieu"},"url":"https:\/\/www.altercampagne.net\/?author=214"}]}},"_links":{"self":[{"href":"https:\/\/www.altercampagne.net\/index.php?rest_route=\/wp\/v2\/posts\/1972","targetHints":{"allow":["GET"]}}],"collection":[{"href":"https:\/\/www.altercampagne.net\/index.php?rest_route=\/wp\/v2\/posts"}],"about":[{"href":"https:\/\/www.altercampagne.net\/index.php?rest_route=\/wp\/v2\/types\/post"}],"author":[{"embeddable":true,"href":"https:\/\/www.altercampagne.net\/index.php?rest_route=\/wp\/v2\/users\/214"}],"replies":[{"embeddable":true,"href":"https:\/\/www.altercampagne.net\/index.php?rest_route=%2Fwp%2Fv2%2Fcomments&post=1972"}],"version-history":[{"count":1,"href":"https:\/\/www.altercampagne.net\/index.php?rest_route=\/wp\/v2\/posts\/1972\/revisions"}],"predecessor-version":[{"id":17345,"href":"https:\/\/www.altercampagne.net\/index.php?rest_route=\/wp\/v2\/posts\/1972\/revisions\/17345"}],"wp:attachment":[{"href":"https:\/\/www.altercampagne.net\/index.php?rest_route=%2Fwp%2Fv2%2Fmedia&parent=1972"}],"wp:term":[{"taxonomy":"category","embeddable":true,"href":"https:\/\/www.altercampagne.net\/index.php?rest_route=%2Fwp%2Fv2%2Fcategories&post=1972"},{"taxonomy":"post_tag","embeddable":true,"href":"https:\/\/www.altercampagne.net\/index.php?rest_route=%2Fwp%2Fv2%2Ftags&post=1972"}],"curies":[{"name":"wp","href":"https:\/\/api.w.org\/{rel}","templated":true}]}}