{"id":1974,"date":"2015-07-26T22:20:39","date_gmt":"2015-07-26T20:20:39","guid":{"rendered":"http:\/\/www.altercampagne.net\/?p=1974"},"modified":"2019-09-16T10:06:06","modified_gmt":"2019-09-16T08:06:06","slug":"jour-de-repos-a-volstroff","status":"publish","type":"post","link":"https:\/\/www.altercampagne.net\/?p=1974","title":{"rendered":"Jour de repos \u00e0 Volstroff"},"content":{"rendered":"<p><a href=\"http:\/\/www.altercampagne.net\/wp-content\/uploads\/2015\/08\/2015-07-26-171512.jpg\"><img loading=\"lazy\" decoding=\"async\" class=\" wp-image-1975 size-medium alignright\" src=\"http:\/\/www.altercampagne.net\/wp-content\/uploads\/2015\/08\/2015-07-26-171512-225x300.jpg\" alt=\"2015-07-26 171512\" width=\"225\" height=\"300\" srcset=\"https:\/\/www.altercampagne.net\/wp-content\/uploads\/2015\/08\/2015-07-26-171512-225x300.jpg 225w, https:\/\/www.altercampagne.net\/wp-content\/uploads\/2015\/08\/2015-07-26-171512.jpg 480w\" sizes=\"auto, (max-width: 225px) 100vw, 225px\" \/><\/a>Volstroff : jour de repos au camping attendu pour les petites corv\u00e9es (lavage \/ rangement ) et pour faire le point toutes et tous ensemble \/ cercle de parole&#8230;<\/p>\n<p><a>14h<\/a>\u00a0un groupe part \u00e0 Uckange visiter U4 le parc du haut-fourneau patrimoine industriel et ouvrier o\u00f9 nous avons rendez vous avec Jean Larch\u00e9, ancien sid\u00e9rurgiste (45 ans d&rsquo;activit\u00e9s) qui nous propose une double visite avec le Jardin des Traces.<\/p>\n<p><a href=\"http:\/\/www.altercampagne.net\/wp-content\/uploads\/2015\/08\/2015-07-26-155550.jpg\"><img loading=\"lazy\" decoding=\"async\" class=\" wp-image-1976 size-medium alignleft\" src=\"http:\/\/www.altercampagne.net\/wp-content\/uploads\/2015\/08\/2015-07-26-155550-300x225.jpg\" alt=\"2015-07-26 155550\" width=\"300\" height=\"225\" srcset=\"https:\/\/www.altercampagne.net\/wp-content\/uploads\/2015\/08\/2015-07-26-155550-300x225.jpg 300w, https:\/\/www.altercampagne.net\/wp-content\/uploads\/2015\/08\/2015-07-26-155550.jpg 912w\" sizes=\"auto, (max-width: 300px) 100vw, 300px\" \/><\/a>Sur les friches industrielles la commune a install\u00e9 en 2007 une \u00e9vocation du pass\u00e9 sid\u00e9rurgiste \u00e0 partir de quatre th\u00e9matiques l&rsquo;eau, le feu, la terre (charbon) et l&rsquo;air. Un cinqui\u00e8me \u00e9l\u00e9ment repr\u00e9sente les Hommes qui sont venus travailler dans la r\u00e9gion.<\/p>\n<p>Nous avons rat\u00e9 l&rsquo;illumination de U4 , \u0153uvre de Claude L\u00e9v\u00eaque\u00a0<a href=\"http:\/\/www.hf-u4.com\/fr\/le-lieu\/l-oeuvre-tous-les-soleils-de-claude-leveque\" target=\"_blank\" rel=\"noopener noreferrer\">http:\/\/www.hf-u4.com\/<wbr \/>fr\/le-lieu\/l-oeuvre-tous-les-<wbr \/>soleils-de-claude-leveque<\/a>\u00a0, qui transforme la vieille usine rouill\u00e9e en \u0153uvre d&rsquo;Art Contemporain.<\/p>\n<p>Jean, notre guide est passionn\u00e9 et jovial . Son association veut rendre hommage aux Hommes qui ont travaill\u00e9 ici jusqu&rsquo;\u00e0 la fermeture du site , aux femmes et \u00e0 leurs actions pour la vie ouvri\u00e8re de cette vall\u00e9e sid\u00e9rurgique.<\/p>\n<p>La vall\u00e9e de la Fensh \u00a0(72 hauts fourneaux \u00e0 la grande \u00e9poque) a fond\u00e9 son \u00ab\u00a0d\u00e9veloppement \u00a0\u00bb sur la mono culture industrielle li\u00e9e \u00e0 une gestion paternaliste de la main \u0153uvre ouvri\u00e8re. Des vagues d&rsquo;immigrations successives ont permis un essor \u00e9conomique suivi d&rsquo;un d\u00e9clin qui a constitu\u00e9 un traumatisme pour toutes les familles en touchant tous les secteurs d&rsquo;activit\u00e9s (commerces , artisanat).<\/p>\n<p>Le jardins des traces est une \u0153uvre sensible qui propose une exploration symbolique des univers li\u00e9s \u00e0 la sid\u00e9rurgie. Notre groupe s&rsquo;est particuli\u00e8rement int\u00e9ress\u00e9 \u00e0 la diversit\u00e9 des v\u00e9g\u00e9taux, aux sculptures et \u00e0 l&rsquo;\u00e9vocation des familles immigr\u00e9es.<\/p>\n<div><\/div>\n<p>Amistats<\/p>\n<p style=\"text-align: right;\"><strong>Jo\u00eblle et Ludmilla<\/strong><\/p>\n","protected":false},"excerpt":{"rendered":"<p>Volstroff : jour de repos au camping attendu pour les petites corv\u00e9es (lavage \/ rangement ) et pour faire le point toutes et tous ensemble \/ cercle de parole&#8230; 14h\u00a0un groupe part \u00e0 Uckange visiter U4 le parc du haut-fourneau patrimoine industriel et ouvrier o\u00f9 nous avons rendez vous avec &#8230; <\/p>\n<div><a href=\"https:\/\/www.altercampagne.net\/?p=1974\" class=\"more-link\">Read More<\/a><\/div>\n","protected":false},"author":214,"featured_media":15637,"comment_status":"closed","ping_status":"closed","sticky":false,"template":"","format":"standard","meta":{"footnotes":""},"categories":[3475,3460],"tags":[192,247,567,1515,1546,1547,1548,1549,1672,2704],"class_list":["post-1974","post","type-post","status-publish","format-standard","has-post-thumbnail","hentry","category-grand-est","category-edition-2015","tag-altertour-2015","tag-lorraine","tag-volstroff","tag-alsace-champagne-ardenne-lorraine","tag-moselle","tag-haut-fourneau","tag-jardin-des-traces","tag-jean-larche","tag-1672","tag-alterjournaliste"],"yoast_head":"<!-- This site is optimized with the Yoast SEO plugin v27.3 - https:\/\/yoast.com\/product\/yoast-seo-wordpress\/ -->\n<title>Jour de repos \u00e0 Volstroff - AlterTour<\/title>\n<meta name=\"robots\" content=\"index, follow, max-snippet:-1, max-image-preview:large, max-video-preview:-1\" \/>\n<link rel=\"canonical\" href=\"https:\/\/www.altercampagne.net\/?p=1974\" \/>\n<meta property=\"og:locale\" content=\"fr_FR\" \/>\n<meta property=\"og:type\" content=\"article\" \/>\n<meta property=\"og:title\" content=\"Jour de repos \u00e0 Volstroff - AlterTour\" \/>\n<meta property=\"og:description\" content=\"Volstroff : jour de repos au camping attendu pour les petites corv\u00e9es (lavage \/ rangement ) et pour faire le point toutes et tous ensemble \/ cercle de parole&#8230; 14h\u00a0un groupe part \u00e0 Uckange visiter U4 le parc du haut-fourneau patrimoine industriel et ouvrier o\u00f9 nous avons rendez vous avec ... Read More\" \/>\n<meta property=\"og:url\" content=\"https:\/\/www.altercampagne.net\/?p=1974\" \/>\n<meta property=\"og:site_name\" content=\"AlterTour\" \/>\n<meta property=\"article:published_time\" content=\"2015-07-26T20:20:39+00:00\" \/>\n<meta property=\"article:modified_time\" content=\"2019-09-16T08:06:06+00:00\" \/>\n<meta property=\"og:image\" content=\"https:\/\/www.altercampagne.net\/wp-content\/uploads\/2015\/07\/2015-07-26_10.58.jpg\" \/>\n\t<meta property=\"og:image:width\" content=\"902\" \/>\n\t<meta property=\"og:image:height\" content=\"472\" \/>\n\t<meta property=\"og:image:type\" content=\"image\/jpeg\" \/>\n<meta name=\"author\" content=\"Mathieu\" \/>\n<meta name=\"twitter:card\" content=\"summary_large_image\" \/>\n<meta name=\"twitter:label1\" content=\"\u00c9crit par\" \/>\n\t<meta name=\"twitter:data1\" content=\"Mathieu\" \/>\n\t<meta name=\"twitter:label2\" content=\"Dur\u00e9e de lecture estim\u00e9e\" \/>\n\t<meta name=\"twitter:data2\" content=\"1 minute\" \/>\n<script type=\"application\/ld+json\" class=\"yoast-schema-graph\">{\"@context\":\"https:\\\/\\\/schema.org\",\"@graph\":[{\"@type\":\"Article\",\"@id\":\"https:\\\/\\\/www.altercampagne.net\\\/?p=1974#article\",\"isPartOf\":{\"@id\":\"https:\\\/\\\/www.altercampagne.net\\\/?p=1974\"},\"author\":{\"name\":\"Mathieu\",\"@id\":\"https:\\\/\\\/www.altercampagne.net\\\/#\\\/schema\\\/person\\\/0f261460c09e430caa0f9bcffa319109\"},\"headline\":\"Jour de repos \u00e0 Volstroff\",\"datePublished\":\"2015-07-26T20:20:39+00:00\",\"dateModified\":\"2019-09-16T08:06:06+00:00\",\"mainEntityOfPage\":{\"@id\":\"https:\\\/\\\/www.altercampagne.net\\\/?p=1974\"},\"wordCount\":303,\"image\":{\"@id\":\"https:\\\/\\\/www.altercampagne.net\\\/?p=1974#primaryimage\"},\"thumbnailUrl\":\"https:\\\/\\\/www.altercampagne.net\\\/wp-content\\\/uploads\\\/2015\\\/07\\\/2015-07-26_10.58.jpg\",\"keywords\":[\"AlterTour 2015\",\"Lorraine\",\"Volstroff\",\"Alsace-Champagne-Ardenne-Lorraine\",\"Moselle\",\"haut-fourneau\",\"Jardin des Traces\",\"Jean Larch\u00e9\",\"2015\",\"alterjournaliste\"],\"articleSection\":[\"Grand Est\",\"\u00c9dition 2015\"],\"inLanguage\":\"fr-FR\"},{\"@type\":\"WebPage\",\"@id\":\"https:\\\/\\\/www.altercampagne.net\\\/?p=1974\",\"url\":\"https:\\\/\\\/www.altercampagne.net\\\/?p=1974\",\"name\":\"Jour de repos \u00e0 Volstroff - AlterTour\",\"isPartOf\":{\"@id\":\"https:\\\/\\\/www.altercampagne.net\\\/#website\"},\"primaryImageOfPage\":{\"@id\":\"https:\\\/\\\/www.altercampagne.net\\\/?p=1974#primaryimage\"},\"image\":{\"@id\":\"https:\\\/\\\/www.altercampagne.net\\\/?p=1974#primaryimage\"},\"thumbnailUrl\":\"https:\\\/\\\/www.altercampagne.net\\\/wp-content\\\/uploads\\\/2015\\\/07\\\/2015-07-26_10.58.jpg\",\"datePublished\":\"2015-07-26T20:20:39+00:00\",\"dateModified\":\"2019-09-16T08:06:06+00:00\",\"author\":{\"@id\":\"https:\\\/\\\/www.altercampagne.net\\\/#\\\/schema\\\/person\\\/0f261460c09e430caa0f9bcffa319109\"},\"breadcrumb\":{\"@id\":\"https:\\\/\\\/www.altercampagne.net\\\/?p=1974#breadcrumb\"},\"inLanguage\":\"fr-FR\",\"potentialAction\":[{\"@type\":\"ReadAction\",\"target\":[\"https:\\\/\\\/www.altercampagne.net\\\/?p=1974\"]}]},{\"@type\":\"ImageObject\",\"inLanguage\":\"fr-FR\",\"@id\":\"https:\\\/\\\/www.altercampagne.net\\\/?p=1974#primaryimage\",\"url\":\"https:\\\/\\\/www.altercampagne.net\\\/wp-content\\\/uploads\\\/2015\\\/07\\\/2015-07-26_10.58.jpg\",\"contentUrl\":\"https:\\\/\\\/www.altercampagne.net\\\/wp-content\\\/uploads\\\/2015\\\/07\\\/2015-07-26_10.58.jpg\",\"width\":902,\"height\":472},{\"@type\":\"BreadcrumbList\",\"@id\":\"https:\\\/\\\/www.altercampagne.net\\\/?p=1974#breadcrumb\",\"itemListElement\":[{\"@type\":\"ListItem\",\"position\":1,\"name\":\"Accueil\",\"item\":\"https:\\\/\\\/www.altercampagne.net\\\/\"},{\"@type\":\"ListItem\",\"position\":2,\"name\":\"Jour de repos \u00e0 Volstroff\"}]},{\"@type\":\"WebSite\",\"@id\":\"https:\\\/\\\/www.altercampagne.net\\\/#website\",\"url\":\"https:\\\/\\\/www.altercampagne.net\\\/\",\"name\":\"AlterTour\",\"description\":\"Reliez les Alternatives \u00e0 v\u00e9lo\",\"potentialAction\":[{\"@type\":\"SearchAction\",\"target\":{\"@type\":\"EntryPoint\",\"urlTemplate\":\"https:\\\/\\\/www.altercampagne.net\\\/?s={search_term_string}\"},\"query-input\":{\"@type\":\"PropertyValueSpecification\",\"valueRequired\":true,\"valueName\":\"search_term_string\"}}],\"inLanguage\":\"fr-FR\"},{\"@type\":\"Person\",\"@id\":\"https:\\\/\\\/www.altercampagne.net\\\/#\\\/schema\\\/person\\\/0f261460c09e430caa0f9bcffa319109\",\"name\":\"Mathieu\",\"image\":{\"@type\":\"ImageObject\",\"inLanguage\":\"fr-FR\",\"@id\":\"https:\\\/\\\/secure.gravatar.com\\\/avatar\\\/aa9d3d24c83f2141e5e2709d0f63d09a99f6be6bb7a50abc4915838d9f54501a?s=96&d=mm&r=g\",\"url\":\"https:\\\/\\\/secure.gravatar.com\\\/avatar\\\/aa9d3d24c83f2141e5e2709d0f63d09a99f6be6bb7a50abc4915838d9f54501a?s=96&d=mm&r=g\",\"contentUrl\":\"https:\\\/\\\/secure.gravatar.com\\\/avatar\\\/aa9d3d24c83f2141e5e2709d0f63d09a99f6be6bb7a50abc4915838d9f54501a?s=96&d=mm&r=g\",\"caption\":\"Mathieu\"},\"url\":\"https:\\\/\\\/www.altercampagne.net\\\/?author=214\"}]}<\/script>\n<!-- \/ Yoast SEO plugin. -->","yoast_head_json":{"title":"Jour de repos \u00e0 Volstroff - AlterTour","robots":{"index":"index","follow":"follow","max-snippet":"max-snippet:-1","max-image-preview":"max-image-preview:large","max-video-preview":"max-video-preview:-1"},"canonical":"https:\/\/www.altercampagne.net\/?p=1974","og_locale":"fr_FR","og_type":"article","og_title":"Jour de repos \u00e0 Volstroff - AlterTour","og_description":"Volstroff : jour de repos au camping attendu pour les petites corv\u00e9es (lavage \/ rangement ) et pour faire le point toutes et tous ensemble \/ cercle de parole&#8230; 14h\u00a0un groupe part \u00e0 Uckange visiter U4 le parc du haut-fourneau patrimoine industriel et ouvrier o\u00f9 nous avons rendez vous avec ... Read More","og_url":"https:\/\/www.altercampagne.net\/?p=1974","og_site_name":"AlterTour","article_published_time":"2015-07-26T20:20:39+00:00","article_modified_time":"2019-09-16T08:06:06+00:00","og_image":[{"width":902,"height":472,"url":"https:\/\/www.altercampagne.net\/wp-content\/uploads\/2015\/07\/2015-07-26_10.58.jpg","type":"image\/jpeg"}],"author":"Mathieu","twitter_card":"summary_large_image","twitter_misc":{"\u00c9crit par":"Mathieu","Dur\u00e9e de lecture estim\u00e9e":"1 minute"},"schema":{"@context":"https:\/\/schema.org","@graph":[{"@type":"Article","@id":"https:\/\/www.altercampagne.net\/?p=1974#article","isPartOf":{"@id":"https:\/\/www.altercampagne.net\/?p=1974"},"author":{"name":"Mathieu","@id":"https:\/\/www.altercampagne.net\/#\/schema\/person\/0f261460c09e430caa0f9bcffa319109"},"headline":"Jour de repos \u00e0 Volstroff","datePublished":"2015-07-26T20:20:39+00:00","dateModified":"2019-09-16T08:06:06+00:00","mainEntityOfPage":{"@id":"https:\/\/www.altercampagne.net\/?p=1974"},"wordCount":303,"image":{"@id":"https:\/\/www.altercampagne.net\/?p=1974#primaryimage"},"thumbnailUrl":"https:\/\/www.altercampagne.net\/wp-content\/uploads\/2015\/07\/2015-07-26_10.58.jpg","keywords":["AlterTour 2015","Lorraine","Volstroff","Alsace-Champagne-Ardenne-Lorraine","Moselle","haut-fourneau","Jardin des Traces","Jean Larch\u00e9","2015","alterjournaliste"],"articleSection":["Grand Est","\u00c9dition 2015"],"inLanguage":"fr-FR"},{"@type":"WebPage","@id":"https:\/\/www.altercampagne.net\/?p=1974","url":"https:\/\/www.altercampagne.net\/?p=1974","name":"Jour de repos \u00e0 Volstroff - AlterTour","isPartOf":{"@id":"https:\/\/www.altercampagne.net\/#website"},"primaryImageOfPage":{"@id":"https:\/\/www.altercampagne.net\/?p=1974#primaryimage"},"image":{"@id":"https:\/\/www.altercampagne.net\/?p=1974#primaryimage"},"thumbnailUrl":"https:\/\/www.altercampagne.net\/wp-content\/uploads\/2015\/07\/2015-07-26_10.58.jpg","datePublished":"2015-07-26T20:20:39+00:00","dateModified":"2019-09-16T08:06:06+00:00","author":{"@id":"https:\/\/www.altercampagne.net\/#\/schema\/person\/0f261460c09e430caa0f9bcffa319109"},"breadcrumb":{"@id":"https:\/\/www.altercampagne.net\/?p=1974#breadcrumb"},"inLanguage":"fr-FR","potentialAction":[{"@type":"ReadAction","target":["https:\/\/www.altercampagne.net\/?p=1974"]}]},{"@type":"ImageObject","inLanguage":"fr-FR","@id":"https:\/\/www.altercampagne.net\/?p=1974#primaryimage","url":"https:\/\/www.altercampagne.net\/wp-content\/uploads\/2015\/07\/2015-07-26_10.58.jpg","contentUrl":"https:\/\/www.altercampagne.net\/wp-content\/uploads\/2015\/07\/2015-07-26_10.58.jpg","width":902,"height":472},{"@type":"BreadcrumbList","@id":"https:\/\/www.altercampagne.net\/?p=1974#breadcrumb","itemListElement":[{"@type":"ListItem","position":1,"name":"Accueil","item":"https:\/\/www.altercampagne.net\/"},{"@type":"ListItem","position":2,"name":"Jour de repos \u00e0 Volstroff"}]},{"@type":"WebSite","@id":"https:\/\/www.altercampagne.net\/#website","url":"https:\/\/www.altercampagne.net\/","name":"AlterTour","description":"Reliez les Alternatives \u00e0 v\u00e9lo","potentialAction":[{"@type":"SearchAction","target":{"@type":"EntryPoint","urlTemplate":"https:\/\/www.altercampagne.net\/?s={search_term_string}"},"query-input":{"@type":"PropertyValueSpecification","valueRequired":true,"valueName":"search_term_string"}}],"inLanguage":"fr-FR"},{"@type":"Person","@id":"https:\/\/www.altercampagne.net\/#\/schema\/person\/0f261460c09e430caa0f9bcffa319109","name":"Mathieu","image":{"@type":"ImageObject","inLanguage":"fr-FR","@id":"https:\/\/secure.gravatar.com\/avatar\/aa9d3d24c83f2141e5e2709d0f63d09a99f6be6bb7a50abc4915838d9f54501a?s=96&d=mm&r=g","url":"https:\/\/secure.gravatar.com\/avatar\/aa9d3d24c83f2141e5e2709d0f63d09a99f6be6bb7a50abc4915838d9f54501a?s=96&d=mm&r=g","contentUrl":"https:\/\/secure.gravatar.com\/avatar\/aa9d3d24c83f2141e5e2709d0f63d09a99f6be6bb7a50abc4915838d9f54501a?s=96&d=mm&r=g","caption":"Mathieu"},"url":"https:\/\/www.altercampagne.net\/?author=214"}]}},"_links":{"self":[{"href":"https:\/\/www.altercampagne.net\/index.php?rest_route=\/wp\/v2\/posts\/1974","targetHints":{"allow":["GET"]}}],"collection":[{"href":"https:\/\/www.altercampagne.net\/index.php?rest_route=\/wp\/v2\/posts"}],"about":[{"href":"https:\/\/www.altercampagne.net\/index.php?rest_route=\/wp\/v2\/types\/post"}],"author":[{"embeddable":true,"href":"https:\/\/www.altercampagne.net\/index.php?rest_route=\/wp\/v2\/users\/214"}],"replies":[{"embeddable":true,"href":"https:\/\/www.altercampagne.net\/index.php?rest_route=%2Fwp%2Fv2%2Fcomments&post=1974"}],"version-history":[{"count":0,"href":"https:\/\/www.altercampagne.net\/index.php?rest_route=\/wp\/v2\/posts\/1974\/revisions"}],"wp:featuredmedia":[{"embeddable":true,"href":"https:\/\/www.altercampagne.net\/index.php?rest_route=\/wp\/v2\/media\/15637"}],"wp:attachment":[{"href":"https:\/\/www.altercampagne.net\/index.php?rest_route=%2Fwp%2Fv2%2Fmedia&parent=1974"}],"wp:term":[{"taxonomy":"category","embeddable":true,"href":"https:\/\/www.altercampagne.net\/index.php?rest_route=%2Fwp%2Fv2%2Fcategories&post=1974"},{"taxonomy":"post_tag","embeddable":true,"href":"https:\/\/www.altercampagne.net\/index.php?rest_route=%2Fwp%2Fv2%2Ftags&post=1974"}],"curies":[{"name":"wp","href":"https:\/\/api.w.org\/{rel}","templated":true}]}}