{"id":19745,"date":"2020-10-30T17:03:11","date_gmt":"2020-10-30T16:03:11","guid":{"rendered":"http:\/\/www.altercampagne.net\/?p=19745"},"modified":"2021-05-06T10:35:58","modified_gmt":"2021-05-06T08:35:58","slug":"lag-aura-lieu-en-viso-conference","status":"publish","type":"post","link":"https:\/\/www.altercampagne.net\/?p=19745","title":{"rendered":"L&rsquo;AG aura lieu en viso-conf\u00e9rence"},"content":{"rendered":"\n<p>Nous ne pensons surprendre personne \u00e0 vous annoncer que le week-end  d&rsquo;Altercyclistes, tout alterno que nous sommes, n&rsquo;aura pas lieu en pr\u00e9sentiel \u00e0 Morre&#8230; <br> Et \u00e0 moins que vous ne soyez de dangereux r\u00e9volutionnaires, nous vous invitons  <strong>\u00e0 annuler<\/strong> vos billets de train, de covoiturage, \u00e0 ranger votre pancarte d&rsquo;auto stoppeur et cadenasser votre v\u00e9lo dans le garage&#8230; <br> A d\u00e9faut de se prendre dans les bras (C&rsquo;EST INTERDIT, BON SANG !) on  pourra voir nos t\u00eates sur Zoom (on est encore \u00e0 peu pr\u00e8s bien coiff\u00e9, si  ce n&rsquo;est pas le cas, tu ne peux t&rsquo;en prendre qu&rsquo;\u00e0 toi m\u00eame&#8230;) <br> Donc maintenez votre r\u00e9servation pour <strong>le week-end du samedi 7 matin au dimanche 8 midi<\/strong><br><br> Et\u00a0surtout pr\u00e9voyez votre plus parfaite connexion internet, vos micros  digital sound audio, vos casques dolbi st\u00e9r\u00e9o, et cam\u00e9ras flash sound effect ! <br> La mosa\u00efque zoomesque en sera magnifique ! <strong><a href=\"https:\/\/us02web.zoom.us\/j\/82183502661?pwd=VGxIbmFvUUlYOFVkdWpOa1Q5MWxyUT09\" target=\"_blank\" rel=\"noreferrer noopener\" aria-label=\"Cliquez ici pour rejoindre la t\u00e9l\u00e9-r\u00e9union (s\u2019ouvre dans un nouvel onglet)\">Cliquez ici pour rejoindre la t\u00e9l\u00e9-r\u00e9union<\/a><\/strong>.<br><br> Laissez-nous le temps de peaufiner encore et on vous en dira plus cette semaine sans pour autant spoiler cet \u00e9pisode. <br> Bises \u00e0 vous ! D&rsquo;autant plus grosses qu&rsquo;elles sont interdites ! <\/p>\n\n\n\n<p> Par ordre d&rsquo;apparition : Ana\u00efs, Elsa, J\u00e9r\u00f4me, Mathieu, Mathilde et Virginie. <\/p>\n","protected":false},"excerpt":{"rendered":"<p>Nous ne pensons surprendre personne \u00e0 vous annoncer que le week-end d&rsquo;Altercyclistes, tout alterno que nous sommes, n&rsquo;aura pas lieu en pr\u00e9sentiel \u00e0 Morre&#8230; Et \u00e0 moins que vous ne soyez de dangereux r\u00e9volutionnaires, nous vous invitons \u00e0 annuler vos billets de train, de covoiturage, \u00e0 ranger votre pancarte d&rsquo;auto &#8230; <\/p>\n<div><a href=\"https:\/\/www.altercampagne.net\/?p=19745\" class=\"more-link\">Read More<\/a><\/div>\n","protected":false},"author":363,"featured_media":19746,"comment_status":"closed","ping_status":"closed","sticky":false,"template":"","format":"standard","meta":{"footnotes":""},"categories":[4313,4198,3539],"tags":[48,434,4228,4245],"class_list":["post-19745","post","type-post","status-publish","format-standard","has-post-thumbnail","hentry","category-altertour","category-edition-2021","category-we-de-preparation","tag-ag","tag-pleniere","tag-zoom","tag-viso"],"yoast_head":"<!-- This site is optimized with the Yoast SEO plugin v27.3 - https:\/\/yoast.com\/product\/yoast-seo-wordpress\/ -->\n<title>L&#039;AG aura lieu en viso-conf\u00e9rence - AlterTour<\/title>\n<meta name=\"robots\" content=\"index, follow, max-snippet:-1, max-image-preview:large, max-video-preview:-1\" \/>\n<link rel=\"canonical\" href=\"https:\/\/www.altercampagne.net\/?p=19745\" \/>\n<meta property=\"og:locale\" content=\"fr_FR\" \/>\n<meta property=\"og:type\" content=\"article\" \/>\n<meta property=\"og:title\" content=\"L&#039;AG aura lieu en viso-conf\u00e9rence - AlterTour\" \/>\n<meta property=\"og:description\" content=\"Nous ne pensons surprendre personne \u00e0 vous annoncer que le week-end d&rsquo;Altercyclistes, tout alterno que nous sommes, n&rsquo;aura pas lieu en pr\u00e9sentiel \u00e0 Morre&#8230; Et \u00e0 moins que vous ne soyez de dangereux r\u00e9volutionnaires, nous vous invitons \u00e0 annuler vos billets de train, de covoiturage, \u00e0 ranger votre pancarte d&rsquo;auto ... Read More\" \/>\n<meta property=\"og:url\" content=\"https:\/\/www.altercampagne.net\/?p=19745\" \/>\n<meta property=\"og:site_name\" content=\"AlterTour\" \/>\n<meta property=\"article:published_time\" content=\"2020-10-30T16:03:11+00:00\" \/>\n<meta property=\"article:modified_time\" content=\"2021-05-06T08:35:58+00:00\" \/>\n<meta property=\"og:image\" content=\"https:\/\/www.altercampagne.net\/wp-content\/uploads\/2020\/10\/191207-AT-CS-Pl\u00e9ni\u00e8re-6-scaled.jpg\" \/>\n\t<meta property=\"og:image:width\" content=\"2560\" \/>\n\t<meta property=\"og:image:height\" content=\"1344\" \/>\n\t<meta property=\"og:image:type\" content=\"image\/jpeg\" \/>\n<meta name=\"author\" content=\"Mathilde\" \/>\n<meta name=\"twitter:card\" content=\"summary_large_image\" \/>\n<meta name=\"twitter:label1\" content=\"\u00c9crit par\" \/>\n\t<meta name=\"twitter:data1\" content=\"Mathilde\" \/>\n\t<meta name=\"twitter:label2\" content=\"Dur\u00e9e de lecture estim\u00e9e\" \/>\n\t<meta name=\"twitter:data2\" content=\"1 minute\" \/>\n<script type=\"application\/ld+json\" class=\"yoast-schema-graph\">{\"@context\":\"https:\\\/\\\/schema.org\",\"@graph\":[{\"@type\":\"Article\",\"@id\":\"https:\\\/\\\/www.altercampagne.net\\\/?p=19745#article\",\"isPartOf\":{\"@id\":\"https:\\\/\\\/www.altercampagne.net\\\/?p=19745\"},\"author\":{\"name\":\"Mathilde\",\"@id\":\"https:\\\/\\\/www.altercampagne.net\\\/#\\\/schema\\\/person\\\/c3683586fa441b1df1a78e297c432b7b\"},\"headline\":\"L&rsquo;AG aura lieu en viso-conf\u00e9rence\",\"datePublished\":\"2020-10-30T16:03:11+00:00\",\"dateModified\":\"2021-05-06T08:35:58+00:00\",\"mainEntityOfPage\":{\"@id\":\"https:\\\/\\\/www.altercampagne.net\\\/?p=19745\"},\"wordCount\":213,\"image\":{\"@id\":\"https:\\\/\\\/www.altercampagne.net\\\/?p=19745#primaryimage\"},\"thumbnailUrl\":\"https:\\\/\\\/www.altercampagne.net\\\/wp-content\\\/uploads\\\/2020\\\/10\\\/191207-AT-CS-Pl\u00e9ni\u00e8re-6-scaled.jpg\",\"keywords\":[\"AG\",\"pl\u00e9ni\u00e8re\",\"zoom\",\"viso\"],\"articleSection\":[\"AlterTour\",\"Edition 2021\",\"WE de pr\u00e9paration\"],\"inLanguage\":\"fr-FR\"},{\"@type\":\"WebPage\",\"@id\":\"https:\\\/\\\/www.altercampagne.net\\\/?p=19745\",\"url\":\"https:\\\/\\\/www.altercampagne.net\\\/?p=19745\",\"name\":\"L'AG aura lieu en viso-conf\u00e9rence - AlterTour\",\"isPartOf\":{\"@id\":\"https:\\\/\\\/www.altercampagne.net\\\/#website\"},\"primaryImageOfPage\":{\"@id\":\"https:\\\/\\\/www.altercampagne.net\\\/?p=19745#primaryimage\"},\"image\":{\"@id\":\"https:\\\/\\\/www.altercampagne.net\\\/?p=19745#primaryimage\"},\"thumbnailUrl\":\"https:\\\/\\\/www.altercampagne.net\\\/wp-content\\\/uploads\\\/2020\\\/10\\\/191207-AT-CS-Pl\u00e9ni\u00e8re-6-scaled.jpg\",\"datePublished\":\"2020-10-30T16:03:11+00:00\",\"dateModified\":\"2021-05-06T08:35:58+00:00\",\"author\":{\"@id\":\"https:\\\/\\\/www.altercampagne.net\\\/#\\\/schema\\\/person\\\/c3683586fa441b1df1a78e297c432b7b\"},\"breadcrumb\":{\"@id\":\"https:\\\/\\\/www.altercampagne.net\\\/?p=19745#breadcrumb\"},\"inLanguage\":\"fr-FR\",\"potentialAction\":[{\"@type\":\"ReadAction\",\"target\":[\"https:\\\/\\\/www.altercampagne.net\\\/?p=19745\"]}]},{\"@type\":\"ImageObject\",\"inLanguage\":\"fr-FR\",\"@id\":\"https:\\\/\\\/www.altercampagne.net\\\/?p=19745#primaryimage\",\"url\":\"https:\\\/\\\/www.altercampagne.net\\\/wp-content\\\/uploads\\\/2020\\\/10\\\/191207-AT-CS-Pl\u00e9ni\u00e8re-6-scaled.jpg\",\"contentUrl\":\"https:\\\/\\\/www.altercampagne.net\\\/wp-content\\\/uploads\\\/2020\\\/10\\\/191207-AT-CS-Pl\u00e9ni\u00e8re-6-scaled.jpg\",\"width\":2560,\"height\":1344},{\"@type\":\"BreadcrumbList\",\"@id\":\"https:\\\/\\\/www.altercampagne.net\\\/?p=19745#breadcrumb\",\"itemListElement\":[{\"@type\":\"ListItem\",\"position\":1,\"name\":\"Accueil\",\"item\":\"https:\\\/\\\/www.altercampagne.net\\\/\"},{\"@type\":\"ListItem\",\"position\":2,\"name\":\"L&rsquo;AG aura lieu en viso-conf\u00e9rence\"}]},{\"@type\":\"WebSite\",\"@id\":\"https:\\\/\\\/www.altercampagne.net\\\/#website\",\"url\":\"https:\\\/\\\/www.altercampagne.net\\\/\",\"name\":\"AlterTour\",\"description\":\"Reliez les Alternatives \u00e0 v\u00e9lo\",\"potentialAction\":[{\"@type\":\"SearchAction\",\"target\":{\"@type\":\"EntryPoint\",\"urlTemplate\":\"https:\\\/\\\/www.altercampagne.net\\\/?s={search_term_string}\"},\"query-input\":{\"@type\":\"PropertyValueSpecification\",\"valueRequired\":true,\"valueName\":\"search_term_string\"}}],\"inLanguage\":\"fr-FR\"},{\"@type\":\"Person\",\"@id\":\"https:\\\/\\\/www.altercampagne.net\\\/#\\\/schema\\\/person\\\/c3683586fa441b1df1a78e297c432b7b\",\"name\":\"Mathilde\",\"image\":{\"@type\":\"ImageObject\",\"inLanguage\":\"fr-FR\",\"@id\":\"https:\\\/\\\/secure.gravatar.com\\\/avatar\\\/00a329eb3d6c80cac124a18336d969b2c016982139f825c6d5a2e66c56384bf7?s=96&d=mm&r=g\",\"url\":\"https:\\\/\\\/secure.gravatar.com\\\/avatar\\\/00a329eb3d6c80cac124a18336d969b2c016982139f825c6d5a2e66c56384bf7?s=96&d=mm&r=g\",\"contentUrl\":\"https:\\\/\\\/secure.gravatar.com\\\/avatar\\\/00a329eb3d6c80cac124a18336d969b2c016982139f825c6d5a2e66c56384bf7?s=96&d=mm&r=g\",\"caption\":\"Mathilde\"},\"url\":\"https:\\\/\\\/www.altercampagne.net\\\/?author=363\"}]}<\/script>\n<!-- \/ Yoast SEO plugin. -->","yoast_head_json":{"title":"L'AG aura lieu en viso-conf\u00e9rence - AlterTour","robots":{"index":"index","follow":"follow","max-snippet":"max-snippet:-1","max-image-preview":"max-image-preview:large","max-video-preview":"max-video-preview:-1"},"canonical":"https:\/\/www.altercampagne.net\/?p=19745","og_locale":"fr_FR","og_type":"article","og_title":"L'AG aura lieu en viso-conf\u00e9rence - AlterTour","og_description":"Nous ne pensons surprendre personne \u00e0 vous annoncer que le week-end d&rsquo;Altercyclistes, tout alterno que nous sommes, n&rsquo;aura pas lieu en pr\u00e9sentiel \u00e0 Morre&#8230; Et \u00e0 moins que vous ne soyez de dangereux r\u00e9volutionnaires, nous vous invitons \u00e0 annuler vos billets de train, de covoiturage, \u00e0 ranger votre pancarte d&rsquo;auto ... Read More","og_url":"https:\/\/www.altercampagne.net\/?p=19745","og_site_name":"AlterTour","article_published_time":"2020-10-30T16:03:11+00:00","article_modified_time":"2021-05-06T08:35:58+00:00","og_image":[{"width":2560,"height":1344,"url":"https:\/\/www.altercampagne.net\/wp-content\/uploads\/2020\/10\/191207-AT-CS-Pl\u00e9ni\u00e8re-6-scaled.jpg","type":"image\/jpeg"}],"author":"Mathilde","twitter_card":"summary_large_image","twitter_misc":{"\u00c9crit par":"Mathilde","Dur\u00e9e de lecture estim\u00e9e":"1 minute"},"schema":{"@context":"https:\/\/schema.org","@graph":[{"@type":"Article","@id":"https:\/\/www.altercampagne.net\/?p=19745#article","isPartOf":{"@id":"https:\/\/www.altercampagne.net\/?p=19745"},"author":{"name":"Mathilde","@id":"https:\/\/www.altercampagne.net\/#\/schema\/person\/c3683586fa441b1df1a78e297c432b7b"},"headline":"L&rsquo;AG aura lieu en viso-conf\u00e9rence","datePublished":"2020-10-30T16:03:11+00:00","dateModified":"2021-05-06T08:35:58+00:00","mainEntityOfPage":{"@id":"https:\/\/www.altercampagne.net\/?p=19745"},"wordCount":213,"image":{"@id":"https:\/\/www.altercampagne.net\/?p=19745#primaryimage"},"thumbnailUrl":"https:\/\/www.altercampagne.net\/wp-content\/uploads\/2020\/10\/191207-AT-CS-Pl\u00e9ni\u00e8re-6-scaled.jpg","keywords":["AG","pl\u00e9ni\u00e8re","zoom","viso"],"articleSection":["AlterTour","Edition 2021","WE de pr\u00e9paration"],"inLanguage":"fr-FR"},{"@type":"WebPage","@id":"https:\/\/www.altercampagne.net\/?p=19745","url":"https:\/\/www.altercampagne.net\/?p=19745","name":"L'AG aura lieu en viso-conf\u00e9rence - AlterTour","isPartOf":{"@id":"https:\/\/www.altercampagne.net\/#website"},"primaryImageOfPage":{"@id":"https:\/\/www.altercampagne.net\/?p=19745#primaryimage"},"image":{"@id":"https:\/\/www.altercampagne.net\/?p=19745#primaryimage"},"thumbnailUrl":"https:\/\/www.altercampagne.net\/wp-content\/uploads\/2020\/10\/191207-AT-CS-Pl\u00e9ni\u00e8re-6-scaled.jpg","datePublished":"2020-10-30T16:03:11+00:00","dateModified":"2021-05-06T08:35:58+00:00","author":{"@id":"https:\/\/www.altercampagne.net\/#\/schema\/person\/c3683586fa441b1df1a78e297c432b7b"},"breadcrumb":{"@id":"https:\/\/www.altercampagne.net\/?p=19745#breadcrumb"},"inLanguage":"fr-FR","potentialAction":[{"@type":"ReadAction","target":["https:\/\/www.altercampagne.net\/?p=19745"]}]},{"@type":"ImageObject","inLanguage":"fr-FR","@id":"https:\/\/www.altercampagne.net\/?p=19745#primaryimage","url":"https:\/\/www.altercampagne.net\/wp-content\/uploads\/2020\/10\/191207-AT-CS-Pl\u00e9ni\u00e8re-6-scaled.jpg","contentUrl":"https:\/\/www.altercampagne.net\/wp-content\/uploads\/2020\/10\/191207-AT-CS-Pl\u00e9ni\u00e8re-6-scaled.jpg","width":2560,"height":1344},{"@type":"BreadcrumbList","@id":"https:\/\/www.altercampagne.net\/?p=19745#breadcrumb","itemListElement":[{"@type":"ListItem","position":1,"name":"Accueil","item":"https:\/\/www.altercampagne.net\/"},{"@type":"ListItem","position":2,"name":"L&rsquo;AG aura lieu en viso-conf\u00e9rence"}]},{"@type":"WebSite","@id":"https:\/\/www.altercampagne.net\/#website","url":"https:\/\/www.altercampagne.net\/","name":"AlterTour","description":"Reliez les Alternatives \u00e0 v\u00e9lo","potentialAction":[{"@type":"SearchAction","target":{"@type":"EntryPoint","urlTemplate":"https:\/\/www.altercampagne.net\/?s={search_term_string}"},"query-input":{"@type":"PropertyValueSpecification","valueRequired":true,"valueName":"search_term_string"}}],"inLanguage":"fr-FR"},{"@type":"Person","@id":"https:\/\/www.altercampagne.net\/#\/schema\/person\/c3683586fa441b1df1a78e297c432b7b","name":"Mathilde","image":{"@type":"ImageObject","inLanguage":"fr-FR","@id":"https:\/\/secure.gravatar.com\/avatar\/00a329eb3d6c80cac124a18336d969b2c016982139f825c6d5a2e66c56384bf7?s=96&d=mm&r=g","url":"https:\/\/secure.gravatar.com\/avatar\/00a329eb3d6c80cac124a18336d969b2c016982139f825c6d5a2e66c56384bf7?s=96&d=mm&r=g","contentUrl":"https:\/\/secure.gravatar.com\/avatar\/00a329eb3d6c80cac124a18336d969b2c016982139f825c6d5a2e66c56384bf7?s=96&d=mm&r=g","caption":"Mathilde"},"url":"https:\/\/www.altercampagne.net\/?author=363"}]}},"_links":{"self":[{"href":"https:\/\/www.altercampagne.net\/index.php?rest_route=\/wp\/v2\/posts\/19745","targetHints":{"allow":["GET"]}}],"collection":[{"href":"https:\/\/www.altercampagne.net\/index.php?rest_route=\/wp\/v2\/posts"}],"about":[{"href":"https:\/\/www.altercampagne.net\/index.php?rest_route=\/wp\/v2\/types\/post"}],"author":[{"embeddable":true,"href":"https:\/\/www.altercampagne.net\/index.php?rest_route=\/wp\/v2\/users\/363"}],"replies":[{"embeddable":true,"href":"https:\/\/www.altercampagne.net\/index.php?rest_route=%2Fwp%2Fv2%2Fcomments&post=19745"}],"version-history":[{"count":4,"href":"https:\/\/www.altercampagne.net\/index.php?rest_route=\/wp\/v2\/posts\/19745\/revisions"}],"predecessor-version":[{"id":19879,"href":"https:\/\/www.altercampagne.net\/index.php?rest_route=\/wp\/v2\/posts\/19745\/revisions\/19879"}],"wp:featuredmedia":[{"embeddable":true,"href":"https:\/\/www.altercampagne.net\/index.php?rest_route=\/wp\/v2\/media\/19746"}],"wp:attachment":[{"href":"https:\/\/www.altercampagne.net\/index.php?rest_route=%2Fwp%2Fv2%2Fmedia&parent=19745"}],"wp:term":[{"taxonomy":"category","embeddable":true,"href":"https:\/\/www.altercampagne.net\/index.php?rest_route=%2Fwp%2Fv2%2Fcategories&post=19745"},{"taxonomy":"post_tag","embeddable":true,"href":"https:\/\/www.altercampagne.net\/index.php?rest_route=%2Fwp%2Fv2%2Ftags&post=19745"}],"curies":[{"name":"wp","href":"https:\/\/api.w.org\/{rel}","templated":true}]}}