{"id":1978,"date":"2015-08-07T20:48:48","date_gmt":"2015-08-07T18:48:48","guid":{"rendered":"http:\/\/www.altercampagne.net\/?p=1978"},"modified":"2016-04-10T13:46:27","modified_gmt":"2016-04-10T11:46:27","slug":"altertour-le-relais-solidaire-des-alternatives","status":"publish","type":"post","link":"https:\/\/www.altercampagne.net\/?p=1978","title":{"rendered":"AlterTour, le relais solidaire des alternatives"},"content":{"rendered":"<p class=\"post-byline\">par <a title=\"Articles par T\u00e9l\u00e9vision Canal C\" href=\"http:\/\/www.canalc.be\/author\/admin\/\" rel=\"author\">T\u00e9l\u00e9vision Canal C<\/a> \u00b7 ao\u00fbt 7, 2015<\/p>\n<div class=\"clear\"><\/div>\n<div class=\"entry\">\n<div class=\"entry-inner\">\n<p>Depuis le 18 juillet, une soixantaine de cyclistes participe \u00e0 un relais tr\u00e8s particulier.les cyclistes sont partis de France pour se rendre au Luxembourg et en Belgique et d\u00e9couvrir des alternatives<br \/>\ndans des domaines tr\u00e8s divers: agriculture, \u00e9nergie,transport, \u00e9conomie et soci\u00e9t\u00e9. Ces cyclistes ont fait escale \u00e0 Mettet \u00e0 la ferme de la Sarthe.<br \/>\n<iframe loading=\"lazy\" src=\"https:\/\/www.youtube.com\/embed\/oJuQekMvzLM\" width=\"560\" height=\"315\" frameborder=\"0\" allowfullscreen=\"allowfullscreen\"><\/iframe><\/p>\n<\/div>\n<\/div>\n","protected":false},"excerpt":{"rendered":"<p>par T\u00e9l\u00e9vision Canal C \u00b7 ao\u00fbt 7, 2015 Depuis le 18 juillet, une soixantaine de cyclistes participe \u00e0 un relais tr\u00e8s particulier.les cyclistes sont partis de France pour se rendre au Luxembourg et en Belgique et d\u00e9couvrir des alternatives dans des domaines tr\u00e8s divers: agriculture, \u00e9nergie,transport, \u00e9conomie et soci\u00e9t\u00e9. Ces &#8230; <\/p>\n<div><a href=\"https:\/\/www.altercampagne.net\/?p=1978\" class=\"more-link\">Read More<\/a><\/div>\n","protected":false},"author":214,"featured_media":0,"comment_status":"closed","ping_status":"closed","sticky":false,"template":"","format":"standard","meta":{"footnotes":""},"categories":[239],"tags":[23,29,44,192,233,380,381,382,1505,1520,1521,1672,1680],"class_list":["post-1978","post","type-post","status-publish","format-standard","hentry","category-revue-de-presse","tag-belgique","tag-namur","tag-climat","tag-altertour-2015","tag-cop21","tag-canal-c","tag-ferme-de-la-sarthe","tag-gonoy","tag-region-wallonne","tag-mettet","tag-province-de-namur","tag-1672","tag-wallon","no-post-thumbnail"],"yoast_head":"<!-- This site is optimized with the Yoast SEO plugin v27.3 - https:\/\/yoast.com\/product\/yoast-seo-wordpress\/ -->\n<title>AlterTour, le relais solidaire des alternatives - AlterTour<\/title>\n<meta name=\"robots\" content=\"index, follow, max-snippet:-1, max-image-preview:large, max-video-preview:-1\" \/>\n<link rel=\"canonical\" href=\"https:\/\/www.altercampagne.net\/?p=1978\" \/>\n<meta property=\"og:locale\" content=\"fr_FR\" \/>\n<meta property=\"og:type\" content=\"article\" \/>\n<meta property=\"og:title\" content=\"AlterTour, le relais solidaire des alternatives - AlterTour\" \/>\n<meta property=\"og:description\" content=\"par T\u00e9l\u00e9vision Canal C \u00b7 ao\u00fbt 7, 2015 Depuis le 18 juillet, une soixantaine de cyclistes participe \u00e0 un relais tr\u00e8s particulier.les cyclistes sont partis de France pour se rendre au Luxembourg et en Belgique et d\u00e9couvrir des alternatives dans des domaines tr\u00e8s divers: agriculture, \u00e9nergie,transport, \u00e9conomie et soci\u00e9t\u00e9. Ces ... Read More\" \/>\n<meta property=\"og:url\" content=\"https:\/\/www.altercampagne.net\/?p=1978\" \/>\n<meta property=\"og:site_name\" content=\"AlterTour\" \/>\n<meta property=\"article:published_time\" content=\"2015-08-07T18:48:48+00:00\" \/>\n<meta property=\"article:modified_time\" content=\"2016-04-10T11:46:27+00:00\" \/>\n<meta name=\"author\" content=\"Mathieu\" \/>\n<meta name=\"twitter:card\" content=\"summary_large_image\" \/>\n<meta name=\"twitter:label1\" content=\"\u00c9crit par\" \/>\n\t<meta name=\"twitter:data1\" content=\"Mathieu\" \/>\n<script type=\"application\/ld+json\" class=\"yoast-schema-graph\">{\"@context\":\"https:\\\/\\\/schema.org\",\"@graph\":[{\"@type\":\"Article\",\"@id\":\"https:\\\/\\\/www.altercampagne.net\\\/?p=1978#article\",\"isPartOf\":{\"@id\":\"https:\\\/\\\/www.altercampagne.net\\\/?p=1978\"},\"author\":{\"name\":\"Mathieu\",\"@id\":\"https:\\\/\\\/www.altercampagne.net\\\/#\\\/schema\\\/person\\\/0f261460c09e430caa0f9bcffa319109\"},\"headline\":\"AlterTour, le relais solidaire des alternatives\",\"datePublished\":\"2015-08-07T18:48:48+00:00\",\"dateModified\":\"2016-04-10T11:46:27+00:00\",\"mainEntityOfPage\":{\"@id\":\"https:\\\/\\\/www.altercampagne.net\\\/?p=1978\"},\"wordCount\":70,\"keywords\":[\"belgique\",\"Namur\",\"climat\",\"AlterTour 2015\",\"cop21\",\"canal c\",\"ferme de la sarthe\",\"gonoy\",\"R\u00e9gion wallonne\",\"Mettet\",\"province de Namur\",\"2015\",\"wallon\"],\"articleSection\":[\"Revue de presse\"],\"inLanguage\":\"fr-FR\"},{\"@type\":\"WebPage\",\"@id\":\"https:\\\/\\\/www.altercampagne.net\\\/?p=1978\",\"url\":\"https:\\\/\\\/www.altercampagne.net\\\/?p=1978\",\"name\":\"AlterTour, le relais solidaire des alternatives - AlterTour\",\"isPartOf\":{\"@id\":\"https:\\\/\\\/www.altercampagne.net\\\/#website\"},\"datePublished\":\"2015-08-07T18:48:48+00:00\",\"dateModified\":\"2016-04-10T11:46:27+00:00\",\"author\":{\"@id\":\"https:\\\/\\\/www.altercampagne.net\\\/#\\\/schema\\\/person\\\/0f261460c09e430caa0f9bcffa319109\"},\"breadcrumb\":{\"@id\":\"https:\\\/\\\/www.altercampagne.net\\\/?p=1978#breadcrumb\"},\"inLanguage\":\"fr-FR\",\"potentialAction\":[{\"@type\":\"ReadAction\",\"target\":[\"https:\\\/\\\/www.altercampagne.net\\\/?p=1978\"]}]},{\"@type\":\"BreadcrumbList\",\"@id\":\"https:\\\/\\\/www.altercampagne.net\\\/?p=1978#breadcrumb\",\"itemListElement\":[{\"@type\":\"ListItem\",\"position\":1,\"name\":\"Accueil\",\"item\":\"https:\\\/\\\/www.altercampagne.net\\\/\"},{\"@type\":\"ListItem\",\"position\":2,\"name\":\"AlterTour, le relais solidaire des alternatives\"}]},{\"@type\":\"WebSite\",\"@id\":\"https:\\\/\\\/www.altercampagne.net\\\/#website\",\"url\":\"https:\\\/\\\/www.altercampagne.net\\\/\",\"name\":\"AlterTour\",\"description\":\"Reliez les Alternatives \u00e0 v\u00e9lo\",\"potentialAction\":[{\"@type\":\"SearchAction\",\"target\":{\"@type\":\"EntryPoint\",\"urlTemplate\":\"https:\\\/\\\/www.altercampagne.net\\\/?s={search_term_string}\"},\"query-input\":{\"@type\":\"PropertyValueSpecification\",\"valueRequired\":true,\"valueName\":\"search_term_string\"}}],\"inLanguage\":\"fr-FR\"},{\"@type\":\"Person\",\"@id\":\"https:\\\/\\\/www.altercampagne.net\\\/#\\\/schema\\\/person\\\/0f261460c09e430caa0f9bcffa319109\",\"name\":\"Mathieu\",\"image\":{\"@type\":\"ImageObject\",\"inLanguage\":\"fr-FR\",\"@id\":\"https:\\\/\\\/secure.gravatar.com\\\/avatar\\\/aa9d3d24c83f2141e5e2709d0f63d09a99f6be6bb7a50abc4915838d9f54501a?s=96&d=mm&r=g\",\"url\":\"https:\\\/\\\/secure.gravatar.com\\\/avatar\\\/aa9d3d24c83f2141e5e2709d0f63d09a99f6be6bb7a50abc4915838d9f54501a?s=96&d=mm&r=g\",\"contentUrl\":\"https:\\\/\\\/secure.gravatar.com\\\/avatar\\\/aa9d3d24c83f2141e5e2709d0f63d09a99f6be6bb7a50abc4915838d9f54501a?s=96&d=mm&r=g\",\"caption\":\"Mathieu\"},\"url\":\"https:\\\/\\\/www.altercampagne.net\\\/?author=214\"}]}<\/script>\n<!-- \/ Yoast SEO plugin. -->","yoast_head_json":{"title":"AlterTour, le relais solidaire des alternatives - AlterTour","robots":{"index":"index","follow":"follow","max-snippet":"max-snippet:-1","max-image-preview":"max-image-preview:large","max-video-preview":"max-video-preview:-1"},"canonical":"https:\/\/www.altercampagne.net\/?p=1978","og_locale":"fr_FR","og_type":"article","og_title":"AlterTour, le relais solidaire des alternatives - AlterTour","og_description":"par T\u00e9l\u00e9vision Canal C \u00b7 ao\u00fbt 7, 2015 Depuis le 18 juillet, une soixantaine de cyclistes participe \u00e0 un relais tr\u00e8s particulier.les cyclistes sont partis de France pour se rendre au Luxembourg et en Belgique et d\u00e9couvrir des alternatives dans des domaines tr\u00e8s divers: agriculture, \u00e9nergie,transport, \u00e9conomie et soci\u00e9t\u00e9. Ces ... Read More","og_url":"https:\/\/www.altercampagne.net\/?p=1978","og_site_name":"AlterTour","article_published_time":"2015-08-07T18:48:48+00:00","article_modified_time":"2016-04-10T11:46:27+00:00","author":"Mathieu","twitter_card":"summary_large_image","twitter_misc":{"\u00c9crit par":"Mathieu"},"schema":{"@context":"https:\/\/schema.org","@graph":[{"@type":"Article","@id":"https:\/\/www.altercampagne.net\/?p=1978#article","isPartOf":{"@id":"https:\/\/www.altercampagne.net\/?p=1978"},"author":{"name":"Mathieu","@id":"https:\/\/www.altercampagne.net\/#\/schema\/person\/0f261460c09e430caa0f9bcffa319109"},"headline":"AlterTour, le relais solidaire des alternatives","datePublished":"2015-08-07T18:48:48+00:00","dateModified":"2016-04-10T11:46:27+00:00","mainEntityOfPage":{"@id":"https:\/\/www.altercampagne.net\/?p=1978"},"wordCount":70,"keywords":["belgique","Namur","climat","AlterTour 2015","cop21","canal c","ferme de la sarthe","gonoy","R\u00e9gion wallonne","Mettet","province de Namur","2015","wallon"],"articleSection":["Revue de presse"],"inLanguage":"fr-FR"},{"@type":"WebPage","@id":"https:\/\/www.altercampagne.net\/?p=1978","url":"https:\/\/www.altercampagne.net\/?p=1978","name":"AlterTour, le relais solidaire des alternatives - AlterTour","isPartOf":{"@id":"https:\/\/www.altercampagne.net\/#website"},"datePublished":"2015-08-07T18:48:48+00:00","dateModified":"2016-04-10T11:46:27+00:00","author":{"@id":"https:\/\/www.altercampagne.net\/#\/schema\/person\/0f261460c09e430caa0f9bcffa319109"},"breadcrumb":{"@id":"https:\/\/www.altercampagne.net\/?p=1978#breadcrumb"},"inLanguage":"fr-FR","potentialAction":[{"@type":"ReadAction","target":["https:\/\/www.altercampagne.net\/?p=1978"]}]},{"@type":"BreadcrumbList","@id":"https:\/\/www.altercampagne.net\/?p=1978#breadcrumb","itemListElement":[{"@type":"ListItem","position":1,"name":"Accueil","item":"https:\/\/www.altercampagne.net\/"},{"@type":"ListItem","position":2,"name":"AlterTour, le relais solidaire des alternatives"}]},{"@type":"WebSite","@id":"https:\/\/www.altercampagne.net\/#website","url":"https:\/\/www.altercampagne.net\/","name":"AlterTour","description":"Reliez les Alternatives \u00e0 v\u00e9lo","potentialAction":[{"@type":"SearchAction","target":{"@type":"EntryPoint","urlTemplate":"https:\/\/www.altercampagne.net\/?s={search_term_string}"},"query-input":{"@type":"PropertyValueSpecification","valueRequired":true,"valueName":"search_term_string"}}],"inLanguage":"fr-FR"},{"@type":"Person","@id":"https:\/\/www.altercampagne.net\/#\/schema\/person\/0f261460c09e430caa0f9bcffa319109","name":"Mathieu","image":{"@type":"ImageObject","inLanguage":"fr-FR","@id":"https:\/\/secure.gravatar.com\/avatar\/aa9d3d24c83f2141e5e2709d0f63d09a99f6be6bb7a50abc4915838d9f54501a?s=96&d=mm&r=g","url":"https:\/\/secure.gravatar.com\/avatar\/aa9d3d24c83f2141e5e2709d0f63d09a99f6be6bb7a50abc4915838d9f54501a?s=96&d=mm&r=g","contentUrl":"https:\/\/secure.gravatar.com\/avatar\/aa9d3d24c83f2141e5e2709d0f63d09a99f6be6bb7a50abc4915838d9f54501a?s=96&d=mm&r=g","caption":"Mathieu"},"url":"https:\/\/www.altercampagne.net\/?author=214"}]}},"_links":{"self":[{"href":"https:\/\/www.altercampagne.net\/index.php?rest_route=\/wp\/v2\/posts\/1978","targetHints":{"allow":["GET"]}}],"collection":[{"href":"https:\/\/www.altercampagne.net\/index.php?rest_route=\/wp\/v2\/posts"}],"about":[{"href":"https:\/\/www.altercampagne.net\/index.php?rest_route=\/wp\/v2\/types\/post"}],"author":[{"embeddable":true,"href":"https:\/\/www.altercampagne.net\/index.php?rest_route=\/wp\/v2\/users\/214"}],"replies":[{"embeddable":true,"href":"https:\/\/www.altercampagne.net\/index.php?rest_route=%2Fwp%2Fv2%2Fcomments&post=1978"}],"version-history":[{"count":0,"href":"https:\/\/www.altercampagne.net\/index.php?rest_route=\/wp\/v2\/posts\/1978\/revisions"}],"wp:attachment":[{"href":"https:\/\/www.altercampagne.net\/index.php?rest_route=%2Fwp%2Fv2%2Fmedia&parent=1978"}],"wp:term":[{"taxonomy":"category","embeddable":true,"href":"https:\/\/www.altercampagne.net\/index.php?rest_route=%2Fwp%2Fv2%2Fcategories&post=1978"},{"taxonomy":"post_tag","embeddable":true,"href":"https:\/\/www.altercampagne.net\/index.php?rest_route=%2Fwp%2Fv2%2Ftags&post=1978"}],"curies":[{"name":"wp","href":"https:\/\/api.w.org\/{rel}","templated":true}]}}