{"id":20081,"date":"2020-11-19T11:37:16","date_gmt":"2020-11-19T10:37:16","guid":{"rendered":"http:\/\/www.altercampagne.net\/?p=20081"},"modified":"2021-05-06T10:35:57","modified_gmt":"2021-05-06T08:35:57","slug":"alors-par-ou-passe-laltertour-2021","status":"publish","type":"post","link":"https:\/\/www.altercampagne.net\/?p=20081","title":{"rendered":"Alors, par o\u00f9 passe l\u2019AlterTour 2021 ?"},"content":{"rendered":"\n<p>Et c\u2019est reparti pour un (Alter)Tour ! Les <strong>12 et 13 d\u00e9cembre<\/strong>, <strong>les cyclistes (d\u00e9)confin\u00e9s (?) se retrouveront pour le 3\u00e8me week-end de pr\u00e9paration de l\u2019\u00e9dition 2021,<\/strong> qui les m\u00e8nera dans le Nord-Ouest de la France.<\/p>\n\n\n\n<p>Un week-end \u00d4 combien important, puisque lors de ces deux jours d\u00e9cisifs sera dessin\u00e9 le parcours de l\u2019AlterTour !<\/p>\n\n\n\n<h4 class=\"wp-block-heading\">Ce qui se passe normalement.<\/h4>\n\n\n\n<p>\u00c0 partir des palpitantes initiatives que nos pr\u00e9cieux d\u00e9fricheurs et d\u00e9fricheuses ont remarqu\u00e9es, contact\u00e9es, parfois rencontr\u00e9es, et \u00e0 l\u2019aide d\u2019un ruban qui permet de s\u2019assurer que le parcours final ne sera ni trop long, ni trop court, les participant.e.s s\u2019agitent autour de cartes de France pour proposer des parcours potentiels ! Chacun.e ou presque y va de sa suggestion de 1000 km environ, tortille son bout de ficelle de village en village, et tout le monde exprime son opinion gr\u00e2ce aux couleurs du consensus, en plusieurs rounds s\u2019il vous pla\u00eet ! Ainsi, est d\u00e9cid\u00e9 quels chemins seront p\u00e9dal\u00e9s l\u2019\u00e9t\u00e9 prochain.<\/p>\n\n\n\n<h4 class=\"wp-block-heading\">Ce qui va se passer cette fois.<\/h4>\n\n\n\n<p>&nbsp;\u00c0 partir des palpitantes initiatives que nos pr\u00e9cieux d\u00e9fricheurs et d\u00e9fricheuses ont remarqu\u00e9es, contact\u00e9es, parfois rencontr\u00e9es, et \u00e0 l\u2019aide d\u2019un ruban\u2026 euh\u2026 virtuel, et de cartes\u2026 euh\u2026 en ligne\u2026 Bref, un certain flou artistique r\u00e8gne encore autour de la m\u00e9thodologie qui sera employ\u00e9e cette fois, puisqu\u2019il est tr\u00e8s probable que cette rencontre sera virtuelle, et non au Mans comme initialement pr\u00e9vu. Mais de m\u00eame qu\u2019un brouillard \u00e9pais n\u2019emp\u00eache pas les cyclistes de p\u00e9daler, ce manque de visibilit\u00e9 ne sera vu que comme un d\u00e9fi \u00e0 relever ! En septembre comme en novembre, celles et ceux qui ont organis\u00e9 les pl\u00e9ni\u00e8res ont \u00e9pat\u00e9 les participant.e.s, jonglant avec les options de la plateforme Zoom comme on passerait les vitesses avec un d\u00e9railleur bien huil\u00e9, cr\u00e9ant des moments d\u2019interaction en petits groupes, inventant des jeux pour faire passer des informations, bref, des virtuoses de la r\u00e9union en ligne, des maestros de la t\u00e9l\u00e9-conf\u00e9rence.<\/p>\n\n\n\n<p>Alors, on sait qu\u2019on passera un bon week-end et qu\u2019on rigolera ensemble, et rendez-vous en d\u00e9cembre pour l\u2019annonce du parcours ! Et <strong>si tu veux participer \u00e0 cette aventure<\/strong>, inscris-toi dans le doc partag\u00e9 envoy\u00e9 par mail, ou mets nous un petit mot \u00e0&nbsp; <strong>contact@altertour.net <\/strong>ou sur la page facebook !<\/p>\n\n\n\n<p><strong>Participer \u00e0 la r\u00e9union Zoom<\/strong> : <a href=\"https:\/\/zoom.us\/j\/3380817647?pwd=Y3hvUHBEMy81bnR5QnB4MmtsSmFLZz09\" target=\"_blank\" rel=\"noreferrer noopener\" aria-label=\"https:\/\/zoom.us\/j\/3380817647?pwd=Y3hvUHBEMy81bnR5QnB4MmtsSmFLZz09 (s\u2019ouvre dans un nouvel onglet)\">https:\/\/zoom.us\/j\/3380817647?pwd=Y3hvUHBEMy81bnR5QnB4MmtsSmFLZz09<\/a><\/p>\n\n\n\n<p>Et pour<strong> nous aider \u00e0 trouver des alternatives en Normandie, Bretagne et Pays de la Loire<\/strong>, c\u2019est <strong><a href=\"http:\/\/www.altercampagne.net\/?p=19640\">ici <\/a><\/strong>!<\/p>\n\n\n\n<figure class=\"wp-block-image size-large\"><img loading=\"lazy\" decoding=\"async\" width=\"474\" height=\"387\" src=\"http:\/\/www.altercampagne.net\/wp-content\/uploads\/2020\/11\/pleniere-parcours.jpg\" alt=\"\" class=\"wp-image-20086\" srcset=\"https:\/\/www.altercampagne.net\/wp-content\/uploads\/2020\/11\/pleniere-parcours.jpg 474w, https:\/\/www.altercampagne.net\/wp-content\/uploads\/2020\/11\/pleniere-parcours-300x245.jpg 300w, https:\/\/www.altercampagne.net\/wp-content\/uploads\/2020\/11\/pleniere-parcours-100x82.jpg 100w\" sizes=\"auto, (max-width: 474px) 100vw, 474px\" \/><\/figure>\n","protected":false},"excerpt":{"rendered":"<p>Et c\u2019est reparti pour un (Alter)Tour ! Les 12 et 13 d\u00e9cembre, les cyclistes (d\u00e9)confin\u00e9s (?) se retrouveront pour le 3\u00e8me week-end de pr\u00e9paration de l\u2019\u00e9dition 2021, qui les m\u00e8nera dans le Nord-Ouest de la France. Un week-end \u00d4 combien important, puisque lors de ces deux jours d\u00e9cisifs sera dessin\u00e9 &#8230; <\/p>\n<div><a href=\"https:\/\/www.altercampagne.net\/?p=20081\" class=\"more-link\">Read More<\/a><\/div>\n","protected":false},"author":353,"featured_media":20083,"comment_status":"closed","ping_status":"closed","sticky":false,"template":"","format":"standard","meta":{"footnotes":""},"categories":[4313,4198,3539],"tags":[433,520,3565],"class_list":["post-20081","post","type-post","status-publish","format-standard","has-post-thumbnail","hentry","category-altertour","category-edition-2021","category-we-de-preparation","tag-plenieres","tag-parcours","tag-week-end"],"yoast_head":"<!-- This site is optimized with the Yoast SEO plugin v27.3 - https:\/\/yoast.com\/product\/yoast-seo-wordpress\/ -->\n<title>Alors, par o\u00f9 passe l\u2019AlterTour 2021 ? - AlterTour<\/title>\n<meta name=\"robots\" content=\"index, follow, max-snippet:-1, max-image-preview:large, max-video-preview:-1\" \/>\n<link rel=\"canonical\" href=\"https:\/\/www.altercampagne.net\/?p=20081\" \/>\n<meta property=\"og:locale\" content=\"fr_FR\" \/>\n<meta property=\"og:type\" content=\"article\" \/>\n<meta property=\"og:title\" content=\"Alors, par o\u00f9 passe l\u2019AlterTour 2021 ? - AlterTour\" \/>\n<meta property=\"og:description\" content=\"Et c\u2019est reparti pour un (Alter)Tour ! Les 12 et 13 d\u00e9cembre, les cyclistes (d\u00e9)confin\u00e9s (?) se retrouveront pour le 3\u00e8me week-end de pr\u00e9paration de l\u2019\u00e9dition 2021, qui les m\u00e8nera dans le Nord-Ouest de la France. Un week-end \u00d4 combien important, puisque lors de ces deux jours d\u00e9cisifs sera dessin\u00e9 ... Read More\" \/>\n<meta property=\"og:url\" content=\"https:\/\/www.altercampagne.net\/?p=20081\" \/>\n<meta property=\"og:site_name\" content=\"AlterTour\" \/>\n<meta property=\"article:published_time\" content=\"2020-11-19T10:37:16+00:00\" \/>\n<meta property=\"article:modified_time\" content=\"2021-05-06T08:35:57+00:00\" \/>\n<meta property=\"og:image\" content=\"https:\/\/www.altercampagne.net\/wp-content\/uploads\/2020\/11\/ruban-parcours.jpg\" \/>\n\t<meta property=\"og:image:width\" content=\"638\" \/>\n\t<meta property=\"og:image:height\" content=\"333\" \/>\n\t<meta property=\"og:image:type\" content=\"image\/jpeg\" \/>\n<meta name=\"author\" content=\"Carlotta\" \/>\n<meta name=\"twitter:card\" content=\"summary_large_image\" \/>\n<meta name=\"twitter:label1\" content=\"\u00c9crit par\" \/>\n\t<meta name=\"twitter:data1\" content=\"Carlotta\" \/>\n\t<meta name=\"twitter:label2\" content=\"Dur\u00e9e de lecture estim\u00e9e\" \/>\n\t<meta name=\"twitter:data2\" content=\"2 minutes\" \/>\n<script type=\"application\/ld+json\" class=\"yoast-schema-graph\">{\"@context\":\"https:\\\/\\\/schema.org\",\"@graph\":[{\"@type\":\"Article\",\"@id\":\"https:\\\/\\\/www.altercampagne.net\\\/?p=20081#article\",\"isPartOf\":{\"@id\":\"https:\\\/\\\/www.altercampagne.net\\\/?p=20081\"},\"author\":{\"name\":\"Carlotta\",\"@id\":\"https:\\\/\\\/www.altercampagne.net\\\/#\\\/schema\\\/person\\\/0310e7930636785dabf8b7cab925c7eb\"},\"headline\":\"Alors, par o\u00f9 passe l\u2019AlterTour 2021 ?\",\"datePublished\":\"2020-11-19T10:37:16+00:00\",\"dateModified\":\"2021-05-06T08:35:57+00:00\",\"mainEntityOfPage\":{\"@id\":\"https:\\\/\\\/www.altercampagne.net\\\/?p=20081\"},\"wordCount\":456,\"image\":{\"@id\":\"https:\\\/\\\/www.altercampagne.net\\\/?p=20081#primaryimage\"},\"thumbnailUrl\":\"https:\\\/\\\/www.altercampagne.net\\\/wp-content\\\/uploads\\\/2020\\\/11\\\/ruban-parcours.jpg\",\"keywords\":[\"pl\u00e9ni\u00e8res\",\"parcours\",\"week-end\"],\"articleSection\":[\"AlterTour\",\"Edition 2021\",\"WE de pr\u00e9paration\"],\"inLanguage\":\"fr-FR\"},{\"@type\":\"WebPage\",\"@id\":\"https:\\\/\\\/www.altercampagne.net\\\/?p=20081\",\"url\":\"https:\\\/\\\/www.altercampagne.net\\\/?p=20081\",\"name\":\"Alors, par o\u00f9 passe l\u2019AlterTour 2021 ? - AlterTour\",\"isPartOf\":{\"@id\":\"https:\\\/\\\/www.altercampagne.net\\\/#website\"},\"primaryImageOfPage\":{\"@id\":\"https:\\\/\\\/www.altercampagne.net\\\/?p=20081#primaryimage\"},\"image\":{\"@id\":\"https:\\\/\\\/www.altercampagne.net\\\/?p=20081#primaryimage\"},\"thumbnailUrl\":\"https:\\\/\\\/www.altercampagne.net\\\/wp-content\\\/uploads\\\/2020\\\/11\\\/ruban-parcours.jpg\",\"datePublished\":\"2020-11-19T10:37:16+00:00\",\"dateModified\":\"2021-05-06T08:35:57+00:00\",\"author\":{\"@id\":\"https:\\\/\\\/www.altercampagne.net\\\/#\\\/schema\\\/person\\\/0310e7930636785dabf8b7cab925c7eb\"},\"breadcrumb\":{\"@id\":\"https:\\\/\\\/www.altercampagne.net\\\/?p=20081#breadcrumb\"},\"inLanguage\":\"fr-FR\",\"potentialAction\":[{\"@type\":\"ReadAction\",\"target\":[\"https:\\\/\\\/www.altercampagne.net\\\/?p=20081\"]}]},{\"@type\":\"ImageObject\",\"inLanguage\":\"fr-FR\",\"@id\":\"https:\\\/\\\/www.altercampagne.net\\\/?p=20081#primaryimage\",\"url\":\"https:\\\/\\\/www.altercampagne.net\\\/wp-content\\\/uploads\\\/2020\\\/11\\\/ruban-parcours.jpg\",\"contentUrl\":\"https:\\\/\\\/www.altercampagne.net\\\/wp-content\\\/uploads\\\/2020\\\/11\\\/ruban-parcours.jpg\",\"width\":638,\"height\":333},{\"@type\":\"BreadcrumbList\",\"@id\":\"https:\\\/\\\/www.altercampagne.net\\\/?p=20081#breadcrumb\",\"itemListElement\":[{\"@type\":\"ListItem\",\"position\":1,\"name\":\"Accueil\",\"item\":\"https:\\\/\\\/www.altercampagne.net\\\/\"},{\"@type\":\"ListItem\",\"position\":2,\"name\":\"Alors, par o\u00f9 passe l\u2019AlterTour 2021 ?\"}]},{\"@type\":\"WebSite\",\"@id\":\"https:\\\/\\\/www.altercampagne.net\\\/#website\",\"url\":\"https:\\\/\\\/www.altercampagne.net\\\/\",\"name\":\"AlterTour\",\"description\":\"Reliez les Alternatives \u00e0 v\u00e9lo\",\"potentialAction\":[{\"@type\":\"SearchAction\",\"target\":{\"@type\":\"EntryPoint\",\"urlTemplate\":\"https:\\\/\\\/www.altercampagne.net\\\/?s={search_term_string}\"},\"query-input\":{\"@type\":\"PropertyValueSpecification\",\"valueRequired\":true,\"valueName\":\"search_term_string\"}}],\"inLanguage\":\"fr-FR\"},{\"@type\":\"Person\",\"@id\":\"https:\\\/\\\/www.altercampagne.net\\\/#\\\/schema\\\/person\\\/0310e7930636785dabf8b7cab925c7eb\",\"name\":\"Carlotta\",\"image\":{\"@type\":\"ImageObject\",\"inLanguage\":\"fr-FR\",\"@id\":\"https:\\\/\\\/secure.gravatar.com\\\/avatar\\\/cc861900b0b9ebc1644628dd5f6a1e2c62c8981e43f2d98c9e810ead5846c34c?s=96&d=mm&r=g\",\"url\":\"https:\\\/\\\/secure.gravatar.com\\\/avatar\\\/cc861900b0b9ebc1644628dd5f6a1e2c62c8981e43f2d98c9e810ead5846c34c?s=96&d=mm&r=g\",\"contentUrl\":\"https:\\\/\\\/secure.gravatar.com\\\/avatar\\\/cc861900b0b9ebc1644628dd5f6a1e2c62c8981e43f2d98c9e810ead5846c34c?s=96&d=mm&r=g\",\"caption\":\"Carlotta\"},\"url\":\"https:\\\/\\\/www.altercampagne.net\\\/?author=353\"}]}<\/script>\n<!-- \/ Yoast SEO plugin. -->","yoast_head_json":{"title":"Alors, par o\u00f9 passe l\u2019AlterTour 2021 ? - AlterTour","robots":{"index":"index","follow":"follow","max-snippet":"max-snippet:-1","max-image-preview":"max-image-preview:large","max-video-preview":"max-video-preview:-1"},"canonical":"https:\/\/www.altercampagne.net\/?p=20081","og_locale":"fr_FR","og_type":"article","og_title":"Alors, par o\u00f9 passe l\u2019AlterTour 2021 ? - AlterTour","og_description":"Et c\u2019est reparti pour un (Alter)Tour ! Les 12 et 13 d\u00e9cembre, les cyclistes (d\u00e9)confin\u00e9s (?) se retrouveront pour le 3\u00e8me week-end de pr\u00e9paration de l\u2019\u00e9dition 2021, qui les m\u00e8nera dans le Nord-Ouest de la France. Un week-end \u00d4 combien important, puisque lors de ces deux jours d\u00e9cisifs sera dessin\u00e9 ... Read More","og_url":"https:\/\/www.altercampagne.net\/?p=20081","og_site_name":"AlterTour","article_published_time":"2020-11-19T10:37:16+00:00","article_modified_time":"2021-05-06T08:35:57+00:00","og_image":[{"width":638,"height":333,"url":"https:\/\/www.altercampagne.net\/wp-content\/uploads\/2020\/11\/ruban-parcours.jpg","type":"image\/jpeg"}],"author":"Carlotta","twitter_card":"summary_large_image","twitter_misc":{"\u00c9crit par":"Carlotta","Dur\u00e9e de lecture estim\u00e9e":"2 minutes"},"schema":{"@context":"https:\/\/schema.org","@graph":[{"@type":"Article","@id":"https:\/\/www.altercampagne.net\/?p=20081#article","isPartOf":{"@id":"https:\/\/www.altercampagne.net\/?p=20081"},"author":{"name":"Carlotta","@id":"https:\/\/www.altercampagne.net\/#\/schema\/person\/0310e7930636785dabf8b7cab925c7eb"},"headline":"Alors, par o\u00f9 passe l\u2019AlterTour 2021 ?","datePublished":"2020-11-19T10:37:16+00:00","dateModified":"2021-05-06T08:35:57+00:00","mainEntityOfPage":{"@id":"https:\/\/www.altercampagne.net\/?p=20081"},"wordCount":456,"image":{"@id":"https:\/\/www.altercampagne.net\/?p=20081#primaryimage"},"thumbnailUrl":"https:\/\/www.altercampagne.net\/wp-content\/uploads\/2020\/11\/ruban-parcours.jpg","keywords":["pl\u00e9ni\u00e8res","parcours","week-end"],"articleSection":["AlterTour","Edition 2021","WE de pr\u00e9paration"],"inLanguage":"fr-FR"},{"@type":"WebPage","@id":"https:\/\/www.altercampagne.net\/?p=20081","url":"https:\/\/www.altercampagne.net\/?p=20081","name":"Alors, par o\u00f9 passe l\u2019AlterTour 2021 ? - AlterTour","isPartOf":{"@id":"https:\/\/www.altercampagne.net\/#website"},"primaryImageOfPage":{"@id":"https:\/\/www.altercampagne.net\/?p=20081#primaryimage"},"image":{"@id":"https:\/\/www.altercampagne.net\/?p=20081#primaryimage"},"thumbnailUrl":"https:\/\/www.altercampagne.net\/wp-content\/uploads\/2020\/11\/ruban-parcours.jpg","datePublished":"2020-11-19T10:37:16+00:00","dateModified":"2021-05-06T08:35:57+00:00","author":{"@id":"https:\/\/www.altercampagne.net\/#\/schema\/person\/0310e7930636785dabf8b7cab925c7eb"},"breadcrumb":{"@id":"https:\/\/www.altercampagne.net\/?p=20081#breadcrumb"},"inLanguage":"fr-FR","potentialAction":[{"@type":"ReadAction","target":["https:\/\/www.altercampagne.net\/?p=20081"]}]},{"@type":"ImageObject","inLanguage":"fr-FR","@id":"https:\/\/www.altercampagne.net\/?p=20081#primaryimage","url":"https:\/\/www.altercampagne.net\/wp-content\/uploads\/2020\/11\/ruban-parcours.jpg","contentUrl":"https:\/\/www.altercampagne.net\/wp-content\/uploads\/2020\/11\/ruban-parcours.jpg","width":638,"height":333},{"@type":"BreadcrumbList","@id":"https:\/\/www.altercampagne.net\/?p=20081#breadcrumb","itemListElement":[{"@type":"ListItem","position":1,"name":"Accueil","item":"https:\/\/www.altercampagne.net\/"},{"@type":"ListItem","position":2,"name":"Alors, par o\u00f9 passe l\u2019AlterTour 2021 ?"}]},{"@type":"WebSite","@id":"https:\/\/www.altercampagne.net\/#website","url":"https:\/\/www.altercampagne.net\/","name":"AlterTour","description":"Reliez les Alternatives \u00e0 v\u00e9lo","potentialAction":[{"@type":"SearchAction","target":{"@type":"EntryPoint","urlTemplate":"https:\/\/www.altercampagne.net\/?s={search_term_string}"},"query-input":{"@type":"PropertyValueSpecification","valueRequired":true,"valueName":"search_term_string"}}],"inLanguage":"fr-FR"},{"@type":"Person","@id":"https:\/\/www.altercampagne.net\/#\/schema\/person\/0310e7930636785dabf8b7cab925c7eb","name":"Carlotta","image":{"@type":"ImageObject","inLanguage":"fr-FR","@id":"https:\/\/secure.gravatar.com\/avatar\/cc861900b0b9ebc1644628dd5f6a1e2c62c8981e43f2d98c9e810ead5846c34c?s=96&d=mm&r=g","url":"https:\/\/secure.gravatar.com\/avatar\/cc861900b0b9ebc1644628dd5f6a1e2c62c8981e43f2d98c9e810ead5846c34c?s=96&d=mm&r=g","contentUrl":"https:\/\/secure.gravatar.com\/avatar\/cc861900b0b9ebc1644628dd5f6a1e2c62c8981e43f2d98c9e810ead5846c34c?s=96&d=mm&r=g","caption":"Carlotta"},"url":"https:\/\/www.altercampagne.net\/?author=353"}]}},"_links":{"self":[{"href":"https:\/\/www.altercampagne.net\/index.php?rest_route=\/wp\/v2\/posts\/20081","targetHints":{"allow":["GET"]}}],"collection":[{"href":"https:\/\/www.altercampagne.net\/index.php?rest_route=\/wp\/v2\/posts"}],"about":[{"href":"https:\/\/www.altercampagne.net\/index.php?rest_route=\/wp\/v2\/types\/post"}],"author":[{"embeddable":true,"href":"https:\/\/www.altercampagne.net\/index.php?rest_route=\/wp\/v2\/users\/353"}],"replies":[{"embeddable":true,"href":"https:\/\/www.altercampagne.net\/index.php?rest_route=%2Fwp%2Fv2%2Fcomments&post=20081"}],"version-history":[{"count":5,"href":"https:\/\/www.altercampagne.net\/index.php?rest_route=\/wp\/v2\/posts\/20081\/revisions"}],"predecessor-version":[{"id":20171,"href":"https:\/\/www.altercampagne.net\/index.php?rest_route=\/wp\/v2\/posts\/20081\/revisions\/20171"}],"wp:featuredmedia":[{"embeddable":true,"href":"https:\/\/www.altercampagne.net\/index.php?rest_route=\/wp\/v2\/media\/20083"}],"wp:attachment":[{"href":"https:\/\/www.altercampagne.net\/index.php?rest_route=%2Fwp%2Fv2%2Fmedia&parent=20081"}],"wp:term":[{"taxonomy":"category","embeddable":true,"href":"https:\/\/www.altercampagne.net\/index.php?rest_route=%2Fwp%2Fv2%2Fcategories&post=20081"},{"taxonomy":"post_tag","embeddable":true,"href":"https:\/\/www.altercampagne.net\/index.php?rest_route=%2Fwp%2Fv2%2Ftags&post=20081"}],"curies":[{"name":"wp","href":"https:\/\/api.w.org\/{rel}","templated":true}]}}