{"id":20097,"date":"2021-02-09T19:06:05","date_gmt":"2021-02-09T18:06:05","guid":{"rendered":"http:\/\/www.altercampagne.net\/?p=20097"},"modified":"2021-05-06T10:34:53","modified_gmt":"2021-05-06T08:34:53","slug":"de-la-fourche-a-la-fourchette","status":"publish","type":"post","link":"https:\/\/www.altercampagne.net\/?p=20097","title":{"rendered":"De la fourche \u00e0 la fourchette"},"content":{"rendered":"\n<p>C&rsquo;est sous un soleil de plomb que nous sommes arriv\u00e9s \u00e0 Ch\u00e2lette sur Loing, juste \u00e0 c\u00f4t\u00e9 de Montargis dans le Loiret. Apr\u00e8s une longue \u00e9tape o\u00f9 Guillaume Samp\u00e9, notre h\u00f4te du jour, nous avait trouv\u00e9 les cl\u00e9s du stade de la ville de Ch\u00e2tillon-Coligny pour notre pause de midi, nous arrivons au compte-goutte sur les champs o\u00f9 Guillaume, Hyacinthe et leurs deux enfants se sont install\u00e9s il y deux ans.&nbsp;<\/p>\n\n\n\n<p>Sur ce terrain de 4,5 hectares, ils ont lanc\u00e9 \u00ab\u00a0<a rel=\"noreferrer noopener\" aria-label=\"De la fourche \u00e0 la fourchette (s\u2019ouvre dans un nouvel onglet)\" href=\"https:\/\/www.delafourche-alafourchette.com\/\" target=\"_blank\"><strong>De la fourche \u00e0 la fourchette<\/strong><\/a>\u00a0\u00bb , un lieu de mara\u00eechage o\u00f9 les clients peuvent venir eux-m\u00eames r\u00e9colter leurs fruits et l\u00e9gumes bio et ainsi r\u00e9duire les co\u00fbts d&rsquo;achats tout en \u00e9tant un peu plus <em>acteur<\/em> de leur consommation. Depuis juin 2019, ils sont ouverts \u00e0 la vente le mercredi et le samedi. En plus des l\u00e9gumes produits sur place, ils proposent une petite \u00e9picerie dans une tiny house auto-construite. Le succ\u00e8s est au rendez-vous et les clients se pressent comme le raconte Guillaume : \u00ab\u00a0<em>Le premier jour de la saison des fraises, des voitures patientaient d\u00e9j\u00e0 sur le parking trente minutes avant l&rsquo;ouverture. Certains clients ont couru jusqu&rsquo;aux champs pour r\u00e9colter les premiers fruits.<\/em>\u00a0\u00bb&nbsp;<\/p>\n\n\n\n<h4 class=\"wp-block-heading\">Une visite et une projection en plein air pour les cyclistes<\/h4>\n\n\n\n<p>Accueillis sur le terrain voisin qui abrite en semaine le centre de loisirs de la ville, nous avons pu nous installer confortablement avant d&rsquo;aller visiter la ferme en compagnie de Guillaume et de ses deux enfants plein d&rsquo;\u00e9nergie. On a vite vu que concilier une vie de famille et un travail de mara\u00eechage (sans compter les multiples investissements b\u00e9n\u00e9voles &#8211; Guillaume est notamment pr\u00e9sident de l&rsquo;association de cyclistes locale) demande un sacr\u00e9 investissement et une motivation \u00e0 toute \u00e9preuve.<br><\/p>\n\n\n\n<p>Le soir, il nous a propos\u00e9 la projection d&rsquo;un documentaire animalier sur un \u00e9cran cin\u00e9ma construit pour l&rsquo;occasion et digne des meilleures salles obscures. Durant le film, aux images somptueuses, nous avons eu un autre aper\u00e7u des exigences et des surprises inh\u00e9rentes \u00e0 son m\u00e9tier. Alors que sur l&rsquo;\u00e9cran un gu\u00e9pard partait chasser la nuit tomb\u00e9e, un bruit sourd se fait entendre \u00e0 nos c\u00f4t\u00e9s. Tout le monde tourne la t\u00eate, pendant que le bruit augmente et on comprend qu&rsquo;un arbre est en train de se casser. Finalement, l&rsquo;arbre se brise en deux et tombe en un fracas au milieu de la for\u00eat. Guillaume court voir o\u00f9 est tomb\u00e9 le tronc et revient avec son m\u00e9gaphone nous annoncer qu&rsquo;aucun d\u00e9g\u00e2t n&rsquo;est \u00e0 signaler et qu&rsquo;on peut continuer la projection sans soucis.&nbsp;<\/p>\n\n\n\n<p>Le film se termine et c&rsquo;est sous un ciel \u00e9toil\u00e9 que les cyclistes iront se coucher ce soir apr\u00e8s une journ\u00e9e bien remplie.<br><\/p>\n","protected":false},"excerpt":{"rendered":"<p>Sur un terrain de 4,5 hectares \u00e0 Ch\u00e2lette sur Loing, Hyacinthe et Guillaume ont lanc\u00e9 \u00ab\u00a0De la fourche \u00e0 la fourchette\u00a0\u00bb, un lieu de mara\u00eechage o\u00f9 les clients peuvent venir eux-m\u00eames r\u00e9colter leurs fruits et l\u00e9gumes&#8230;<\/p>\n","protected":false},"author":316,"featured_media":20101,"comment_status":"closed","ping_status":"closed","sticky":false,"template":"","format":"standard","meta":{"footnotes":""},"categories":[3483,4313,3473,3967],"tags":[1047,4202,4204,4272,4273],"class_list":["post-20097","post","type-post","status-publish","format-standard","has-post-thumbnail","hentry","category-agriculture","category-altertour","category-centre-val-de-loire","category-edition-2020","tag-loiret","tag-chalette-sur-loing","tag-de-la-fourche-a-la-fourchette","tag-tiny-house","tag-guillaume-sampe"],"yoast_head":"<!-- This site is optimized with the Yoast SEO plugin v27.3 - https:\/\/yoast.com\/product\/yoast-seo-wordpress\/ -->\n<title>De la fourche \u00e0 la fourchette - AlterTour<\/title>\n<meta name=\"robots\" content=\"index, follow, max-snippet:-1, max-image-preview:large, max-video-preview:-1\" \/>\n<link rel=\"canonical\" href=\"https:\/\/www.altercampagne.net\/?p=20097\" \/>\n<meta property=\"og:locale\" content=\"fr_FR\" \/>\n<meta property=\"og:type\" content=\"article\" \/>\n<meta property=\"og:title\" content=\"De la fourche \u00e0 la fourchette - AlterTour\" \/>\n<meta property=\"og:description\" content=\"Sur un terrain de 4,5 hectares \u00e0 Ch\u00e2lette sur Loing, Hyacinthe et Guillaume ont lanc\u00e9 &quot;De la fourche \u00e0 la fourchette&quot;, un lieu de mara\u00eechage o\u00f9 les clients peuvent venir eux-m\u00eames r\u00e9colter leurs fruits et l\u00e9gumes...\" \/>\n<meta property=\"og:url\" content=\"https:\/\/www.altercampagne.net\/?p=20097\" \/>\n<meta property=\"og:site_name\" content=\"AlterTour\" \/>\n<meta property=\"article:published_time\" content=\"2021-02-09T18:06:05+00:00\" \/>\n<meta property=\"article:modified_time\" content=\"2021-05-06T08:34:53+00:00\" \/>\n<meta property=\"og:image\" content=\"https:\/\/www.altercampagne.net\/wp-content\/uploads\/2020\/11\/de-la-fourche-a-la-fourchette-light-1-scaled.jpg\" \/>\n\t<meta property=\"og:image:width\" content=\"2560\" \/>\n\t<meta property=\"og:image:height\" content=\"1336\" \/>\n\t<meta property=\"og:image:type\" content=\"image\/jpeg\" \/>\n<meta name=\"author\" content=\"Jonas\" \/>\n<meta name=\"twitter:card\" content=\"summary_large_image\" \/>\n<meta name=\"twitter:label1\" content=\"\u00c9crit par\" \/>\n\t<meta name=\"twitter:data1\" content=\"Jonas\" \/>\n\t<meta name=\"twitter:label2\" content=\"Dur\u00e9e de lecture estim\u00e9e\" \/>\n\t<meta name=\"twitter:data2\" content=\"2 minutes\" \/>\n<script type=\"application\/ld+json\" class=\"yoast-schema-graph\">{\"@context\":\"https:\\\/\\\/schema.org\",\"@graph\":[{\"@type\":\"Article\",\"@id\":\"https:\\\/\\\/www.altercampagne.net\\\/?p=20097#article\",\"isPartOf\":{\"@id\":\"https:\\\/\\\/www.altercampagne.net\\\/?p=20097\"},\"author\":{\"name\":\"Jonas\",\"@id\":\"https:\\\/\\\/www.altercampagne.net\\\/#\\\/schema\\\/person\\\/308dc295a67929d58321ff6b59820daa\"},\"headline\":\"De la fourche \u00e0 la fourchette\",\"datePublished\":\"2021-02-09T18:06:05+00:00\",\"dateModified\":\"2021-05-06T08:34:53+00:00\",\"mainEntityOfPage\":{\"@id\":\"https:\\\/\\\/www.altercampagne.net\\\/?p=20097\"},\"wordCount\":488,\"image\":{\"@id\":\"https:\\\/\\\/www.altercampagne.net\\\/?p=20097#primaryimage\"},\"thumbnailUrl\":\"https:\\\/\\\/www.altercampagne.net\\\/wp-content\\\/uploads\\\/2020\\\/11\\\/de-la-fourche-a-la-fourchette-light-1-scaled.jpg\",\"keywords\":[\"Loiret\",\"Ch\u00e2lette-sur-Loing\",\"De La Fourche \u00e0 La Fourchette\",\"tiny house\",\"Guillaume Samp\u00e9\"],\"articleSection\":[\"Agriculture\",\"AlterTour\",\"Centre-Val de Loire\",\"Edition 2020\"],\"inLanguage\":\"fr-FR\"},{\"@type\":\"WebPage\",\"@id\":\"https:\\\/\\\/www.altercampagne.net\\\/?p=20097\",\"url\":\"https:\\\/\\\/www.altercampagne.net\\\/?p=20097\",\"name\":\"De la fourche \u00e0 la fourchette - AlterTour\",\"isPartOf\":{\"@id\":\"https:\\\/\\\/www.altercampagne.net\\\/#website\"},\"primaryImageOfPage\":{\"@id\":\"https:\\\/\\\/www.altercampagne.net\\\/?p=20097#primaryimage\"},\"image\":{\"@id\":\"https:\\\/\\\/www.altercampagne.net\\\/?p=20097#primaryimage\"},\"thumbnailUrl\":\"https:\\\/\\\/www.altercampagne.net\\\/wp-content\\\/uploads\\\/2020\\\/11\\\/de-la-fourche-a-la-fourchette-light-1-scaled.jpg\",\"datePublished\":\"2021-02-09T18:06:05+00:00\",\"dateModified\":\"2021-05-06T08:34:53+00:00\",\"author\":{\"@id\":\"https:\\\/\\\/www.altercampagne.net\\\/#\\\/schema\\\/person\\\/308dc295a67929d58321ff6b59820daa\"},\"breadcrumb\":{\"@id\":\"https:\\\/\\\/www.altercampagne.net\\\/?p=20097#breadcrumb\"},\"inLanguage\":\"fr-FR\",\"potentialAction\":[{\"@type\":\"ReadAction\",\"target\":[\"https:\\\/\\\/www.altercampagne.net\\\/?p=20097\"]}]},{\"@type\":\"ImageObject\",\"inLanguage\":\"fr-FR\",\"@id\":\"https:\\\/\\\/www.altercampagne.net\\\/?p=20097#primaryimage\",\"url\":\"https:\\\/\\\/www.altercampagne.net\\\/wp-content\\\/uploads\\\/2020\\\/11\\\/de-la-fourche-a-la-fourchette-light-1-scaled.jpg\",\"contentUrl\":\"https:\\\/\\\/www.altercampagne.net\\\/wp-content\\\/uploads\\\/2020\\\/11\\\/de-la-fourche-a-la-fourchette-light-1-scaled.jpg\",\"width\":2560,\"height\":1336},{\"@type\":\"BreadcrumbList\",\"@id\":\"https:\\\/\\\/www.altercampagne.net\\\/?p=20097#breadcrumb\",\"itemListElement\":[{\"@type\":\"ListItem\",\"position\":1,\"name\":\"Accueil\",\"item\":\"https:\\\/\\\/www.altercampagne.net\\\/\"},{\"@type\":\"ListItem\",\"position\":2,\"name\":\"De la fourche \u00e0 la fourchette\"}]},{\"@type\":\"WebSite\",\"@id\":\"https:\\\/\\\/www.altercampagne.net\\\/#website\",\"url\":\"https:\\\/\\\/www.altercampagne.net\\\/\",\"name\":\"AlterTour\",\"description\":\"Reliez les Alternatives \u00e0 v\u00e9lo\",\"potentialAction\":[{\"@type\":\"SearchAction\",\"target\":{\"@type\":\"EntryPoint\",\"urlTemplate\":\"https:\\\/\\\/www.altercampagne.net\\\/?s={search_term_string}\"},\"query-input\":{\"@type\":\"PropertyValueSpecification\",\"valueRequired\":true,\"valueName\":\"search_term_string\"}}],\"inLanguage\":\"fr-FR\"},{\"@type\":\"Person\",\"@id\":\"https:\\\/\\\/www.altercampagne.net\\\/#\\\/schema\\\/person\\\/308dc295a67929d58321ff6b59820daa\",\"name\":\"Jonas\",\"image\":{\"@type\":\"ImageObject\",\"inLanguage\":\"fr-FR\",\"@id\":\"https:\\\/\\\/secure.gravatar.com\\\/avatar\\\/ade7b451791545d463915f445a8aee91b58c48cdcbc1ab2b8583fa2f30e159e4?s=96&d=mm&r=g\",\"url\":\"https:\\\/\\\/secure.gravatar.com\\\/avatar\\\/ade7b451791545d463915f445a8aee91b58c48cdcbc1ab2b8583fa2f30e159e4?s=96&d=mm&r=g\",\"contentUrl\":\"https:\\\/\\\/secure.gravatar.com\\\/avatar\\\/ade7b451791545d463915f445a8aee91b58c48cdcbc1ab2b8583fa2f30e159e4?s=96&d=mm&r=g\",\"caption\":\"Jonas\"},\"url\":\"https:\\\/\\\/www.altercampagne.net\\\/?author=316\"}]}<\/script>\n<!-- \/ Yoast SEO plugin. -->","yoast_head_json":{"title":"De la fourche \u00e0 la fourchette - AlterTour","robots":{"index":"index","follow":"follow","max-snippet":"max-snippet:-1","max-image-preview":"max-image-preview:large","max-video-preview":"max-video-preview:-1"},"canonical":"https:\/\/www.altercampagne.net\/?p=20097","og_locale":"fr_FR","og_type":"article","og_title":"De la fourche \u00e0 la fourchette - AlterTour","og_description":"Sur un terrain de 4,5 hectares \u00e0 Ch\u00e2lette sur Loing, Hyacinthe et Guillaume ont lanc\u00e9 \"De la fourche \u00e0 la fourchette\", un lieu de mara\u00eechage o\u00f9 les clients peuvent venir eux-m\u00eames r\u00e9colter leurs fruits et l\u00e9gumes...","og_url":"https:\/\/www.altercampagne.net\/?p=20097","og_site_name":"AlterTour","article_published_time":"2021-02-09T18:06:05+00:00","article_modified_time":"2021-05-06T08:34:53+00:00","og_image":[{"width":2560,"height":1336,"url":"https:\/\/www.altercampagne.net\/wp-content\/uploads\/2020\/11\/de-la-fourche-a-la-fourchette-light-1-scaled.jpg","type":"image\/jpeg"}],"author":"Jonas","twitter_card":"summary_large_image","twitter_misc":{"\u00c9crit par":"Jonas","Dur\u00e9e de lecture estim\u00e9e":"2 minutes"},"schema":{"@context":"https:\/\/schema.org","@graph":[{"@type":"Article","@id":"https:\/\/www.altercampagne.net\/?p=20097#article","isPartOf":{"@id":"https:\/\/www.altercampagne.net\/?p=20097"},"author":{"name":"Jonas","@id":"https:\/\/www.altercampagne.net\/#\/schema\/person\/308dc295a67929d58321ff6b59820daa"},"headline":"De la fourche \u00e0 la fourchette","datePublished":"2021-02-09T18:06:05+00:00","dateModified":"2021-05-06T08:34:53+00:00","mainEntityOfPage":{"@id":"https:\/\/www.altercampagne.net\/?p=20097"},"wordCount":488,"image":{"@id":"https:\/\/www.altercampagne.net\/?p=20097#primaryimage"},"thumbnailUrl":"https:\/\/www.altercampagne.net\/wp-content\/uploads\/2020\/11\/de-la-fourche-a-la-fourchette-light-1-scaled.jpg","keywords":["Loiret","Ch\u00e2lette-sur-Loing","De La Fourche \u00e0 La Fourchette","tiny house","Guillaume Samp\u00e9"],"articleSection":["Agriculture","AlterTour","Centre-Val de Loire","Edition 2020"],"inLanguage":"fr-FR"},{"@type":"WebPage","@id":"https:\/\/www.altercampagne.net\/?p=20097","url":"https:\/\/www.altercampagne.net\/?p=20097","name":"De la fourche \u00e0 la fourchette - AlterTour","isPartOf":{"@id":"https:\/\/www.altercampagne.net\/#website"},"primaryImageOfPage":{"@id":"https:\/\/www.altercampagne.net\/?p=20097#primaryimage"},"image":{"@id":"https:\/\/www.altercampagne.net\/?p=20097#primaryimage"},"thumbnailUrl":"https:\/\/www.altercampagne.net\/wp-content\/uploads\/2020\/11\/de-la-fourche-a-la-fourchette-light-1-scaled.jpg","datePublished":"2021-02-09T18:06:05+00:00","dateModified":"2021-05-06T08:34:53+00:00","author":{"@id":"https:\/\/www.altercampagne.net\/#\/schema\/person\/308dc295a67929d58321ff6b59820daa"},"breadcrumb":{"@id":"https:\/\/www.altercampagne.net\/?p=20097#breadcrumb"},"inLanguage":"fr-FR","potentialAction":[{"@type":"ReadAction","target":["https:\/\/www.altercampagne.net\/?p=20097"]}]},{"@type":"ImageObject","inLanguage":"fr-FR","@id":"https:\/\/www.altercampagne.net\/?p=20097#primaryimage","url":"https:\/\/www.altercampagne.net\/wp-content\/uploads\/2020\/11\/de-la-fourche-a-la-fourchette-light-1-scaled.jpg","contentUrl":"https:\/\/www.altercampagne.net\/wp-content\/uploads\/2020\/11\/de-la-fourche-a-la-fourchette-light-1-scaled.jpg","width":2560,"height":1336},{"@type":"BreadcrumbList","@id":"https:\/\/www.altercampagne.net\/?p=20097#breadcrumb","itemListElement":[{"@type":"ListItem","position":1,"name":"Accueil","item":"https:\/\/www.altercampagne.net\/"},{"@type":"ListItem","position":2,"name":"De la fourche \u00e0 la fourchette"}]},{"@type":"WebSite","@id":"https:\/\/www.altercampagne.net\/#website","url":"https:\/\/www.altercampagne.net\/","name":"AlterTour","description":"Reliez les Alternatives \u00e0 v\u00e9lo","potentialAction":[{"@type":"SearchAction","target":{"@type":"EntryPoint","urlTemplate":"https:\/\/www.altercampagne.net\/?s={search_term_string}"},"query-input":{"@type":"PropertyValueSpecification","valueRequired":true,"valueName":"search_term_string"}}],"inLanguage":"fr-FR"},{"@type":"Person","@id":"https:\/\/www.altercampagne.net\/#\/schema\/person\/308dc295a67929d58321ff6b59820daa","name":"Jonas","image":{"@type":"ImageObject","inLanguage":"fr-FR","@id":"https:\/\/secure.gravatar.com\/avatar\/ade7b451791545d463915f445a8aee91b58c48cdcbc1ab2b8583fa2f30e159e4?s=96&d=mm&r=g","url":"https:\/\/secure.gravatar.com\/avatar\/ade7b451791545d463915f445a8aee91b58c48cdcbc1ab2b8583fa2f30e159e4?s=96&d=mm&r=g","contentUrl":"https:\/\/secure.gravatar.com\/avatar\/ade7b451791545d463915f445a8aee91b58c48cdcbc1ab2b8583fa2f30e159e4?s=96&d=mm&r=g","caption":"Jonas"},"url":"https:\/\/www.altercampagne.net\/?author=316"}]}},"_links":{"self":[{"href":"https:\/\/www.altercampagne.net\/index.php?rest_route=\/wp\/v2\/posts\/20097","targetHints":{"allow":["GET"]}}],"collection":[{"href":"https:\/\/www.altercampagne.net\/index.php?rest_route=\/wp\/v2\/posts"}],"about":[{"href":"https:\/\/www.altercampagne.net\/index.php?rest_route=\/wp\/v2\/types\/post"}],"author":[{"embeddable":true,"href":"https:\/\/www.altercampagne.net\/index.php?rest_route=\/wp\/v2\/users\/316"}],"replies":[{"embeddable":true,"href":"https:\/\/www.altercampagne.net\/index.php?rest_route=%2Fwp%2Fv2%2Fcomments&post=20097"}],"version-history":[{"count":10,"href":"https:\/\/www.altercampagne.net\/index.php?rest_route=\/wp\/v2\/posts\/20097\/revisions"}],"predecessor-version":[{"id":20680,"href":"https:\/\/www.altercampagne.net\/index.php?rest_route=\/wp\/v2\/posts\/20097\/revisions\/20680"}],"wp:featuredmedia":[{"embeddable":true,"href":"https:\/\/www.altercampagne.net\/index.php?rest_route=\/wp\/v2\/media\/20101"}],"wp:attachment":[{"href":"https:\/\/www.altercampagne.net\/index.php?rest_route=%2Fwp%2Fv2%2Fmedia&parent=20097"}],"wp:term":[{"taxonomy":"category","embeddable":true,"href":"https:\/\/www.altercampagne.net\/index.php?rest_route=%2Fwp%2Fv2%2Fcategories&post=20097"},{"taxonomy":"post_tag","embeddable":true,"href":"https:\/\/www.altercampagne.net\/index.php?rest_route=%2Fwp%2Fv2%2Ftags&post=20097"}],"curies":[{"name":"wp","href":"https:\/\/api.w.org\/{rel}","templated":true}]}}