{"id":2018,"date":"2015-09-21T16:15:09","date_gmt":"2015-09-21T14:15:09","guid":{"rendered":"http:\/\/www.altercampagne.net\/?p=2018"},"modified":"2020-02-24T15:08:33","modified_gmt":"2020-02-24T14:08:33","slug":"1ere-reunion-de-preparation-de-laltertour-2016-les-26-et-27-septembre-prochain-a-paris","status":"publish","type":"post","link":"https:\/\/www.altercampagne.net\/?p=2018","title":{"rendered":"R\u00e9union de pr\u00e9paration de l&rsquo;AlterTour , les 26 et 27 septembre 2015 aux Marmites Volantes (Jaur\u00e8s &#8211; Paris)"},"content":{"rendered":"<div align=\"left\"><a href=\"http:\/\/www.altercampagne.net\/wp-content\/uploads\/2015\/09\/2015-07-19_15.37.46_7522.jpg\"><img loading=\"lazy\" decoding=\"async\" class=\"aligncenter size-full wp-image-2019\" src=\"http:\/\/www.altercampagne.net\/wp-content\/uploads\/2015\/09\/2015-07-19_15.37.46_7522.jpg\" alt=\"2015-07-19_15.37.46_7522\" width=\"873\" height=\"586\" srcset=\"https:\/\/www.altercampagne.net\/wp-content\/uploads\/2015\/09\/2015-07-19_15.37.46_7522.jpg 873w, https:\/\/www.altercampagne.net\/wp-content\/uploads\/2015\/09\/2015-07-19_15.37.46_7522-300x201.jpg 300w\" sizes=\"auto, (max-width: 873px) 100vw, 873px\" \/><\/a><span style=\"color: #9d1811;\"><b>Lieu<\/b><\/span> : \u00e7a se passe aux<b> Marmites volantes<\/b> &#8211; 69 rue Armand Carrel &#8211; Paris 19e (ligne 5\/2\/9; Jaur\u00e8s)<\/div>\n<div align=\"left\"><\/div>\n<div dir=\"ltr\" align=\"left\">Vous trouverez le menu des r\u00e9jouissances en fin de mail (ainsi que dans le doc de travail <a href=\"https:\/\/docs.google.com\/document\/d\/1aHWpWtacr-UwZSmXvuo43wbIfqvsg4cXeKz66dlAV0Y\/edit?pli=1\" target=\"_blank\" rel=\"noopener noreferrer\">https:\/\/docs.google.com\/<wbr>document\/d\/1aHWpWtacr-<wbr>UwZSmXvuo43wbIfqvsg4cXeKz66dlA<wbr>V0Y\/edit?pli=1<\/a>, o\u00f9 vous \u00eates cordialement invit\u00e9s \u00e0 vous inscrire pour ceux qui ne l&rsquo;ont pas encore fait, \u00e7a facilite la pr\u00e9paration!)<\/div>\n<div align=\"left\"><\/div>\n<div align=\"left\"><span style=\"color: #9d1811;\"><b>Au travail !<\/b><\/span> : Notez que nous serons amen\u00e9s \u00e0 r\u00e9fl\u00e9chir \u00e0 une zone g\u00e9ographique et \u00e0 un th\u00e8me pour le prochain Tour, ainsi qu&rsquo;\u00e0 faire le bilan du pr\u00e9c\u00e9dant, d&rsquo;ici l\u00e0 faites chauffer les m\u00e9ninges! \u00e7a d\u00e9gagera du temps sur place, car l&rsquo;id\u00e9e c&rsquo;est que nous puissions aussi participer \u00e0 l\u2019\u00e9v\u00e9nement Alternatiba (et donc se laisser l&rsquo;aprem et soir\u00e9e du samedi et finir t\u00f4t dans l&rsquo;apr\u00e8s midi dimanche)<\/div>\n<div align=\"left\">Et si quelqu&rsquo;un arrive avec en t\u00eate l&rsquo;id\u00e9e d&rsquo;un petit brise glace pour le dimanche matin, c&rsquo;est chouette!<\/div>\n<div align=\"left\"><\/div>\n<div align=\"left\"><b><span style=\"color: #9d1811;\">Repas<\/span> :<\/b> Pensez \u00e0 prendre de quoi satisfaire nos papilles lors de nos <b>repas partag\u00e9s<\/b> (2 petits dej&rsquo; et 2 repas de midi); le soir nous devrions trouver notre bonheur \u00e0 Alternatiba&#8230;<\/div>\n<div align=\"left\"><\/div>\n<div align=\"left\"><b><span style=\"color: #9d1811;\">H\u00e9bergement<\/span><\/b> :<\/div>\n<div align=\"left\">Pour faciliter les mises en contact pensez \u00e0 donner vos n\u00b0dans le tableau d&rsquo;inscription, voire \u00e0 vous auto-g\u00e9rer si vous voyez que des places chez quelqu&rsquo;un ne sont pas pourvues et que vous \u00eates en recherche.<\/div>\n<div align=\"left\">Enfin, si vous ne participez pas \u00e0 la pl\u00e9ni\u00e8re mais que vous \u00eates dans la capacit\u00e9 d&rsquo;h\u00e9berger quelqu(es)un(s) d&rsquo;entre nous ce weekend l\u00e0, faites signe!<\/div>\n<div align=\"left\"><\/div>\n<div align=\"left\"><span style=\"color: #9d1811;\"><b>Contact<\/b><\/span> :<\/div>\n<div align=\"left\">En cas de doutes\/questions\/suggestions vous pouvez appeler Nadjejda 06 25 48 86 56<\/div>\n<div align=\"left\"><\/div>\n<div align=\"center\"><span style=\"font-size: x-large;\"><b>1\u00e8re r\u00e9union Pl\u00e9ni\u00e8re de pr\u00e9paration de l&rsquo;AlterTour 26 <span style=\"font-size: large; color: #000000;\">&amp; <\/span>27 septembre 2015<\/b><\/span><\/div>\n<div align=\"center\"><span style=\"font-size: large;\"><b>&nbsp;<\/b><\/span><\/div>\n<div align=\"center\"><span style=\"color: #808080; font-size: large;\"><b>La porte ouverte \u00e0 toutes les fen\u00eatres<\/b><\/span><\/div>\n<div><\/div>\n<div align=\"center\"><span style=\"font-size: small;\"><b>SAMEDI <\/b><span style=\"font-size: medium;\"><br \/>\n<\/span><\/span><\/div>\n<ul>\n<li><span style=\"color: #d264aa; font-size: medium;\">09h00 &#8211; 09h30&nbsp;: Accueil, pr\u00e9paration salle et petit d\u00e9jeuner partag\u00e9<\/span><\/li>\n<li><span style=\"font-size: medium;\">09h30 &#8211; 09h35&nbsp;: rappel du d\u00e9roulement de la pl\u00e9ni\u00e8re et r\u00e9partition des r\u00f4les<br \/>\n<\/span><\/li>\n<li><span style=\"font-size: medium;\">09h35 &#8211; 10h00 : <\/span><span style=\"font-size: medium;\">Qui est on et que fait on l\u00e0?<\/span><\/li>\n<li><span style=\"font-size: medium;\">10h00 &#8211; 10h30&nbsp;: AlterTour et Altercampagne : des pas trop gros mots qui veulent dire quoi?<\/span><\/li>\n<li><span style=\"font-size: medium;\">10h30 &#8211; 12h00 : Bilan 2015 et perspectives 2016 <span style=\"color: #d264aa;\">(dont ptite pause)<\/span><\/span><\/li>\n<li><span style=\"font-size: medium;\">12h00 &#8211; 13h00 : Imaginer une zone g\u00e9ographique pour l&rsquo;AlterTour 2016<\/span><\/li>\n<li><span style=\"font-size: medium;\"><span style=\"color: #d264aa;\">13h00 \u2013 14h30 : Repas partag\u00e9<\/span><br \/>\n<\/span><\/li>\n<li><span style=\"color: #5b8828;\"><span style=\"font-size: medium;\">Jusqu&rsquo;au bout de la nuit&nbsp;: Alternatiba&nbsp;!!! Sur nos v\u00e9los, v\u00e9lib&rsquo;, direction R\u00e9publique&nbsp;!<\/span><\/span><\/li>\n<\/ul>\n<div dir=\"ltr\" align=\"center\"><span style=\"font-size: small;\"><b>&nbsp;<\/b><\/span><\/div>\n<div dir=\"ltr\" align=\"center\"><span style=\"font-size: small;\"><b>DIMANCHE<br \/>\n<\/b><\/span><\/div>\n<div dir=\"ltr\" align=\"center\"><\/div>\n<ul>\n<li>\n<div align=\"left\"><span style=\"color: #d264aa; font-size: medium;\">09h00 \u2013 09h30&nbsp;: Se remettre les yeux en face des trous devant une tartine et les copains<\/span><\/div>\n<\/li>\n<li>\n<div align=\"left\"><span style=\"color: #000000; font-size: medium;\">09h30 \u2013 09h40&nbsp;: Brise glace&nbsp;<\/span><\/div>\n<\/li>\n<li>\n<div align=\"left\"><span style=\"color: #000000; font-size: medium;\">9h40 \u2013 9h45&nbsp;: R\u00e9partition des r\u00f4les pour la r\u00e9union<\/span><\/div>\n<\/li>\n<li>\n<div align=\"left\"><span style=\"color: #000000; font-size: medium;\">9h45 \u2013 11h&nbsp;: R\u00e9flexion sur le th\u00e8me de l&rsquo;AlterTour 2016<\/span><\/div>\n<\/li>\n<li>\n<div align=\"left\"><span style=\"color: #d264aa; font-size: medium;\">11h-11h30&nbsp;: imposons nous une pause<\/span><\/div>\n<\/li>\n<li>\n<div align=\"left\"><span style=\"color: #000000; font-size: medium;\">11h30 \u2013 12h30&nbsp;: Le film : retour sur le non aboutissement en 2015 et perspectives pour la suite<\/span><\/div>\n<\/li>\n<li>\n<div align=\"left\"><span style=\"color: #000000; font-size: medium;\">12h30-13h&nbsp;: Actions d&rsquo;Alter Campagne pour la COP21<\/span><\/div>\n<\/li>\n<li>\n<div align=\"left\"><span style=\"color: #d264aa; font-size: medium;\">1<\/span><span style=\"color: #d264aa; font-size: medium;\">3<\/span><span style=\"color: #d264aa; font-size: medium;\">h \u2013 14h<\/span><span style=\"color: #d264aa; font-size: medium;\">30<\/span><span style=\"color: #d264aa; font-size: medium;\">&nbsp;: <\/span><span style=\"color: #000000; font-size: medium;\"><span style=\"font-size: medium;\"><span style=\"color: #d264aa;\">Repas partag\u00e9<\/span><\/span><\/span><\/div>\n<\/li>\n<li>\n<div align=\"left\"><span style=\"color: #000000; font-size: medium;\">14h30 \u2013 15h30&nbsp;: Qui s&rsquo;implique dans la pr\u00e9paration du Tour 2016? En quoi \u00e7a consiste?<br \/>\n<\/span><\/div>\n<\/li>\n<li>\n<div align=\"left\"><span style=\"color: #000000; font-size: medium;\">15h30 \u2013 15h45&nbsp;: Planifier les dates des pl\u00e9ni\u00e8res et d\u00e9finir qui coordonne l&rsquo;organisation de celle d&rsquo;octobre<\/span><\/div>\n<\/li>\n<li>\n<div align=\"left\"><span style=\"color: #000000; font-size: medium;\">15h<\/span><span style=\"color: #000000; font-size: medium;\">45<\/span><span style=\"color: #000000; font-size: medium;\"> \u2013 1<\/span><span style=\"color: #000000; font-size: medium;\">6h<\/span><span style=\"color: #000000; font-size: medium;\">&nbsp;: rangement \/ m\u00e9nage <\/span><span style=\"color: #000000; font-size: medium;\">Marmites<\/span><\/div>\n<\/li>\n<li>\n<div align=\"left\"><span style=\"color: #5b8828; font-size: medium;\">Apr\u00e8s&nbsp;: Alternatiba&nbsp;!!! Village des Alternatives \u00e0 R\u00e9publique et Petit bal de poche de 19h \u00e0 21h pour les plus endurants&nbsp;!<\/span><\/div>\n<\/li>\n<\/ul>\n","protected":false},"excerpt":{"rendered":"<p>Lieu : \u00e7a se passe aux Marmites volantes &#8211; 69 rue Armand Carrel &#8211; Paris 19e (ligne 5\/2\/9; Jaur\u00e8s) Vous trouverez le menu des r\u00e9jouissances en fin de mail (ainsi que dans le doc de travail https:\/\/docs.google.com\/document\/d\/1aHWpWtacr-UwZSmXvuo43wbIfqvsg4cXeKz66dlAV0Y\/edit?pli=1, o\u00f9 vous \u00eates cordialement invit\u00e9s \u00e0 vous inscrire pour ceux qui ne l&rsquo;ont &#8230; <\/p>\n<div><a href=\"https:\/\/www.altercampagne.net\/?p=2018\" class=\"more-link\">Read More<\/a><\/div>\n","protected":false},"author":214,"featured_media":0,"comment_status":"closed","ping_status":"closed","sticky":false,"template":"","format":"standard","meta":{"footnotes":""},"categories":[3539],"tags":[11,37,44,49,67,233,383,384,434,476,1652,2839,2842,2843],"class_list":["post-2018","post","type-post","status-publish","format-standard","hentry","category-we-de-preparation","tag-alternatiba","tag-altercampagne","tag-climat","tag-bilan","tag-marmites-volantes","tag-cop21","tag-altertour-2016","tag-bilan-2015","tag-pleniere","tag-reunion","tag-1652","tag-ordre-du-jour","tag-septembre-2015","tag-jaures","no-post-thumbnail"],"yoast_head":"<!-- This site is optimized with the Yoast SEO plugin v27.3 - https:\/\/yoast.com\/product\/yoast-seo-wordpress\/ -->\n<title>R\u00e9union de pr\u00e9paration de l&#039;AlterTour , les 26 et 27 septembre 2015 aux Marmites Volantes (Jaur\u00e8s - Paris) - AlterTour<\/title>\n<meta name=\"robots\" content=\"index, follow, max-snippet:-1, max-image-preview:large, max-video-preview:-1\" \/>\n<link rel=\"canonical\" href=\"https:\/\/www.altercampagne.net\/?p=2018\" \/>\n<meta property=\"og:locale\" content=\"fr_FR\" \/>\n<meta property=\"og:type\" content=\"article\" \/>\n<meta property=\"og:title\" content=\"R\u00e9union de pr\u00e9paration de l&#039;AlterTour , les 26 et 27 septembre 2015 aux Marmites Volantes (Jaur\u00e8s - Paris) - AlterTour\" \/>\n<meta property=\"og:description\" content=\"Lieu : \u00e7a se passe aux Marmites volantes &#8211; 69 rue Armand Carrel &#8211; Paris 19e (ligne 5\/2\/9; Jaur\u00e8s) Vous trouverez le menu des r\u00e9jouissances en fin de mail (ainsi que dans le doc de travail https:\/\/docs.google.com\/document\/d\/1aHWpWtacr-UwZSmXvuo43wbIfqvsg4cXeKz66dlAV0Y\/edit?pli=1, o\u00f9 vous \u00eates cordialement invit\u00e9s \u00e0 vous inscrire pour ceux qui ne l&rsquo;ont ... Read More\" \/>\n<meta property=\"og:url\" content=\"https:\/\/www.altercampagne.net\/?p=2018\" \/>\n<meta property=\"og:site_name\" content=\"AlterTour\" \/>\n<meta property=\"article:published_time\" content=\"2015-09-21T14:15:09+00:00\" \/>\n<meta property=\"article:modified_time\" content=\"2020-02-24T14:08:33+00:00\" \/>\n<meta property=\"og:image\" content=\"http:\/\/www.altercampagne.net\/wp-content\/uploads\/2015\/09\/2015-07-19_15.37.46_7522.jpg\" \/>\n<meta name=\"author\" content=\"Mathieu\" \/>\n<meta name=\"twitter:card\" content=\"summary_large_image\" \/>\n<meta name=\"twitter:label1\" content=\"\u00c9crit par\" \/>\n\t<meta name=\"twitter:data1\" content=\"Mathieu\" \/>\n\t<meta name=\"twitter:label2\" content=\"Dur\u00e9e de lecture estim\u00e9e\" \/>\n\t<meta name=\"twitter:data2\" content=\"3 minutes\" \/>\n<script type=\"application\/ld+json\" class=\"yoast-schema-graph\">{\"@context\":\"https:\\\/\\\/schema.org\",\"@graph\":[{\"@type\":\"Article\",\"@id\":\"https:\\\/\\\/www.altercampagne.net\\\/?p=2018#article\",\"isPartOf\":{\"@id\":\"https:\\\/\\\/www.altercampagne.net\\\/?p=2018\"},\"author\":{\"name\":\"Mathieu\",\"@id\":\"https:\\\/\\\/www.altercampagne.net\\\/#\\\/schema\\\/person\\\/0f261460c09e430caa0f9bcffa319109\"},\"headline\":\"R\u00e9union de pr\u00e9paration de l&rsquo;AlterTour , les 26 et 27 septembre 2015 aux Marmites Volantes (Jaur\u00e8s &#8211; Paris)\",\"datePublished\":\"2015-09-21T14:15:09+00:00\",\"dateModified\":\"2020-02-24T14:08:33+00:00\",\"mainEntityOfPage\":{\"@id\":\"https:\\\/\\\/www.altercampagne.net\\\/?p=2018\"},\"wordCount\":586,\"image\":{\"@id\":\"https:\\\/\\\/www.altercampagne.net\\\/?p=2018#primaryimage\"},\"thumbnailUrl\":\"http:\\\/\\\/www.altercampagne.net\\\/wp-content\\\/uploads\\\/2015\\\/09\\\/2015-07-19_15.37.46_7522.jpg\",\"keywords\":[\"alternatiba\",\"altercampagne\",\"climat\",\"bilan\",\"marmites volantes\",\"cop21\",\"AlterTour 2016\",\"Bilan 2015\",\"pl\u00e9ni\u00e8re\",\"r\u00e9union\",\"2016\",\"ordre du jour\",\"septembre 2015\",\"jaur\u00e8s\"],\"articleSection\":[\"WE de pr\u00e9paration\"],\"inLanguage\":\"fr-FR\"},{\"@type\":\"WebPage\",\"@id\":\"https:\\\/\\\/www.altercampagne.net\\\/?p=2018\",\"url\":\"https:\\\/\\\/www.altercampagne.net\\\/?p=2018\",\"name\":\"R\u00e9union de pr\u00e9paration de l'AlterTour , les 26 et 27 septembre 2015 aux Marmites Volantes (Jaur\u00e8s - Paris) - AlterTour\",\"isPartOf\":{\"@id\":\"https:\\\/\\\/www.altercampagne.net\\\/#website\"},\"primaryImageOfPage\":{\"@id\":\"https:\\\/\\\/www.altercampagne.net\\\/?p=2018#primaryimage\"},\"image\":{\"@id\":\"https:\\\/\\\/www.altercampagne.net\\\/?p=2018#primaryimage\"},\"thumbnailUrl\":\"http:\\\/\\\/www.altercampagne.net\\\/wp-content\\\/uploads\\\/2015\\\/09\\\/2015-07-19_15.37.46_7522.jpg\",\"datePublished\":\"2015-09-21T14:15:09+00:00\",\"dateModified\":\"2020-02-24T14:08:33+00:00\",\"author\":{\"@id\":\"https:\\\/\\\/www.altercampagne.net\\\/#\\\/schema\\\/person\\\/0f261460c09e430caa0f9bcffa319109\"},\"breadcrumb\":{\"@id\":\"https:\\\/\\\/www.altercampagne.net\\\/?p=2018#breadcrumb\"},\"inLanguage\":\"fr-FR\",\"potentialAction\":[{\"@type\":\"ReadAction\",\"target\":[\"https:\\\/\\\/www.altercampagne.net\\\/?p=2018\"]}]},{\"@type\":\"ImageObject\",\"inLanguage\":\"fr-FR\",\"@id\":\"https:\\\/\\\/www.altercampagne.net\\\/?p=2018#primaryimage\",\"url\":\"http:\\\/\\\/www.altercampagne.net\\\/wp-content\\\/uploads\\\/2015\\\/09\\\/2015-07-19_15.37.46_7522.jpg\",\"contentUrl\":\"http:\\\/\\\/www.altercampagne.net\\\/wp-content\\\/uploads\\\/2015\\\/09\\\/2015-07-19_15.37.46_7522.jpg\"},{\"@type\":\"BreadcrumbList\",\"@id\":\"https:\\\/\\\/www.altercampagne.net\\\/?p=2018#breadcrumb\",\"itemListElement\":[{\"@type\":\"ListItem\",\"position\":1,\"name\":\"Accueil\",\"item\":\"https:\\\/\\\/www.altercampagne.net\\\/\"},{\"@type\":\"ListItem\",\"position\":2,\"name\":\"R\u00e9union de pr\u00e9paration de l&rsquo;AlterTour , les 26 et 27 septembre 2015 aux Marmites Volantes (Jaur\u00e8s &#8211; Paris)\"}]},{\"@type\":\"WebSite\",\"@id\":\"https:\\\/\\\/www.altercampagne.net\\\/#website\",\"url\":\"https:\\\/\\\/www.altercampagne.net\\\/\",\"name\":\"AlterTour\",\"description\":\"Reliez les Alternatives \u00e0 v\u00e9lo\",\"potentialAction\":[{\"@type\":\"SearchAction\",\"target\":{\"@type\":\"EntryPoint\",\"urlTemplate\":\"https:\\\/\\\/www.altercampagne.net\\\/?s={search_term_string}\"},\"query-input\":{\"@type\":\"PropertyValueSpecification\",\"valueRequired\":true,\"valueName\":\"search_term_string\"}}],\"inLanguage\":\"fr-FR\"},{\"@type\":\"Person\",\"@id\":\"https:\\\/\\\/www.altercampagne.net\\\/#\\\/schema\\\/person\\\/0f261460c09e430caa0f9bcffa319109\",\"name\":\"Mathieu\",\"image\":{\"@type\":\"ImageObject\",\"inLanguage\":\"fr-FR\",\"@id\":\"https:\\\/\\\/secure.gravatar.com\\\/avatar\\\/aa9d3d24c83f2141e5e2709d0f63d09a99f6be6bb7a50abc4915838d9f54501a?s=96&d=mm&r=g\",\"url\":\"https:\\\/\\\/secure.gravatar.com\\\/avatar\\\/aa9d3d24c83f2141e5e2709d0f63d09a99f6be6bb7a50abc4915838d9f54501a?s=96&d=mm&r=g\",\"contentUrl\":\"https:\\\/\\\/secure.gravatar.com\\\/avatar\\\/aa9d3d24c83f2141e5e2709d0f63d09a99f6be6bb7a50abc4915838d9f54501a?s=96&d=mm&r=g\",\"caption\":\"Mathieu\"},\"url\":\"https:\\\/\\\/www.altercampagne.net\\\/?author=214\"}]}<\/script>\n<!-- \/ Yoast SEO plugin. -->","yoast_head_json":{"title":"R\u00e9union de pr\u00e9paration de l'AlterTour , les 26 et 27 septembre 2015 aux Marmites Volantes (Jaur\u00e8s - Paris) - AlterTour","robots":{"index":"index","follow":"follow","max-snippet":"max-snippet:-1","max-image-preview":"max-image-preview:large","max-video-preview":"max-video-preview:-1"},"canonical":"https:\/\/www.altercampagne.net\/?p=2018","og_locale":"fr_FR","og_type":"article","og_title":"R\u00e9union de pr\u00e9paration de l'AlterTour , les 26 et 27 septembre 2015 aux Marmites Volantes (Jaur\u00e8s - Paris) - AlterTour","og_description":"Lieu : \u00e7a se passe aux Marmites volantes &#8211; 69 rue Armand Carrel &#8211; Paris 19e (ligne 5\/2\/9; Jaur\u00e8s) Vous trouverez le menu des r\u00e9jouissances en fin de mail (ainsi que dans le doc de travail https:\/\/docs.google.com\/document\/d\/1aHWpWtacr-UwZSmXvuo43wbIfqvsg4cXeKz66dlAV0Y\/edit?pli=1, o\u00f9 vous \u00eates cordialement invit\u00e9s \u00e0 vous inscrire pour ceux qui ne l&rsquo;ont ... Read More","og_url":"https:\/\/www.altercampagne.net\/?p=2018","og_site_name":"AlterTour","article_published_time":"2015-09-21T14:15:09+00:00","article_modified_time":"2020-02-24T14:08:33+00:00","og_image":[{"url":"http:\/\/www.altercampagne.net\/wp-content\/uploads\/2015\/09\/2015-07-19_15.37.46_7522.jpg","type":"","width":"","height":""}],"author":"Mathieu","twitter_card":"summary_large_image","twitter_misc":{"\u00c9crit par":"Mathieu","Dur\u00e9e de lecture estim\u00e9e":"3 minutes"},"schema":{"@context":"https:\/\/schema.org","@graph":[{"@type":"Article","@id":"https:\/\/www.altercampagne.net\/?p=2018#article","isPartOf":{"@id":"https:\/\/www.altercampagne.net\/?p=2018"},"author":{"name":"Mathieu","@id":"https:\/\/www.altercampagne.net\/#\/schema\/person\/0f261460c09e430caa0f9bcffa319109"},"headline":"R\u00e9union de pr\u00e9paration de l&rsquo;AlterTour , les 26 et 27 septembre 2015 aux Marmites Volantes (Jaur\u00e8s &#8211; Paris)","datePublished":"2015-09-21T14:15:09+00:00","dateModified":"2020-02-24T14:08:33+00:00","mainEntityOfPage":{"@id":"https:\/\/www.altercampagne.net\/?p=2018"},"wordCount":586,"image":{"@id":"https:\/\/www.altercampagne.net\/?p=2018#primaryimage"},"thumbnailUrl":"http:\/\/www.altercampagne.net\/wp-content\/uploads\/2015\/09\/2015-07-19_15.37.46_7522.jpg","keywords":["alternatiba","altercampagne","climat","bilan","marmites volantes","cop21","AlterTour 2016","Bilan 2015","pl\u00e9ni\u00e8re","r\u00e9union","2016","ordre du jour","septembre 2015","jaur\u00e8s"],"articleSection":["WE de pr\u00e9paration"],"inLanguage":"fr-FR"},{"@type":"WebPage","@id":"https:\/\/www.altercampagne.net\/?p=2018","url":"https:\/\/www.altercampagne.net\/?p=2018","name":"R\u00e9union de pr\u00e9paration de l'AlterTour , les 26 et 27 septembre 2015 aux Marmites Volantes (Jaur\u00e8s - Paris) - AlterTour","isPartOf":{"@id":"https:\/\/www.altercampagne.net\/#website"},"primaryImageOfPage":{"@id":"https:\/\/www.altercampagne.net\/?p=2018#primaryimage"},"image":{"@id":"https:\/\/www.altercampagne.net\/?p=2018#primaryimage"},"thumbnailUrl":"http:\/\/www.altercampagne.net\/wp-content\/uploads\/2015\/09\/2015-07-19_15.37.46_7522.jpg","datePublished":"2015-09-21T14:15:09+00:00","dateModified":"2020-02-24T14:08:33+00:00","author":{"@id":"https:\/\/www.altercampagne.net\/#\/schema\/person\/0f261460c09e430caa0f9bcffa319109"},"breadcrumb":{"@id":"https:\/\/www.altercampagne.net\/?p=2018#breadcrumb"},"inLanguage":"fr-FR","potentialAction":[{"@type":"ReadAction","target":["https:\/\/www.altercampagne.net\/?p=2018"]}]},{"@type":"ImageObject","inLanguage":"fr-FR","@id":"https:\/\/www.altercampagne.net\/?p=2018#primaryimage","url":"http:\/\/www.altercampagne.net\/wp-content\/uploads\/2015\/09\/2015-07-19_15.37.46_7522.jpg","contentUrl":"http:\/\/www.altercampagne.net\/wp-content\/uploads\/2015\/09\/2015-07-19_15.37.46_7522.jpg"},{"@type":"BreadcrumbList","@id":"https:\/\/www.altercampagne.net\/?p=2018#breadcrumb","itemListElement":[{"@type":"ListItem","position":1,"name":"Accueil","item":"https:\/\/www.altercampagne.net\/"},{"@type":"ListItem","position":2,"name":"R\u00e9union de pr\u00e9paration de l&rsquo;AlterTour , les 26 et 27 septembre 2015 aux Marmites Volantes (Jaur\u00e8s &#8211; Paris)"}]},{"@type":"WebSite","@id":"https:\/\/www.altercampagne.net\/#website","url":"https:\/\/www.altercampagne.net\/","name":"AlterTour","description":"Reliez les Alternatives \u00e0 v\u00e9lo","potentialAction":[{"@type":"SearchAction","target":{"@type":"EntryPoint","urlTemplate":"https:\/\/www.altercampagne.net\/?s={search_term_string}"},"query-input":{"@type":"PropertyValueSpecification","valueRequired":true,"valueName":"search_term_string"}}],"inLanguage":"fr-FR"},{"@type":"Person","@id":"https:\/\/www.altercampagne.net\/#\/schema\/person\/0f261460c09e430caa0f9bcffa319109","name":"Mathieu","image":{"@type":"ImageObject","inLanguage":"fr-FR","@id":"https:\/\/secure.gravatar.com\/avatar\/aa9d3d24c83f2141e5e2709d0f63d09a99f6be6bb7a50abc4915838d9f54501a?s=96&d=mm&r=g","url":"https:\/\/secure.gravatar.com\/avatar\/aa9d3d24c83f2141e5e2709d0f63d09a99f6be6bb7a50abc4915838d9f54501a?s=96&d=mm&r=g","contentUrl":"https:\/\/secure.gravatar.com\/avatar\/aa9d3d24c83f2141e5e2709d0f63d09a99f6be6bb7a50abc4915838d9f54501a?s=96&d=mm&r=g","caption":"Mathieu"},"url":"https:\/\/www.altercampagne.net\/?author=214"}]}},"_links":{"self":[{"href":"https:\/\/www.altercampagne.net\/index.php?rest_route=\/wp\/v2\/posts\/2018","targetHints":{"allow":["GET"]}}],"collection":[{"href":"https:\/\/www.altercampagne.net\/index.php?rest_route=\/wp\/v2\/posts"}],"about":[{"href":"https:\/\/www.altercampagne.net\/index.php?rest_route=\/wp\/v2\/types\/post"}],"author":[{"embeddable":true,"href":"https:\/\/www.altercampagne.net\/index.php?rest_route=\/wp\/v2\/users\/214"}],"replies":[{"embeddable":true,"href":"https:\/\/www.altercampagne.net\/index.php?rest_route=%2Fwp%2Fv2%2Fcomments&post=2018"}],"version-history":[{"count":1,"href":"https:\/\/www.altercampagne.net\/index.php?rest_route=\/wp\/v2\/posts\/2018\/revisions"}],"predecessor-version":[{"id":17341,"href":"https:\/\/www.altercampagne.net\/index.php?rest_route=\/wp\/v2\/posts\/2018\/revisions\/17341"}],"wp:attachment":[{"href":"https:\/\/www.altercampagne.net\/index.php?rest_route=%2Fwp%2Fv2%2Fmedia&parent=2018"}],"wp:term":[{"taxonomy":"category","embeddable":true,"href":"https:\/\/www.altercampagne.net\/index.php?rest_route=%2Fwp%2Fv2%2Fcategories&post=2018"},{"taxonomy":"post_tag","embeddable":true,"href":"https:\/\/www.altercampagne.net\/index.php?rest_route=%2Fwp%2Fv2%2Ftags&post=2018"}],"curies":[{"name":"wp","href":"https:\/\/api.w.org\/{rel}","templated":true}]}}