{"id":20246,"date":"2021-01-02T17:09:29","date_gmt":"2021-01-02T16:09:29","guid":{"rendered":"http:\/\/www.altercampagne.net\/?p=20246"},"modified":"2022-02-18T15:17:43","modified_gmt":"2022-02-18T14:17:43","slug":"rejoins-le-bieretour-du-12-au-25-mai-2021","status":"publish","type":"post","link":"https:\/\/www.altercampagne.net\/?p=20246","title":{"rendered":"Rejoins le Bi\u00e8reTour du 12 au 25 mai 2021"},"content":{"rendered":"\n<p>La 3\u00e8me \u00e9dition du <strong><a rel=\"noreferrer noopener\" href=\"https:\/\/www.bieretour.net\/\" target=\"_blank\">Bi\u00e8reTour<\/a><\/strong> roulera du <strong>mercredi 12 au mardi 25 mai<\/strong>,  de Grenoble (38) \u00e0 La Fert\u00e9 (39). Le Bi\u00e8reTour c\u2019est un tour \u00e0 v\u00e9lo de 30 \u00e0 60 km par jour \u00e0 la rencontre des acteur\u00b7rice\u00b7s de la fili\u00e8re  brassicole :  les brasseurs bio, les brasseurs ind\u00e9pendantes, les  brasseurs amateurs,  les houblonniers, les producteurs d\u2019orge  brassicole, les malteurs, les  fili\u00e8res de r\u00e9emploi des bouteilles en  verre\u2026 <\/p>\n\n\n\n<p>C\u2019est le p\u2019tit fr\u00e8re de l\u2019AlterTour et il lui ressemble grandement : \nla logistique, les v\u00e9los, l\u2019autogestion, les d\u00e9licieux repas bio et \nlocaux\u2026 vous ne serez pas d\u00e9pays\u00e9 ! <\/p>\n\n\n\n<p><strong> Au programme :<\/strong><\/p>\n\n\n\n<p> Nous vous proposons pour commencer <strong>une initiation \u00e0 la d\u00e9gustation de bi\u00e8re<\/strong> \u00e0 Grenoble chez <a rel=\"noreferrer noopener\" href=\"https:\/\/www.facebook.com\/LeCommunDesMortelsGrenoble\/\" target=\"_blank\">Le Commun Des Mortels<\/a>, un atelier partag\u00e9 de cr\u00e9ation alimentaire.<\/p>\n\n\n\n<p>  Nous nous pencherons sur les <strong>secrets du houblon<\/strong> en visitant les houblonni\u00e8res de <a rel=\"noreferrer noopener\" href=\"https:\/\/www.facebook.com\/houblonB\/\" target=\"_blank\">Houblon Bocq<\/a> et <a rel=\"noreferrer noopener\" href=\"https:\/\/www.facebook.com\/houblondumoulin\/\" target=\"_blank\">Houblon du Moulin<\/a>.<br> Nous parlerons <strong>isolation en bouchon de li\u00e8ge<\/strong> et <strong>traitement des eaux us\u00e9es<\/strong> dans le processus du brassage avec la <a rel=\"noreferrer noopener\" href=\"https:\/\/lamarmottemasquee.fr\/\" target=\"_blank\">Marmotte masqu\u00e9e<\/a>. <\/p>\n\n\n\n<p> <strong>Nous brasserons de la bi\u00e8re<\/strong> avec la <a rel=\"noreferrer noopener\" href=\"https:\/\/www.facebook.com\/brasserie.des.faux.semblables\" target=\"_blank\">Brasserie des Faux Semblables<\/a>, la <a rel=\"noreferrer noopener\" href=\"https:\/\/www.facebook.com\/Brasserie-LOrigine-du-monde-954980161232001\/\" target=\"_blank\">Brasserie l\u2019Origine du Monde<\/a>, et visiterons la <a href=\"http:\/\/www.la-dauphine.fr\">Brasserie du val d&rsquo;Ainan<\/a>. <br> Nous nous int\u00e9resserons aux Brasseries en <strong>Scop<\/strong> et \u00e0 la <strong>fili\u00e8re bio<\/strong> avec <a rel=\"noreferrer noopener\" href=\"https:\/\/www.lesbieresdutemps.com\/\" target=\"_blank\">Les Bi\u00e8res du Temps<\/a> et <a href=\"https:\/\/www.facebook.com\/LaFrancheBrasserie\/\">La Franche<\/a>.<br> Nous prendrons le temps d\u2019\u00e9changer sur l<strong>\u2019installation de jeunes brasseurs<\/strong> et les possibilit\u00e9s de&nbsp; parrainages avec des brasseries amies \u2026 <\/p>\n\n\n\n<figure class=\"wp-block-image size-large\"><img loading=\"lazy\" decoding=\"async\" width=\"1024\" height=\"683\" src=\"http:\/\/www.altercampagne.net\/wp-content\/uploads\/2020\/12\/20190427_164730-1024x683.jpg\" alt=\"\" class=\"wp-image-20251\"\/><\/figure>\n\n\n\n<p><strong>C<\/strong> <strong>\u2019est o\u00f9 ?<\/strong><\/p>\n\n\n\n<p>Sur les routes d\u2019Is\u00e8re, de l\u2019Ain et du Jura <\/p>\n\n\n\n<p><strong>C\u2019est pour qui ?<\/strong><br>Les curieux de la fabrication de la bi\u00e8re, qui aiment aussi le v\u00e9lo.<\/p>\n\n\n\n<p><strong>\u00c7a se passe comment ?<\/strong><br>Une journ\u00e9e de v\u00e9lo (5 \u00e0 6 h de v\u00e9lo dans la  journ\u00e9e) \/ une journ\u00e9e de  d\u00e9couverte (visite, atelier de brassage,  \u00e9changes de savoir\u2026). Chacun  participe aux t\u00e2ches quotidiennes pour la  vie du groupe (cuisine, vaisselle, etc..). <br>Chacun vient avec son mat\u00e9riel de camping : tente, matelas et duvet.<\/p>\n\n\n\n<div class=\"wp-block-image\"><figure class=\"aligncenter size-large\"><img loading=\"lazy\" decoding=\"async\" width=\"1024\" height=\"683\" src=\"http:\/\/www.altercampagne.net\/wp-content\/uploads\/2020\/12\/20190502_085842-1024x683.jpg\" alt=\"\" class=\"wp-image-20250\"\/><\/figure><\/div>\n\n\n\n<h4 class=\"has-text-align-center wp-block-heading\"><strong>Du mercredi 12 au mardi 25 mai 2021<\/strong><\/h4>\n\n\n\n<h4 class=\"has-text-align-center wp-block-heading\"><strong>de Grenoble (38) \u00e0 La Fert\u00e9 (39)<\/strong><\/h4>\n\n\n\n<p class=\"has-text-align-center\">Inscriptions d\u00e8s maintenant sur <a rel=\"noreferrer noopener\" href=\"http:\/\/bieretour.net\" target=\"_blank\"><strong>bieretour.<\/strong><\/a><strong><a rel=\"noreferrer noopener\" aria-label=\"net (s\u2019ouvre dans un nouvel onglet)\" href=\"https:\/\/www.bieretour.net\/\" target=\"_blank\">net<\/a><\/strong><\/p>\n\n\n\n<figure class=\"wp-block-embed is-type-video is-provider-youtube wp-block-embed-youtube wp-embed-aspect-16-9 wp-has-aspect-ratio\"><div class=\"wp-block-embed__wrapper\">\n<div class=\"x-resp-embed x-is-video x-is-youtube\"><iframe loading=\"lazy\" title=\"Bi\u00e8reTour, du v\u00e9lo, de la bi\u00e8re et de la bonne humeur !\" width=\"742\" height=\"417\" src=\"https:\/\/www.youtube.com\/embed\/sIomu65mFxs?feature=oembed\" frameborder=\"0\" allow=\"accelerometer; autoplay; clipboard-write; encrypted-media; gyroscope; picture-in-picture\" allowfullscreen><\/iframe><\/div>\n<\/div><\/figure>\n","protected":false},"excerpt":{"rendered":"<p>La 3\u00e8me \u00e9dition du Bi\u00e8reTour roulera  de Grenoble (38) \u00e0 La Fert\u00e9 (39).  Rencontre avec des brasseurs bio, brasseurs ind\u00e9pendants, houblonniers, producteurs d\u2019orge&#8230; Viens p\u00e9daler avec nous ! Les inscriptions sont ouvertes !<\/p>\n","protected":false},"author":364,"featured_media":20308,"comment_status":"closed","ping_status":"closed","sticky":false,"template":"","format":"standard","meta":{"footnotes":""},"categories":[3574,4198],"tags":[1310,2413,4276,4277,4278],"class_list":["post-20246","post","type-post","status-publish","format-standard","has-post-thumbnail","hentry","category-bieretour","category-edition-2021","tag-grenoble","tag-brasserie","tag-bieretour-2021","tag-12-au-15-mai","tag-ferte"],"yoast_head":"<!-- This site is optimized with the Yoast SEO plugin v27.3 - https:\/\/yoast.com\/product\/yoast-seo-wordpress\/ -->\n<title>Rejoins le Bi\u00e8reTour du 12 au 25 mai 2021 - AlterTour<\/title>\n<meta name=\"robots\" content=\"index, follow, max-snippet:-1, max-image-preview:large, max-video-preview:-1\" \/>\n<link rel=\"canonical\" href=\"https:\/\/www.altercampagne.net\/?p=20246\" \/>\n<meta property=\"og:locale\" content=\"fr_FR\" \/>\n<meta property=\"og:type\" content=\"article\" \/>\n<meta property=\"og:title\" content=\"Rejoins le Bi\u00e8reTour du 12 au 25 mai 2021 - AlterTour\" \/>\n<meta property=\"og:description\" content=\"La 3\u00e8me \u00e9dition du Bi\u00e8reTour roulera de Grenoble (38) \u00e0 La Fert\u00e9 (39). Rencontre avec des brasseurs bio, brasseurs ind\u00e9pendants, houblonniers, producteurs d\u2019orge... Viens p\u00e9daler avec nous ! Les inscriptions sont ouvertes !\" \/>\n<meta property=\"og:url\" content=\"https:\/\/www.altercampagne.net\/?p=20246\" \/>\n<meta property=\"og:site_name\" content=\"AlterTour\" \/>\n<meta property=\"article:published_time\" content=\"2021-01-02T16:09:29+00:00\" \/>\n<meta property=\"article:modified_time\" content=\"2022-02-18T14:17:43+00:00\" \/>\n<meta property=\"og:image\" content=\"https:\/\/www.altercampagne.net\/wp-content\/uploads\/2021\/01\/2019-11-26-Ivan.jpg\" \/>\n\t<meta property=\"og:image:width\" content=\"853\" \/>\n\t<meta property=\"og:image:height\" content=\"447\" \/>\n\t<meta property=\"og:image:type\" content=\"image\/jpeg\" \/>\n<meta name=\"author\" content=\"Anouchka\" \/>\n<meta name=\"twitter:card\" content=\"summary_large_image\" \/>\n<meta name=\"twitter:label1\" content=\"\u00c9crit par\" \/>\n\t<meta name=\"twitter:data1\" content=\"Anouchka\" \/>\n\t<meta name=\"twitter:label2\" content=\"Dur\u00e9e de lecture estim\u00e9e\" \/>\n\t<meta name=\"twitter:data2\" content=\"3 minutes\" \/>\n<script type=\"application\/ld+json\" class=\"yoast-schema-graph\">{\"@context\":\"https:\\\/\\\/schema.org\",\"@graph\":[{\"@type\":\"Article\",\"@id\":\"https:\\\/\\\/www.altercampagne.net\\\/?p=20246#article\",\"isPartOf\":{\"@id\":\"https:\\\/\\\/www.altercampagne.net\\\/?p=20246\"},\"author\":{\"name\":\"Anouchka\",\"@id\":\"https:\\\/\\\/www.altercampagne.net\\\/#\\\/schema\\\/person\\\/675f636f056503d272f50fe6256bf97f\"},\"headline\":\"Rejoins le Bi\u00e8reTour du 12 au 25 mai 2021\",\"datePublished\":\"2021-01-02T16:09:29+00:00\",\"dateModified\":\"2022-02-18T14:17:43+00:00\",\"mainEntityOfPage\":{\"@id\":\"https:\\\/\\\/www.altercampagne.net\\\/?p=20246\"},\"wordCount\":366,\"image\":{\"@id\":\"https:\\\/\\\/www.altercampagne.net\\\/?p=20246#primaryimage\"},\"thumbnailUrl\":\"https:\\\/\\\/www.altercampagne.net\\\/wp-content\\\/uploads\\\/2021\\\/01\\\/2019-11-26-Ivan.jpg\",\"keywords\":[\"Grenoble\",\"brasserie\",\"Bi\u00e8reTour 2021\",\"12 au 15 mai\",\"Fert\u00e9\"],\"articleSection\":[\"Bi\u00e8reTour\",\"Edition 2021\"],\"inLanguage\":\"fr-FR\"},{\"@type\":\"WebPage\",\"@id\":\"https:\\\/\\\/www.altercampagne.net\\\/?p=20246\",\"url\":\"https:\\\/\\\/www.altercampagne.net\\\/?p=20246\",\"name\":\"Rejoins le Bi\u00e8reTour du 12 au 25 mai 2021 - AlterTour\",\"isPartOf\":{\"@id\":\"https:\\\/\\\/www.altercampagne.net\\\/#website\"},\"primaryImageOfPage\":{\"@id\":\"https:\\\/\\\/www.altercampagne.net\\\/?p=20246#primaryimage\"},\"image\":{\"@id\":\"https:\\\/\\\/www.altercampagne.net\\\/?p=20246#primaryimage\"},\"thumbnailUrl\":\"https:\\\/\\\/www.altercampagne.net\\\/wp-content\\\/uploads\\\/2021\\\/01\\\/2019-11-26-Ivan.jpg\",\"datePublished\":\"2021-01-02T16:09:29+00:00\",\"dateModified\":\"2022-02-18T14:17:43+00:00\",\"author\":{\"@id\":\"https:\\\/\\\/www.altercampagne.net\\\/#\\\/schema\\\/person\\\/675f636f056503d272f50fe6256bf97f\"},\"breadcrumb\":{\"@id\":\"https:\\\/\\\/www.altercampagne.net\\\/?p=20246#breadcrumb\"},\"inLanguage\":\"fr-FR\",\"potentialAction\":[{\"@type\":\"ReadAction\",\"target\":[\"https:\\\/\\\/www.altercampagne.net\\\/?p=20246\"]}]},{\"@type\":\"ImageObject\",\"inLanguage\":\"fr-FR\",\"@id\":\"https:\\\/\\\/www.altercampagne.net\\\/?p=20246#primaryimage\",\"url\":\"https:\\\/\\\/www.altercampagne.net\\\/wp-content\\\/uploads\\\/2021\\\/01\\\/2019-11-26-Ivan.jpg\",\"contentUrl\":\"https:\\\/\\\/www.altercampagne.net\\\/wp-content\\\/uploads\\\/2021\\\/01\\\/2019-11-26-Ivan.jpg\",\"width\":853,\"height\":447},{\"@type\":\"BreadcrumbList\",\"@id\":\"https:\\\/\\\/www.altercampagne.net\\\/?p=20246#breadcrumb\",\"itemListElement\":[{\"@type\":\"ListItem\",\"position\":1,\"name\":\"Accueil\",\"item\":\"https:\\\/\\\/www.altercampagne.net\\\/\"},{\"@type\":\"ListItem\",\"position\":2,\"name\":\"Rejoins le Bi\u00e8reTour du 12 au 25 mai 2021\"}]},{\"@type\":\"WebSite\",\"@id\":\"https:\\\/\\\/www.altercampagne.net\\\/#website\",\"url\":\"https:\\\/\\\/www.altercampagne.net\\\/\",\"name\":\"AlterTour\",\"description\":\"Reliez les Alternatives \u00e0 v\u00e9lo\",\"potentialAction\":[{\"@type\":\"SearchAction\",\"target\":{\"@type\":\"EntryPoint\",\"urlTemplate\":\"https:\\\/\\\/www.altercampagne.net\\\/?s={search_term_string}\"},\"query-input\":{\"@type\":\"PropertyValueSpecification\",\"valueRequired\":true,\"valueName\":\"search_term_string\"}}],\"inLanguage\":\"fr-FR\"},{\"@type\":\"Person\",\"@id\":\"https:\\\/\\\/www.altercampagne.net\\\/#\\\/schema\\\/person\\\/675f636f056503d272f50fe6256bf97f\",\"name\":\"Anouchka\",\"image\":{\"@type\":\"ImageObject\",\"inLanguage\":\"fr-FR\",\"@id\":\"https:\\\/\\\/secure.gravatar.com\\\/avatar\\\/ba41ba7ad7aad97b7061ba6354f89cc6cc30bcae3dd10f29ae91e6261930d48e?s=96&d=mm&r=g\",\"url\":\"https:\\\/\\\/secure.gravatar.com\\\/avatar\\\/ba41ba7ad7aad97b7061ba6354f89cc6cc30bcae3dd10f29ae91e6261930d48e?s=96&d=mm&r=g\",\"contentUrl\":\"https:\\\/\\\/secure.gravatar.com\\\/avatar\\\/ba41ba7ad7aad97b7061ba6354f89cc6cc30bcae3dd10f29ae91e6261930d48e?s=96&d=mm&r=g\",\"caption\":\"Anouchka\"},\"url\":\"https:\\\/\\\/www.altercampagne.net\\\/?author=364\"}]}<\/script>\n<!-- \/ Yoast SEO plugin. -->","yoast_head_json":{"title":"Rejoins le Bi\u00e8reTour du 12 au 25 mai 2021 - AlterTour","robots":{"index":"index","follow":"follow","max-snippet":"max-snippet:-1","max-image-preview":"max-image-preview:large","max-video-preview":"max-video-preview:-1"},"canonical":"https:\/\/www.altercampagne.net\/?p=20246","og_locale":"fr_FR","og_type":"article","og_title":"Rejoins le Bi\u00e8reTour du 12 au 25 mai 2021 - AlterTour","og_description":"La 3\u00e8me \u00e9dition du Bi\u00e8reTour roulera de Grenoble (38) \u00e0 La Fert\u00e9 (39). Rencontre avec des brasseurs bio, brasseurs ind\u00e9pendants, houblonniers, producteurs d\u2019orge... Viens p\u00e9daler avec nous ! Les inscriptions sont ouvertes !","og_url":"https:\/\/www.altercampagne.net\/?p=20246","og_site_name":"AlterTour","article_published_time":"2021-01-02T16:09:29+00:00","article_modified_time":"2022-02-18T14:17:43+00:00","og_image":[{"width":853,"height":447,"url":"https:\/\/www.altercampagne.net\/wp-content\/uploads\/2021\/01\/2019-11-26-Ivan.jpg","type":"image\/jpeg"}],"author":"Anouchka","twitter_card":"summary_large_image","twitter_misc":{"\u00c9crit par":"Anouchka","Dur\u00e9e de lecture estim\u00e9e":"3 minutes"},"schema":{"@context":"https:\/\/schema.org","@graph":[{"@type":"Article","@id":"https:\/\/www.altercampagne.net\/?p=20246#article","isPartOf":{"@id":"https:\/\/www.altercampagne.net\/?p=20246"},"author":{"name":"Anouchka","@id":"https:\/\/www.altercampagne.net\/#\/schema\/person\/675f636f056503d272f50fe6256bf97f"},"headline":"Rejoins le Bi\u00e8reTour du 12 au 25 mai 2021","datePublished":"2021-01-02T16:09:29+00:00","dateModified":"2022-02-18T14:17:43+00:00","mainEntityOfPage":{"@id":"https:\/\/www.altercampagne.net\/?p=20246"},"wordCount":366,"image":{"@id":"https:\/\/www.altercampagne.net\/?p=20246#primaryimage"},"thumbnailUrl":"https:\/\/www.altercampagne.net\/wp-content\/uploads\/2021\/01\/2019-11-26-Ivan.jpg","keywords":["Grenoble","brasserie","Bi\u00e8reTour 2021","12 au 15 mai","Fert\u00e9"],"articleSection":["Bi\u00e8reTour","Edition 2021"],"inLanguage":"fr-FR"},{"@type":"WebPage","@id":"https:\/\/www.altercampagne.net\/?p=20246","url":"https:\/\/www.altercampagne.net\/?p=20246","name":"Rejoins le Bi\u00e8reTour du 12 au 25 mai 2021 - AlterTour","isPartOf":{"@id":"https:\/\/www.altercampagne.net\/#website"},"primaryImageOfPage":{"@id":"https:\/\/www.altercampagne.net\/?p=20246#primaryimage"},"image":{"@id":"https:\/\/www.altercampagne.net\/?p=20246#primaryimage"},"thumbnailUrl":"https:\/\/www.altercampagne.net\/wp-content\/uploads\/2021\/01\/2019-11-26-Ivan.jpg","datePublished":"2021-01-02T16:09:29+00:00","dateModified":"2022-02-18T14:17:43+00:00","author":{"@id":"https:\/\/www.altercampagne.net\/#\/schema\/person\/675f636f056503d272f50fe6256bf97f"},"breadcrumb":{"@id":"https:\/\/www.altercampagne.net\/?p=20246#breadcrumb"},"inLanguage":"fr-FR","potentialAction":[{"@type":"ReadAction","target":["https:\/\/www.altercampagne.net\/?p=20246"]}]},{"@type":"ImageObject","inLanguage":"fr-FR","@id":"https:\/\/www.altercampagne.net\/?p=20246#primaryimage","url":"https:\/\/www.altercampagne.net\/wp-content\/uploads\/2021\/01\/2019-11-26-Ivan.jpg","contentUrl":"https:\/\/www.altercampagne.net\/wp-content\/uploads\/2021\/01\/2019-11-26-Ivan.jpg","width":853,"height":447},{"@type":"BreadcrumbList","@id":"https:\/\/www.altercampagne.net\/?p=20246#breadcrumb","itemListElement":[{"@type":"ListItem","position":1,"name":"Accueil","item":"https:\/\/www.altercampagne.net\/"},{"@type":"ListItem","position":2,"name":"Rejoins le Bi\u00e8reTour du 12 au 25 mai 2021"}]},{"@type":"WebSite","@id":"https:\/\/www.altercampagne.net\/#website","url":"https:\/\/www.altercampagne.net\/","name":"AlterTour","description":"Reliez les Alternatives \u00e0 v\u00e9lo","potentialAction":[{"@type":"SearchAction","target":{"@type":"EntryPoint","urlTemplate":"https:\/\/www.altercampagne.net\/?s={search_term_string}"},"query-input":{"@type":"PropertyValueSpecification","valueRequired":true,"valueName":"search_term_string"}}],"inLanguage":"fr-FR"},{"@type":"Person","@id":"https:\/\/www.altercampagne.net\/#\/schema\/person\/675f636f056503d272f50fe6256bf97f","name":"Anouchka","image":{"@type":"ImageObject","inLanguage":"fr-FR","@id":"https:\/\/secure.gravatar.com\/avatar\/ba41ba7ad7aad97b7061ba6354f89cc6cc30bcae3dd10f29ae91e6261930d48e?s=96&d=mm&r=g","url":"https:\/\/secure.gravatar.com\/avatar\/ba41ba7ad7aad97b7061ba6354f89cc6cc30bcae3dd10f29ae91e6261930d48e?s=96&d=mm&r=g","contentUrl":"https:\/\/secure.gravatar.com\/avatar\/ba41ba7ad7aad97b7061ba6354f89cc6cc30bcae3dd10f29ae91e6261930d48e?s=96&d=mm&r=g","caption":"Anouchka"},"url":"https:\/\/www.altercampagne.net\/?author=364"}]}},"_links":{"self":[{"href":"https:\/\/www.altercampagne.net\/index.php?rest_route=\/wp\/v2\/posts\/20246","targetHints":{"allow":["GET"]}}],"collection":[{"href":"https:\/\/www.altercampagne.net\/index.php?rest_route=\/wp\/v2\/posts"}],"about":[{"href":"https:\/\/www.altercampagne.net\/index.php?rest_route=\/wp\/v2\/types\/post"}],"author":[{"embeddable":true,"href":"https:\/\/www.altercampagne.net\/index.php?rest_route=\/wp\/v2\/users\/364"}],"replies":[{"embeddable":true,"href":"https:\/\/www.altercampagne.net\/index.php?rest_route=%2Fwp%2Fv2%2Fcomments&post=20246"}],"version-history":[{"count":13,"href":"https:\/\/www.altercampagne.net\/index.php?rest_route=\/wp\/v2\/posts\/20246\/revisions"}],"predecessor-version":[{"id":24415,"href":"https:\/\/www.altercampagne.net\/index.php?rest_route=\/wp\/v2\/posts\/20246\/revisions\/24415"}],"wp:featuredmedia":[{"embeddable":true,"href":"https:\/\/www.altercampagne.net\/index.php?rest_route=\/wp\/v2\/media\/20308"}],"wp:attachment":[{"href":"https:\/\/www.altercampagne.net\/index.php?rest_route=%2Fwp%2Fv2%2Fmedia&parent=20246"}],"wp:term":[{"taxonomy":"category","embeddable":true,"href":"https:\/\/www.altercampagne.net\/index.php?rest_route=%2Fwp%2Fv2%2Fcategories&post=20246"},{"taxonomy":"post_tag","embeddable":true,"href":"https:\/\/www.altercampagne.net\/index.php?rest_route=%2Fwp%2Fv2%2Ftags&post=20246"}],"curies":[{"name":"wp","href":"https:\/\/api.w.org\/{rel}","templated":true}]}}