{"id":20276,"date":"2021-01-07T16:10:42","date_gmt":"2021-01-07T15:10:42","guid":{"rendered":"http:\/\/www.altercampagne.net\/?p=20276"},"modified":"2021-05-06T10:34:53","modified_gmt":"2021-05-06T08:34:53","slug":"le-rendez-vous-festif-ecolo-et-militant-de-lete-2021","status":"publish","type":"post","link":"https:\/\/www.altercampagne.net\/?p=20276","title":{"rendered":"Le Rendez-vous Festif, \u00c9colo et Militant de l\u2019\u00e9t\u00e9 2021"},"content":{"rendered":"\n<p><strong>Pour la 14\u00e8me \u00e9dition plus de 400 cyclistes vont parcourir la Normandie et la Bretagne \u00e0 la rencontre des Alternatives.<\/strong><\/p>\n\n\n\n<h4 class=\"wp-block-heading\">L\u2019AlterTour roulera de Fontaine-en-Bray (76) \u00e0 Brest (29) du 12 Juillet au 27 Ao\u00fbt 2021<\/h4>\n\n\n\n<p>Cette ann\u00e9e, l&rsquo;AlterTour prend la route pour aller <strong>\u00e0 la recherche de l&rsquo;essentiel\u2026 <\/strong><\/p>\n\n\n\n<h4 class=\"wp-block-heading\">Le v\u00e9lo mais pas seulement&nbsp;! <\/h4>\n\n\n\n<p>Chaque jour apr\u00e8s une demi-journ\u00e9e de v\u00e9los, les participants  visitent des \u00e9colieux, des producteurs bio, des entreprises  coop\u00e9ratives, des collectifs citoyens, des ateliers v\u00e9los, des habitats  partag\u00e9s en \u00e9coconstruction\u2026L\u2019AlterTour passera notamment par des lieux culturels comme la premi\u00e8re boulangerie solaire d&rsquo;Europe <a href=\"https:\/\/neoloco.fr\/\">NeoLoco<\/a> \u00e0  Montville, l&rsquo;\u00e9levage d&rsquo;escargot <a href=\"https:\/\/www.escargotier.org\/\">L&rsquo;Escargotier<\/a> au Marais Vernier, ou encore la premi\u00e8re Forest School de Bretagne <a href=\"https:\/\/www.autourdufeu.org\/\">Autour du Feu<\/a>, \u00e0 Plon\u00e9is.<\/p>\n\n\n\n<h4 class=\"wp-block-heading\">L\u2019AlterTour ouvert \u00e0 tous et \u00e0 toutes<\/h4>\n\n\n\n<p>La participation au tour ne n\u00e9cessite pas de condition physique sportive particuli\u00e8re&nbsp;; un mini bus roule \u00e0 la fin du peloton et un camion logistique porte les bagages. L\u2019\u00e2ge des participants varient de 0 \u00e0 77 ans, il n\u2019y a pas de limite d\u2019\u00e2ge.&nbsp; La vie quotidienne est organis\u00e9e de fa\u00e7on participative.<\/p>\n\n\n\n<h4 class=\"wp-block-heading\">Les inscriptions ouvrent le 1<sup>er<\/sup> Mai 2021 <\/h4>\n\n\n\n<p>La dur\u00e9e de participation est libre, les participants peuvent   s\u2019inscrire pour une ou plusieurs \u00e9tapes. Les inscriptions ouvrent le 1<sup>er<\/sup> Mai 2021. <\/p>\n\n\n\n<figure class=\"wp-block-image size-large\"><img decoding=\"async\" src=\"http:\/\/www.altercampagne.net\/wp-content\/uploads\/2021\/01\/AT2021-Parcours-V02.jpg\" alt=\"\" class=\"wp-image-20335\" \/><\/figure>\n","protected":false},"excerpt":{"rendered":"<p>Pour la 14\u00e8me \u00e9dition plus de 400 cyclistes vont parcourir la Normandie et la Bretagne \u00e0 la rencontre des Alternatives.<\/p>\n","protected":false},"author":364,"featured_media":16944,"comment_status":"closed","ping_status":"closed","sticky":false,"template":"","format":"standard","meta":{"footnotes":""},"categories":[4313,3472,4198,3478],"tags":[20,2101,4247],"class_list":["post-20276","post","type-post","status-publish","format-standard","has-post-thumbnail","hentry","category-altertour","category-bretagne","category-edition-2021","category-normandie","tag-bretagne","tag-normandie","tag-altertour-2021"],"yoast_head":"<!-- This site is optimized with the Yoast SEO plugin v27.3 - https:\/\/yoast.com\/product\/yoast-seo-wordpress\/ -->\n<title>Le Rendez-vous Festif, \u00c9colo et Militant de l\u2019\u00e9t\u00e9 2021 - AlterTour<\/title>\n<meta name=\"robots\" content=\"index, follow, max-snippet:-1, max-image-preview:large, max-video-preview:-1\" \/>\n<link rel=\"canonical\" href=\"https:\/\/www.altercampagne.net\/?p=20276\" \/>\n<meta property=\"og:locale\" content=\"fr_FR\" \/>\n<meta property=\"og:type\" content=\"article\" \/>\n<meta property=\"og:title\" content=\"Le Rendez-vous Festif, \u00c9colo et Militant de l\u2019\u00e9t\u00e9 2021 - AlterTour\" \/>\n<meta property=\"og:description\" content=\"Pour la 14\u00e8me \u00e9dition plus de 400 cyclistes vont parcourir la Normandie et la Bretagne \u00e0 la rencontre des Alternatives.\" \/>\n<meta property=\"og:url\" content=\"https:\/\/www.altercampagne.net\/?p=20276\" \/>\n<meta property=\"og:site_name\" content=\"AlterTour\" \/>\n<meta property=\"article:published_time\" content=\"2021-01-07T15:10:42+00:00\" \/>\n<meta property=\"article:modified_time\" content=\"2021-05-06T08:34:53+00:00\" \/>\n<meta property=\"og:image\" content=\"https:\/\/www.altercampagne.net\/wp-content\/uploads\/2020\/01\/Guillaume-G-DSCF0981.jpg\" \/>\n\t<meta property=\"og:image:width\" content=\"900\" \/>\n\t<meta property=\"og:image:height\" content=\"470\" \/>\n\t<meta property=\"og:image:type\" content=\"image\/jpeg\" \/>\n<meta name=\"author\" content=\"Anouchka\" \/>\n<meta name=\"twitter:card\" content=\"summary_large_image\" \/>\n<meta name=\"twitter:label1\" content=\"\u00c9crit par\" \/>\n\t<meta name=\"twitter:data1\" content=\"Anouchka\" \/>\n\t<meta name=\"twitter:label2\" content=\"Dur\u00e9e de lecture estim\u00e9e\" \/>\n\t<meta name=\"twitter:data2\" content=\"1 minute\" \/>\n<script type=\"application\/ld+json\" class=\"yoast-schema-graph\">{\"@context\":\"https:\\\/\\\/schema.org\",\"@graph\":[{\"@type\":\"Article\",\"@id\":\"https:\\\/\\\/www.altercampagne.net\\\/?p=20276#article\",\"isPartOf\":{\"@id\":\"https:\\\/\\\/www.altercampagne.net\\\/?p=20276\"},\"author\":{\"name\":\"Anouchka\",\"@id\":\"https:\\\/\\\/www.altercampagne.net\\\/#\\\/schema\\\/person\\\/675f636f056503d272f50fe6256bf97f\"},\"headline\":\"Le Rendez-vous Festif, \u00c9colo et Militant de l\u2019\u00e9t\u00e9 2021\",\"datePublished\":\"2021-01-07T15:10:42+00:00\",\"dateModified\":\"2021-05-06T08:34:53+00:00\",\"mainEntityOfPage\":{\"@id\":\"https:\\\/\\\/www.altercampagne.net\\\/?p=20276\"},\"wordCount\":228,\"image\":{\"@id\":\"https:\\\/\\\/www.altercampagne.net\\\/?p=20276#primaryimage\"},\"thumbnailUrl\":\"https:\\\/\\\/www.altercampagne.net\\\/wp-content\\\/uploads\\\/2020\\\/01\\\/Guillaume-G-DSCF0981.jpg\",\"keywords\":[\"bretagne\",\"Normandie\",\"AlterTour 2021\"],\"articleSection\":[\"AlterTour\",\"Bretagne\",\"Edition 2021\",\"Normandie\"],\"inLanguage\":\"fr-FR\"},{\"@type\":\"WebPage\",\"@id\":\"https:\\\/\\\/www.altercampagne.net\\\/?p=20276\",\"url\":\"https:\\\/\\\/www.altercampagne.net\\\/?p=20276\",\"name\":\"Le Rendez-vous Festif, \u00c9colo et Militant de l\u2019\u00e9t\u00e9 2021 - AlterTour\",\"isPartOf\":{\"@id\":\"https:\\\/\\\/www.altercampagne.net\\\/#website\"},\"primaryImageOfPage\":{\"@id\":\"https:\\\/\\\/www.altercampagne.net\\\/?p=20276#primaryimage\"},\"image\":{\"@id\":\"https:\\\/\\\/www.altercampagne.net\\\/?p=20276#primaryimage\"},\"thumbnailUrl\":\"https:\\\/\\\/www.altercampagne.net\\\/wp-content\\\/uploads\\\/2020\\\/01\\\/Guillaume-G-DSCF0981.jpg\",\"datePublished\":\"2021-01-07T15:10:42+00:00\",\"dateModified\":\"2021-05-06T08:34:53+00:00\",\"author\":{\"@id\":\"https:\\\/\\\/www.altercampagne.net\\\/#\\\/schema\\\/person\\\/675f636f056503d272f50fe6256bf97f\"},\"breadcrumb\":{\"@id\":\"https:\\\/\\\/www.altercampagne.net\\\/?p=20276#breadcrumb\"},\"inLanguage\":\"fr-FR\",\"potentialAction\":[{\"@type\":\"ReadAction\",\"target\":[\"https:\\\/\\\/www.altercampagne.net\\\/?p=20276\"]}]},{\"@type\":\"ImageObject\",\"inLanguage\":\"fr-FR\",\"@id\":\"https:\\\/\\\/www.altercampagne.net\\\/?p=20276#primaryimage\",\"url\":\"https:\\\/\\\/www.altercampagne.net\\\/wp-content\\\/uploads\\\/2020\\\/01\\\/Guillaume-G-DSCF0981.jpg\",\"contentUrl\":\"https:\\\/\\\/www.altercampagne.net\\\/wp-content\\\/uploads\\\/2020\\\/01\\\/Guillaume-G-DSCF0981.jpg\",\"width\":900,\"height\":470},{\"@type\":\"BreadcrumbList\",\"@id\":\"https:\\\/\\\/www.altercampagne.net\\\/?p=20276#breadcrumb\",\"itemListElement\":[{\"@type\":\"ListItem\",\"position\":1,\"name\":\"Accueil\",\"item\":\"https:\\\/\\\/www.altercampagne.net\\\/\"},{\"@type\":\"ListItem\",\"position\":2,\"name\":\"Le Rendez-vous Festif, \u00c9colo et Militant de l\u2019\u00e9t\u00e9 2021\"}]},{\"@type\":\"WebSite\",\"@id\":\"https:\\\/\\\/www.altercampagne.net\\\/#website\",\"url\":\"https:\\\/\\\/www.altercampagne.net\\\/\",\"name\":\"AlterTour\",\"description\":\"Reliez les Alternatives \u00e0 v\u00e9lo\",\"potentialAction\":[{\"@type\":\"SearchAction\",\"target\":{\"@type\":\"EntryPoint\",\"urlTemplate\":\"https:\\\/\\\/www.altercampagne.net\\\/?s={search_term_string}\"},\"query-input\":{\"@type\":\"PropertyValueSpecification\",\"valueRequired\":true,\"valueName\":\"search_term_string\"}}],\"inLanguage\":\"fr-FR\"},{\"@type\":\"Person\",\"@id\":\"https:\\\/\\\/www.altercampagne.net\\\/#\\\/schema\\\/person\\\/675f636f056503d272f50fe6256bf97f\",\"name\":\"Anouchka\",\"image\":{\"@type\":\"ImageObject\",\"inLanguage\":\"fr-FR\",\"@id\":\"https:\\\/\\\/secure.gravatar.com\\\/avatar\\\/ba41ba7ad7aad97b7061ba6354f89cc6cc30bcae3dd10f29ae91e6261930d48e?s=96&d=mm&r=g\",\"url\":\"https:\\\/\\\/secure.gravatar.com\\\/avatar\\\/ba41ba7ad7aad97b7061ba6354f89cc6cc30bcae3dd10f29ae91e6261930d48e?s=96&d=mm&r=g\",\"contentUrl\":\"https:\\\/\\\/secure.gravatar.com\\\/avatar\\\/ba41ba7ad7aad97b7061ba6354f89cc6cc30bcae3dd10f29ae91e6261930d48e?s=96&d=mm&r=g\",\"caption\":\"Anouchka\"},\"url\":\"https:\\\/\\\/www.altercampagne.net\\\/?author=364\"}]}<\/script>\n<!-- \/ Yoast SEO plugin. -->","yoast_head_json":{"title":"Le Rendez-vous Festif, \u00c9colo et Militant de l\u2019\u00e9t\u00e9 2021 - AlterTour","robots":{"index":"index","follow":"follow","max-snippet":"max-snippet:-1","max-image-preview":"max-image-preview:large","max-video-preview":"max-video-preview:-1"},"canonical":"https:\/\/www.altercampagne.net\/?p=20276","og_locale":"fr_FR","og_type":"article","og_title":"Le Rendez-vous Festif, \u00c9colo et Militant de l\u2019\u00e9t\u00e9 2021 - AlterTour","og_description":"Pour la 14\u00e8me \u00e9dition plus de 400 cyclistes vont parcourir la Normandie et la Bretagne \u00e0 la rencontre des Alternatives.","og_url":"https:\/\/www.altercampagne.net\/?p=20276","og_site_name":"AlterTour","article_published_time":"2021-01-07T15:10:42+00:00","article_modified_time":"2021-05-06T08:34:53+00:00","og_image":[{"width":900,"height":470,"url":"https:\/\/www.altercampagne.net\/wp-content\/uploads\/2020\/01\/Guillaume-G-DSCF0981.jpg","type":"image\/jpeg"}],"author":"Anouchka","twitter_card":"summary_large_image","twitter_misc":{"\u00c9crit par":"Anouchka","Dur\u00e9e de lecture estim\u00e9e":"1 minute"},"schema":{"@context":"https:\/\/schema.org","@graph":[{"@type":"Article","@id":"https:\/\/www.altercampagne.net\/?p=20276#article","isPartOf":{"@id":"https:\/\/www.altercampagne.net\/?p=20276"},"author":{"name":"Anouchka","@id":"https:\/\/www.altercampagne.net\/#\/schema\/person\/675f636f056503d272f50fe6256bf97f"},"headline":"Le Rendez-vous Festif, \u00c9colo et Militant de l\u2019\u00e9t\u00e9 2021","datePublished":"2021-01-07T15:10:42+00:00","dateModified":"2021-05-06T08:34:53+00:00","mainEntityOfPage":{"@id":"https:\/\/www.altercampagne.net\/?p=20276"},"wordCount":228,"image":{"@id":"https:\/\/www.altercampagne.net\/?p=20276#primaryimage"},"thumbnailUrl":"https:\/\/www.altercampagne.net\/wp-content\/uploads\/2020\/01\/Guillaume-G-DSCF0981.jpg","keywords":["bretagne","Normandie","AlterTour 2021"],"articleSection":["AlterTour","Bretagne","Edition 2021","Normandie"],"inLanguage":"fr-FR"},{"@type":"WebPage","@id":"https:\/\/www.altercampagne.net\/?p=20276","url":"https:\/\/www.altercampagne.net\/?p=20276","name":"Le Rendez-vous Festif, \u00c9colo et Militant de l\u2019\u00e9t\u00e9 2021 - AlterTour","isPartOf":{"@id":"https:\/\/www.altercampagne.net\/#website"},"primaryImageOfPage":{"@id":"https:\/\/www.altercampagne.net\/?p=20276#primaryimage"},"image":{"@id":"https:\/\/www.altercampagne.net\/?p=20276#primaryimage"},"thumbnailUrl":"https:\/\/www.altercampagne.net\/wp-content\/uploads\/2020\/01\/Guillaume-G-DSCF0981.jpg","datePublished":"2021-01-07T15:10:42+00:00","dateModified":"2021-05-06T08:34:53+00:00","author":{"@id":"https:\/\/www.altercampagne.net\/#\/schema\/person\/675f636f056503d272f50fe6256bf97f"},"breadcrumb":{"@id":"https:\/\/www.altercampagne.net\/?p=20276#breadcrumb"},"inLanguage":"fr-FR","potentialAction":[{"@type":"ReadAction","target":["https:\/\/www.altercampagne.net\/?p=20276"]}]},{"@type":"ImageObject","inLanguage":"fr-FR","@id":"https:\/\/www.altercampagne.net\/?p=20276#primaryimage","url":"https:\/\/www.altercampagne.net\/wp-content\/uploads\/2020\/01\/Guillaume-G-DSCF0981.jpg","contentUrl":"https:\/\/www.altercampagne.net\/wp-content\/uploads\/2020\/01\/Guillaume-G-DSCF0981.jpg","width":900,"height":470},{"@type":"BreadcrumbList","@id":"https:\/\/www.altercampagne.net\/?p=20276#breadcrumb","itemListElement":[{"@type":"ListItem","position":1,"name":"Accueil","item":"https:\/\/www.altercampagne.net\/"},{"@type":"ListItem","position":2,"name":"Le Rendez-vous Festif, \u00c9colo et Militant de l\u2019\u00e9t\u00e9 2021"}]},{"@type":"WebSite","@id":"https:\/\/www.altercampagne.net\/#website","url":"https:\/\/www.altercampagne.net\/","name":"AlterTour","description":"Reliez les Alternatives \u00e0 v\u00e9lo","potentialAction":[{"@type":"SearchAction","target":{"@type":"EntryPoint","urlTemplate":"https:\/\/www.altercampagne.net\/?s={search_term_string}"},"query-input":{"@type":"PropertyValueSpecification","valueRequired":true,"valueName":"search_term_string"}}],"inLanguage":"fr-FR"},{"@type":"Person","@id":"https:\/\/www.altercampagne.net\/#\/schema\/person\/675f636f056503d272f50fe6256bf97f","name":"Anouchka","image":{"@type":"ImageObject","inLanguage":"fr-FR","@id":"https:\/\/secure.gravatar.com\/avatar\/ba41ba7ad7aad97b7061ba6354f89cc6cc30bcae3dd10f29ae91e6261930d48e?s=96&d=mm&r=g","url":"https:\/\/secure.gravatar.com\/avatar\/ba41ba7ad7aad97b7061ba6354f89cc6cc30bcae3dd10f29ae91e6261930d48e?s=96&d=mm&r=g","contentUrl":"https:\/\/secure.gravatar.com\/avatar\/ba41ba7ad7aad97b7061ba6354f89cc6cc30bcae3dd10f29ae91e6261930d48e?s=96&d=mm&r=g","caption":"Anouchka"},"url":"https:\/\/www.altercampagne.net\/?author=364"}]}},"_links":{"self":[{"href":"https:\/\/www.altercampagne.net\/index.php?rest_route=\/wp\/v2\/posts\/20276","targetHints":{"allow":["GET"]}}],"collection":[{"href":"https:\/\/www.altercampagne.net\/index.php?rest_route=\/wp\/v2\/posts"}],"about":[{"href":"https:\/\/www.altercampagne.net\/index.php?rest_route=\/wp\/v2\/types\/post"}],"author":[{"embeddable":true,"href":"https:\/\/www.altercampagne.net\/index.php?rest_route=\/wp\/v2\/users\/364"}],"replies":[{"embeddable":true,"href":"https:\/\/www.altercampagne.net\/index.php?rest_route=%2Fwp%2Fv2%2Fcomments&post=20276"}],"version-history":[{"count":12,"href":"https:\/\/www.altercampagne.net\/index.php?rest_route=\/wp\/v2\/posts\/20276\/revisions"}],"predecessor-version":[{"id":20336,"href":"https:\/\/www.altercampagne.net\/index.php?rest_route=\/wp\/v2\/posts\/20276\/revisions\/20336"}],"wp:featuredmedia":[{"embeddable":true,"href":"https:\/\/www.altercampagne.net\/index.php?rest_route=\/wp\/v2\/media\/16944"}],"wp:attachment":[{"href":"https:\/\/www.altercampagne.net\/index.php?rest_route=%2Fwp%2Fv2%2Fmedia&parent=20276"}],"wp:term":[{"taxonomy":"category","embeddable":true,"href":"https:\/\/www.altercampagne.net\/index.php?rest_route=%2Fwp%2Fv2%2Fcategories&post=20276"},{"taxonomy":"post_tag","embeddable":true,"href":"https:\/\/www.altercampagne.net\/index.php?rest_route=%2Fwp%2Fv2%2Ftags&post=20276"}],"curies":[{"name":"wp","href":"https:\/\/api.w.org\/{rel}","templated":true}]}}