{"id":2063,"date":"2015-01-30T12:25:39","date_gmt":"2015-01-30T11:25:39","guid":{"rendered":"http:\/\/www.altercampagne.net\/?p=2063"},"modified":"2020-02-24T17:29:09","modified_gmt":"2020-02-24T16:29:09","slug":"numero-de-fevrier-de-silence-soutenir-les-lanceurs-dalertes","status":"publish","type":"post","link":"https:\/\/www.altercampagne.net\/?p=2063","title":{"rendered":"Num\u00e9ro de Silence de f\u00e9vrier : Soutenir les lanceurs d&rsquo;alertes"},"content":{"rendered":"<p><span id=\"fbPhotoSnowliftCaption\" class=\"fbPhotosPhotoCaption\" tabindex=\"0\" data-ft=\"{&quot;tn&quot;:&quot;K&quot;}\"><span class=\"hasCaption\"><a href=\"http:\/\/www.revuesilence.net\/news\/128\/384\/Numero-431---fevrier-2015\"><img loading=\"lazy\" decoding=\"async\" class=\"aligncenter size-full wp-image-2064\" src=\"http:\/\/www.altercampagne.net\/wp-content\/uploads\/2015\/09\/1450234_1605956979635460_8483257346893848523_n.jpg\" alt=\"1450234_1605956979635460_8483257346893848523_n\" width=\"678\" height=\"960\" srcset=\"https:\/\/www.altercampagne.net\/wp-content\/uploads\/2015\/09\/1450234_1605956979635460_8483257346893848523_n.jpg 678w, https:\/\/www.altercampagne.net\/wp-content\/uploads\/2015\/09\/1450234_1605956979635460_8483257346893848523_n-212x300.jpg 212w\" sizes=\"auto, (max-width: 678px) 100vw, 678px\" \/><\/a>En remplacement de la conf\u00e9rence que devait animer Fabrice Nicolino, toujours hospitalis\u00e9 suite aux attentats contre Charlie-Hebdo, le salon Primev\u00e8re \u00e0 Lyon organise une conf\u00e9rence sur le th\u00e8me \u00ab\u00a0m\u00e9dias, lanceurs d&rsquo;alerte et libert\u00e9 d&rsquo;expression\u00a0\u00bb. Elle se tiendra le vendredi 20 f\u00e9vrier \u00e0 18h (salle jaune), avec Michel Bernard (Silence), Thierry Jaccaud (L&rsquo;Ecologiste), Jacques Mirenowicz (La revue <span class=\"text_exposed_show\">durable) et sans doute quelqu&rsquo;un du site Reporterre.<br \/>\n\u00ab\u00a0Le drame qui s\u2019est d\u00e9roul\u00e9 \u00e0 Charlie Hebdo nous a tou(te)s pouss\u00e9 \u00e0 r\u00e9fl\u00e9chir. La force des paroles et des id\u00e9es est si puissante qu\u2019elle a suscit\u00e9 des volont\u00e9s de destruction. Face \u00e0 un monde o\u00f9 la rage et la violence jaillissent du fondamentalisme islamique comme du fondamentalisme n\u00e9o-lib\u00e9ral, comment donner de la force aux voix qui s\u2019alarment du silence de la nature et de la destruction \u00e9cologique ?\u00a0\u00bb<\/span><\/span><\/span><\/p>\n<p><a href=\"http:\/\/l.facebook.com\/l.php?u=http%3A%2F%2Fwww.revuesilence.net%2F&amp;h=IAQFDE8Ib&amp;enc=AZPGHZpYVEzBM2Gi9e_OAIaO9Ch9HmVCmmBITs45XPbmeXG22yMd6UFkltKuFLzgKAnd1_BrGruGlFD1A_clJ7EdYAOCZlhVjmm6cMAzFsetLZvTiqwT3B7LwE1RkTkTZTmbIvrrAtWd9rH4fGRwucQg&amp;s=1\" target=\"_blank\" rel=\"nofollow noopener noreferrer\">http:\/\/<wbr>www.revuesilence.net\/<\/a><\/p>\n","protected":false},"excerpt":{"rendered":"<p>En remplacement de la conf\u00e9rence que devait animer Fabrice Nicolino, toujours hospitalis\u00e9 suite aux attentats contre Charlie-Hebdo, le salon Primev\u00e8re \u00e0 Lyon organise une conf\u00e9rence sur le th\u00e8me \u00ab\u00a0m\u00e9dias, lanceurs d&rsquo;alerte et libert\u00e9 d&rsquo;expression\u00a0\u00bb. Elle se tiendra le vendredi 20 f\u00e9vrier \u00e0 18h (salle jaune), avec Michel Bernard (Silence), Thierry &#8230; <\/p>\n<div><a href=\"https:\/\/www.altercampagne.net\/?p=2063\" class=\"more-link\">Read More<\/a><\/div>\n","protected":false},"author":214,"featured_media":0,"comment_status":"closed","ping_status":"closed","sticky":false,"template":"","format":"standard","meta":{"footnotes":""},"categories":[3248],"tags":[13,399,400,401,402,403,2724],"class_list":["post-2063","post","type-post","status-publish","format-standard","hentry","category-silence","tag-revue-silence","tag-lanceurs-dalertes","tag-fabrice-nicolino","tag-charlie-hebdo","tag-salon-primevere","tag-reporterre","tag-silence","no-post-thumbnail"],"yoast_head":"<!-- This site is optimized with the Yoast SEO plugin v27.3 - https:\/\/yoast.com\/product\/yoast-seo-wordpress\/ -->\n<title>Num\u00e9ro de Silence de f\u00e9vrier : Soutenir les lanceurs d&#039;alertes - AlterTour<\/title>\n<meta name=\"robots\" content=\"index, follow, max-snippet:-1, max-image-preview:large, max-video-preview:-1\" \/>\n<link rel=\"canonical\" href=\"https:\/\/www.altercampagne.net\/?p=2063\" \/>\n<meta property=\"og:locale\" content=\"fr_FR\" \/>\n<meta property=\"og:type\" content=\"article\" \/>\n<meta property=\"og:title\" content=\"Num\u00e9ro de Silence de f\u00e9vrier : Soutenir les lanceurs d&#039;alertes - AlterTour\" \/>\n<meta property=\"og:description\" content=\"En remplacement de la conf\u00e9rence que devait animer Fabrice Nicolino, toujours hospitalis\u00e9 suite aux attentats contre Charlie-Hebdo, le salon Primev\u00e8re \u00e0 Lyon organise une conf\u00e9rence sur le th\u00e8me \u00ab\u00a0m\u00e9dias, lanceurs d&rsquo;alerte et libert\u00e9 d&rsquo;expression\u00a0\u00bb. Elle se tiendra le vendredi 20 f\u00e9vrier \u00e0 18h (salle jaune), avec Michel Bernard (Silence), Thierry ... Read More\" \/>\n<meta property=\"og:url\" content=\"https:\/\/www.altercampagne.net\/?p=2063\" \/>\n<meta property=\"og:site_name\" content=\"AlterTour\" \/>\n<meta property=\"article:published_time\" content=\"2015-01-30T11:25:39+00:00\" \/>\n<meta property=\"article:modified_time\" content=\"2020-02-24T16:29:09+00:00\" \/>\n<meta property=\"og:image\" content=\"http:\/\/www.altercampagne.net\/wp-content\/uploads\/2015\/09\/1450234_1605956979635460_8483257346893848523_n.jpg\" \/>\n<meta name=\"author\" content=\"Mathieu\" \/>\n<meta name=\"twitter:card\" content=\"summary_large_image\" \/>\n<meta name=\"twitter:label1\" content=\"\u00c9crit par\" \/>\n\t<meta name=\"twitter:data1\" content=\"Mathieu\" \/>\n\t<meta name=\"twitter:label2\" content=\"Dur\u00e9e de lecture estim\u00e9e\" \/>\n\t<meta name=\"twitter:data2\" content=\"1 minute\" \/>\n<script type=\"application\/ld+json\" class=\"yoast-schema-graph\">{\"@context\":\"https:\\\/\\\/schema.org\",\"@graph\":[{\"@type\":\"Article\",\"@id\":\"https:\\\/\\\/www.altercampagne.net\\\/?p=2063#article\",\"isPartOf\":{\"@id\":\"https:\\\/\\\/www.altercampagne.net\\\/?p=2063\"},\"author\":{\"name\":\"Mathieu\",\"@id\":\"https:\\\/\\\/www.altercampagne.net\\\/#\\\/schema\\\/person\\\/0f261460c09e430caa0f9bcffa319109\"},\"headline\":\"Num\u00e9ro de Silence de f\u00e9vrier : Soutenir les lanceurs d&rsquo;alertes\",\"datePublished\":\"2015-01-30T11:25:39+00:00\",\"dateModified\":\"2020-02-24T16:29:09+00:00\",\"mainEntityOfPage\":{\"@id\":\"https:\\\/\\\/www.altercampagne.net\\\/?p=2063\"},\"wordCount\":164,\"image\":{\"@id\":\"https:\\\/\\\/www.altercampagne.net\\\/?p=2063#primaryimage\"},\"thumbnailUrl\":\"http:\\\/\\\/www.altercampagne.net\\\/wp-content\\\/uploads\\\/2015\\\/09\\\/1450234_1605956979635460_8483257346893848523_n.jpg\",\"keywords\":[\"revue Silence\",\"lanceurs d'alertes\",\"Fabrice Nicolino\",\"charlie Hebdo\",\"salon primev\u00e8re\",\"reporterre\",\"silence\"],\"articleSection\":[\"Silence\"],\"inLanguage\":\"fr-FR\"},{\"@type\":\"WebPage\",\"@id\":\"https:\\\/\\\/www.altercampagne.net\\\/?p=2063\",\"url\":\"https:\\\/\\\/www.altercampagne.net\\\/?p=2063\",\"name\":\"Num\u00e9ro de Silence de f\u00e9vrier : Soutenir les lanceurs d'alertes - AlterTour\",\"isPartOf\":{\"@id\":\"https:\\\/\\\/www.altercampagne.net\\\/#website\"},\"primaryImageOfPage\":{\"@id\":\"https:\\\/\\\/www.altercampagne.net\\\/?p=2063#primaryimage\"},\"image\":{\"@id\":\"https:\\\/\\\/www.altercampagne.net\\\/?p=2063#primaryimage\"},\"thumbnailUrl\":\"http:\\\/\\\/www.altercampagne.net\\\/wp-content\\\/uploads\\\/2015\\\/09\\\/1450234_1605956979635460_8483257346893848523_n.jpg\",\"datePublished\":\"2015-01-30T11:25:39+00:00\",\"dateModified\":\"2020-02-24T16:29:09+00:00\",\"author\":{\"@id\":\"https:\\\/\\\/www.altercampagne.net\\\/#\\\/schema\\\/person\\\/0f261460c09e430caa0f9bcffa319109\"},\"breadcrumb\":{\"@id\":\"https:\\\/\\\/www.altercampagne.net\\\/?p=2063#breadcrumb\"},\"inLanguage\":\"fr-FR\",\"potentialAction\":[{\"@type\":\"ReadAction\",\"target\":[\"https:\\\/\\\/www.altercampagne.net\\\/?p=2063\"]}]},{\"@type\":\"ImageObject\",\"inLanguage\":\"fr-FR\",\"@id\":\"https:\\\/\\\/www.altercampagne.net\\\/?p=2063#primaryimage\",\"url\":\"https:\\\/\\\/www.altercampagne.net\\\/wp-content\\\/uploads\\\/2015\\\/09\\\/1450234_1605956979635460_8483257346893848523_n.jpg\",\"contentUrl\":\"https:\\\/\\\/www.altercampagne.net\\\/wp-content\\\/uploads\\\/2015\\\/09\\\/1450234_1605956979635460_8483257346893848523_n.jpg\",\"width\":678,\"height\":960},{\"@type\":\"BreadcrumbList\",\"@id\":\"https:\\\/\\\/www.altercampagne.net\\\/?p=2063#breadcrumb\",\"itemListElement\":[{\"@type\":\"ListItem\",\"position\":1,\"name\":\"Accueil\",\"item\":\"https:\\\/\\\/www.altercampagne.net\\\/\"},{\"@type\":\"ListItem\",\"position\":2,\"name\":\"Num\u00e9ro de Silence de f\u00e9vrier : Soutenir les lanceurs d&rsquo;alertes\"}]},{\"@type\":\"WebSite\",\"@id\":\"https:\\\/\\\/www.altercampagne.net\\\/#website\",\"url\":\"https:\\\/\\\/www.altercampagne.net\\\/\",\"name\":\"AlterTour\",\"description\":\"Reliez les Alternatives \u00e0 v\u00e9lo\",\"potentialAction\":[{\"@type\":\"SearchAction\",\"target\":{\"@type\":\"EntryPoint\",\"urlTemplate\":\"https:\\\/\\\/www.altercampagne.net\\\/?s={search_term_string}\"},\"query-input\":{\"@type\":\"PropertyValueSpecification\",\"valueRequired\":true,\"valueName\":\"search_term_string\"}}],\"inLanguage\":\"fr-FR\"},{\"@type\":\"Person\",\"@id\":\"https:\\\/\\\/www.altercampagne.net\\\/#\\\/schema\\\/person\\\/0f261460c09e430caa0f9bcffa319109\",\"name\":\"Mathieu\",\"image\":{\"@type\":\"ImageObject\",\"inLanguage\":\"fr-FR\",\"@id\":\"https:\\\/\\\/secure.gravatar.com\\\/avatar\\\/aa9d3d24c83f2141e5e2709d0f63d09a99f6be6bb7a50abc4915838d9f54501a?s=96&d=mm&r=g\",\"url\":\"https:\\\/\\\/secure.gravatar.com\\\/avatar\\\/aa9d3d24c83f2141e5e2709d0f63d09a99f6be6bb7a50abc4915838d9f54501a?s=96&d=mm&r=g\",\"contentUrl\":\"https:\\\/\\\/secure.gravatar.com\\\/avatar\\\/aa9d3d24c83f2141e5e2709d0f63d09a99f6be6bb7a50abc4915838d9f54501a?s=96&d=mm&r=g\",\"caption\":\"Mathieu\"},\"url\":\"https:\\\/\\\/www.altercampagne.net\\\/?author=214\"}]}<\/script>\n<!-- \/ Yoast SEO plugin. -->","yoast_head_json":{"title":"Num\u00e9ro de Silence de f\u00e9vrier : Soutenir les lanceurs d'alertes - AlterTour","robots":{"index":"index","follow":"follow","max-snippet":"max-snippet:-1","max-image-preview":"max-image-preview:large","max-video-preview":"max-video-preview:-1"},"canonical":"https:\/\/www.altercampagne.net\/?p=2063","og_locale":"fr_FR","og_type":"article","og_title":"Num\u00e9ro de Silence de f\u00e9vrier : Soutenir les lanceurs d'alertes - AlterTour","og_description":"En remplacement de la conf\u00e9rence que devait animer Fabrice Nicolino, toujours hospitalis\u00e9 suite aux attentats contre Charlie-Hebdo, le salon Primev\u00e8re \u00e0 Lyon organise une conf\u00e9rence sur le th\u00e8me \u00ab\u00a0m\u00e9dias, lanceurs d&rsquo;alerte et libert\u00e9 d&rsquo;expression\u00a0\u00bb. Elle se tiendra le vendredi 20 f\u00e9vrier \u00e0 18h (salle jaune), avec Michel Bernard (Silence), Thierry ... Read More","og_url":"https:\/\/www.altercampagne.net\/?p=2063","og_site_name":"AlterTour","article_published_time":"2015-01-30T11:25:39+00:00","article_modified_time":"2020-02-24T16:29:09+00:00","og_image":[{"url":"http:\/\/www.altercampagne.net\/wp-content\/uploads\/2015\/09\/1450234_1605956979635460_8483257346893848523_n.jpg","type":"","width":"","height":""}],"author":"Mathieu","twitter_card":"summary_large_image","twitter_misc":{"\u00c9crit par":"Mathieu","Dur\u00e9e de lecture estim\u00e9e":"1 minute"},"schema":{"@context":"https:\/\/schema.org","@graph":[{"@type":"Article","@id":"https:\/\/www.altercampagne.net\/?p=2063#article","isPartOf":{"@id":"https:\/\/www.altercampagne.net\/?p=2063"},"author":{"name":"Mathieu","@id":"https:\/\/www.altercampagne.net\/#\/schema\/person\/0f261460c09e430caa0f9bcffa319109"},"headline":"Num\u00e9ro de Silence de f\u00e9vrier : Soutenir les lanceurs d&rsquo;alertes","datePublished":"2015-01-30T11:25:39+00:00","dateModified":"2020-02-24T16:29:09+00:00","mainEntityOfPage":{"@id":"https:\/\/www.altercampagne.net\/?p=2063"},"wordCount":164,"image":{"@id":"https:\/\/www.altercampagne.net\/?p=2063#primaryimage"},"thumbnailUrl":"http:\/\/www.altercampagne.net\/wp-content\/uploads\/2015\/09\/1450234_1605956979635460_8483257346893848523_n.jpg","keywords":["revue Silence","lanceurs d'alertes","Fabrice Nicolino","charlie Hebdo","salon primev\u00e8re","reporterre","silence"],"articleSection":["Silence"],"inLanguage":"fr-FR"},{"@type":"WebPage","@id":"https:\/\/www.altercampagne.net\/?p=2063","url":"https:\/\/www.altercampagne.net\/?p=2063","name":"Num\u00e9ro de Silence de f\u00e9vrier : Soutenir les lanceurs d'alertes - AlterTour","isPartOf":{"@id":"https:\/\/www.altercampagne.net\/#website"},"primaryImageOfPage":{"@id":"https:\/\/www.altercampagne.net\/?p=2063#primaryimage"},"image":{"@id":"https:\/\/www.altercampagne.net\/?p=2063#primaryimage"},"thumbnailUrl":"http:\/\/www.altercampagne.net\/wp-content\/uploads\/2015\/09\/1450234_1605956979635460_8483257346893848523_n.jpg","datePublished":"2015-01-30T11:25:39+00:00","dateModified":"2020-02-24T16:29:09+00:00","author":{"@id":"https:\/\/www.altercampagne.net\/#\/schema\/person\/0f261460c09e430caa0f9bcffa319109"},"breadcrumb":{"@id":"https:\/\/www.altercampagne.net\/?p=2063#breadcrumb"},"inLanguage":"fr-FR","potentialAction":[{"@type":"ReadAction","target":["https:\/\/www.altercampagne.net\/?p=2063"]}]},{"@type":"ImageObject","inLanguage":"fr-FR","@id":"https:\/\/www.altercampagne.net\/?p=2063#primaryimage","url":"https:\/\/www.altercampagne.net\/wp-content\/uploads\/2015\/09\/1450234_1605956979635460_8483257346893848523_n.jpg","contentUrl":"https:\/\/www.altercampagne.net\/wp-content\/uploads\/2015\/09\/1450234_1605956979635460_8483257346893848523_n.jpg","width":678,"height":960},{"@type":"BreadcrumbList","@id":"https:\/\/www.altercampagne.net\/?p=2063#breadcrumb","itemListElement":[{"@type":"ListItem","position":1,"name":"Accueil","item":"https:\/\/www.altercampagne.net\/"},{"@type":"ListItem","position":2,"name":"Num\u00e9ro de Silence de f\u00e9vrier : Soutenir les lanceurs d&rsquo;alertes"}]},{"@type":"WebSite","@id":"https:\/\/www.altercampagne.net\/#website","url":"https:\/\/www.altercampagne.net\/","name":"AlterTour","description":"Reliez les Alternatives \u00e0 v\u00e9lo","potentialAction":[{"@type":"SearchAction","target":{"@type":"EntryPoint","urlTemplate":"https:\/\/www.altercampagne.net\/?s={search_term_string}"},"query-input":{"@type":"PropertyValueSpecification","valueRequired":true,"valueName":"search_term_string"}}],"inLanguage":"fr-FR"},{"@type":"Person","@id":"https:\/\/www.altercampagne.net\/#\/schema\/person\/0f261460c09e430caa0f9bcffa319109","name":"Mathieu","image":{"@type":"ImageObject","inLanguage":"fr-FR","@id":"https:\/\/secure.gravatar.com\/avatar\/aa9d3d24c83f2141e5e2709d0f63d09a99f6be6bb7a50abc4915838d9f54501a?s=96&d=mm&r=g","url":"https:\/\/secure.gravatar.com\/avatar\/aa9d3d24c83f2141e5e2709d0f63d09a99f6be6bb7a50abc4915838d9f54501a?s=96&d=mm&r=g","contentUrl":"https:\/\/secure.gravatar.com\/avatar\/aa9d3d24c83f2141e5e2709d0f63d09a99f6be6bb7a50abc4915838d9f54501a?s=96&d=mm&r=g","caption":"Mathieu"},"url":"https:\/\/www.altercampagne.net\/?author=214"}]}},"_links":{"self":[{"href":"https:\/\/www.altercampagne.net\/index.php?rest_route=\/wp\/v2\/posts\/2063","targetHints":{"allow":["GET"]}}],"collection":[{"href":"https:\/\/www.altercampagne.net\/index.php?rest_route=\/wp\/v2\/posts"}],"about":[{"href":"https:\/\/www.altercampagne.net\/index.php?rest_route=\/wp\/v2\/types\/post"}],"author":[{"embeddable":true,"href":"https:\/\/www.altercampagne.net\/index.php?rest_route=\/wp\/v2\/users\/214"}],"replies":[{"embeddable":true,"href":"https:\/\/www.altercampagne.net\/index.php?rest_route=%2Fwp%2Fv2%2Fcomments&post=2063"}],"version-history":[{"count":1,"href":"https:\/\/www.altercampagne.net\/index.php?rest_route=\/wp\/v2\/posts\/2063\/revisions"}],"predecessor-version":[{"id":17460,"href":"https:\/\/www.altercampagne.net\/index.php?rest_route=\/wp\/v2\/posts\/2063\/revisions\/17460"}],"wp:attachment":[{"href":"https:\/\/www.altercampagne.net\/index.php?rest_route=%2Fwp%2Fv2%2Fmedia&parent=2063"}],"wp:term":[{"taxonomy":"category","embeddable":true,"href":"https:\/\/www.altercampagne.net\/index.php?rest_route=%2Fwp%2Fv2%2Fcategories&post=2063"},{"taxonomy":"post_tag","embeddable":true,"href":"https:\/\/www.altercampagne.net\/index.php?rest_route=%2Fwp%2Fv2%2Ftags&post=2063"}],"curies":[{"name":"wp","href":"https:\/\/api.w.org\/{rel}","templated":true}]}}