{"id":20646,"date":"2021-02-11T17:26:38","date_gmt":"2021-02-11T16:26:38","guid":{"rendered":"https:\/\/www.altercampagne.net\/?p=20646"},"modified":"2021-05-06T10:34:53","modified_gmt":"2021-05-06T08:34:53","slug":"du-changement-pour-laltertour-2021","status":"publish","type":"post","link":"https:\/\/www.altercampagne.net\/?p=20646","title":{"rendered":"Du changement pour l\u2019AlterTour 2021 !"},"content":{"rendered":"\n<p><em>Fin janvier a eu lieu un nouveau week-end de pr\u00e9paration ! Tandis que les \u00e9tapes se dessinent, la communaut\u00e9 de l\u2019AlterTour s\u2019est pench\u00e9e sur le th\u00e8me de cette ann\u00e9e, \u201c\u00e0 la recherche de l\u2019essentiel\u201d, et a adopt\u00e9 des mesures concr\u00e8tes pour rendre l\u2019AlterTour plus \u00e9galitaire, plus transparent et plus f\u00e9ministe ! L&rsquo;organisation pr\u00e9pare \u00e9galement une belle surprise&#8230;<strong> Retrouve des informations in\u00e9dites dans cet article !<\/strong><\/em><\/p>\n\n\n\n<p>C\u2019est avec regret mais sans surprise que le <strong>4\u00e8me week-end de pr\u00e9paration<\/strong> a \u00e9t\u00e9 accueilli, les 23 et 24 Janvier, par une plateforme en ligne qui manque de chaleur humaine mais offre un tas d\u2019outils tr\u00e8s pratiques !&nbsp;<\/p>\n\n\n\n<p>Une fois de plus, l\u2019\u00e9quipe d\u2019organisation a concoct\u00e9 un programme aux petits oignons, et chacun.e derri\u00e8re son \u00e9cran, on s\u2019est pr\u00e9par\u00e9 une tasse de notre caf\u00e9 ou th\u00e9 pr\u00e9f\u00e9r\u00e9 pour commencer la journ\u00e9e r\u00e9veill\u00e9.e.s !&nbsp;<\/p>\n\n\n\n<h4 class=\"wp-block-heading\"><em>Des fromages pour se pr\u00e9senter<\/em><\/h4>\n\n\n\n<p>En guise de <strong>brise-glace<\/strong>, nous d\u00e9clamons o\u00f9 nous nous trouvons, ce que nous aimons de cet endroit (beaucoup de noms de fromages furent cit\u00e9s), et charge \u00e0 Steevy de nous repr\u00e9senter par une \u00e9pingle sur une carte (virtuelles, cela va sans dire). Mais comment \u00e7a s\u2019\u00e9crit, le nom de ce petit bled en Normandie ? Et Unetelle qui vient du Finist\u00e8re mais squatte chez des ami.e.s, on doit la placer o\u00f9 ? La t\u00e2che s\u2019av\u00e8re plus ardue que de faire la vaisselle de 60 personnes en 30 minutes !&nbsp;<\/p>\n\n\n\n<h4 class=\"wp-block-heading\"><em>Le th\u00e8me de l\u2019AtlerTour<\/em>, <em>agitateur d&rsquo;esprits ! <\/em><\/h4>\n\n\n\n<p>Apr\u00e8s cette bonne tranche de <s>fromage<\/s> rigolade, place aux choses s\u00e9rieuses ! On se penche sur la question du <strong>th\u00e8me du prochain AlterTour : \u00c0 la recherche de l\u2019essentiel<\/strong>. Qu\u2019est-ce que \u00e7a nous \u00e9voque ? Cet essentiel est-il individuel ou collectif ? Mat\u00e9riel ou \u00e9motionnel ? Est-ce qu\u2019on le cherche ou bien est-ce qu\u2019on y retourne ? La discussion m\u00eale <strong>questions d\u2019actualit\u00e9, consid\u00e9rations philosophiques et sociales, et recommandations de lectures.&nbsp;<\/strong><\/p>\n\n\n\n<p>Bon d\u2019accord, mais comment met-on tout \u00e7a en pratique ? Le th\u00e8me sera tel les trous de l\u2019Emmental : dans les interstices, mais omnipr\u00e9sent ! Il se traduira par <strong>des moments d\u2019introspection, des cercles de paroles, des actions militantes, des endroits virtuels et r\u00e9els qui lui sont d\u00e9di\u00e9s<\/strong>\u2026 Les id\u00e9es ne manquent pas pour faire vivre notre th\u00e8me 2021 et l\u2019infuser dans toutes les t\u00eates, pendant que les jambes p\u00e9dalent !&nbsp;<\/p>\n\n\n\n<figure class=\"wp-block-image size-large\"><a href=\"https:\/\/www.altercampagne.net\/wp-content\/uploads\/2021\/02\/depositphotos_63299753-stock-photo-one-euro-coin-and-gold.jpg\"><img loading=\"lazy\" decoding=\"async\" width=\"600\" height=\"400\" src=\"https:\/\/www.altercampagne.net\/wp-content\/uploads\/2021\/02\/depositphotos_63299753-stock-photo-one-euro-coin-and-gold.jpg\" alt=\"\" class=\"wp-image-20708\" srcset=\"https:\/\/www.altercampagne.net\/wp-content\/uploads\/2021\/02\/depositphotos_63299753-stock-photo-one-euro-coin-and-gold.jpg 600w, https:\/\/www.altercampagne.net\/wp-content\/uploads\/2021\/02\/depositphotos_63299753-stock-photo-one-euro-coin-and-gold-300x200.jpg 300w, https:\/\/www.altercampagne.net\/wp-content\/uploads\/2021\/02\/depositphotos_63299753-stock-photo-one-euro-coin-and-gold-100x67.jpg 100w\" sizes=\"auto, (max-width: 600px) 100vw, 600px\" \/><\/a><\/figure>\n\n\n\n<h4 class=\"wp-block-heading\"><em>Parlons flouze.<\/em><\/h4>\n\n\n\n<p>On \u00e9coute le groupe de travail sur <strong>les prestations payantes <\/strong>de l\u2019AlterTour, qui nous pr\u00e9sente de remarquables diapositives hautes en couleur (voir image ci-dessus !). On y apprend comment l\u2019AlterTour g\u00e8re la question des p\u00e9pettes avec diff\u00e9rents partenaires : les accueillant.e.s, les photographes, les artistes\u2026 Instructif ! Deux propositions de changement sont soumises, pour <strong>une gestion plus juste, plus \u00e9galitaire, qui permet aussi de mieux r\u00e9partir les t\u00e2ches et de valoriser le travail accompli tout au long de l\u2019ann\u00e9e !<\/strong> Youpi !<\/p>\n\n\n\n<figure class=\"wp-block-image size-large\"><a href=\"https:\/\/www.altercampagne.net\/wp-content\/uploads\/2021\/02\/DSCF0353.jpg\"><img loading=\"lazy\" decoding=\"async\" width=\"800\" height=\"533\" src=\"https:\/\/www.altercampagne.net\/wp-content\/uploads\/2021\/02\/DSCF0353.jpg\" alt=\"\" class=\"wp-image-20712\" srcset=\"https:\/\/www.altercampagne.net\/wp-content\/uploads\/2021\/02\/DSCF0353.jpg 800w, https:\/\/www.altercampagne.net\/wp-content\/uploads\/2021\/02\/DSCF0353-300x200.jpg 300w, https:\/\/www.altercampagne.net\/wp-content\/uploads\/2021\/02\/DSCF0353-768x512.jpg 768w, https:\/\/www.altercampagne.net\/wp-content\/uploads\/2021\/02\/DSCF0353-610x406.jpg 610w, https:\/\/www.altercampagne.net\/wp-content\/uploads\/2021\/02\/DSCF0353-100x67.jpg 100w\" sizes=\"auto, (max-width: 800px) 100vw, 800px\" \/><\/a><\/figure>\n\n\n\n<h4 class=\"wp-block-heading\"><em>Souris, c\u2019est la mixit\u00e9 choisie !<\/em><\/h4>\n\n\n\n<p>Certain.e.s en sont encore au fromage (d\u00e9cid\u00e9ment !) et au verre de vin qui va avec. Voil\u00e0 qui devrait fluidifier les \u00e9changes sur le th\u00e8me \u00e0 venir: <strong>le f\u00e9minisme<\/strong> \u00e0 l\u2019AlterTour ! Le groupe de travail cr\u00e9\u00e9 en novembre rappelle pourquoi le sujet est essentiel : si on ne fait pas l\u2019effort de d\u00e9construire nos automatismes sexistes, on reproduit des sch\u00e9mas qu\u2019on voudrait \u00e9viter ! Dans les faits aussi, le besoin est pr\u00e9sent : alors que la gestion des repas sur l\u2019AlterTour est un chef-d&rsquo;\u0153uvre de logistique pointue, rien n\u2019a encore \u00e9t\u00e9 pr\u00e9vu pour les r\u00e8gles, par exemple\u2026 Il y a pourtant 63% de femmes \u00e0 l\u2019AlterTour ! <strong>10 propositions concr\u00e8tes <\/strong>sont pr\u00e9sent\u00e9es, discut\u00e9es, adopt\u00e9es, et l\u2019id\u00e9e d\u2019une Echapp\u00e9e Belle sur le th\u00e8me du f\u00e9minisme, (donc un petit parcours annexe qui rassemble une vingtaine de cyclistes) est valid\u00e9e. Re-Youpi !<\/p>\n\n\n\n<h4 class=\"wp-block-heading\"><em>Les \u00e9tapes du tour se pr\u00e9parent !<\/em><\/h4>\n\n\n\n<p>De nombreuses alternatives ont d\u00e9j\u00e0 confirm\u00e9 qu\u2019elles \u00e9taient pr\u00eates \u00e0 nous accueillir l\u2019\u00e9t\u00e9 prochain ! On va raisonner et r\u00e9sonner sur les <strong>protections menstruelles<\/strong> avec <strong><a href=\"https:\/\/dansmaculotte.com\/fr\" target=\"_blank\" rel=\"noreferrer noopener\">Dans ma culotte<\/a><\/strong>, la <strong>p\u00eache durable<\/strong> avec un chef \u00e9toil\u00e9, <a href=\"https:\/\/ecolealternativedesmontsdarree.wordpress.com\/\" target=\"_blank\" rel=\"noreferrer noopener\"><strong>l\u2019\u00e9ducation alternative aux Monts d\u2019Arr\u00e9e<\/strong><\/a>\u2026 L\u2019essentiel, quoi ! Les pr\u00e9paratrices et pr\u00e9parateurs d\u2019\u00e9tapes nous mijotent un beau programme, ainsi qu\u2019une <strong>grande f\u00eate<\/strong> au d\u00e9but du mois d\u2019Ao\u00fbt, lorsque le parcours classique et le parcours bis se rejoindront\u2026 Mais quoi, mais qu\u2019est-ce ?!<\/p>\n\n\n\n<h4 class=\"wp-block-heading\"><em>Un AlterTour bis, la 2e quinzaine de juillet<\/em><\/h4>\n\n\n\n<p><strong>Le d\u00e9doublement de l\u2019AlterTour<\/strong>, un des grands chamboulements de l\u2019\u00e9dition \u00e0 venir ! Ce parcours de deux semaines sans v\u00e9hicule se concentrera sur des chantiers participatifs. Le but ? R\u00e9duire les frustrations li\u00e9es au manque de places sur le parcours principal, et passer plus de temps \u00e0 aider les accueillant.e.s !&nbsp;<\/p>\n\n\n\n<p>Moralit\u00e9, on a de quoi se vanter : <strong>des d\u00e9bats fluides, des d\u00e9cisions prises, une foule (sentimentale)&nbsp; d\u2019id\u00e9es<\/strong> ! Oh, comme il nous tarde de vraiment nous retrouver !&nbsp;<\/p>\n\n\n\n<h4 class=\"wp-block-heading\"><em>Le week-end de pr\u00e9paration, un Ha\u00efku :<\/em><\/h4>\n\n\n\n<p>Sur le froid \u00e9cran<\/p>\n\n\n\n<p>Chaleur des d\u00e9bats souriants,<\/p>\n\n\n\n<p>Fourmille d\u2019id\u00e9es.<\/p>\n","protected":false},"excerpt":{"rendered":"<p>Fin janvier a eu lieu un nouveau week-end de pr\u00e9paration ! Tandis que les \u00e9tapes se dessinent, la communaut\u00e9 de l\u2019AlterTour s\u2019est pench\u00e9e sur le th\u00e8me de cette ann\u00e9e, \u201c\u00e0 la recherche de l\u2019essentiel\u201d, et a adopt\u00e9 des mesures concr\u00e8tes pour rendre l\u2019AlterTour plus \u00e9galitaire, plus transparent et plus f\u00e9ministe &#8230; <\/p>\n<div><a href=\"https:\/\/www.altercampagne.net\/?p=20646\" class=\"more-link\">Read More<\/a><\/div>\n","protected":false},"author":353,"featured_media":20706,"comment_status":"closed","ping_status":"closed","sticky":false,"template":"","format":"standard","meta":{"footnotes":""},"categories":[4313,4198,3539],"tags":[2696,2782,2828,3840,3969,4228,4281],"class_list":["post-20646","post","type-post","status-publish","format-standard","has-post-thumbnail","hentry","category-altertour","category-edition-2021","category-we-de-preparation","tag-organisation","tag-echappees-belles","tag-theme","tag-preparateur-detape","tag-orga","tag-zoom","tag-week-end-de-preparation"],"yoast_head":"<!-- This site is optimized with the Yoast SEO plugin v27.3 - https:\/\/yoast.com\/product\/yoast-seo-wordpress\/ -->\n<title>Du changement pour l\u2019AlterTour 2021 ! - AlterTour<\/title>\n<meta name=\"robots\" content=\"index, follow, max-snippet:-1, max-image-preview:large, max-video-preview:-1\" \/>\n<link rel=\"canonical\" href=\"https:\/\/www.altercampagne.net\/?p=20646\" \/>\n<meta property=\"og:locale\" content=\"fr_FR\" \/>\n<meta property=\"og:type\" content=\"article\" \/>\n<meta property=\"og:title\" content=\"Du changement pour l\u2019AlterTour 2021 ! - AlterTour\" \/>\n<meta property=\"og:description\" content=\"Fin janvier a eu lieu un nouveau week-end de pr\u00e9paration ! Tandis que les \u00e9tapes se dessinent, la communaut\u00e9 de l\u2019AlterTour s\u2019est pench\u00e9e sur le th\u00e8me de cette ann\u00e9e, \u201c\u00e0 la recherche de l\u2019essentiel\u201d, et a adopt\u00e9 des mesures concr\u00e8tes pour rendre l\u2019AlterTour plus \u00e9galitaire, plus transparent et plus f\u00e9ministe ... Read More\" \/>\n<meta property=\"og:url\" content=\"https:\/\/www.altercampagne.net\/?p=20646\" \/>\n<meta property=\"og:site_name\" content=\"AlterTour\" \/>\n<meta property=\"article:published_time\" content=\"2021-02-11T16:26:38+00:00\" \/>\n<meta property=\"article:modified_time\" content=\"2021-05-06T08:34:53+00:00\" \/>\n<meta property=\"og:image\" content=\"https:\/\/www.altercampagne.net\/wp-content\/uploads\/2021\/02\/depositphotos_9149390-stock-photo-french-cheese-at-provence-market.jpg\" \/>\n\t<meta property=\"og:image:width\" content=\"600\" \/>\n\t<meta property=\"og:image:height\" content=\"315\" \/>\n\t<meta property=\"og:image:type\" content=\"image\/jpeg\" \/>\n<meta name=\"author\" content=\"Carlotta\" \/>\n<meta name=\"twitter:card\" content=\"summary_large_image\" \/>\n<meta name=\"twitter:label1\" content=\"\u00c9crit par\" \/>\n\t<meta name=\"twitter:data1\" content=\"Carlotta\" \/>\n\t<meta name=\"twitter:label2\" content=\"Dur\u00e9e de lecture estim\u00e9e\" \/>\n\t<meta name=\"twitter:data2\" content=\"4 minutes\" \/>\n<script type=\"application\/ld+json\" class=\"yoast-schema-graph\">{\"@context\":\"https:\\\/\\\/schema.org\",\"@graph\":[{\"@type\":\"Article\",\"@id\":\"https:\\\/\\\/www.altercampagne.net\\\/?p=20646#article\",\"isPartOf\":{\"@id\":\"https:\\\/\\\/www.altercampagne.net\\\/?p=20646\"},\"author\":{\"name\":\"Carlotta\",\"@id\":\"https:\\\/\\\/www.altercampagne.net\\\/#\\\/schema\\\/person\\\/0310e7930636785dabf8b7cab925c7eb\"},\"headline\":\"Du changement pour l\u2019AlterTour 2021 !\",\"datePublished\":\"2021-02-11T16:26:38+00:00\",\"dateModified\":\"2021-05-06T08:34:53+00:00\",\"mainEntityOfPage\":{\"@id\":\"https:\\\/\\\/www.altercampagne.net\\\/?p=20646\"},\"wordCount\":900,\"image\":{\"@id\":\"https:\\\/\\\/www.altercampagne.net\\\/?p=20646#primaryimage\"},\"thumbnailUrl\":\"https:\\\/\\\/www.altercampagne.net\\\/wp-content\\\/uploads\\\/2021\\\/02\\\/depositphotos_9149390-stock-photo-french-cheese-at-provence-market.jpg\",\"keywords\":[\"organisation\",\"\u00c9chapp\u00e9es Belles\",\"th\u00e8me\",\"pr\u00e9parateur d'\u00e9tape\",\"orga\",\"zoom\",\"Week-end de pr\u00e9paration\"],\"articleSection\":[\"AlterTour\",\"Edition 2021\",\"WE de pr\u00e9paration\"],\"inLanguage\":\"fr-FR\"},{\"@type\":\"WebPage\",\"@id\":\"https:\\\/\\\/www.altercampagne.net\\\/?p=20646\",\"url\":\"https:\\\/\\\/www.altercampagne.net\\\/?p=20646\",\"name\":\"Du changement pour l\u2019AlterTour 2021 ! - AlterTour\",\"isPartOf\":{\"@id\":\"https:\\\/\\\/www.altercampagne.net\\\/#website\"},\"primaryImageOfPage\":{\"@id\":\"https:\\\/\\\/www.altercampagne.net\\\/?p=20646#primaryimage\"},\"image\":{\"@id\":\"https:\\\/\\\/www.altercampagne.net\\\/?p=20646#primaryimage\"},\"thumbnailUrl\":\"https:\\\/\\\/www.altercampagne.net\\\/wp-content\\\/uploads\\\/2021\\\/02\\\/depositphotos_9149390-stock-photo-french-cheese-at-provence-market.jpg\",\"datePublished\":\"2021-02-11T16:26:38+00:00\",\"dateModified\":\"2021-05-06T08:34:53+00:00\",\"author\":{\"@id\":\"https:\\\/\\\/www.altercampagne.net\\\/#\\\/schema\\\/person\\\/0310e7930636785dabf8b7cab925c7eb\"},\"breadcrumb\":{\"@id\":\"https:\\\/\\\/www.altercampagne.net\\\/?p=20646#breadcrumb\"},\"inLanguage\":\"fr-FR\",\"potentialAction\":[{\"@type\":\"ReadAction\",\"target\":[\"https:\\\/\\\/www.altercampagne.net\\\/?p=20646\"]}]},{\"@type\":\"ImageObject\",\"inLanguage\":\"fr-FR\",\"@id\":\"https:\\\/\\\/www.altercampagne.net\\\/?p=20646#primaryimage\",\"url\":\"https:\\\/\\\/www.altercampagne.net\\\/wp-content\\\/uploads\\\/2021\\\/02\\\/depositphotos_9149390-stock-photo-french-cheese-at-provence-market.jpg\",\"contentUrl\":\"https:\\\/\\\/www.altercampagne.net\\\/wp-content\\\/uploads\\\/2021\\\/02\\\/depositphotos_9149390-stock-photo-french-cheese-at-provence-market.jpg\",\"width\":600,\"height\":315},{\"@type\":\"BreadcrumbList\",\"@id\":\"https:\\\/\\\/www.altercampagne.net\\\/?p=20646#breadcrumb\",\"itemListElement\":[{\"@type\":\"ListItem\",\"position\":1,\"name\":\"Accueil\",\"item\":\"https:\\\/\\\/www.altercampagne.net\\\/\"},{\"@type\":\"ListItem\",\"position\":2,\"name\":\"Du changement pour l\u2019AlterTour 2021 !\"}]},{\"@type\":\"WebSite\",\"@id\":\"https:\\\/\\\/www.altercampagne.net\\\/#website\",\"url\":\"https:\\\/\\\/www.altercampagne.net\\\/\",\"name\":\"AlterTour\",\"description\":\"Reliez les Alternatives \u00e0 v\u00e9lo\",\"potentialAction\":[{\"@type\":\"SearchAction\",\"target\":{\"@type\":\"EntryPoint\",\"urlTemplate\":\"https:\\\/\\\/www.altercampagne.net\\\/?s={search_term_string}\"},\"query-input\":{\"@type\":\"PropertyValueSpecification\",\"valueRequired\":true,\"valueName\":\"search_term_string\"}}],\"inLanguage\":\"fr-FR\"},{\"@type\":\"Person\",\"@id\":\"https:\\\/\\\/www.altercampagne.net\\\/#\\\/schema\\\/person\\\/0310e7930636785dabf8b7cab925c7eb\",\"name\":\"Carlotta\",\"image\":{\"@type\":\"ImageObject\",\"inLanguage\":\"fr-FR\",\"@id\":\"https:\\\/\\\/secure.gravatar.com\\\/avatar\\\/cc861900b0b9ebc1644628dd5f6a1e2c62c8981e43f2d98c9e810ead5846c34c?s=96&d=mm&r=g\",\"url\":\"https:\\\/\\\/secure.gravatar.com\\\/avatar\\\/cc861900b0b9ebc1644628dd5f6a1e2c62c8981e43f2d98c9e810ead5846c34c?s=96&d=mm&r=g\",\"contentUrl\":\"https:\\\/\\\/secure.gravatar.com\\\/avatar\\\/cc861900b0b9ebc1644628dd5f6a1e2c62c8981e43f2d98c9e810ead5846c34c?s=96&d=mm&r=g\",\"caption\":\"Carlotta\"},\"url\":\"https:\\\/\\\/www.altercampagne.net\\\/?author=353\"}]}<\/script>\n<!-- \/ Yoast SEO plugin. -->","yoast_head_json":{"title":"Du changement pour l\u2019AlterTour 2021 ! - AlterTour","robots":{"index":"index","follow":"follow","max-snippet":"max-snippet:-1","max-image-preview":"max-image-preview:large","max-video-preview":"max-video-preview:-1"},"canonical":"https:\/\/www.altercampagne.net\/?p=20646","og_locale":"fr_FR","og_type":"article","og_title":"Du changement pour l\u2019AlterTour 2021 ! - AlterTour","og_description":"Fin janvier a eu lieu un nouveau week-end de pr\u00e9paration ! Tandis que les \u00e9tapes se dessinent, la communaut\u00e9 de l\u2019AlterTour s\u2019est pench\u00e9e sur le th\u00e8me de cette ann\u00e9e, \u201c\u00e0 la recherche de l\u2019essentiel\u201d, et a adopt\u00e9 des mesures concr\u00e8tes pour rendre l\u2019AlterTour plus \u00e9galitaire, plus transparent et plus f\u00e9ministe ... Read More","og_url":"https:\/\/www.altercampagne.net\/?p=20646","og_site_name":"AlterTour","article_published_time":"2021-02-11T16:26:38+00:00","article_modified_time":"2021-05-06T08:34:53+00:00","og_image":[{"width":600,"height":315,"url":"https:\/\/www.altercampagne.net\/wp-content\/uploads\/2021\/02\/depositphotos_9149390-stock-photo-french-cheese-at-provence-market.jpg","type":"image\/jpeg"}],"author":"Carlotta","twitter_card":"summary_large_image","twitter_misc":{"\u00c9crit par":"Carlotta","Dur\u00e9e de lecture estim\u00e9e":"4 minutes"},"schema":{"@context":"https:\/\/schema.org","@graph":[{"@type":"Article","@id":"https:\/\/www.altercampagne.net\/?p=20646#article","isPartOf":{"@id":"https:\/\/www.altercampagne.net\/?p=20646"},"author":{"name":"Carlotta","@id":"https:\/\/www.altercampagne.net\/#\/schema\/person\/0310e7930636785dabf8b7cab925c7eb"},"headline":"Du changement pour l\u2019AlterTour 2021 !","datePublished":"2021-02-11T16:26:38+00:00","dateModified":"2021-05-06T08:34:53+00:00","mainEntityOfPage":{"@id":"https:\/\/www.altercampagne.net\/?p=20646"},"wordCount":900,"image":{"@id":"https:\/\/www.altercampagne.net\/?p=20646#primaryimage"},"thumbnailUrl":"https:\/\/www.altercampagne.net\/wp-content\/uploads\/2021\/02\/depositphotos_9149390-stock-photo-french-cheese-at-provence-market.jpg","keywords":["organisation","\u00c9chapp\u00e9es Belles","th\u00e8me","pr\u00e9parateur d'\u00e9tape","orga","zoom","Week-end de pr\u00e9paration"],"articleSection":["AlterTour","Edition 2021","WE de pr\u00e9paration"],"inLanguage":"fr-FR"},{"@type":"WebPage","@id":"https:\/\/www.altercampagne.net\/?p=20646","url":"https:\/\/www.altercampagne.net\/?p=20646","name":"Du changement pour l\u2019AlterTour 2021 ! - AlterTour","isPartOf":{"@id":"https:\/\/www.altercampagne.net\/#website"},"primaryImageOfPage":{"@id":"https:\/\/www.altercampagne.net\/?p=20646#primaryimage"},"image":{"@id":"https:\/\/www.altercampagne.net\/?p=20646#primaryimage"},"thumbnailUrl":"https:\/\/www.altercampagne.net\/wp-content\/uploads\/2021\/02\/depositphotos_9149390-stock-photo-french-cheese-at-provence-market.jpg","datePublished":"2021-02-11T16:26:38+00:00","dateModified":"2021-05-06T08:34:53+00:00","author":{"@id":"https:\/\/www.altercampagne.net\/#\/schema\/person\/0310e7930636785dabf8b7cab925c7eb"},"breadcrumb":{"@id":"https:\/\/www.altercampagne.net\/?p=20646#breadcrumb"},"inLanguage":"fr-FR","potentialAction":[{"@type":"ReadAction","target":["https:\/\/www.altercampagne.net\/?p=20646"]}]},{"@type":"ImageObject","inLanguage":"fr-FR","@id":"https:\/\/www.altercampagne.net\/?p=20646#primaryimage","url":"https:\/\/www.altercampagne.net\/wp-content\/uploads\/2021\/02\/depositphotos_9149390-stock-photo-french-cheese-at-provence-market.jpg","contentUrl":"https:\/\/www.altercampagne.net\/wp-content\/uploads\/2021\/02\/depositphotos_9149390-stock-photo-french-cheese-at-provence-market.jpg","width":600,"height":315},{"@type":"BreadcrumbList","@id":"https:\/\/www.altercampagne.net\/?p=20646#breadcrumb","itemListElement":[{"@type":"ListItem","position":1,"name":"Accueil","item":"https:\/\/www.altercampagne.net\/"},{"@type":"ListItem","position":2,"name":"Du changement pour l\u2019AlterTour 2021 !"}]},{"@type":"WebSite","@id":"https:\/\/www.altercampagne.net\/#website","url":"https:\/\/www.altercampagne.net\/","name":"AlterTour","description":"Reliez les Alternatives \u00e0 v\u00e9lo","potentialAction":[{"@type":"SearchAction","target":{"@type":"EntryPoint","urlTemplate":"https:\/\/www.altercampagne.net\/?s={search_term_string}"},"query-input":{"@type":"PropertyValueSpecification","valueRequired":true,"valueName":"search_term_string"}}],"inLanguage":"fr-FR"},{"@type":"Person","@id":"https:\/\/www.altercampagne.net\/#\/schema\/person\/0310e7930636785dabf8b7cab925c7eb","name":"Carlotta","image":{"@type":"ImageObject","inLanguage":"fr-FR","@id":"https:\/\/secure.gravatar.com\/avatar\/cc861900b0b9ebc1644628dd5f6a1e2c62c8981e43f2d98c9e810ead5846c34c?s=96&d=mm&r=g","url":"https:\/\/secure.gravatar.com\/avatar\/cc861900b0b9ebc1644628dd5f6a1e2c62c8981e43f2d98c9e810ead5846c34c?s=96&d=mm&r=g","contentUrl":"https:\/\/secure.gravatar.com\/avatar\/cc861900b0b9ebc1644628dd5f6a1e2c62c8981e43f2d98c9e810ead5846c34c?s=96&d=mm&r=g","caption":"Carlotta"},"url":"https:\/\/www.altercampagne.net\/?author=353"}]}},"_links":{"self":[{"href":"https:\/\/www.altercampagne.net\/index.php?rest_route=\/wp\/v2\/posts\/20646","targetHints":{"allow":["GET"]}}],"collection":[{"href":"https:\/\/www.altercampagne.net\/index.php?rest_route=\/wp\/v2\/posts"}],"about":[{"href":"https:\/\/www.altercampagne.net\/index.php?rest_route=\/wp\/v2\/types\/post"}],"author":[{"embeddable":true,"href":"https:\/\/www.altercampagne.net\/index.php?rest_route=\/wp\/v2\/users\/353"}],"replies":[{"embeddable":true,"href":"https:\/\/www.altercampagne.net\/index.php?rest_route=%2Fwp%2Fv2%2Fcomments&post=20646"}],"version-history":[{"count":6,"href":"https:\/\/www.altercampagne.net\/index.php?rest_route=\/wp\/v2\/posts\/20646\/revisions"}],"predecessor-version":[{"id":20805,"href":"https:\/\/www.altercampagne.net\/index.php?rest_route=\/wp\/v2\/posts\/20646\/revisions\/20805"}],"wp:featuredmedia":[{"embeddable":true,"href":"https:\/\/www.altercampagne.net\/index.php?rest_route=\/wp\/v2\/media\/20706"}],"wp:attachment":[{"href":"https:\/\/www.altercampagne.net\/index.php?rest_route=%2Fwp%2Fv2%2Fmedia&parent=20646"}],"wp:term":[{"taxonomy":"category","embeddable":true,"href":"https:\/\/www.altercampagne.net\/index.php?rest_route=%2Fwp%2Fv2%2Fcategories&post=20646"},{"taxonomy":"post_tag","embeddable":true,"href":"https:\/\/www.altercampagne.net\/index.php?rest_route=%2Fwp%2Fv2%2Ftags&post=20646"}],"curies":[{"name":"wp","href":"https:\/\/api.w.org\/{rel}","templated":true}]}}