{"id":2067,"date":"2014-12-28T12:31:17","date_gmt":"2014-12-28T11:31:17","guid":{"rendered":"http:\/\/www.altercampagne.net\/?p=2067"},"modified":"2020-02-24T15:27:54","modified_gmt":"2020-02-24T14:27:54","slug":"numero-de-janvier-de-silence-alternatives-en-corse","status":"publish","type":"post","link":"https:\/\/www.altercampagne.net\/?p=2067","title":{"rendered":"Num\u00e9ro de Silence de janvier : Alternatives en Corse"},"content":{"rendered":"<p><span id=\"fbPhotoSnowliftCaption\" class=\"fbPhotosPhotoCaption\" tabindex=\"0\" data-ft=\"{&quot;tn&quot;:&quot;K&quot;}\"><span class=\"hasCaption\"><a href=\"http:\/\/www.revuesilence.net\/news\/127\/384\/Numero-430---janvier-2015\"><img loading=\"lazy\" decoding=\"async\" class=\"aligncenter size-full wp-image-2068\" src=\"http:\/\/www.altercampagne.net\/wp-content\/uploads\/2015\/09\/10683512_1579690428928782_3111054727450829262_o.jpg\" alt=\"10683512_1579690428928782_3111054727450829262_o\" width=\"679\" height=\"960\" srcset=\"https:\/\/www.altercampagne.net\/wp-content\/uploads\/2015\/09\/10683512_1579690428928782_3111054727450829262_o.jpg 679w, https:\/\/www.altercampagne.net\/wp-content\/uploads\/2015\/09\/10683512_1579690428928782_3111054727450829262_o-212x300.jpg 212w\" sizes=\"auto, (max-width: 679px) 100vw, 679px\" \/><\/a>Le dossier porte sur les alternatives en Corse.<br \/>\nA rebours des clich\u00e9s touristiques ou m\u00e9diatiques, d\u00e9couvrons une autre Corse \u00e0 travers des habitant-e-s qui s&rsquo;engagent au quotidien dans des modes de vie collectifs, des coop\u00e9ratives d&rsquo;activit\u00e9s, des projets d&rsquo;agro\u00e9cologie\u2026 et \u00e0 travers le dynamisme de la non-violence qui est en train d&rsquo;amener un<span class=\"text_exposed_show\">e petite r\u00e9volution sur l&rsquo;\u00eele.<\/span><\/span><\/span><\/p>\n<p>Les articles suivants sont ensuite au menu :<br \/>\nAlternatiba : sauvegarder le climat par le bas ?<br \/>\nObjecter \u00e0 la Journ\u00e9e D\u00e9fense et Citoyennet\u00e9<br \/>\nDessins hommages \u00e0 R\u00e9mi Fraisse<br \/>\nCes familles qui rel\u00e8vent le d\u00e9fi de limiter leurs d\u00e9chets<br \/>\nLes Malassis : une coop\u00e9rative de peintres toxiques.<\/p>\n<p>Vous y trouverez aussi les chroniques habituelles (Jeux \u00e9colos, Les bonnes nouvelles de la Terre, En direct de nos colonies, Le nucl\u00e9aire \u00e7a boum&#8230;), et des br\u00e8ves&#8230;<\/p>\n<p>Bonne lecture !<\/p>\n","protected":false},"excerpt":{"rendered":"<p>Le dossier porte sur les alternatives en Corse. A rebours des clich\u00e9s touristiques ou m\u00e9diatiques, d\u00e9couvrons une autre Corse \u00e0 travers des habitant-e-s qui s&rsquo;engagent au quotidien dans des modes de vie collectifs, des coop\u00e9ratives d&rsquo;activit\u00e9s, des projets d&rsquo;agro\u00e9cologie\u2026 et \u00e0 travers le dynamisme de la non-violence qui est en &#8230; <\/p>\n<div><a href=\"https:\/\/www.altercampagne.net\/?p=2067\" class=\"more-link\">Read More<\/a><\/div>\n","protected":false},"author":214,"featured_media":0,"comment_status":"closed","ping_status":"closed","sticky":false,"template":"","format":"standard","meta":{"footnotes":""},"categories":[3248],"tags":[11,13,53,404,405,406,407,2724],"class_list":["post-2067","post","type-post","status-publish","format-standard","hentry","category-silence","tag-alternatiba","tag-revue-silence","tag-alternatives","tag-corse","tag-agroecologie","tag-non-violence","tag-remi-fraisse","tag-silence","no-post-thumbnail"],"yoast_head":"<!-- This site is optimized with the Yoast SEO plugin v27.3 - https:\/\/yoast.com\/product\/yoast-seo-wordpress\/ -->\n<title>Num\u00e9ro de Silence de janvier : Alternatives en Corse - AlterTour<\/title>\n<meta name=\"robots\" content=\"index, follow, max-snippet:-1, max-image-preview:large, max-video-preview:-1\" \/>\n<link rel=\"canonical\" href=\"https:\/\/www.altercampagne.net\/?p=2067\" \/>\n<meta property=\"og:locale\" content=\"fr_FR\" \/>\n<meta property=\"og:type\" content=\"article\" \/>\n<meta property=\"og:title\" content=\"Num\u00e9ro de Silence de janvier : Alternatives en Corse - AlterTour\" \/>\n<meta property=\"og:description\" content=\"Le dossier porte sur les alternatives en Corse. A rebours des clich\u00e9s touristiques ou m\u00e9diatiques, d\u00e9couvrons une autre Corse \u00e0 travers des habitant-e-s qui s&rsquo;engagent au quotidien dans des modes de vie collectifs, des coop\u00e9ratives d&rsquo;activit\u00e9s, des projets d&rsquo;agro\u00e9cologie\u2026 et \u00e0 travers le dynamisme de la non-violence qui est en ... Read More\" \/>\n<meta property=\"og:url\" content=\"https:\/\/www.altercampagne.net\/?p=2067\" \/>\n<meta property=\"og:site_name\" content=\"AlterTour\" \/>\n<meta property=\"article:published_time\" content=\"2014-12-28T11:31:17+00:00\" \/>\n<meta property=\"article:modified_time\" content=\"2020-02-24T14:27:54+00:00\" \/>\n<meta property=\"og:image\" content=\"http:\/\/www.altercampagne.net\/wp-content\/uploads\/2015\/09\/10683512_1579690428928782_3111054727450829262_o.jpg\" \/>\n<meta name=\"author\" content=\"Mathieu\" \/>\n<meta name=\"twitter:card\" content=\"summary_large_image\" \/>\n<meta name=\"twitter:label1\" content=\"\u00c9crit par\" \/>\n\t<meta name=\"twitter:data1\" content=\"Mathieu\" \/>\n\t<meta name=\"twitter:label2\" content=\"Dur\u00e9e de lecture estim\u00e9e\" \/>\n\t<meta name=\"twitter:data2\" content=\"1 minute\" \/>\n<script type=\"application\/ld+json\" class=\"yoast-schema-graph\">{\"@context\":\"https:\\\/\\\/schema.org\",\"@graph\":[{\"@type\":\"Article\",\"@id\":\"https:\\\/\\\/www.altercampagne.net\\\/?p=2067#article\",\"isPartOf\":{\"@id\":\"https:\\\/\\\/www.altercampagne.net\\\/?p=2067\"},\"author\":{\"name\":\"Mathieu\",\"@id\":\"https:\\\/\\\/www.altercampagne.net\\\/#\\\/schema\\\/person\\\/0f261460c09e430caa0f9bcffa319109\"},\"headline\":\"Num\u00e9ro de Silence de janvier : Alternatives en Corse\",\"datePublished\":\"2014-12-28T11:31:17+00:00\",\"dateModified\":\"2020-02-24T14:27:54+00:00\",\"mainEntityOfPage\":{\"@id\":\"https:\\\/\\\/www.altercampagne.net\\\/?p=2067\"},\"wordCount\":155,\"image\":{\"@id\":\"https:\\\/\\\/www.altercampagne.net\\\/?p=2067#primaryimage\"},\"thumbnailUrl\":\"http:\\\/\\\/www.altercampagne.net\\\/wp-content\\\/uploads\\\/2015\\\/09\\\/10683512_1579690428928782_3111054727450829262_o.jpg\",\"keywords\":[\"alternatiba\",\"revue Silence\",\"Alternatives\",\"corse\",\"agro\u00e9cologie\",\"non-violence\",\"R\u00e9mi Fraisse\",\"silence\"],\"articleSection\":[\"Silence\"],\"inLanguage\":\"fr-FR\"},{\"@type\":\"WebPage\",\"@id\":\"https:\\\/\\\/www.altercampagne.net\\\/?p=2067\",\"url\":\"https:\\\/\\\/www.altercampagne.net\\\/?p=2067\",\"name\":\"Num\u00e9ro de Silence de janvier : Alternatives en Corse - AlterTour\",\"isPartOf\":{\"@id\":\"https:\\\/\\\/www.altercampagne.net\\\/#website\"},\"primaryImageOfPage\":{\"@id\":\"https:\\\/\\\/www.altercampagne.net\\\/?p=2067#primaryimage\"},\"image\":{\"@id\":\"https:\\\/\\\/www.altercampagne.net\\\/?p=2067#primaryimage\"},\"thumbnailUrl\":\"http:\\\/\\\/www.altercampagne.net\\\/wp-content\\\/uploads\\\/2015\\\/09\\\/10683512_1579690428928782_3111054727450829262_o.jpg\",\"datePublished\":\"2014-12-28T11:31:17+00:00\",\"dateModified\":\"2020-02-24T14:27:54+00:00\",\"author\":{\"@id\":\"https:\\\/\\\/www.altercampagne.net\\\/#\\\/schema\\\/person\\\/0f261460c09e430caa0f9bcffa319109\"},\"breadcrumb\":{\"@id\":\"https:\\\/\\\/www.altercampagne.net\\\/?p=2067#breadcrumb\"},\"inLanguage\":\"fr-FR\",\"potentialAction\":[{\"@type\":\"ReadAction\",\"target\":[\"https:\\\/\\\/www.altercampagne.net\\\/?p=2067\"]}]},{\"@type\":\"ImageObject\",\"inLanguage\":\"fr-FR\",\"@id\":\"https:\\\/\\\/www.altercampagne.net\\\/?p=2067#primaryimage\",\"url\":\"https:\\\/\\\/www.altercampagne.net\\\/wp-content\\\/uploads\\\/2015\\\/09\\\/10683512_1579690428928782_3111054727450829262_o.jpg\",\"contentUrl\":\"https:\\\/\\\/www.altercampagne.net\\\/wp-content\\\/uploads\\\/2015\\\/09\\\/10683512_1579690428928782_3111054727450829262_o.jpg\",\"width\":679,\"height\":960},{\"@type\":\"BreadcrumbList\",\"@id\":\"https:\\\/\\\/www.altercampagne.net\\\/?p=2067#breadcrumb\",\"itemListElement\":[{\"@type\":\"ListItem\",\"position\":1,\"name\":\"Accueil\",\"item\":\"https:\\\/\\\/www.altercampagne.net\\\/\"},{\"@type\":\"ListItem\",\"position\":2,\"name\":\"Num\u00e9ro de Silence de janvier : Alternatives en Corse\"}]},{\"@type\":\"WebSite\",\"@id\":\"https:\\\/\\\/www.altercampagne.net\\\/#website\",\"url\":\"https:\\\/\\\/www.altercampagne.net\\\/\",\"name\":\"AlterTour\",\"description\":\"Reliez les Alternatives \u00e0 v\u00e9lo\",\"potentialAction\":[{\"@type\":\"SearchAction\",\"target\":{\"@type\":\"EntryPoint\",\"urlTemplate\":\"https:\\\/\\\/www.altercampagne.net\\\/?s={search_term_string}\"},\"query-input\":{\"@type\":\"PropertyValueSpecification\",\"valueRequired\":true,\"valueName\":\"search_term_string\"}}],\"inLanguage\":\"fr-FR\"},{\"@type\":\"Person\",\"@id\":\"https:\\\/\\\/www.altercampagne.net\\\/#\\\/schema\\\/person\\\/0f261460c09e430caa0f9bcffa319109\",\"name\":\"Mathieu\",\"image\":{\"@type\":\"ImageObject\",\"inLanguage\":\"fr-FR\",\"@id\":\"https:\\\/\\\/secure.gravatar.com\\\/avatar\\\/aa9d3d24c83f2141e5e2709d0f63d09a99f6be6bb7a50abc4915838d9f54501a?s=96&d=mm&r=g\",\"url\":\"https:\\\/\\\/secure.gravatar.com\\\/avatar\\\/aa9d3d24c83f2141e5e2709d0f63d09a99f6be6bb7a50abc4915838d9f54501a?s=96&d=mm&r=g\",\"contentUrl\":\"https:\\\/\\\/secure.gravatar.com\\\/avatar\\\/aa9d3d24c83f2141e5e2709d0f63d09a99f6be6bb7a50abc4915838d9f54501a?s=96&d=mm&r=g\",\"caption\":\"Mathieu\"},\"url\":\"https:\\\/\\\/www.altercampagne.net\\\/?author=214\"}]}<\/script>\n<!-- \/ Yoast SEO plugin. -->","yoast_head_json":{"title":"Num\u00e9ro de Silence de janvier : Alternatives en Corse - AlterTour","robots":{"index":"index","follow":"follow","max-snippet":"max-snippet:-1","max-image-preview":"max-image-preview:large","max-video-preview":"max-video-preview:-1"},"canonical":"https:\/\/www.altercampagne.net\/?p=2067","og_locale":"fr_FR","og_type":"article","og_title":"Num\u00e9ro de Silence de janvier : Alternatives en Corse - AlterTour","og_description":"Le dossier porte sur les alternatives en Corse. A rebours des clich\u00e9s touristiques ou m\u00e9diatiques, d\u00e9couvrons une autre Corse \u00e0 travers des habitant-e-s qui s&rsquo;engagent au quotidien dans des modes de vie collectifs, des coop\u00e9ratives d&rsquo;activit\u00e9s, des projets d&rsquo;agro\u00e9cologie\u2026 et \u00e0 travers le dynamisme de la non-violence qui est en ... Read More","og_url":"https:\/\/www.altercampagne.net\/?p=2067","og_site_name":"AlterTour","article_published_time":"2014-12-28T11:31:17+00:00","article_modified_time":"2020-02-24T14:27:54+00:00","og_image":[{"url":"http:\/\/www.altercampagne.net\/wp-content\/uploads\/2015\/09\/10683512_1579690428928782_3111054727450829262_o.jpg","type":"","width":"","height":""}],"author":"Mathieu","twitter_card":"summary_large_image","twitter_misc":{"\u00c9crit par":"Mathieu","Dur\u00e9e de lecture estim\u00e9e":"1 minute"},"schema":{"@context":"https:\/\/schema.org","@graph":[{"@type":"Article","@id":"https:\/\/www.altercampagne.net\/?p=2067#article","isPartOf":{"@id":"https:\/\/www.altercampagne.net\/?p=2067"},"author":{"name":"Mathieu","@id":"https:\/\/www.altercampagne.net\/#\/schema\/person\/0f261460c09e430caa0f9bcffa319109"},"headline":"Num\u00e9ro de Silence de janvier : Alternatives en Corse","datePublished":"2014-12-28T11:31:17+00:00","dateModified":"2020-02-24T14:27:54+00:00","mainEntityOfPage":{"@id":"https:\/\/www.altercampagne.net\/?p=2067"},"wordCount":155,"image":{"@id":"https:\/\/www.altercampagne.net\/?p=2067#primaryimage"},"thumbnailUrl":"http:\/\/www.altercampagne.net\/wp-content\/uploads\/2015\/09\/10683512_1579690428928782_3111054727450829262_o.jpg","keywords":["alternatiba","revue Silence","Alternatives","corse","agro\u00e9cologie","non-violence","R\u00e9mi Fraisse","silence"],"articleSection":["Silence"],"inLanguage":"fr-FR"},{"@type":"WebPage","@id":"https:\/\/www.altercampagne.net\/?p=2067","url":"https:\/\/www.altercampagne.net\/?p=2067","name":"Num\u00e9ro de Silence de janvier : Alternatives en Corse - AlterTour","isPartOf":{"@id":"https:\/\/www.altercampagne.net\/#website"},"primaryImageOfPage":{"@id":"https:\/\/www.altercampagne.net\/?p=2067#primaryimage"},"image":{"@id":"https:\/\/www.altercampagne.net\/?p=2067#primaryimage"},"thumbnailUrl":"http:\/\/www.altercampagne.net\/wp-content\/uploads\/2015\/09\/10683512_1579690428928782_3111054727450829262_o.jpg","datePublished":"2014-12-28T11:31:17+00:00","dateModified":"2020-02-24T14:27:54+00:00","author":{"@id":"https:\/\/www.altercampagne.net\/#\/schema\/person\/0f261460c09e430caa0f9bcffa319109"},"breadcrumb":{"@id":"https:\/\/www.altercampagne.net\/?p=2067#breadcrumb"},"inLanguage":"fr-FR","potentialAction":[{"@type":"ReadAction","target":["https:\/\/www.altercampagne.net\/?p=2067"]}]},{"@type":"ImageObject","inLanguage":"fr-FR","@id":"https:\/\/www.altercampagne.net\/?p=2067#primaryimage","url":"https:\/\/www.altercampagne.net\/wp-content\/uploads\/2015\/09\/10683512_1579690428928782_3111054727450829262_o.jpg","contentUrl":"https:\/\/www.altercampagne.net\/wp-content\/uploads\/2015\/09\/10683512_1579690428928782_3111054727450829262_o.jpg","width":679,"height":960},{"@type":"BreadcrumbList","@id":"https:\/\/www.altercampagne.net\/?p=2067#breadcrumb","itemListElement":[{"@type":"ListItem","position":1,"name":"Accueil","item":"https:\/\/www.altercampagne.net\/"},{"@type":"ListItem","position":2,"name":"Num\u00e9ro de Silence de janvier : Alternatives en Corse"}]},{"@type":"WebSite","@id":"https:\/\/www.altercampagne.net\/#website","url":"https:\/\/www.altercampagne.net\/","name":"AlterTour","description":"Reliez les Alternatives \u00e0 v\u00e9lo","potentialAction":[{"@type":"SearchAction","target":{"@type":"EntryPoint","urlTemplate":"https:\/\/www.altercampagne.net\/?s={search_term_string}"},"query-input":{"@type":"PropertyValueSpecification","valueRequired":true,"valueName":"search_term_string"}}],"inLanguage":"fr-FR"},{"@type":"Person","@id":"https:\/\/www.altercampagne.net\/#\/schema\/person\/0f261460c09e430caa0f9bcffa319109","name":"Mathieu","image":{"@type":"ImageObject","inLanguage":"fr-FR","@id":"https:\/\/secure.gravatar.com\/avatar\/aa9d3d24c83f2141e5e2709d0f63d09a99f6be6bb7a50abc4915838d9f54501a?s=96&d=mm&r=g","url":"https:\/\/secure.gravatar.com\/avatar\/aa9d3d24c83f2141e5e2709d0f63d09a99f6be6bb7a50abc4915838d9f54501a?s=96&d=mm&r=g","contentUrl":"https:\/\/secure.gravatar.com\/avatar\/aa9d3d24c83f2141e5e2709d0f63d09a99f6be6bb7a50abc4915838d9f54501a?s=96&d=mm&r=g","caption":"Mathieu"},"url":"https:\/\/www.altercampagne.net\/?author=214"}]}},"_links":{"self":[{"href":"https:\/\/www.altercampagne.net\/index.php?rest_route=\/wp\/v2\/posts\/2067","targetHints":{"allow":["GET"]}}],"collection":[{"href":"https:\/\/www.altercampagne.net\/index.php?rest_route=\/wp\/v2\/posts"}],"about":[{"href":"https:\/\/www.altercampagne.net\/index.php?rest_route=\/wp\/v2\/types\/post"}],"author":[{"embeddable":true,"href":"https:\/\/www.altercampagne.net\/index.php?rest_route=\/wp\/v2\/users\/214"}],"replies":[{"embeddable":true,"href":"https:\/\/www.altercampagne.net\/index.php?rest_route=%2Fwp%2Fv2%2Fcomments&post=2067"}],"version-history":[{"count":1,"href":"https:\/\/www.altercampagne.net\/index.php?rest_route=\/wp\/v2\/posts\/2067\/revisions"}],"predecessor-version":[{"id":17371,"href":"https:\/\/www.altercampagne.net\/index.php?rest_route=\/wp\/v2\/posts\/2067\/revisions\/17371"}],"wp:attachment":[{"href":"https:\/\/www.altercampagne.net\/index.php?rest_route=%2Fwp%2Fv2%2Fmedia&parent=2067"}],"wp:term":[{"taxonomy":"category","embeddable":true,"href":"https:\/\/www.altercampagne.net\/index.php?rest_route=%2Fwp%2Fv2%2Fcategories&post=2067"},{"taxonomy":"post_tag","embeddable":true,"href":"https:\/\/www.altercampagne.net\/index.php?rest_route=%2Fwp%2Fv2%2Ftags&post=2067"}],"curies":[{"name":"wp","href":"https:\/\/api.w.org\/{rel}","templated":true}]}}