{"id":20684,"date":"2021-02-24T08:37:10","date_gmt":"2021-02-24T07:37:10","guid":{"rendered":"https:\/\/www.altercampagne.net\/?p=20684"},"modified":"2021-05-06T10:34:53","modified_gmt":"2021-05-06T08:34:53","slug":"lautre-soie-un-lieu-pour-vivre-ensemble","status":"publish","type":"post","link":"https:\/\/www.altercampagne.net\/?p=20684","title":{"rendered":"L\u2019Autre Soie, un lieu pour vivre ensemble"},"content":{"rendered":"\n<p>C\u2019est apr\u00e8s une longue et chaude journ\u00e9e de p\u00e9dalage qu\u2019on arrive \u00e0 Villeurbanne, \u00e0 l\u2019est de Lyon. En ville, l\u2019arriv\u00e9e d\u2019une soixantaine de v\u00e9los color\u00e9s et d\u00e9cor\u00e9s ne passe pas inaper\u00e7ue. On se fait klaxonner et les passants nous scrutent intrigu\u00e9s et enthousiastes. C\u2019est au c\u0153ur de l&#8217;embl\u00e9matique Carr\u00e9 de Soie, quartier industriel des ann\u00e9es 20, que se trouve l\u2019<a href=\"https:\/\/autresoie.com\/\">Autre Soie<\/a>, notre lieu d\u2019accueil. Abandonn\u00e9 depuis 2013, le lieu construit en 1926 servait d\u2019abord \u00e0 h\u00e9berger des jeunes travailleuses d\u2019Europe de l\u2019Est. Utilis\u00e9 ensuite comme caserne, h\u00f4pital, \u00e9cole ou encore comme centre d\u2019h\u00e9bergement d\u2019urgence, le lieu est maintenant destin\u00e9 \u00e0 accueillir un gigantesque projet polymorphe port\u00e9 par de nombreux partenaires.<\/p>\n\n\n\n<h4 class=\"wp-block-heading\">Une occupation temporaire<\/h4>\n\n\n\n<p>Pour l\u2019instant, c\u2019est une friche color\u00e9e o\u00f9 un jardin sauvage se m\u00e9lange aux murs bariol\u00e9s de nombreux graffitis. Nous installons nos tentes dans le jardin et notre cuisine devant les tribunes o\u00f9 on nous pr\u00e9sente le projet.&nbsp; L\u2019<a href=\"https:\/\/autresoie.com\/\">Autre Soie<\/a> est un grand projet de solidarit\u00e9 urbaine, d\u2019innovation sociale et culturelle qui r\u00e9unira, sur 23 500 m\u00b2, diff\u00e9rentes formes d\u2019habitat, un \u00e9quipement culturel, des espaces d\u2019accueil, de coworking, avec des fonctions de formation, d\u2019animation et d\u2019\u00e9conomie sociale et solidaire.<\/p>\n\n\n\n<p>En attendant le d\u00e9but des travaux, une occupation provisoire du site a \u00e9t\u00e9 lanc\u00e9e le 20 octobre 2018 pour une dur\u00e9e de 2 ans. Associant h\u00e9bergement d\u2019urgence, \u00e9v\u00e8nements culturels et structures de l\u2019\u00e9conomie sociale et solidaire, cette occupation temporaire est l\u2019opportunit\u00e9 d\u2019exp\u00e9rimenter une partie des usages de l\u2019Autre Soie en attendant les travaux d\u2019am\u00e9nagements du site et de r\u00e9habilitation d\u00e9finitive du b\u00e2timent. L&rsquo;occupation r\u00e9unit 22 structures, qui sont r\u00e9parties en quatre p\u00f4les : arts et culture; laboratoire de la ville; ateliers et\u00a0 inclusion.<\/p>\n\n\n\n<p>L\u2019un des objectifs de cette occupation provisoire est d\u2019aider \u00e0 l\u2019inclusion des plus d\u00e9favoris\u00e9s par l\u2019acc\u00e8s au travail et la participation \u00e0 des activit\u00e9s culturelles et des temps d\u2019\u00e9changes. Le souhait est \u00e9galement de les faire participer \u00e0 la vie sociale pour \u00e9tablir des rencontres avec les habitants du quartier et changer le regard port\u00e9 sur la grande pr\u00e9carit\u00e9.<\/p>\n\n\n\n<h4 class=\"wp-block-heading\">Un concert pour conclure notre passage<\/h4>\n\n\n\n<p>Impossible de citer la multitude d\u2019animations et d\u2019associations pr\u00e9sentes sur place. C\u2019est un bourdonnement vibrant dont nous avons go\u00fbt\u00e9 avec d\u00e9lectation en restant deux jours sur place. Pour conclure notre passage \u00e0 Villeurbanne, c\u2019est un concert de musiciens \u00e0 v\u00e9los qui nous ont offert une prestation sensible et po\u00e9tique. <a href=\"https:\/\/www.facebook.com\/gustusetmelo\">Gustus et M\u00e9lo<\/a> ont fait vibrer les mots avec justesse et humour pour le grand plaisir des cyclistes conquis.<\/p>\n\n\n\n<figure class=\"wp-block-embed is-type-video is-provider-youtube wp-block-embed-youtube wp-embed-aspect-16-9 wp-has-aspect-ratio\"><div class=\"wp-block-embed__wrapper\">\n<div class=\"x-resp-embed x-is-video x-is-youtube\"><iframe loading=\"lazy\" title=\"#00 - Gustus et M\u00e9lo : teaser\" width=\"742\" height=\"417\" src=\"https:\/\/www.youtube.com\/embed\/f_KvpGr8Dlc?feature=oembed\" frameborder=\"0\" allow=\"accelerometer; autoplay; clipboard-write; encrypted-media; gyroscope; picture-in-picture\" allowfullscreen><\/iframe><\/div>\n<\/div><\/figure>\n\n\n\n<p class=\"has-text-align-right\">Cr\u00e9dit photo : <a href=\"http:\/\/isabellechapuis.com\/\">Isabelle Chapuis<\/a><\/p>\n","protected":false},"excerpt":{"rendered":"<p>L\u2019Autre Soie est un grand projet de solidarit\u00e9 urbaine, d\u2019innovation sociale et culturelle qui r\u00e9unira, sur 23 500 m\u00b2, diff\u00e9rentes formes d\u2019habitat, un \u00e9quipement culturel, des espaces d\u2019accueil, de coworking, avec des fonctions de formation, d\u2019animation et d\u2019\u00e9conomie sociale et solidaire.<\/p>\n","protected":false},"author":316,"featured_media":20685,"comment_status":"closed","ping_status":"closed","sticky":false,"template":"","format":"standard","meta":{"footnotes":""},"categories":[3471,4313,3490,3486,3485,3540],"tags":[318,1445],"class_list":["post-20684","post","type-post","status-publish","format-standard","has-post-thumbnail","hentry","category-auvergne-rhone-alpes","category-altertour","category-culture","category-environnement","category-habitat","category-transverse","tag-habitat-collectif","tag-economie-sociale-solidaire-et-ecologique"],"yoast_head":"<!-- This site is optimized with the Yoast SEO plugin v27.3 - https:\/\/yoast.com\/product\/yoast-seo-wordpress\/ -->\n<title>L\u2019Autre Soie, un lieu pour vivre ensemble - AlterTour<\/title>\n<meta name=\"robots\" content=\"index, follow, max-snippet:-1, max-image-preview:large, max-video-preview:-1\" \/>\n<link rel=\"canonical\" href=\"https:\/\/www.altercampagne.net\/?p=20684\" \/>\n<meta property=\"og:locale\" content=\"fr_FR\" \/>\n<meta property=\"og:type\" content=\"article\" \/>\n<meta property=\"og:title\" content=\"L\u2019Autre Soie, un lieu pour vivre ensemble - AlterTour\" \/>\n<meta property=\"og:description\" content=\"L\u2019Autre Soie est un grand projet de solidarit\u00e9 urbaine, d\u2019innovation sociale et culturelle qui r\u00e9unira, sur 23 500 m\u00b2, diff\u00e9rentes formes d\u2019habitat, un \u00e9quipement culturel, des espaces d\u2019accueil, de coworking, avec des fonctions de formation, d\u2019animation et d\u2019\u00e9conomie sociale et solidaire.\" \/>\n<meta property=\"og:url\" content=\"https:\/\/www.altercampagne.net\/?p=20684\" \/>\n<meta property=\"og:site_name\" content=\"AlterTour\" \/>\n<meta property=\"article:published_time\" content=\"2021-02-24T07:37:10+00:00\" \/>\n<meta property=\"article:modified_time\" content=\"2021-05-06T08:34:53+00:00\" \/>\n<meta property=\"og:image\" content=\"https:\/\/www.altercampagne.net\/wp-content\/uploads\/2021\/02\/autre-soie-article-scaled.jpg\" \/>\n\t<meta property=\"og:image:width\" content=\"2560\" \/>\n\t<meta property=\"og:image:height\" content=\"1336\" \/>\n\t<meta property=\"og:image:type\" content=\"image\/jpeg\" \/>\n<meta name=\"author\" content=\"Jonas\" \/>\n<meta name=\"twitter:card\" content=\"summary_large_image\" \/>\n<meta name=\"twitter:label1\" content=\"\u00c9crit par\" \/>\n\t<meta name=\"twitter:data1\" content=\"Jonas\" \/>\n\t<meta name=\"twitter:label2\" content=\"Dur\u00e9e de lecture estim\u00e9e\" \/>\n\t<meta name=\"twitter:data2\" content=\"2 minutes\" \/>\n<script type=\"application\/ld+json\" class=\"yoast-schema-graph\">{\"@context\":\"https:\\\/\\\/schema.org\",\"@graph\":[{\"@type\":\"Article\",\"@id\":\"https:\\\/\\\/www.altercampagne.net\\\/?p=20684#article\",\"isPartOf\":{\"@id\":\"https:\\\/\\\/www.altercampagne.net\\\/?p=20684\"},\"author\":{\"name\":\"Jonas\",\"@id\":\"https:\\\/\\\/www.altercampagne.net\\\/#\\\/schema\\\/person\\\/308dc295a67929d58321ff6b59820daa\"},\"headline\":\"L\u2019Autre Soie, un lieu pour vivre ensemble\",\"datePublished\":\"2021-02-24T07:37:10+00:00\",\"dateModified\":\"2021-05-06T08:34:53+00:00\",\"mainEntityOfPage\":{\"@id\":\"https:\\\/\\\/www.altercampagne.net\\\/?p=20684\"},\"wordCount\":502,\"image\":{\"@id\":\"https:\\\/\\\/www.altercampagne.net\\\/?p=20684#primaryimage\"},\"thumbnailUrl\":\"https:\\\/\\\/www.altercampagne.net\\\/wp-content\\\/uploads\\\/2021\\\/02\\\/autre-soie-article-scaled.jpg\",\"keywords\":[\"habitat collectif\",\"Economie Sociale Solidaire et Ecologique\"],\"articleSection\":[\"Auvergne-Rh\u00f4ne-Alpes\",\"AlterTour\",\"Culture\",\"Environnement\",\"Habitat\",\"Transverse\"],\"inLanguage\":\"fr-FR\"},{\"@type\":\"WebPage\",\"@id\":\"https:\\\/\\\/www.altercampagne.net\\\/?p=20684\",\"url\":\"https:\\\/\\\/www.altercampagne.net\\\/?p=20684\",\"name\":\"L\u2019Autre Soie, un lieu pour vivre ensemble - AlterTour\",\"isPartOf\":{\"@id\":\"https:\\\/\\\/www.altercampagne.net\\\/#website\"},\"primaryImageOfPage\":{\"@id\":\"https:\\\/\\\/www.altercampagne.net\\\/?p=20684#primaryimage\"},\"image\":{\"@id\":\"https:\\\/\\\/www.altercampagne.net\\\/?p=20684#primaryimage\"},\"thumbnailUrl\":\"https:\\\/\\\/www.altercampagne.net\\\/wp-content\\\/uploads\\\/2021\\\/02\\\/autre-soie-article-scaled.jpg\",\"datePublished\":\"2021-02-24T07:37:10+00:00\",\"dateModified\":\"2021-05-06T08:34:53+00:00\",\"author\":{\"@id\":\"https:\\\/\\\/www.altercampagne.net\\\/#\\\/schema\\\/person\\\/308dc295a67929d58321ff6b59820daa\"},\"breadcrumb\":{\"@id\":\"https:\\\/\\\/www.altercampagne.net\\\/?p=20684#breadcrumb\"},\"inLanguage\":\"fr-FR\",\"potentialAction\":[{\"@type\":\"ReadAction\",\"target\":[\"https:\\\/\\\/www.altercampagne.net\\\/?p=20684\"]}]},{\"@type\":\"ImageObject\",\"inLanguage\":\"fr-FR\",\"@id\":\"https:\\\/\\\/www.altercampagne.net\\\/?p=20684#primaryimage\",\"url\":\"https:\\\/\\\/www.altercampagne.net\\\/wp-content\\\/uploads\\\/2021\\\/02\\\/autre-soie-article-scaled.jpg\",\"contentUrl\":\"https:\\\/\\\/www.altercampagne.net\\\/wp-content\\\/uploads\\\/2021\\\/02\\\/autre-soie-article-scaled.jpg\",\"width\":2560,\"height\":1336},{\"@type\":\"BreadcrumbList\",\"@id\":\"https:\\\/\\\/www.altercampagne.net\\\/?p=20684#breadcrumb\",\"itemListElement\":[{\"@type\":\"ListItem\",\"position\":1,\"name\":\"Accueil\",\"item\":\"https:\\\/\\\/www.altercampagne.net\\\/\"},{\"@type\":\"ListItem\",\"position\":2,\"name\":\"L\u2019Autre Soie, un lieu pour vivre ensemble\"}]},{\"@type\":\"WebSite\",\"@id\":\"https:\\\/\\\/www.altercampagne.net\\\/#website\",\"url\":\"https:\\\/\\\/www.altercampagne.net\\\/\",\"name\":\"AlterTour\",\"description\":\"Reliez les Alternatives \u00e0 v\u00e9lo\",\"potentialAction\":[{\"@type\":\"SearchAction\",\"target\":{\"@type\":\"EntryPoint\",\"urlTemplate\":\"https:\\\/\\\/www.altercampagne.net\\\/?s={search_term_string}\"},\"query-input\":{\"@type\":\"PropertyValueSpecification\",\"valueRequired\":true,\"valueName\":\"search_term_string\"}}],\"inLanguage\":\"fr-FR\"},{\"@type\":\"Person\",\"@id\":\"https:\\\/\\\/www.altercampagne.net\\\/#\\\/schema\\\/person\\\/308dc295a67929d58321ff6b59820daa\",\"name\":\"Jonas\",\"image\":{\"@type\":\"ImageObject\",\"inLanguage\":\"fr-FR\",\"@id\":\"https:\\\/\\\/secure.gravatar.com\\\/avatar\\\/ade7b451791545d463915f445a8aee91b58c48cdcbc1ab2b8583fa2f30e159e4?s=96&d=mm&r=g\",\"url\":\"https:\\\/\\\/secure.gravatar.com\\\/avatar\\\/ade7b451791545d463915f445a8aee91b58c48cdcbc1ab2b8583fa2f30e159e4?s=96&d=mm&r=g\",\"contentUrl\":\"https:\\\/\\\/secure.gravatar.com\\\/avatar\\\/ade7b451791545d463915f445a8aee91b58c48cdcbc1ab2b8583fa2f30e159e4?s=96&d=mm&r=g\",\"caption\":\"Jonas\"},\"url\":\"https:\\\/\\\/www.altercampagne.net\\\/?author=316\"}]}<\/script>\n<!-- \/ Yoast SEO plugin. -->","yoast_head_json":{"title":"L\u2019Autre Soie, un lieu pour vivre ensemble - AlterTour","robots":{"index":"index","follow":"follow","max-snippet":"max-snippet:-1","max-image-preview":"max-image-preview:large","max-video-preview":"max-video-preview:-1"},"canonical":"https:\/\/www.altercampagne.net\/?p=20684","og_locale":"fr_FR","og_type":"article","og_title":"L\u2019Autre Soie, un lieu pour vivre ensemble - AlterTour","og_description":"L\u2019Autre Soie est un grand projet de solidarit\u00e9 urbaine, d\u2019innovation sociale et culturelle qui r\u00e9unira, sur 23 500 m\u00b2, diff\u00e9rentes formes d\u2019habitat, un \u00e9quipement culturel, des espaces d\u2019accueil, de coworking, avec des fonctions de formation, d\u2019animation et d\u2019\u00e9conomie sociale et solidaire.","og_url":"https:\/\/www.altercampagne.net\/?p=20684","og_site_name":"AlterTour","article_published_time":"2021-02-24T07:37:10+00:00","article_modified_time":"2021-05-06T08:34:53+00:00","og_image":[{"width":2560,"height":1336,"url":"https:\/\/www.altercampagne.net\/wp-content\/uploads\/2021\/02\/autre-soie-article-scaled.jpg","type":"image\/jpeg"}],"author":"Jonas","twitter_card":"summary_large_image","twitter_misc":{"\u00c9crit par":"Jonas","Dur\u00e9e de lecture estim\u00e9e":"2 minutes"},"schema":{"@context":"https:\/\/schema.org","@graph":[{"@type":"Article","@id":"https:\/\/www.altercampagne.net\/?p=20684#article","isPartOf":{"@id":"https:\/\/www.altercampagne.net\/?p=20684"},"author":{"name":"Jonas","@id":"https:\/\/www.altercampagne.net\/#\/schema\/person\/308dc295a67929d58321ff6b59820daa"},"headline":"L\u2019Autre Soie, un lieu pour vivre ensemble","datePublished":"2021-02-24T07:37:10+00:00","dateModified":"2021-05-06T08:34:53+00:00","mainEntityOfPage":{"@id":"https:\/\/www.altercampagne.net\/?p=20684"},"wordCount":502,"image":{"@id":"https:\/\/www.altercampagne.net\/?p=20684#primaryimage"},"thumbnailUrl":"https:\/\/www.altercampagne.net\/wp-content\/uploads\/2021\/02\/autre-soie-article-scaled.jpg","keywords":["habitat collectif","Economie Sociale Solidaire et Ecologique"],"articleSection":["Auvergne-Rh\u00f4ne-Alpes","AlterTour","Culture","Environnement","Habitat","Transverse"],"inLanguage":"fr-FR"},{"@type":"WebPage","@id":"https:\/\/www.altercampagne.net\/?p=20684","url":"https:\/\/www.altercampagne.net\/?p=20684","name":"L\u2019Autre Soie, un lieu pour vivre ensemble - AlterTour","isPartOf":{"@id":"https:\/\/www.altercampagne.net\/#website"},"primaryImageOfPage":{"@id":"https:\/\/www.altercampagne.net\/?p=20684#primaryimage"},"image":{"@id":"https:\/\/www.altercampagne.net\/?p=20684#primaryimage"},"thumbnailUrl":"https:\/\/www.altercampagne.net\/wp-content\/uploads\/2021\/02\/autre-soie-article-scaled.jpg","datePublished":"2021-02-24T07:37:10+00:00","dateModified":"2021-05-06T08:34:53+00:00","author":{"@id":"https:\/\/www.altercampagne.net\/#\/schema\/person\/308dc295a67929d58321ff6b59820daa"},"breadcrumb":{"@id":"https:\/\/www.altercampagne.net\/?p=20684#breadcrumb"},"inLanguage":"fr-FR","potentialAction":[{"@type":"ReadAction","target":["https:\/\/www.altercampagne.net\/?p=20684"]}]},{"@type":"ImageObject","inLanguage":"fr-FR","@id":"https:\/\/www.altercampagne.net\/?p=20684#primaryimage","url":"https:\/\/www.altercampagne.net\/wp-content\/uploads\/2021\/02\/autre-soie-article-scaled.jpg","contentUrl":"https:\/\/www.altercampagne.net\/wp-content\/uploads\/2021\/02\/autre-soie-article-scaled.jpg","width":2560,"height":1336},{"@type":"BreadcrumbList","@id":"https:\/\/www.altercampagne.net\/?p=20684#breadcrumb","itemListElement":[{"@type":"ListItem","position":1,"name":"Accueil","item":"https:\/\/www.altercampagne.net\/"},{"@type":"ListItem","position":2,"name":"L\u2019Autre Soie, un lieu pour vivre ensemble"}]},{"@type":"WebSite","@id":"https:\/\/www.altercampagne.net\/#website","url":"https:\/\/www.altercampagne.net\/","name":"AlterTour","description":"Reliez les Alternatives \u00e0 v\u00e9lo","potentialAction":[{"@type":"SearchAction","target":{"@type":"EntryPoint","urlTemplate":"https:\/\/www.altercampagne.net\/?s={search_term_string}"},"query-input":{"@type":"PropertyValueSpecification","valueRequired":true,"valueName":"search_term_string"}}],"inLanguage":"fr-FR"},{"@type":"Person","@id":"https:\/\/www.altercampagne.net\/#\/schema\/person\/308dc295a67929d58321ff6b59820daa","name":"Jonas","image":{"@type":"ImageObject","inLanguage":"fr-FR","@id":"https:\/\/secure.gravatar.com\/avatar\/ade7b451791545d463915f445a8aee91b58c48cdcbc1ab2b8583fa2f30e159e4?s=96&d=mm&r=g","url":"https:\/\/secure.gravatar.com\/avatar\/ade7b451791545d463915f445a8aee91b58c48cdcbc1ab2b8583fa2f30e159e4?s=96&d=mm&r=g","contentUrl":"https:\/\/secure.gravatar.com\/avatar\/ade7b451791545d463915f445a8aee91b58c48cdcbc1ab2b8583fa2f30e159e4?s=96&d=mm&r=g","caption":"Jonas"},"url":"https:\/\/www.altercampagne.net\/?author=316"}]}},"_links":{"self":[{"href":"https:\/\/www.altercampagne.net\/index.php?rest_route=\/wp\/v2\/posts\/20684","targetHints":{"allow":["GET"]}}],"collection":[{"href":"https:\/\/www.altercampagne.net\/index.php?rest_route=\/wp\/v2\/posts"}],"about":[{"href":"https:\/\/www.altercampagne.net\/index.php?rest_route=\/wp\/v2\/types\/post"}],"author":[{"embeddable":true,"href":"https:\/\/www.altercampagne.net\/index.php?rest_route=\/wp\/v2\/users\/316"}],"replies":[{"embeddable":true,"href":"https:\/\/www.altercampagne.net\/index.php?rest_route=%2Fwp%2Fv2%2Fcomments&post=20684"}],"version-history":[{"count":4,"href":"https:\/\/www.altercampagne.net\/index.php?rest_route=\/wp\/v2\/posts\/20684\/revisions"}],"predecessor-version":[{"id":20704,"href":"https:\/\/www.altercampagne.net\/index.php?rest_route=\/wp\/v2\/posts\/20684\/revisions\/20704"}],"wp:featuredmedia":[{"embeddable":true,"href":"https:\/\/www.altercampagne.net\/index.php?rest_route=\/wp\/v2\/media\/20685"}],"wp:attachment":[{"href":"https:\/\/www.altercampagne.net\/index.php?rest_route=%2Fwp%2Fv2%2Fmedia&parent=20684"}],"wp:term":[{"taxonomy":"category","embeddable":true,"href":"https:\/\/www.altercampagne.net\/index.php?rest_route=%2Fwp%2Fv2%2Fcategories&post=20684"},{"taxonomy":"post_tag","embeddable":true,"href":"https:\/\/www.altercampagne.net\/index.php?rest_route=%2Fwp%2Fv2%2Ftags&post=20684"}],"curies":[{"name":"wp","href":"https:\/\/api.w.org\/{rel}","templated":true}]}}