{"id":20724,"date":"2021-04-06T09:27:29","date_gmt":"2021-04-06T07:27:29","guid":{"rendered":"https:\/\/www.altercampagne.net\/?p=20724"},"modified":"2024-10-28T14:12:07","modified_gmt":"2024-10-28T13:12:07","slug":"au-bieristan-on-remunere-le-travail-pas-le-capital","status":"publish","type":"post","link":"https:\/\/www.altercampagne.net\/?p=20724","title":{"rendered":"Au Bi\u00e8ristan, on r\u00e9mun\u00e8re le travail, pas le capital"},"content":{"rendered":"\n<p>Depuis que nous sommes arriv\u00e9s \u00e0 Villeurbanne, tout le monde nous parle d\u2019un pays fabuleux, une utopie \u00e0 ciel ouvert, ici, dans le quartier Gatte Ciel. Dans ce pays hors du commun, on pratique l\u2019autogestion, les diff\u00e9rences de salaires ne sont dues qu\u2019\u00e0 l\u2019anciennet\u00e9 et on se partage le capital \u00e9quitablement entre salari\u00e9\u00b7e\u00b7s. Dans ce pays, on fonctionne avec des produits bio et locaux et on entretient de belles relations avec les producteurs. Vous connaissez notre go\u00fbt pour l\u2019aventure, on n\u2019a pas r\u00e9sist\u00e9, on a pris nos v\u00e9los et on a visit\u00e9 le <a href=\"https:\/\/www.bieristan.fr\/\">Biersitan<\/a>&nbsp;!<\/p>\n\n\n\n<p>Nous pr\u00e9parons l\u2019exp\u00e9dition, carte en mains, nous \u00e9tudions le trajet entre l\u2019Autre Soie et le Bi\u00e8ristan. Il faudra slalomer joyeusement entre les voitures et les trams pendant quinze minutes pour arriver \u00e0 destination. Max nous a donn\u00e9 rendez-vous \u00e0 l\u2019entr\u00e9e de service. Une fois le portail ouvert, nous garons nos v\u00e9los en quinconce contre le local technique. Nos montures harmonieusement entrepos\u00e9es, nous d\u00e9couvrons une magnifique terrasse ombrag\u00e9e d\u2019un peu plus de 250 m\u00b2.<\/p>\n\n\n\n<p>\u00ab&nbsp;Bienvenue au Bieristan&nbsp;!&nbsp;\u00bb Nous lance Max. \u00ab&nbsp;Installez-vous, on vous pr\u00e9pare des petits caf\u00e9s et on vous pr\u00e9sente le lieu.&nbsp;\u00bb Max est rejoint par K\u00e9vin. Nous regroupons quelques tables \u00e0 l\u2019ombre et la pr\u00e9sentation commence.<\/p>\n\n\n\n<figure class=\"wp-block-image size-large\"><a href=\"https:\/\/www.altercampagne.net\/wp-content\/uploads\/2021\/02\/bieristan-bar-villeurbanne.jpg\"><img loading=\"lazy\" decoding=\"async\" width=\"800\" height=\"534\" src=\"https:\/\/www.altercampagne.net\/wp-content\/uploads\/2021\/02\/bieristan-bar-villeurbanne.jpg\" alt=\"\" class=\"wp-image-20734\" srcset=\"https:\/\/www.altercampagne.net\/wp-content\/uploads\/2021\/02\/bieristan-bar-villeurbanne.jpg 800w, https:\/\/www.altercampagne.net\/wp-content\/uploads\/2021\/02\/bieristan-bar-villeurbanne-300x200.jpg 300w, https:\/\/www.altercampagne.net\/wp-content\/uploads\/2021\/02\/bieristan-bar-villeurbanne-768x513.jpg 768w, https:\/\/www.altercampagne.net\/wp-content\/uploads\/2021\/02\/bieristan-bar-villeurbanne-610x407.jpg 610w, https:\/\/www.altercampagne.net\/wp-content\/uploads\/2021\/02\/bieristan-bar-villeurbanne-100x67.jpg 100w\" sizes=\"auto, (max-width: 800px) 100vw, 800px\" \/><\/a><figcaption class=\"wp-element-caption\">Cr\u00e9dit photo : Bi\u00e8ristan<\/figcaption><\/figure>\n\n\n\n<h4 class=\"wp-block-heading\">16 becs de bi\u00e8res artisanales<\/h4>\n\n\n\n<p>\u00ab&nbsp;Le Biersitan c\u2019est un bar-restaurant implant\u00e9 dans une ancienne usine de textile au c\u0153ur de Villeurbanne. Le bar compte pas moins de 16 becs de bi\u00e8res artisanales, bio et locales (- de 200 km). On organise un roulement entre les f\u00fbts des 19 brasseries partenaires.&nbsp;Nous proposons \u00e9galement du vin nature, des jus de fruit, des limonades artisanales\u2026 La cuisine est maison, de saison, bio et locale, sans oublier les fameuses soir\u00e9es flammekueche cuites au feu de bois.&nbsp;\u00bb<\/p>\n\n\n\n<p>Au d\u00e9part il y deux bandes de copains entre Grenoble et Lyon. De leur aspiration \u00e0 travailler autrement nait une association&nbsp;: les Vers Solidaires, en 2008, puis un bar-restaurant&nbsp;: le <a href=\"https:\/\/www.le-court-circuit.fr\/\">Court-Circuit<\/a>, 2010, \u00e0 la Guilloti\u00e8re \u00e0 Lyon. Cette Soci\u00e9t\u00e9 Coop\u00e9rative et participative (Scop) repose sur deux principes : l&rsquo;approvisionnement en circuits courts et la gestion collective par les dix salari\u00e9s-coop\u00e9rateurs. Apr\u00e8s cinq ans d\u2019exp\u00e9rience, l\u2019\u00e9quipe a envie d\u2019essaimer, de cr\u00e9er d\u2019autres entreprises avec la m\u00eame utopie sociale. La Scop le Bi\u00e8ristan ouvre ses portes en 2015 \u00e0 Villeurbanne, en cinq ans, elle passe de cinq \u00e0 seize salari\u00e9s-coop\u00e9rateurs.<\/p>\n\n\n\n<figure class=\"wp-block-image size-large\"><a href=\"https:\/\/www.altercampagne.net\/wp-content\/uploads\/2021\/02\/75543458_2555886784492045_3220513916178137088_o.jpg\"><img loading=\"lazy\" decoding=\"async\" width=\"800\" height=\"450\" src=\"https:\/\/www.altercampagne.net\/wp-content\/uploads\/2021\/02\/75543458_2555886784492045_3220513916178137088_o.jpg\" alt=\"\" class=\"wp-image-20736\" srcset=\"https:\/\/www.altercampagne.net\/wp-content\/uploads\/2021\/02\/75543458_2555886784492045_3220513916178137088_o.jpg 800w, https:\/\/www.altercampagne.net\/wp-content\/uploads\/2021\/02\/75543458_2555886784492045_3220513916178137088_o-300x169.jpg 300w, https:\/\/www.altercampagne.net\/wp-content\/uploads\/2021\/02\/75543458_2555886784492045_3220513916178137088_o-768x432.jpg 768w, https:\/\/www.altercampagne.net\/wp-content\/uploads\/2021\/02\/75543458_2555886784492045_3220513916178137088_o-610x343.jpg 610w, https:\/\/www.altercampagne.net\/wp-content\/uploads\/2021\/02\/75543458_2555886784492045_3220513916178137088_o-100x56.jpg 100w\" sizes=\"auto, (max-width: 800px) 100vw, 800px\" \/><\/a><figcaption class=\"wp-element-caption\">Cr\u00e9dit photo : Bi\u00e8ristan<\/figcaption><\/figure>\n\n\n\n<h4 class=\"wp-block-heading\">On essaie de casser la verticalit\u00e9<\/h4>\n\n\n\n<p>\u00ab&nbsp;Apr\u00e8s un an d\u2019anciennet\u00e9, les salari\u00e9s deviennent automatiquement associ\u00e9s. On pousse \u00e0 l\u2019autogestion. Quand on rentre dans l\u2019entreprise, tout le monde peut faire des propositions et prendre part aux d\u00e9cisions. Au d\u00e9but, on prenait toutes les d\u00e9cisions ensemble. Mais au-del\u00e0 de 12 salari\u00e9s-coop\u00e9rateurs, \u00e7a devenait compliqu\u00e9. A l\u2019occasion de nos r\u00e9unions hebdomadaires, on \u00e9change une heure en grand groupe et une heure en petit groupe. Quand les sujets d\u00e9passent les pr\u00e9rogatives du petit groupe, ils sont ramen\u00e9s au collectif qui a une force de d\u00e9cision pr\u00e9pond\u00e9rante. On r\u00e9parti les d\u00e9cisions \u00e0 prendre en 3 p\u00f4les&nbsp;: la vie des produits (qui rentrent  et qui sortent), la vie du lieu (la communication int\u00e9rieure\/ext\u00e9rieure, travaux\u2026), la vie salariale (ressources humaines). On recherche la polyvalence&nbsp;: on est tour \u00e0 tour au service, \u00e0 la plonge et on g\u00e8re le lieu en faisant parti d\u2019un des trois p\u00f4les. Tous les salari\u00e9s sont patrons&nbsp;!&nbsp;\u00bb<\/p>\n\n\n\n<h4 class=\"wp-block-heading\">On r\u00e9mun\u00e8re le travail, pas le capital&nbsp;!<\/h4>\n\n\n\n<p>\u00ab&nbsp;L\u2019entreprise ne gagne pas d\u2019argent, 50% des b\u00e9n\u00e9fices sont d\u00e9di\u00e9s \u00e0 l\u2019investissement, les salari\u00e9s se partagent les 50% restants. On d\u00e9bute tous au m\u00eame salaire puis on gagne de l\u2019anciennet\u00e9. On organise un tirage au sort pour d\u00e9signer les d\u00e9l\u00e9gu\u00e9s du personnel. Ils ont un r\u00f4le de m\u00e9diation entre les salari\u00e9s. Tous les deux ans, on organise une \u00e9lection sans candidat pour \u00e9lire les deux co-g\u00e9rants de la Scop. Ils assurent le lien avec les banques, les propri\u00e9taires, la compta&#8230; Les co-g\u00e9rants n\u2019ont pas de r\u00e9mun\u00e9ration suppl\u00e9mentaire pour leur mandat. Tout le monde est pay\u00e9 en fonction de son temps de travail. Les plannings changent r\u00e9guli\u00e8rement, on travaille tous trois soirs par semaine. Chaque salari\u00e9 effectue 29 heures de service et plonge, 4 heures pour le lieu (r\u00e9unions collective, r\u00e9parations, organisation d\u2019\u00e9v\u00e8nements\u2026) et 1 heure pour r\u00e9fl\u00e9chir \u00e0 un projet sans forc\u00e9ment d\u2019objectif pr\u00e9cis.&nbsp;\u00bb<\/p>\n\n\n\n<figure class=\"wp-block-image size-large\"><a href=\"https:\/\/www.altercampagne.net\/wp-content\/uploads\/2021\/02\/87150230_734176710445008_1323102054633177088_o.jpg\"><img loading=\"lazy\" decoding=\"async\" width=\"800\" height=\"450\" src=\"https:\/\/www.altercampagne.net\/wp-content\/uploads\/2021\/02\/87150230_734176710445008_1323102054633177088_o.jpg\" alt=\"\" class=\"wp-image-20737\" srcset=\"https:\/\/www.altercampagne.net\/wp-content\/uploads\/2021\/02\/87150230_734176710445008_1323102054633177088_o.jpg 800w, https:\/\/www.altercampagne.net\/wp-content\/uploads\/2021\/02\/87150230_734176710445008_1323102054633177088_o-300x169.jpg 300w, https:\/\/www.altercampagne.net\/wp-content\/uploads\/2021\/02\/87150230_734176710445008_1323102054633177088_o-768x432.jpg 768w, https:\/\/www.altercampagne.net\/wp-content\/uploads\/2021\/02\/87150230_734176710445008_1323102054633177088_o-610x343.jpg 610w, https:\/\/www.altercampagne.net\/wp-content\/uploads\/2021\/02\/87150230_734176710445008_1323102054633177088_o-100x56.jpg 100w\" sizes=\"auto, (max-width: 800px) 100vw, 800px\" \/><\/a><figcaption class=\"wp-element-caption\">Cr\u00e9dit photo : Le GrEnADe<\/figcaption><\/figure>\n\n\n\n<h4 class=\"wp-block-heading\">B\u00e2tir une alternative concr\u00e8te au syst\u00e8me \u00e9conomique actuel<\/h4>\n\n\n\n<p>En 2016, les \u00e9quipes du Court-Circuit et du Bi\u00e8ristan cr\u00e9ent le Groupement d&rsquo;Entreprises Alternatives en D\u00e9veloppement&nbsp;: <a href=\"https:\/\/www.le-grenade.fr\/\">Le GrEnADe<\/a>. Cette Soci\u00e9t\u00e9 Coop\u00e9rative d\u2019Int\u00e9r\u00eat Collectif (SCIC) permet de mutualiser la comptabilit\u00e9, l\u2019analyse financi\u00e8re, la veille juridique, la formation professionnelle\u2026 C\u2019est \u00e9galement un espace de diffusion des valeurs d\u2019artisanat, d\u2019autogestion et de circuit-court. Les deux entreprises ont \u00e9tablit une charte commune sur les salaires et sur les produits. Rapidement, l\u2019\u00c9picerie <a href=\"http:\/\/www.le-grenade.fr\/membres\/de-lautre-cote-de-la-rue\">de l\u2019Autre C\u00f4t\u00e9 de la Rue<\/a> (proche du Court-Circuit) a rejoint l\u2019aventure. Un des objectifs principaux du GrEnADe est d\u2019accompagner les projets coop\u00e9ratifs d\u2019anciens salari\u00e9s du Court-Circuit, du Bi\u00e8ristan et de l\u2019Autre C\u00f4t\u00e9 de la Rue. En trois ans, la Scic a vu na\u00eetre cinq projets&nbsp;: La <a href=\"http:\/\/bhbbrasserieartisanale.blogspot.com\/\">brasserie du Haut Buech<\/a>, L\u2019<a href=\"https:\/\/aubergedeboffres.fr\/\">Auberge de Boffres,<\/a> La <a href=\"https:\/\/www.facebook.com\/La-Goupille-111191606957498\/?ref=page_internal\">Goupille<\/a>, <a href=\"https:\/\/www.le-grenade.fr\/membres\/magma-terra\/\">Magma terra<\/a> et <a href=\"https:\/\/la-machine-brasserie.fr\/\">La Machine<\/a>. La famille du GrEnADe s\u2019agrandit et ce n\u2019est qu\u2019un d\u00e9but&nbsp;!<\/p>\n\n\n\n<p class=\"has-text-align-right\"><strong>Mathieu<\/strong><\/p>\n\n\n\n<p class=\"has-text-align-right has-white-color has-text-color has-link-color wp-elements-a4aa24d78238929c7e9692586657b2af\"><strong>Mathieu Fromont, <a href=\"https:\/\/www.facebook.com\/BrasseriePlumeJurassienne\" target=\"_blank\" rel=\"noreferrer noopener\">Brasserie Plume Jurassienne<\/a><\/strong><\/p>\n\n\n\n<p><span class=\"visually-hidden\">Mathieu Fromont <a href=\"https:\/\/www.facebook.com\/BrasseriePlumeJurassienne\">Brasserie Plume Jurassienne<\/a> (Cramans, Jura)<\/span><\/p>\n\n\n\n<iframe loading=\"lazy\" src=\"https:\/\/www.youtube.com\/embed\/alk-IbQ_G28\" allow=\"accelerometer; autoplay; clipboard-write; encrypted-media; gyroscope; picture-in-picture\" allowfullscreen=\"\" width=\"560\" height=\"315\" frameborder=\"0\"><\/iframe>\n","protected":false},"excerpt":{"rendered":"<p>\u00ab\u00a0Le Biersitan c\u2019est un bar-restaurant implant\u00e9 dans une ancienne usine de textile au c\u0153ur de Villeurbanne. Le bar compte pas moins de 16 becs de bi\u00e8res artisanales, bio et locales (- de 200 km). On organise un roulement entre les f\u00fbts des 19 brasseries partenaires.\u00a0Nous proposons \u00e9galement du vin nature, des jus de fruit, des limonades artisanales\u2026 La cuisine est maison, de saison, bio et locale, sans oublier les fameuses soir\u00e9es flammekueche cuites au feu de bois.\u00a0\u00bb<\/p>\n","protected":false},"author":214,"featured_media":20725,"comment_status":"closed","ping_status":"closed","sticky":false,"template":"","format":"standard","meta":{"footnotes":""},"categories":[3471,4313,3489,4037,3967,3486,3488],"tags":[552,950,1102,1727,4296,4297,4298,4299,4300,4301,4302,4303,4450,4454,4466],"class_list":["post-20724","post","type-post","status-publish","format-standard","has-post-thumbnail","hentry","category-auvergne-rhone-alpes","category-altertour","category-alimentation","category-biere","category-edition-2020","category-environnement","category-social","tag-mathieu-fromont","tag-biere","tag-court-circuit","tag-scop","tag-bieristan","tag-villeurbanne","tag-grenade","tag-de-lautre-cote-de-la-rue","tag-brasserie-du-haut-buech","tag-auberge-du-boffres","tag-la-goupille","tag-magma-terra","tag-brasserie-plume-jurassienne","tag-brasserie-plume","tag-brasserie-artisanale"],"yoast_head":"<!-- This site is optimized with the Yoast SEO plugin v27.3 - https:\/\/yoast.com\/product\/yoast-seo-wordpress\/ -->\n<title>Au Bi\u00e8ristan, on r\u00e9mun\u00e8re le travail, pas le capital - AlterTour<\/title>\n<meta name=\"robots\" content=\"index, follow, max-snippet:-1, max-image-preview:large, max-video-preview:-1\" \/>\n<link rel=\"canonical\" href=\"https:\/\/www.altercampagne.net\/?p=20724\" \/>\n<meta property=\"og:locale\" content=\"fr_FR\" \/>\n<meta property=\"og:type\" content=\"article\" \/>\n<meta property=\"og:title\" content=\"Au Bi\u00e8ristan, on r\u00e9mun\u00e8re le travail, pas le capital - AlterTour\" \/>\n<meta property=\"og:description\" content=\"\u00ab\u00a0Le Biersitan c\u2019est un bar-restaurant implant\u00e9 dans une ancienne usine de textile au c\u0153ur de Villeurbanne. Le bar compte pas moins de 16 becs de bi\u00e8res artisanales, bio et locales (- de 200 km). On organise un roulement entre les f\u00fbts des 19 brasseries partenaires.\u00a0Nous proposons \u00e9galement du vin nature, des jus de fruit, des limonades artisanales\u2026 La cuisine est maison, de saison, bio et locale, sans oublier les fameuses soir\u00e9es flammekueche cuites au feu de bois.\u00a0\u00bb\" \/>\n<meta property=\"og:url\" content=\"https:\/\/www.altercampagne.net\/?p=20724\" \/>\n<meta property=\"og:site_name\" content=\"AlterTour\" \/>\n<meta property=\"article:published_time\" content=\"2021-04-06T07:27:29+00:00\" \/>\n<meta property=\"article:modified_time\" content=\"2024-10-28T13:12:07+00:00\" \/>\n<meta property=\"og:image\" content=\"https:\/\/www.altercampagne.net\/wp-content\/uploads\/2021\/02\/bieristan_youcantbuybuy-35.jpg\" \/>\n\t<meta property=\"og:image:width\" content=\"839\" \/>\n\t<meta property=\"og:image:height\" content=\"440\" \/>\n\t<meta property=\"og:image:type\" content=\"image\/jpeg\" \/>\n<meta name=\"author\" content=\"Mathieu\" \/>\n<meta name=\"twitter:card\" content=\"summary_large_image\" \/>\n<meta name=\"twitter:label1\" content=\"\u00c9crit par\" \/>\n\t<meta name=\"twitter:data1\" content=\"Mathieu\" \/>\n\t<meta name=\"twitter:label2\" content=\"Dur\u00e9e de lecture estim\u00e9e\" \/>\n\t<meta name=\"twitter:data2\" content=\"6 minutes\" \/>\n<script type=\"application\/ld+json\" class=\"yoast-schema-graph\">{\"@context\":\"https:\\\/\\\/schema.org\",\"@graph\":[{\"@type\":\"Article\",\"@id\":\"https:\\\/\\\/www.altercampagne.net\\\/?p=20724#article\",\"isPartOf\":{\"@id\":\"https:\\\/\\\/www.altercampagne.net\\\/?p=20724\"},\"author\":{\"name\":\"Mathieu\",\"@id\":\"https:\\\/\\\/www.altercampagne.net\\\/#\\\/schema\\\/person\\\/0f261460c09e430caa0f9bcffa319109\"},\"headline\":\"Au Bi\u00e8ristan, on r\u00e9mun\u00e8re le travail, pas le capital\",\"datePublished\":\"2021-04-06T07:27:29+00:00\",\"dateModified\":\"2024-10-28T13:12:07+00:00\",\"mainEntityOfPage\":{\"@id\":\"https:\\\/\\\/www.altercampagne.net\\\/?p=20724\"},\"wordCount\":1017,\"image\":{\"@id\":\"https:\\\/\\\/www.altercampagne.net\\\/?p=20724#primaryimage\"},\"thumbnailUrl\":\"https:\\\/\\\/www.altercampagne.net\\\/wp-content\\\/uploads\\\/2021\\\/02\\\/bieristan_youcantbuybuy-35.jpg\",\"keywords\":[\"Mathieu Fromont\",\"bi\u00e8re\",\"court-circuit\",\"SCOP\",\"Bieristan\",\"Villeurbanne\",\"GrEnADe\",\"De l&#039;autre c\u00f4t\u00e9 de la rue\",\"Brasserie du Haut Buech\",\"auberge du Boffres\",\"la goupille\",\"Magma Terra\",\"Brasserie Plume Jurassienne\",\"brasserie plume\",\"Brasserie Artisanale\"],\"articleSection\":[\"Auvergne-Rh\u00f4ne-Alpes\",\"AlterTour\",\"Alimentation\",\"Bi\u00e8re\",\"Edition 2020\",\"Environnement\",\"Social\"],\"inLanguage\":\"fr-FR\"},{\"@type\":\"WebPage\",\"@id\":\"https:\\\/\\\/www.altercampagne.net\\\/?p=20724\",\"url\":\"https:\\\/\\\/www.altercampagne.net\\\/?p=20724\",\"name\":\"Au Bi\u00e8ristan, on r\u00e9mun\u00e8re le travail, pas le capital - AlterTour\",\"isPartOf\":{\"@id\":\"https:\\\/\\\/www.altercampagne.net\\\/#website\"},\"primaryImageOfPage\":{\"@id\":\"https:\\\/\\\/www.altercampagne.net\\\/?p=20724#primaryimage\"},\"image\":{\"@id\":\"https:\\\/\\\/www.altercampagne.net\\\/?p=20724#primaryimage\"},\"thumbnailUrl\":\"https:\\\/\\\/www.altercampagne.net\\\/wp-content\\\/uploads\\\/2021\\\/02\\\/bieristan_youcantbuybuy-35.jpg\",\"datePublished\":\"2021-04-06T07:27:29+00:00\",\"dateModified\":\"2024-10-28T13:12:07+00:00\",\"author\":{\"@id\":\"https:\\\/\\\/www.altercampagne.net\\\/#\\\/schema\\\/person\\\/0f261460c09e430caa0f9bcffa319109\"},\"breadcrumb\":{\"@id\":\"https:\\\/\\\/www.altercampagne.net\\\/?p=20724#breadcrumb\"},\"inLanguage\":\"fr-FR\",\"potentialAction\":[{\"@type\":\"ReadAction\",\"target\":[\"https:\\\/\\\/www.altercampagne.net\\\/?p=20724\"]}]},{\"@type\":\"ImageObject\",\"inLanguage\":\"fr-FR\",\"@id\":\"https:\\\/\\\/www.altercampagne.net\\\/?p=20724#primaryimage\",\"url\":\"https:\\\/\\\/www.altercampagne.net\\\/wp-content\\\/uploads\\\/2021\\\/02\\\/bieristan_youcantbuybuy-35.jpg\",\"contentUrl\":\"https:\\\/\\\/www.altercampagne.net\\\/wp-content\\\/uploads\\\/2021\\\/02\\\/bieristan_youcantbuybuy-35.jpg\",\"width\":839,\"height\":440},{\"@type\":\"BreadcrumbList\",\"@id\":\"https:\\\/\\\/www.altercampagne.net\\\/?p=20724#breadcrumb\",\"itemListElement\":[{\"@type\":\"ListItem\",\"position\":1,\"name\":\"Accueil\",\"item\":\"https:\\\/\\\/www.altercampagne.net\\\/\"},{\"@type\":\"ListItem\",\"position\":2,\"name\":\"Au Bi\u00e8ristan, on r\u00e9mun\u00e8re le travail, pas le capital\"}]},{\"@type\":\"WebSite\",\"@id\":\"https:\\\/\\\/www.altercampagne.net\\\/#website\",\"url\":\"https:\\\/\\\/www.altercampagne.net\\\/\",\"name\":\"AlterTour\",\"description\":\"Reliez les Alternatives \u00e0 v\u00e9lo\",\"potentialAction\":[{\"@type\":\"SearchAction\",\"target\":{\"@type\":\"EntryPoint\",\"urlTemplate\":\"https:\\\/\\\/www.altercampagne.net\\\/?s={search_term_string}\"},\"query-input\":{\"@type\":\"PropertyValueSpecification\",\"valueRequired\":true,\"valueName\":\"search_term_string\"}}],\"inLanguage\":\"fr-FR\"},{\"@type\":\"Person\",\"@id\":\"https:\\\/\\\/www.altercampagne.net\\\/#\\\/schema\\\/person\\\/0f261460c09e430caa0f9bcffa319109\",\"name\":\"Mathieu\",\"image\":{\"@type\":\"ImageObject\",\"inLanguage\":\"fr-FR\",\"@id\":\"https:\\\/\\\/secure.gravatar.com\\\/avatar\\\/aa9d3d24c83f2141e5e2709d0f63d09a99f6be6bb7a50abc4915838d9f54501a?s=96&d=mm&r=g\",\"url\":\"https:\\\/\\\/secure.gravatar.com\\\/avatar\\\/aa9d3d24c83f2141e5e2709d0f63d09a99f6be6bb7a50abc4915838d9f54501a?s=96&d=mm&r=g\",\"contentUrl\":\"https:\\\/\\\/secure.gravatar.com\\\/avatar\\\/aa9d3d24c83f2141e5e2709d0f63d09a99f6be6bb7a50abc4915838d9f54501a?s=96&d=mm&r=g\",\"caption\":\"Mathieu\"},\"url\":\"https:\\\/\\\/www.altercampagne.net\\\/?author=214\"}]}<\/script>\n<!-- \/ Yoast SEO plugin. -->","yoast_head_json":{"title":"Au Bi\u00e8ristan, on r\u00e9mun\u00e8re le travail, pas le capital - AlterTour","robots":{"index":"index","follow":"follow","max-snippet":"max-snippet:-1","max-image-preview":"max-image-preview:large","max-video-preview":"max-video-preview:-1"},"canonical":"https:\/\/www.altercampagne.net\/?p=20724","og_locale":"fr_FR","og_type":"article","og_title":"Au Bi\u00e8ristan, on r\u00e9mun\u00e8re le travail, pas le capital - AlterTour","og_description":"\u00ab\u00a0Le Biersitan c\u2019est un bar-restaurant implant\u00e9 dans une ancienne usine de textile au c\u0153ur de Villeurbanne. Le bar compte pas moins de 16 becs de bi\u00e8res artisanales, bio et locales (- de 200 km). On organise un roulement entre les f\u00fbts des 19 brasseries partenaires.\u00a0Nous proposons \u00e9galement du vin nature, des jus de fruit, des limonades artisanales\u2026 La cuisine est maison, de saison, bio et locale, sans oublier les fameuses soir\u00e9es flammekueche cuites au feu de bois.\u00a0\u00bb","og_url":"https:\/\/www.altercampagne.net\/?p=20724","og_site_name":"AlterTour","article_published_time":"2021-04-06T07:27:29+00:00","article_modified_time":"2024-10-28T13:12:07+00:00","og_image":[{"width":839,"height":440,"url":"https:\/\/www.altercampagne.net\/wp-content\/uploads\/2021\/02\/bieristan_youcantbuybuy-35.jpg","type":"image\/jpeg"}],"author":"Mathieu","twitter_card":"summary_large_image","twitter_misc":{"\u00c9crit par":"Mathieu","Dur\u00e9e de lecture estim\u00e9e":"6 minutes"},"schema":{"@context":"https:\/\/schema.org","@graph":[{"@type":"Article","@id":"https:\/\/www.altercampagne.net\/?p=20724#article","isPartOf":{"@id":"https:\/\/www.altercampagne.net\/?p=20724"},"author":{"name":"Mathieu","@id":"https:\/\/www.altercampagne.net\/#\/schema\/person\/0f261460c09e430caa0f9bcffa319109"},"headline":"Au Bi\u00e8ristan, on r\u00e9mun\u00e8re le travail, pas le capital","datePublished":"2021-04-06T07:27:29+00:00","dateModified":"2024-10-28T13:12:07+00:00","mainEntityOfPage":{"@id":"https:\/\/www.altercampagne.net\/?p=20724"},"wordCount":1017,"image":{"@id":"https:\/\/www.altercampagne.net\/?p=20724#primaryimage"},"thumbnailUrl":"https:\/\/www.altercampagne.net\/wp-content\/uploads\/2021\/02\/bieristan_youcantbuybuy-35.jpg","keywords":["Mathieu Fromont","bi\u00e8re","court-circuit","SCOP","Bieristan","Villeurbanne","GrEnADe","De l&#039;autre c\u00f4t\u00e9 de la rue","Brasserie du Haut Buech","auberge du Boffres","la goupille","Magma Terra","Brasserie Plume Jurassienne","brasserie plume","Brasserie Artisanale"],"articleSection":["Auvergne-Rh\u00f4ne-Alpes","AlterTour","Alimentation","Bi\u00e8re","Edition 2020","Environnement","Social"],"inLanguage":"fr-FR"},{"@type":"WebPage","@id":"https:\/\/www.altercampagne.net\/?p=20724","url":"https:\/\/www.altercampagne.net\/?p=20724","name":"Au Bi\u00e8ristan, on r\u00e9mun\u00e8re le travail, pas le capital - AlterTour","isPartOf":{"@id":"https:\/\/www.altercampagne.net\/#website"},"primaryImageOfPage":{"@id":"https:\/\/www.altercampagne.net\/?p=20724#primaryimage"},"image":{"@id":"https:\/\/www.altercampagne.net\/?p=20724#primaryimage"},"thumbnailUrl":"https:\/\/www.altercampagne.net\/wp-content\/uploads\/2021\/02\/bieristan_youcantbuybuy-35.jpg","datePublished":"2021-04-06T07:27:29+00:00","dateModified":"2024-10-28T13:12:07+00:00","author":{"@id":"https:\/\/www.altercampagne.net\/#\/schema\/person\/0f261460c09e430caa0f9bcffa319109"},"breadcrumb":{"@id":"https:\/\/www.altercampagne.net\/?p=20724#breadcrumb"},"inLanguage":"fr-FR","potentialAction":[{"@type":"ReadAction","target":["https:\/\/www.altercampagne.net\/?p=20724"]}]},{"@type":"ImageObject","inLanguage":"fr-FR","@id":"https:\/\/www.altercampagne.net\/?p=20724#primaryimage","url":"https:\/\/www.altercampagne.net\/wp-content\/uploads\/2021\/02\/bieristan_youcantbuybuy-35.jpg","contentUrl":"https:\/\/www.altercampagne.net\/wp-content\/uploads\/2021\/02\/bieristan_youcantbuybuy-35.jpg","width":839,"height":440},{"@type":"BreadcrumbList","@id":"https:\/\/www.altercampagne.net\/?p=20724#breadcrumb","itemListElement":[{"@type":"ListItem","position":1,"name":"Accueil","item":"https:\/\/www.altercampagne.net\/"},{"@type":"ListItem","position":2,"name":"Au Bi\u00e8ristan, on r\u00e9mun\u00e8re le travail, pas le capital"}]},{"@type":"WebSite","@id":"https:\/\/www.altercampagne.net\/#website","url":"https:\/\/www.altercampagne.net\/","name":"AlterTour","description":"Reliez les Alternatives \u00e0 v\u00e9lo","potentialAction":[{"@type":"SearchAction","target":{"@type":"EntryPoint","urlTemplate":"https:\/\/www.altercampagne.net\/?s={search_term_string}"},"query-input":{"@type":"PropertyValueSpecification","valueRequired":true,"valueName":"search_term_string"}}],"inLanguage":"fr-FR"},{"@type":"Person","@id":"https:\/\/www.altercampagne.net\/#\/schema\/person\/0f261460c09e430caa0f9bcffa319109","name":"Mathieu","image":{"@type":"ImageObject","inLanguage":"fr-FR","@id":"https:\/\/secure.gravatar.com\/avatar\/aa9d3d24c83f2141e5e2709d0f63d09a99f6be6bb7a50abc4915838d9f54501a?s=96&d=mm&r=g","url":"https:\/\/secure.gravatar.com\/avatar\/aa9d3d24c83f2141e5e2709d0f63d09a99f6be6bb7a50abc4915838d9f54501a?s=96&d=mm&r=g","contentUrl":"https:\/\/secure.gravatar.com\/avatar\/aa9d3d24c83f2141e5e2709d0f63d09a99f6be6bb7a50abc4915838d9f54501a?s=96&d=mm&r=g","caption":"Mathieu"},"url":"https:\/\/www.altercampagne.net\/?author=214"}]}},"_links":{"self":[{"href":"https:\/\/www.altercampagne.net\/index.php?rest_route=\/wp\/v2\/posts\/20724","targetHints":{"allow":["GET"]}}],"collection":[{"href":"https:\/\/www.altercampagne.net\/index.php?rest_route=\/wp\/v2\/posts"}],"about":[{"href":"https:\/\/www.altercampagne.net\/index.php?rest_route=\/wp\/v2\/types\/post"}],"author":[{"embeddable":true,"href":"https:\/\/www.altercampagne.net\/index.php?rest_route=\/wp\/v2\/users\/214"}],"replies":[{"embeddable":true,"href":"https:\/\/www.altercampagne.net\/index.php?rest_route=%2Fwp%2Fv2%2Fcomments&post=20724"}],"version-history":[{"count":22,"href":"https:\/\/www.altercampagne.net\/index.php?rest_route=\/wp\/v2\/posts\/20724\/revisions"}],"predecessor-version":[{"id":28822,"href":"https:\/\/www.altercampagne.net\/index.php?rest_route=\/wp\/v2\/posts\/20724\/revisions\/28822"}],"wp:featuredmedia":[{"embeddable":true,"href":"https:\/\/www.altercampagne.net\/index.php?rest_route=\/wp\/v2\/media\/20725"}],"wp:attachment":[{"href":"https:\/\/www.altercampagne.net\/index.php?rest_route=%2Fwp%2Fv2%2Fmedia&parent=20724"}],"wp:term":[{"taxonomy":"category","embeddable":true,"href":"https:\/\/www.altercampagne.net\/index.php?rest_route=%2Fwp%2Fv2%2Fcategories&post=20724"},{"taxonomy":"post_tag","embeddable":true,"href":"https:\/\/www.altercampagne.net\/index.php?rest_route=%2Fwp%2Fv2%2Ftags&post=20724"}],"curies":[{"name":"wp","href":"https:\/\/api.w.org\/{rel}","templated":true}]}}