{"id":20764,"date":"2021-03-01T15:31:00","date_gmt":"2021-03-01T14:31:00","guid":{"rendered":"https:\/\/www.altercampagne.net\/?p=20764"},"modified":"2021-05-06T10:34:53","modified_gmt":"2021-05-06T08:34:53","slug":"rdv-les-27-et-28-mars","status":"publish","type":"post","link":"https:\/\/www.altercampagne.net\/?p=20764","title":{"rendered":"RDV les 27 et 28 mars !"},"content":{"rendered":"\n<p>Pour le 5e week-end de pr\u00e9paration de l&rsquo;AlterTour, on rencontre, sur Zoom, les personnes qui accueilleront l&rsquo;AlterTour cet \u00e9t\u00e9 <img loading=\"lazy\" decoding=\"async\" alt=\"&#x1f642;\" src=\"https:\/\/static.xx.fbcdn.net\/images\/emoji.php\/v9\/ta5\/1.5\/16\/1f642.png\" width=\"16\" height=\"16\"><\/p>\n\n\n\n<p>Au programme, rencontrer, r\u00eaver le programme de cet \u00e9t\u00e9 et s\u2019organiser pour qu\u2019il devienne r\u00e9alit\u00e9 !<\/p>\n\n\n\n<p>D\u00e9tail du programme ci-dessous. Viens nous rejoindre sur zoom : <a href=\"https:\/\/zoom.us\/j\/98696942301?pwd=KzNMak5KbVhWamxRVkExZ3VFZERuZz09\" target=\"_blank\" rel=\"noreferrer noopener\">https:\/\/zoom.us\/j\/98696942301?pwd=KzNMak5KbVhWamxRVkExZ3VFZERuZz09<\/a><\/p>\n\n\n\n<p>Nicolas et Ivan<\/p>\n\n\n\n<p>PROGRAMME<br><\/p>\n\n\n\n<p>Samedi<br>09h00-09h30 : Accueil et lancement de la journ\u00e9e<br>09h30-10h00 : Brise glace, pr\u00e9sentation de la journ\u00e9e, distribution des r\u00f4les<br>10h00-10h30 : Restitution coll\u00e8ge solidaire<br>10h30-12h00 : Pr\u00e9sentation et mini-formation sur les ateliers (du samedi apr\u00e8s-midi et du dimanche matin)<br>12h00-13h30 : Repas<br>13h30-15h00 : Brise glace, distribution r\u00f4les<br>Tour de pr\u00e9sentation des Accueillants<br>15h00-15h30 : Pause<br>15h30-17h30 : R\u00e9partition en atelier<br>17h30-18h00 : Cl\u00f4ture de la journ\u00e9e<\/p>\n\n\n\n<p>Dimanche<br>09h00-09h30 : Accueil et lancement de la journ\u00e9e<br>09h30-10h30 : Brise glace (15min), distribution r\u00f4les<br>Tour de pr\u00e9sentation des Accueillants<br>10h30-11h00 : Pause<br>11h00-12h30 : R\u00e9partition en atelier<br>12h30-13h00 : Cl\u00f4ture de la matin\u00e9e<\/p>\n\n\n\n<p>EN PRATIQUE<br>Cette r\u00e9union est \u00e0 destination des personnes, collectifs, associations, entreprises qui accueillent l&rsquo;AlterTour 2021 et de l&rsquo;\u00e9quipe d&rsquo;orga de l&rsquo;AlterTour.Tu peux juste venir faire un coucou, rester 1h, 1 journ\u00e9e ou tout le week-end.<\/p>\n\n\n\n<p class=\"has-text-align-right\"><strong>Cr\u00e9dit photo : <a href=\"https:\/\/zzz.zaclys.com\/AT2020-Du-21-juillet-au-1er-aout-Orianne,a75,86857\">Orianne Drouet<\/a><\/strong><\/p>\n","protected":false},"excerpt":{"rendered":"<p>Pour le 5e week-end de pr\u00e9paration de l&rsquo;AlterTour, on rencontre, sur Zoom, les personnes qui accueilleront l&rsquo;AlterTour cet \u00e9t\u00e9 &#x1f642;  Au programme, rencontrer, r\u00eaver le programme de cet \u00e9t\u00e9 et s\u2019organiser pour qu\u2019il devienne r\u00e9alit\u00e9 !<\/p>\n","protected":false},"author":214,"featured_media":20765,"comment_status":"closed","ping_status":"closed","sticky":false,"template":"","format":"standard","meta":{"footnotes":""},"categories":[4313,4198,3539],"tags":[358,434,3848,4228],"class_list":["post-20764","post","type-post","status-publish","format-standard","has-post-thumbnail","hentry","category-altertour","category-edition-2021","category-we-de-preparation","tag-altertour","tag-pleniere","tag-accueillants","tag-zoom"],"yoast_head":"<!-- This site is optimized with the Yoast SEO plugin v27.3 - https:\/\/yoast.com\/product\/yoast-seo-wordpress\/ -->\n<title>RDV les 27 et 28 mars ! - AlterTour<\/title>\n<meta name=\"robots\" content=\"index, follow, max-snippet:-1, max-image-preview:large, max-video-preview:-1\" \/>\n<link rel=\"canonical\" href=\"https:\/\/www.altercampagne.net\/?p=20764\" \/>\n<meta property=\"og:locale\" content=\"fr_FR\" \/>\n<meta property=\"og:type\" content=\"article\" \/>\n<meta property=\"og:title\" content=\"RDV les 27 et 28 mars ! - AlterTour\" \/>\n<meta property=\"og:description\" content=\"Pour le 5e week-end de pr\u00e9paration de l&#039;AlterTour, on rencontre, sur Zoom, les personnes qui accueilleront l&#039;AlterTour cet \u00e9t\u00e9 &#x1f642; Au programme, rencontrer, r\u00eaver le programme de cet \u00e9t\u00e9 et s\u2019organiser pour qu\u2019il devienne r\u00e9alit\u00e9 !\" \/>\n<meta property=\"og:url\" content=\"https:\/\/www.altercampagne.net\/?p=20764\" \/>\n<meta property=\"og:site_name\" content=\"AlterTour\" \/>\n<meta property=\"article:published_time\" content=\"2021-03-01T14:31:00+00:00\" \/>\n<meta property=\"article:modified_time\" content=\"2021-05-06T08:34:53+00:00\" \/>\n<meta property=\"og:image\" content=\"https:\/\/www.altercampagne.net\/wp-content\/uploads\/2021\/03\/MG_9867.jpg\" \/>\n\t<meta property=\"og:image:width\" content=\"800\" \/>\n\t<meta property=\"og:image:height\" content=\"420\" \/>\n\t<meta property=\"og:image:type\" content=\"image\/jpeg\" \/>\n<meta name=\"author\" content=\"Mathieu\" \/>\n<meta name=\"twitter:card\" content=\"summary_large_image\" \/>\n<meta name=\"twitter:label1\" content=\"\u00c9crit par\" \/>\n\t<meta name=\"twitter:data1\" content=\"Mathieu\" \/>\n\t<meta name=\"twitter:label2\" content=\"Dur\u00e9e de lecture estim\u00e9e\" \/>\n\t<meta name=\"twitter:data2\" content=\"1 minute\" \/>\n<script type=\"application\/ld+json\" class=\"yoast-schema-graph\">{\"@context\":\"https:\\\/\\\/schema.org\",\"@graph\":[{\"@type\":\"Article\",\"@id\":\"https:\\\/\\\/www.altercampagne.net\\\/?p=20764#article\",\"isPartOf\":{\"@id\":\"https:\\\/\\\/www.altercampagne.net\\\/?p=20764\"},\"author\":{\"name\":\"Mathieu\",\"@id\":\"https:\\\/\\\/www.altercampagne.net\\\/#\\\/schema\\\/person\\\/0f261460c09e430caa0f9bcffa319109\"},\"headline\":\"RDV les 27 et 28 mars !\",\"datePublished\":\"2021-03-01T14:31:00+00:00\",\"dateModified\":\"2021-05-06T08:34:53+00:00\",\"mainEntityOfPage\":{\"@id\":\"https:\\\/\\\/www.altercampagne.net\\\/?p=20764\"},\"wordCount\":244,\"image\":{\"@id\":\"https:\\\/\\\/www.altercampagne.net\\\/?p=20764#primaryimage\"},\"thumbnailUrl\":\"https:\\\/\\\/www.altercampagne.net\\\/wp-content\\\/uploads\\\/2021\\\/03\\\/MG_9867.jpg\",\"keywords\":[\"AlterTour\",\"pl\u00e9ni\u00e8re\",\"accueillants\",\"zoom\"],\"articleSection\":[\"AlterTour\",\"Edition 2021\",\"WE de pr\u00e9paration\"],\"inLanguage\":\"fr-FR\"},{\"@type\":\"WebPage\",\"@id\":\"https:\\\/\\\/www.altercampagne.net\\\/?p=20764\",\"url\":\"https:\\\/\\\/www.altercampagne.net\\\/?p=20764\",\"name\":\"RDV les 27 et 28 mars ! - AlterTour\",\"isPartOf\":{\"@id\":\"https:\\\/\\\/www.altercampagne.net\\\/#website\"},\"primaryImageOfPage\":{\"@id\":\"https:\\\/\\\/www.altercampagne.net\\\/?p=20764#primaryimage\"},\"image\":{\"@id\":\"https:\\\/\\\/www.altercampagne.net\\\/?p=20764#primaryimage\"},\"thumbnailUrl\":\"https:\\\/\\\/www.altercampagne.net\\\/wp-content\\\/uploads\\\/2021\\\/03\\\/MG_9867.jpg\",\"datePublished\":\"2021-03-01T14:31:00+00:00\",\"dateModified\":\"2021-05-06T08:34:53+00:00\",\"author\":{\"@id\":\"https:\\\/\\\/www.altercampagne.net\\\/#\\\/schema\\\/person\\\/0f261460c09e430caa0f9bcffa319109\"},\"breadcrumb\":{\"@id\":\"https:\\\/\\\/www.altercampagne.net\\\/?p=20764#breadcrumb\"},\"inLanguage\":\"fr-FR\",\"potentialAction\":[{\"@type\":\"ReadAction\",\"target\":[\"https:\\\/\\\/www.altercampagne.net\\\/?p=20764\"]}]},{\"@type\":\"ImageObject\",\"inLanguage\":\"fr-FR\",\"@id\":\"https:\\\/\\\/www.altercampagne.net\\\/?p=20764#primaryimage\",\"url\":\"https:\\\/\\\/www.altercampagne.net\\\/wp-content\\\/uploads\\\/2021\\\/03\\\/MG_9867.jpg\",\"contentUrl\":\"https:\\\/\\\/www.altercampagne.net\\\/wp-content\\\/uploads\\\/2021\\\/03\\\/MG_9867.jpg\",\"width\":800,\"height\":420},{\"@type\":\"BreadcrumbList\",\"@id\":\"https:\\\/\\\/www.altercampagne.net\\\/?p=20764#breadcrumb\",\"itemListElement\":[{\"@type\":\"ListItem\",\"position\":1,\"name\":\"Accueil\",\"item\":\"https:\\\/\\\/www.altercampagne.net\\\/\"},{\"@type\":\"ListItem\",\"position\":2,\"name\":\"RDV les 27 et 28 mars !\"}]},{\"@type\":\"WebSite\",\"@id\":\"https:\\\/\\\/www.altercampagne.net\\\/#website\",\"url\":\"https:\\\/\\\/www.altercampagne.net\\\/\",\"name\":\"AlterTour\",\"description\":\"Reliez les Alternatives \u00e0 v\u00e9lo\",\"potentialAction\":[{\"@type\":\"SearchAction\",\"target\":{\"@type\":\"EntryPoint\",\"urlTemplate\":\"https:\\\/\\\/www.altercampagne.net\\\/?s={search_term_string}\"},\"query-input\":{\"@type\":\"PropertyValueSpecification\",\"valueRequired\":true,\"valueName\":\"search_term_string\"}}],\"inLanguage\":\"fr-FR\"},{\"@type\":\"Person\",\"@id\":\"https:\\\/\\\/www.altercampagne.net\\\/#\\\/schema\\\/person\\\/0f261460c09e430caa0f9bcffa319109\",\"name\":\"Mathieu\",\"image\":{\"@type\":\"ImageObject\",\"inLanguage\":\"fr-FR\",\"@id\":\"https:\\\/\\\/secure.gravatar.com\\\/avatar\\\/aa9d3d24c83f2141e5e2709d0f63d09a99f6be6bb7a50abc4915838d9f54501a?s=96&d=mm&r=g\",\"url\":\"https:\\\/\\\/secure.gravatar.com\\\/avatar\\\/aa9d3d24c83f2141e5e2709d0f63d09a99f6be6bb7a50abc4915838d9f54501a?s=96&d=mm&r=g\",\"contentUrl\":\"https:\\\/\\\/secure.gravatar.com\\\/avatar\\\/aa9d3d24c83f2141e5e2709d0f63d09a99f6be6bb7a50abc4915838d9f54501a?s=96&d=mm&r=g\",\"caption\":\"Mathieu\"},\"url\":\"https:\\\/\\\/www.altercampagne.net\\\/?author=214\"}]}<\/script>\n<!-- \/ Yoast SEO plugin. -->","yoast_head_json":{"title":"RDV les 27 et 28 mars ! - AlterTour","robots":{"index":"index","follow":"follow","max-snippet":"max-snippet:-1","max-image-preview":"max-image-preview:large","max-video-preview":"max-video-preview:-1"},"canonical":"https:\/\/www.altercampagne.net\/?p=20764","og_locale":"fr_FR","og_type":"article","og_title":"RDV les 27 et 28 mars ! - AlterTour","og_description":"Pour le 5e week-end de pr\u00e9paration de l'AlterTour, on rencontre, sur Zoom, les personnes qui accueilleront l'AlterTour cet \u00e9t\u00e9 &#x1f642; Au programme, rencontrer, r\u00eaver le programme de cet \u00e9t\u00e9 et s\u2019organiser pour qu\u2019il devienne r\u00e9alit\u00e9 !","og_url":"https:\/\/www.altercampagne.net\/?p=20764","og_site_name":"AlterTour","article_published_time":"2021-03-01T14:31:00+00:00","article_modified_time":"2021-05-06T08:34:53+00:00","og_image":[{"width":800,"height":420,"url":"https:\/\/www.altercampagne.net\/wp-content\/uploads\/2021\/03\/MG_9867.jpg","type":"image\/jpeg"}],"author":"Mathieu","twitter_card":"summary_large_image","twitter_misc":{"\u00c9crit par":"Mathieu","Dur\u00e9e de lecture estim\u00e9e":"1 minute"},"schema":{"@context":"https:\/\/schema.org","@graph":[{"@type":"Article","@id":"https:\/\/www.altercampagne.net\/?p=20764#article","isPartOf":{"@id":"https:\/\/www.altercampagne.net\/?p=20764"},"author":{"name":"Mathieu","@id":"https:\/\/www.altercampagne.net\/#\/schema\/person\/0f261460c09e430caa0f9bcffa319109"},"headline":"RDV les 27 et 28 mars !","datePublished":"2021-03-01T14:31:00+00:00","dateModified":"2021-05-06T08:34:53+00:00","mainEntityOfPage":{"@id":"https:\/\/www.altercampagne.net\/?p=20764"},"wordCount":244,"image":{"@id":"https:\/\/www.altercampagne.net\/?p=20764#primaryimage"},"thumbnailUrl":"https:\/\/www.altercampagne.net\/wp-content\/uploads\/2021\/03\/MG_9867.jpg","keywords":["AlterTour","pl\u00e9ni\u00e8re","accueillants","zoom"],"articleSection":["AlterTour","Edition 2021","WE de pr\u00e9paration"],"inLanguage":"fr-FR"},{"@type":"WebPage","@id":"https:\/\/www.altercampagne.net\/?p=20764","url":"https:\/\/www.altercampagne.net\/?p=20764","name":"RDV les 27 et 28 mars ! - AlterTour","isPartOf":{"@id":"https:\/\/www.altercampagne.net\/#website"},"primaryImageOfPage":{"@id":"https:\/\/www.altercampagne.net\/?p=20764#primaryimage"},"image":{"@id":"https:\/\/www.altercampagne.net\/?p=20764#primaryimage"},"thumbnailUrl":"https:\/\/www.altercampagne.net\/wp-content\/uploads\/2021\/03\/MG_9867.jpg","datePublished":"2021-03-01T14:31:00+00:00","dateModified":"2021-05-06T08:34:53+00:00","author":{"@id":"https:\/\/www.altercampagne.net\/#\/schema\/person\/0f261460c09e430caa0f9bcffa319109"},"breadcrumb":{"@id":"https:\/\/www.altercampagne.net\/?p=20764#breadcrumb"},"inLanguage":"fr-FR","potentialAction":[{"@type":"ReadAction","target":["https:\/\/www.altercampagne.net\/?p=20764"]}]},{"@type":"ImageObject","inLanguage":"fr-FR","@id":"https:\/\/www.altercampagne.net\/?p=20764#primaryimage","url":"https:\/\/www.altercampagne.net\/wp-content\/uploads\/2021\/03\/MG_9867.jpg","contentUrl":"https:\/\/www.altercampagne.net\/wp-content\/uploads\/2021\/03\/MG_9867.jpg","width":800,"height":420},{"@type":"BreadcrumbList","@id":"https:\/\/www.altercampagne.net\/?p=20764#breadcrumb","itemListElement":[{"@type":"ListItem","position":1,"name":"Accueil","item":"https:\/\/www.altercampagne.net\/"},{"@type":"ListItem","position":2,"name":"RDV les 27 et 28 mars !"}]},{"@type":"WebSite","@id":"https:\/\/www.altercampagne.net\/#website","url":"https:\/\/www.altercampagne.net\/","name":"AlterTour","description":"Reliez les Alternatives \u00e0 v\u00e9lo","potentialAction":[{"@type":"SearchAction","target":{"@type":"EntryPoint","urlTemplate":"https:\/\/www.altercampagne.net\/?s={search_term_string}"},"query-input":{"@type":"PropertyValueSpecification","valueRequired":true,"valueName":"search_term_string"}}],"inLanguage":"fr-FR"},{"@type":"Person","@id":"https:\/\/www.altercampagne.net\/#\/schema\/person\/0f261460c09e430caa0f9bcffa319109","name":"Mathieu","image":{"@type":"ImageObject","inLanguage":"fr-FR","@id":"https:\/\/secure.gravatar.com\/avatar\/aa9d3d24c83f2141e5e2709d0f63d09a99f6be6bb7a50abc4915838d9f54501a?s=96&d=mm&r=g","url":"https:\/\/secure.gravatar.com\/avatar\/aa9d3d24c83f2141e5e2709d0f63d09a99f6be6bb7a50abc4915838d9f54501a?s=96&d=mm&r=g","contentUrl":"https:\/\/secure.gravatar.com\/avatar\/aa9d3d24c83f2141e5e2709d0f63d09a99f6be6bb7a50abc4915838d9f54501a?s=96&d=mm&r=g","caption":"Mathieu"},"url":"https:\/\/www.altercampagne.net\/?author=214"}]}},"_links":{"self":[{"href":"https:\/\/www.altercampagne.net\/index.php?rest_route=\/wp\/v2\/posts\/20764","targetHints":{"allow":["GET"]}}],"collection":[{"href":"https:\/\/www.altercampagne.net\/index.php?rest_route=\/wp\/v2\/posts"}],"about":[{"href":"https:\/\/www.altercampagne.net\/index.php?rest_route=\/wp\/v2\/types\/post"}],"author":[{"embeddable":true,"href":"https:\/\/www.altercampagne.net\/index.php?rest_route=\/wp\/v2\/users\/214"}],"replies":[{"embeddable":true,"href":"https:\/\/www.altercampagne.net\/index.php?rest_route=%2Fwp%2Fv2%2Fcomments&post=20764"}],"version-history":[{"count":4,"href":"https:\/\/www.altercampagne.net\/index.php?rest_route=\/wp\/v2\/posts\/20764\/revisions"}],"predecessor-version":[{"id":21026,"href":"https:\/\/www.altercampagne.net\/index.php?rest_route=\/wp\/v2\/posts\/20764\/revisions\/21026"}],"wp:featuredmedia":[{"embeddable":true,"href":"https:\/\/www.altercampagne.net\/index.php?rest_route=\/wp\/v2\/media\/20765"}],"wp:attachment":[{"href":"https:\/\/www.altercampagne.net\/index.php?rest_route=%2Fwp%2Fv2%2Fmedia&parent=20764"}],"wp:term":[{"taxonomy":"category","embeddable":true,"href":"https:\/\/www.altercampagne.net\/index.php?rest_route=%2Fwp%2Fv2%2Fcategories&post=20764"},{"taxonomy":"post_tag","embeddable":true,"href":"https:\/\/www.altercampagne.net\/index.php?rest_route=%2Fwp%2Fv2%2Ftags&post=20764"}],"curies":[{"name":"wp","href":"https:\/\/api.w.org\/{rel}","templated":true}]}}