{"id":21150,"date":"2021-04-19T14:48:57","date_gmt":"2021-04-19T12:48:57","guid":{"rendered":"https:\/\/www.altercampagne.net\/?p=21150"},"modified":"2021-05-06T10:34:52","modified_gmt":"2021-05-06T08:34:52","slug":"laltertour-se-prepare-a-la-rencontre-de-nos-accueillant-es","status":"publish","type":"post","link":"https:\/\/www.altercampagne.net\/?p=21150","title":{"rendered":"L&rsquo;AlterTour se pr\u00e9pare : \u00e0 la rencontre de nos accueillant\u00b7e\u00b7s !"},"content":{"rendered":"\n<h4 class=\"wp-block-heading\"><em><strong>Fin mars a eu lieu un nouveau week-end de pr\u00e9paration ! <\/strong><\/em><\/h4>\n\n\n\n<p><strong>Pour ce Temps fort de l&rsquo;organisation, se sont retrouv\u00e9\u00b7e\u00b7s futur\u00b7e\u00b7s accueillant\u00b7e\u00b7s de l&rsquo;AlterTour, pr\u00e9parateur\u00b7rices d&rsquo;\u00e9tapes et autres curieux.ses L&rsquo;occasion de mettre des visages sur des noms et d&rsquo;en savoir toujours plus sur le programme qui nous attend cet \u00e9t\u00e9 !&nbsp;<\/strong><\/p>\n\n\n\n<h4 class=\"wp-block-heading\">Une entr\u00e9e en mati\u00e8re du tonnerre<\/h4>\n\n\n\n<p>Un moment de flottement hors du temps : une main, un pied, un visage, un pied, une autre main, un autre visage. La consigne \u00e9tant de les faire appara\u00eetre derri\u00e8re son \u00e9cran, le tout en musique ! La lamentation des oiseaux du \u201cchien lune\u201d (Traduction litt\u00e9rale du morceau \u00e9cout\u00e9 \u00e0 ce moment-l\u00e0 : Birds Lament de Moondog).<\/p>\n\n\n\n<p>Id\u00e9al pour se pr\u00e9senter ensuite aux un.es et aux autres en toute confiance et d\u00e9contraction. On a presque regrett\u00e9 de ne pas avoir enregistr\u00e9 cette s\u00e9quence pour vous la diffuser.<\/p>\n\n\n\n<h4 class=\"wp-block-heading\">Qui va l\u00e0\u00a0?<\/h4>\n\n\n\n<p>Un grand merci \u00e0 toutes les personnes pr\u00e9sentes ce weekend&nbsp;! Ci-dessous, la liste et le lien vers le site de chacun.e des futur.e.s accueillant\u00b7e\u00b7s&nbsp;:&nbsp;<\/p>\n\n\n\n<ul class=\"wp-block-list\"><li><a href=\"https:\/\/fr-fr.facebook.com\/moulindelarbalete\/\" target=\"_blank\" rel=\"noreferrer noopener\">Moulin arbal\u00e8te <\/a><\/li><li><a href=\"https:\/\/www.greenpeace.fr\/rouen\/\" target=\"_blank\" rel=\"noreferrer noopener\">Greenpeace Rouen&nbsp;<\/a><\/li><li><a href=\"https:\/\/www.doc-cd.net\/levaldespossibles\/ http:\/\/www.wot.latrottineuse.com\/fr\/vie-simple-world-open-tour\/\" target=\"_blank\" rel=\"noreferrer noopener\">Val des possibles<\/a><\/li><li><a href=\"https:\/\/www.ecofarmlab.org\/\" target=\"_blank\" rel=\"noreferrer noopener\">La Barberie<\/a><\/li><li>La Ferme exp\u00e9rimentale du <strong>CAVIAR<\/strong><\/li><li><a href=\"http:\/\/mlc-rance.fr\/\" target=\"_blank\" rel=\"noreferrer noopener\">La Maillette<\/a><\/li><li><a href=\"http:\/\/asso-boquen.fr\/\" target=\"_blank\" rel=\"noreferrer noopener\">Poulancre<\/a><\/li><li><a href=\"https:\/\/wwoof.fr\/host\/148-Le-Bois-Landelle-Le-Pre-Vert\" target=\"_blank\" rel=\"noreferrer noopener\">Le Bois Landelle<\/a><\/li><li><a href=\"http:\/\/i.c.art.free.fr\" target=\"_blank\" rel=\"noreferrer noopener\">ICArt<\/a><\/li><li>Le temps des Merises<\/li><li><a href=\"https:\/\/www.asl-rouen.fr\/\" target=\"_blank\" rel=\"noreferrer noopener\">Lubrizol<\/a><\/li><li><a href=\"https:\/\/www.tierslieularbre.org\/\" target=\"_blank\" rel=\"noreferrer noopener\">Tiers lieu l\u2019arbre<\/a><a href=\"https:\/\/www.q-ateliers.com\"> <\/a><\/li><li><a href=\"https:\/\/www.q-ateliers.com\" target=\"_blank\" rel=\"noreferrer noopener\">Q Atelier<\/a><\/li><li><a href=\"https:\/\/www.hameaux-legers.org\/\" target=\"_blank\" rel=\"noreferrer noopener\">Hameaux L\u00e9ger<\/a><\/li><li><a href=\"https:\/\/www.halteauxmareesvertes.org\" target=\"_blank\" rel=\"noreferrer noopener\">Halte aux mar\u00e9es vertes<\/a><\/li><li><a href=\"http:\/\/www.kernavelo.org\/\" target=\"_blank\" rel=\"noreferrer noopener\">Kernav\u00e9lo<\/a> <\/li><li><a href=\"http:\/\/www.alterrebreizh.org\/\" target=\"_blank\" rel=\"noreferrer noopener\">Al\u2019terre Breizh<\/a><\/li><\/ul>\n\n\n\n<h4 class=\"wp-block-heading\">Et pour quoi faire\u00a0?\u00a0<\/h4>\n\n\n\n<p>Ce temps nous a permis de faire un point efficace sur les chantiers en cours. Logistique, parcours, programme, communication et&#8230; charge mentale. Tous ces ateliers ont eu lieu sur deux demi-journ\u00e9es et ont permis de se mettre \u00e0 jour sur les besoins de chacun\u00b7e. Ainsi que sur les points de vigilance et de pr\u00e9paration \u00e0 aborder pour que le parcours de cet \u00e9t\u00e9 soit une nouvelle d\u00e9monstration r\u00e9ussie d\u2019intelligence et de prise de d\u00e9cision collective.<\/p>\n\n\n\n<p>L\u2019atelier communication nous a permis de rappeler l\u2019importance d\u2019\u00eatre relay\u00e9s dans les diff\u00e9rentes presses locales, et via les r\u00e9seaux des alternatives rencontr\u00e9s, l\u2019objectif \u00e9tant d\u2019attirer des altercyclistes locaux. <\/p>\n\n\n\n<h4 class=\"wp-block-heading\">Un atelier sur la charge mentale <\/h4>\n\n\n\n<p>La quoi ? La charge cognitive que repr\u00e9sente l&rsquo;organisation de toutes les t\u00e2ches \u00e0 effectuer dans un projet, qu&rsquo;il s&rsquo;agisse de la gestion d&rsquo;un foyer ou d&rsquo;une association. A la maison, ce travail permanent, invisible et \u00e9puisant repose en grande majorit\u00e9 sur les femmes. Heureusement, nos accueillant.e.s nous ont assur\u00e9 que ce n&rsquo;\u00e9tait pas vraiment le cas dans leurs projets, et certain.es nous ont partag\u00e9 leurs bonnes pratiques pour une juste r\u00e9partition non seulement des t\u00e2ches, mais aussi de leur planification !&nbsp;<\/p>\n\n\n\n<h4 class=\"wp-block-heading\">Nouveau r\u00f4le de d\u00e9positaire de l&rsquo;\u00e9galit\u00e9\u00a0<\/h4>\n\n\n\n<p>Le groupe de travail f\u00e9minisme \u00e0 l&rsquo;AlterTour (qui pr\u00e9pare \u00e9galement une \u00c9chapp\u00e9e Belle sur ce m\u00eame th\u00e8me) a propos\u00e9 \u00e0 l&rsquo;exp\u00e9rimentation un nouveau r\u00f4le \u00e0 distribuer lors des diff\u00e9rents rassemblements (en compl\u00e9ment des r\u00f4les d\u00e9j\u00e0 existants d&rsquo;observateur\u00b7rice des \u00e9motions, de gardien du temps, de gardien.ne du sujet et de scribe). Il s&rsquo;agit d&rsquo;observer les dynamiques de genre lors des prises de paroles. Alors selon vous, peut-il incarner un nouvel outil pour aider \u00e0 la d\u00e9construction des habitus issus du syst\u00e8me patriarcal qui nous conditionnent malgr\u00e9 nous ? Ou bien est-ce un outil qui vient alourdir le temps de r\u00e9partition des t\u00e2ches, au sein d&rsquo;une m\u00e9canique collective d\u00e9j\u00e0 bien huil\u00e9e et \u00e9galitaire ? Chacun.e son avis. N\u00e9anmoins tout le monde a accept\u00e9 de jouer le jeu. On en saura plus sur le compte rendu de cette exp\u00e9rimentation lors de la prochaine rencontre entre altercyclistes !<\/p>\n\n\n\n<p>On pense fort \u00e0 vous et on se motive pour organiser au mieux nos retrouvailles.<\/p>\n\n\n\n<p>Rejoignons-nous !<\/p>\n","protected":false},"excerpt":{"rendered":"<p>Fin mars a eu lieu un nouveau week-end de pr\u00e9paration ! Pour ce Temps fort de l&rsquo;organisation, se sont retrouv\u00e9\u00b7e\u00b7s futur\u00b7e\u00b7s accueillant\u00b7e\u00b7s de l&rsquo;AlterTour, pr\u00e9parateur\u00b7rices d&rsquo;\u00e9tapes et autres curieux.ses L&rsquo;occasion de mettre des visages sur des noms et d&rsquo;en savoir toujours plus sur le programme qui nous attend cet \u00e9t\u00e9 &#8230; <\/p>\n<div><a href=\"https:\/\/www.altercampagne.net\/?p=21150\" class=\"more-link\">Read More<\/a><\/div>\n","protected":false},"author":369,"featured_media":21428,"comment_status":"closed","ping_status":"closed","sticky":false,"template":"","format":"standard","meta":{"footnotes":""},"categories":[4313,4198,3539],"tags":[4281],"class_list":["post-21150","post","type-post","status-publish","format-standard","has-post-thumbnail","hentry","category-altertour","category-edition-2021","category-we-de-preparation","tag-week-end-de-preparation"],"yoast_head":"<!-- This site is optimized with the Yoast SEO plugin v27.3 - https:\/\/yoast.com\/product\/yoast-seo-wordpress\/ -->\n<title>L&#039;AlterTour se pr\u00e9pare : \u00e0 la rencontre de nos accueillant\u00b7e\u00b7s ! - AlterTour<\/title>\n<meta name=\"description\" content=\"Fin mars a eu lieu un nouveau week-end de pr\u00e9paration ! L&#039;occasion de mettre des visages sur des noms et d&#039;en savoir toujours plus sur le programme qui nous attend cet \u00e9t\u00e9 ! AlterTour\" \/>\n<meta name=\"robots\" content=\"index, follow, max-snippet:-1, max-image-preview:large, max-video-preview:-1\" \/>\n<link rel=\"canonical\" href=\"https:\/\/www.altercampagne.net\/?p=21150\" \/>\n<meta property=\"og:locale\" content=\"fr_FR\" \/>\n<meta property=\"og:type\" content=\"article\" \/>\n<meta property=\"og:title\" content=\"L&#039;AlterTour se pr\u00e9pare : \u00e0 la rencontre de nos accueillant\u00b7e\u00b7s ! - AlterTour\" \/>\n<meta property=\"og:description\" content=\"Fin mars a eu lieu un nouveau week-end de pr\u00e9paration ! L&#039;occasion de mettre des visages sur des noms et d&#039;en savoir toujours plus sur le programme qui nous attend cet \u00e9t\u00e9 ! AlterTour\" \/>\n<meta property=\"og:url\" content=\"https:\/\/www.altercampagne.net\/?p=21150\" \/>\n<meta property=\"og:site_name\" content=\"AlterTour\" \/>\n<meta property=\"article:published_time\" content=\"2021-04-19T12:48:57+00:00\" \/>\n<meta property=\"article:modified_time\" content=\"2021-05-06T08:34:52+00:00\" \/>\n<meta property=\"og:image\" content=\"https:\/\/www.altercampagne.net\/wp-content\/uploads\/2021\/04\/DSC06646-862x575-1.jpg\" \/>\n\t<meta property=\"og:image:width\" content=\"1200\" \/>\n\t<meta property=\"og:image:height\" content=\"630\" \/>\n\t<meta property=\"og:image:type\" content=\"image\/jpeg\" \/>\n<meta name=\"author\" content=\"Luca\" \/>\n<meta name=\"twitter:card\" content=\"summary_large_image\" \/>\n<meta name=\"twitter:label1\" content=\"\u00c9crit par\" \/>\n\t<meta name=\"twitter:data1\" content=\"Luca\" \/>\n\t<meta name=\"twitter:label2\" content=\"Dur\u00e9e de lecture estim\u00e9e\" \/>\n\t<meta name=\"twitter:data2\" content=\"3 minutes\" \/>\n<script type=\"application\/ld+json\" class=\"yoast-schema-graph\">{\"@context\":\"https:\\\/\\\/schema.org\",\"@graph\":[{\"@type\":\"Article\",\"@id\":\"https:\\\/\\\/www.altercampagne.net\\\/?p=21150#article\",\"isPartOf\":{\"@id\":\"https:\\\/\\\/www.altercampagne.net\\\/?p=21150\"},\"author\":{\"name\":\"Luca\",\"@id\":\"https:\\\/\\\/www.altercampagne.net\\\/#\\\/schema\\\/person\\\/1b37145a4a9cb324666bcc8d526e63ba\"},\"headline\":\"L&rsquo;AlterTour se pr\u00e9pare : \u00e0 la rencontre de nos accueillant\u00b7e\u00b7s !\",\"datePublished\":\"2021-04-19T12:48:57+00:00\",\"dateModified\":\"2021-05-06T08:34:52+00:00\",\"mainEntityOfPage\":{\"@id\":\"https:\\\/\\\/www.altercampagne.net\\\/?p=21150\"},\"wordCount\":669,\"image\":{\"@id\":\"https:\\\/\\\/www.altercampagne.net\\\/?p=21150#primaryimage\"},\"thumbnailUrl\":\"https:\\\/\\\/www.altercampagne.net\\\/wp-content\\\/uploads\\\/2021\\\/04\\\/DSC06646-862x575-1.jpg\",\"keywords\":[\"Week-end de pr\u00e9paration\"],\"articleSection\":[\"AlterTour\",\"Edition 2021\",\"WE de pr\u00e9paration\"],\"inLanguage\":\"fr-FR\"},{\"@type\":\"WebPage\",\"@id\":\"https:\\\/\\\/www.altercampagne.net\\\/?p=21150\",\"url\":\"https:\\\/\\\/www.altercampagne.net\\\/?p=21150\",\"name\":\"L'AlterTour se pr\u00e9pare : \u00e0 la rencontre de nos accueillant\u00b7e\u00b7s ! - AlterTour\",\"isPartOf\":{\"@id\":\"https:\\\/\\\/www.altercampagne.net\\\/#website\"},\"primaryImageOfPage\":{\"@id\":\"https:\\\/\\\/www.altercampagne.net\\\/?p=21150#primaryimage\"},\"image\":{\"@id\":\"https:\\\/\\\/www.altercampagne.net\\\/?p=21150#primaryimage\"},\"thumbnailUrl\":\"https:\\\/\\\/www.altercampagne.net\\\/wp-content\\\/uploads\\\/2021\\\/04\\\/DSC06646-862x575-1.jpg\",\"datePublished\":\"2021-04-19T12:48:57+00:00\",\"dateModified\":\"2021-05-06T08:34:52+00:00\",\"author\":{\"@id\":\"https:\\\/\\\/www.altercampagne.net\\\/#\\\/schema\\\/person\\\/1b37145a4a9cb324666bcc8d526e63ba\"},\"description\":\"Fin mars a eu lieu un nouveau week-end de pr\u00e9paration ! L'occasion de mettre des visages sur des noms et d'en savoir toujours plus sur le programme qui nous attend cet \u00e9t\u00e9 ! AlterTour\",\"breadcrumb\":{\"@id\":\"https:\\\/\\\/www.altercampagne.net\\\/?p=21150#breadcrumb\"},\"inLanguage\":\"fr-FR\",\"potentialAction\":[{\"@type\":\"ReadAction\",\"target\":[\"https:\\\/\\\/www.altercampagne.net\\\/?p=21150\"]}]},{\"@type\":\"ImageObject\",\"inLanguage\":\"fr-FR\",\"@id\":\"https:\\\/\\\/www.altercampagne.net\\\/?p=21150#primaryimage\",\"url\":\"https:\\\/\\\/www.altercampagne.net\\\/wp-content\\\/uploads\\\/2021\\\/04\\\/DSC06646-862x575-1.jpg\",\"contentUrl\":\"https:\\\/\\\/www.altercampagne.net\\\/wp-content\\\/uploads\\\/2021\\\/04\\\/DSC06646-862x575-1.jpg\",\"width\":1200,\"height\":630},{\"@type\":\"BreadcrumbList\",\"@id\":\"https:\\\/\\\/www.altercampagne.net\\\/?p=21150#breadcrumb\",\"itemListElement\":[{\"@type\":\"ListItem\",\"position\":1,\"name\":\"Accueil\",\"item\":\"https:\\\/\\\/www.altercampagne.net\\\/\"},{\"@type\":\"ListItem\",\"position\":2,\"name\":\"L&rsquo;AlterTour se pr\u00e9pare : \u00e0 la rencontre de nos accueillant\u00b7e\u00b7s !\"}]},{\"@type\":\"WebSite\",\"@id\":\"https:\\\/\\\/www.altercampagne.net\\\/#website\",\"url\":\"https:\\\/\\\/www.altercampagne.net\\\/\",\"name\":\"AlterTour\",\"description\":\"Reliez les Alternatives \u00e0 v\u00e9lo\",\"potentialAction\":[{\"@type\":\"SearchAction\",\"target\":{\"@type\":\"EntryPoint\",\"urlTemplate\":\"https:\\\/\\\/www.altercampagne.net\\\/?s={search_term_string}\"},\"query-input\":{\"@type\":\"PropertyValueSpecification\",\"valueRequired\":true,\"valueName\":\"search_term_string\"}}],\"inLanguage\":\"fr-FR\"},{\"@type\":\"Person\",\"@id\":\"https:\\\/\\\/www.altercampagne.net\\\/#\\\/schema\\\/person\\\/1b37145a4a9cb324666bcc8d526e63ba\",\"name\":\"Luca\",\"image\":{\"@type\":\"ImageObject\",\"inLanguage\":\"fr-FR\",\"@id\":\"https:\\\/\\\/secure.gravatar.com\\\/avatar\\\/0ff319c7bc46fb33a6f5f583756cdc840fd94f653b15790b4d7398876f0a26b1?s=96&d=mm&r=g\",\"url\":\"https:\\\/\\\/secure.gravatar.com\\\/avatar\\\/0ff319c7bc46fb33a6f5f583756cdc840fd94f653b15790b4d7398876f0a26b1?s=96&d=mm&r=g\",\"contentUrl\":\"https:\\\/\\\/secure.gravatar.com\\\/avatar\\\/0ff319c7bc46fb33a6f5f583756cdc840fd94f653b15790b4d7398876f0a26b1?s=96&d=mm&r=g\",\"caption\":\"Luca\"},\"url\":\"https:\\\/\\\/www.altercampagne.net\\\/?author=369\"}]}<\/script>\n<!-- \/ Yoast SEO plugin. -->","yoast_head_json":{"title":"L'AlterTour se pr\u00e9pare : \u00e0 la rencontre de nos accueillant\u00b7e\u00b7s ! - AlterTour","description":"Fin mars a eu lieu un nouveau week-end de pr\u00e9paration ! L'occasion de mettre des visages sur des noms et d'en savoir toujours plus sur le programme qui nous attend cet \u00e9t\u00e9 ! AlterTour","robots":{"index":"index","follow":"follow","max-snippet":"max-snippet:-1","max-image-preview":"max-image-preview:large","max-video-preview":"max-video-preview:-1"},"canonical":"https:\/\/www.altercampagne.net\/?p=21150","og_locale":"fr_FR","og_type":"article","og_title":"L'AlterTour se pr\u00e9pare : \u00e0 la rencontre de nos accueillant\u00b7e\u00b7s ! - AlterTour","og_description":"Fin mars a eu lieu un nouveau week-end de pr\u00e9paration ! L'occasion de mettre des visages sur des noms et d'en savoir toujours plus sur le programme qui nous attend cet \u00e9t\u00e9 ! AlterTour","og_url":"https:\/\/www.altercampagne.net\/?p=21150","og_site_name":"AlterTour","article_published_time":"2021-04-19T12:48:57+00:00","article_modified_time":"2021-05-06T08:34:52+00:00","og_image":[{"width":1200,"height":630,"url":"https:\/\/www.altercampagne.net\/wp-content\/uploads\/2021\/04\/DSC06646-862x575-1.jpg","type":"image\/jpeg"}],"author":"Luca","twitter_card":"summary_large_image","twitter_misc":{"\u00c9crit par":"Luca","Dur\u00e9e de lecture estim\u00e9e":"3 minutes"},"schema":{"@context":"https:\/\/schema.org","@graph":[{"@type":"Article","@id":"https:\/\/www.altercampagne.net\/?p=21150#article","isPartOf":{"@id":"https:\/\/www.altercampagne.net\/?p=21150"},"author":{"name":"Luca","@id":"https:\/\/www.altercampagne.net\/#\/schema\/person\/1b37145a4a9cb324666bcc8d526e63ba"},"headline":"L&rsquo;AlterTour se pr\u00e9pare : \u00e0 la rencontre de nos accueillant\u00b7e\u00b7s !","datePublished":"2021-04-19T12:48:57+00:00","dateModified":"2021-05-06T08:34:52+00:00","mainEntityOfPage":{"@id":"https:\/\/www.altercampagne.net\/?p=21150"},"wordCount":669,"image":{"@id":"https:\/\/www.altercampagne.net\/?p=21150#primaryimage"},"thumbnailUrl":"https:\/\/www.altercampagne.net\/wp-content\/uploads\/2021\/04\/DSC06646-862x575-1.jpg","keywords":["Week-end de pr\u00e9paration"],"articleSection":["AlterTour","Edition 2021","WE de pr\u00e9paration"],"inLanguage":"fr-FR"},{"@type":"WebPage","@id":"https:\/\/www.altercampagne.net\/?p=21150","url":"https:\/\/www.altercampagne.net\/?p=21150","name":"L'AlterTour se pr\u00e9pare : \u00e0 la rencontre de nos accueillant\u00b7e\u00b7s ! - AlterTour","isPartOf":{"@id":"https:\/\/www.altercampagne.net\/#website"},"primaryImageOfPage":{"@id":"https:\/\/www.altercampagne.net\/?p=21150#primaryimage"},"image":{"@id":"https:\/\/www.altercampagne.net\/?p=21150#primaryimage"},"thumbnailUrl":"https:\/\/www.altercampagne.net\/wp-content\/uploads\/2021\/04\/DSC06646-862x575-1.jpg","datePublished":"2021-04-19T12:48:57+00:00","dateModified":"2021-05-06T08:34:52+00:00","author":{"@id":"https:\/\/www.altercampagne.net\/#\/schema\/person\/1b37145a4a9cb324666bcc8d526e63ba"},"description":"Fin mars a eu lieu un nouveau week-end de pr\u00e9paration ! L'occasion de mettre des visages sur des noms et d'en savoir toujours plus sur le programme qui nous attend cet \u00e9t\u00e9 ! AlterTour","breadcrumb":{"@id":"https:\/\/www.altercampagne.net\/?p=21150#breadcrumb"},"inLanguage":"fr-FR","potentialAction":[{"@type":"ReadAction","target":["https:\/\/www.altercampagne.net\/?p=21150"]}]},{"@type":"ImageObject","inLanguage":"fr-FR","@id":"https:\/\/www.altercampagne.net\/?p=21150#primaryimage","url":"https:\/\/www.altercampagne.net\/wp-content\/uploads\/2021\/04\/DSC06646-862x575-1.jpg","contentUrl":"https:\/\/www.altercampagne.net\/wp-content\/uploads\/2021\/04\/DSC06646-862x575-1.jpg","width":1200,"height":630},{"@type":"BreadcrumbList","@id":"https:\/\/www.altercampagne.net\/?p=21150#breadcrumb","itemListElement":[{"@type":"ListItem","position":1,"name":"Accueil","item":"https:\/\/www.altercampagne.net\/"},{"@type":"ListItem","position":2,"name":"L&rsquo;AlterTour se pr\u00e9pare : \u00e0 la rencontre de nos accueillant\u00b7e\u00b7s !"}]},{"@type":"WebSite","@id":"https:\/\/www.altercampagne.net\/#website","url":"https:\/\/www.altercampagne.net\/","name":"AlterTour","description":"Reliez les Alternatives \u00e0 v\u00e9lo","potentialAction":[{"@type":"SearchAction","target":{"@type":"EntryPoint","urlTemplate":"https:\/\/www.altercampagne.net\/?s={search_term_string}"},"query-input":{"@type":"PropertyValueSpecification","valueRequired":true,"valueName":"search_term_string"}}],"inLanguage":"fr-FR"},{"@type":"Person","@id":"https:\/\/www.altercampagne.net\/#\/schema\/person\/1b37145a4a9cb324666bcc8d526e63ba","name":"Luca","image":{"@type":"ImageObject","inLanguage":"fr-FR","@id":"https:\/\/secure.gravatar.com\/avatar\/0ff319c7bc46fb33a6f5f583756cdc840fd94f653b15790b4d7398876f0a26b1?s=96&d=mm&r=g","url":"https:\/\/secure.gravatar.com\/avatar\/0ff319c7bc46fb33a6f5f583756cdc840fd94f653b15790b4d7398876f0a26b1?s=96&d=mm&r=g","contentUrl":"https:\/\/secure.gravatar.com\/avatar\/0ff319c7bc46fb33a6f5f583756cdc840fd94f653b15790b4d7398876f0a26b1?s=96&d=mm&r=g","caption":"Luca"},"url":"https:\/\/www.altercampagne.net\/?author=369"}]}},"_links":{"self":[{"href":"https:\/\/www.altercampagne.net\/index.php?rest_route=\/wp\/v2\/posts\/21150","targetHints":{"allow":["GET"]}}],"collection":[{"href":"https:\/\/www.altercampagne.net\/index.php?rest_route=\/wp\/v2\/posts"}],"about":[{"href":"https:\/\/www.altercampagne.net\/index.php?rest_route=\/wp\/v2\/types\/post"}],"author":[{"embeddable":true,"href":"https:\/\/www.altercampagne.net\/index.php?rest_route=\/wp\/v2\/users\/369"}],"replies":[{"embeddable":true,"href":"https:\/\/www.altercampagne.net\/index.php?rest_route=%2Fwp%2Fv2%2Fcomments&post=21150"}],"version-history":[{"count":12,"href":"https:\/\/www.altercampagne.net\/index.php?rest_route=\/wp\/v2\/posts\/21150\/revisions"}],"predecessor-version":[{"id":21483,"href":"https:\/\/www.altercampagne.net\/index.php?rest_route=\/wp\/v2\/posts\/21150\/revisions\/21483"}],"wp:featuredmedia":[{"embeddable":true,"href":"https:\/\/www.altercampagne.net\/index.php?rest_route=\/wp\/v2\/media\/21428"}],"wp:attachment":[{"href":"https:\/\/www.altercampagne.net\/index.php?rest_route=%2Fwp%2Fv2%2Fmedia&parent=21150"}],"wp:term":[{"taxonomy":"category","embeddable":true,"href":"https:\/\/www.altercampagne.net\/index.php?rest_route=%2Fwp%2Fv2%2Fcategories&post=21150"},{"taxonomy":"post_tag","embeddable":true,"href":"https:\/\/www.altercampagne.net\/index.php?rest_route=%2Fwp%2Fv2%2Ftags&post=21150"}],"curies":[{"name":"wp","href":"https:\/\/api.w.org\/{rel}","templated":true}]}}