{"id":21583,"date":"2021-04-28T09:37:00","date_gmt":"2021-04-28T07:37:00","guid":{"rendered":"https:\/\/www.altercampagne.net\/?p=21583"},"modified":"2024-10-01T05:55:44","modified_gmt":"2024-10-01T03:55:44","slug":"jura-en-mai-la-3e-edition-du-biere-tour-passera-par-orgelet-et-la-ferte","status":"publish","type":"post","link":"https:\/\/www.altercampagne.net\/?p=21583","title":{"rendered":"Jura. En mai, la 3e \u00e9dition du Bi\u00e8re Tour passera par Orgelet et La Fert\u00e9"},"content":{"rendered":"\n<p>Lors du Bi\u00e8reTour, neuf acteurs de la fili\u00e8re brassicole seront visit\u00e9s, dont deux dans le Jura : la brasserie L\u2019Origine du Monde \u00e0 Orgelet, et la brasserie La Franche \u00e0 La Fert\u00e9.<\/p>\n\n\n\n<p>Apr\u00e8s une premi\u00e8re \u00e9dition en <strong>2018<\/strong> entre l\u2019<strong>Alsace<\/strong> et les <strong>Vosges<\/strong>, une seconde en <strong>2019<\/strong> dans les <strong>Pays de la Loire<\/strong>, la troisi\u00e8me \u00e9dition du<strong> Bi\u00e8re Tour<\/strong>, report\u00e9e de <strong>2020<\/strong> \u00e0 <strong>2021<\/strong> parcourra l\u2019<strong>Is\u00e8re<\/strong>, l\u2019<strong>Ain<\/strong> et le <strong>Jura<\/strong>. Un <strong>parcours \u00e0 v\u00e9lo de 470&nbsp;km<\/strong> en 14&nbsp;jours, pr\u00e9vu du <strong>12 au 25&nbsp;mai 2021<\/strong>, et qui permettra d\u2019aller \u00e0 la rencontre de l\u2019ensemble de la <strong>fili\u00e8re brassicole<\/strong>.<\/p>\n\n\n\n<p>Un voyage au c\u0153ur de la <strong>bi\u00e8re<\/strong> qui prend ses racines dans l\u2019<strong>AlterTour,<\/strong> qui depuis 13&nbsp;ans, fait voyager \u00e0 v\u00e9lo des centaines de personnes sur les<strong> routes de France<\/strong> \u00e0 la rencontre des <strong>alternatives \u00e9cologiques, \u00e9conomiques, sociales ou \u00e9nerg\u00e9tiques<\/strong>.<\/p>\n\n\n\n<p>\u00ab\u00a0Lors de nos diff\u00e9rentes visites au fur et \u00e0 mesure des ann\u00e9es, nous sommes all\u00e9s \u00e0 la rencontre de diff\u00e9rentes <strong>brasseries\u00a0<\/strong>; petit \u00e0 petit je m\u2019y suis personnellement int\u00e9ress\u00e9, jusqu\u2019\u00e0 commencer \u00e0 brasser ma propre bi\u00e8re\u00a0\u00bb, explique <strong>Mathieu Fromont<\/strong>, ce Jurassien coordinateur de l\u2019AlterTour, fondateur du Bi\u00e8reTour et de la <a href=\"https:\/\/www.facebook.com\/BrasseriePlumeJurassienne\">Brasserie Plume Jurassienn<\/a><a href=\"https:\/\/www.facebook.com\/BrasseriePlumeJurassienne\" target=\"_blank\" rel=\"noreferrer noopener\">e<\/a> (\u00e0 Cramans), et de poursuivre, \u00ab\u00a0j\u2019ai alors propos\u00e9 d\u2019organiser un \u00e9v\u00e9nement d\u00e9di\u00e9 \u00e0 la fili\u00e8re brassicole, qui nous permettrait d\u2019aller \u00e0 la rencontre de l\u2019ensemble de ses acteurs\u00a0; des <strong>producteurs de houblon<\/strong>, aux <strong>brasseurs<\/strong>, en passant par ceux qui <strong>r\u00e9emploient les bouteilles<\/strong> ou des <strong>ateliers de d\u00e9gustation<\/strong>.\u00a0\u00bb<\/p>\n\n\n\n<h3 class=\"wp-block-heading\">Au programme<\/h3>\n\n\n\n<p>12&nbsp;mai&nbsp;: \u00ab&nbsp;Le Commun Des Mortels&nbsp;\u00bb (bar et lieu de formation), \u00e0 Grenoble<br>13&nbsp;mai&nbsp;: \u00ab&nbsp;Houblon Bocq&nbsp;\u00bb (exploitation agricole), \u00e0 Vaulnaveys-le-Bas<br>14&nbsp;mai&nbsp;: \u00ab&nbsp;La Marmotte Masqu\u00e9e&nbsp;\u00bb (brasserie), \u00e0 Saint-Pierre-de-Chartreuse<br>16&nbsp;mai&nbsp;: \u00ab&nbsp;Brasserie du val d\u2019Ainan&nbsp;\u00bb (brasserie), \u00e0 Saint-Geoire-en-Valdaine<br>17&nbsp;mai&nbsp;: \u00ab&nbsp;Brasserie des Faux Semblables&nbsp;\u00bb (brasserie), \u00e0 Saint-Victor-de-Cessieu<br>18&nbsp;mai&nbsp;: \u00ab&nbsp;Les Bi\u00e8res du Temps&nbsp;\u00bb (brasserie), \u00e0 Champier<br>20&nbsp;mai&nbsp;: \u00ab&nbsp;Houblon du moulin&nbsp;\u00bb (exploitation agricole), \u00e0 Montcet<br>23&nbsp;mai&nbsp;: \u00ab&nbsp;L\u2019Origine du Monde&nbsp;\u00bb (brasserie), \u00e0 Orgelet<br>25&nbsp;mai&nbsp;: \u00ab&nbsp;La Franche&nbsp;\u00bb (brasserie), \u00e0 La Fert\u00e9<\/p>\n\n\n\n<h2 class=\"wp-block-heading\">Orgelet et La Fert\u00e9<\/h2>\n\n\n\n<p>En tout, ce sont donc <strong>neuf acteurs de la fili\u00e8re<\/strong> qui seront visit\u00e9s, dont deux dans le Jura&nbsp;: la <strong>brasserie L\u2019Origine du Monde<\/strong> \u00e0 <strong>Orgelet<\/strong>, le<strong> 23&nbsp;mai 2021<\/strong>, et la <strong>brasserie La Franche<\/strong> \u00e0 <strong>La Fert\u00e9<\/strong>, le <strong>25&nbsp;mai 2021<\/strong>.<\/p>\n\n\n\n<p>\u00ab&nbsp;Leur d\u00e9marche nous paraissait int\u00e9ressante \u00e0 mettre en valeur&nbsp;; la Franche, car c\u2019est l\u2019une des pionni\u00e8res, et l\u2019Origine du Monde car ils sont en plein d\u00e9veloppement.&nbsp;\u00bb <br>\n<strong>Mathieu Fromont<\/strong> Fondateur du Bi\u00e8reTour<\/p>\n\n\n\n<p>Un Bi\u00e8re Tour qui s\u2019adresse donc \u00e0 tous, amateurs et professionnels, experts et d\u00e9butants, \u00ab&nbsp;mais qui se veut aussi <strong>participatif&nbsp;<\/strong>; tout le monde participe \u00e0 toutes les t\u00e2ches du quotidien, du rangement \u00e0 la vaisselle, en passant par l\u2019\u00e9criture de billets sur notre site Internet.&nbsp;\u00bb<\/p>\n\n\n\n<p>Mais rassurez-vous, si l\u2019id\u00e9e de parcourir <strong>en moyenne 40&nbsp;km par jour<\/strong> \u00e0 v\u00e9lo vous effraie, le Bi\u00e8re Tour offre la possibilit\u00e9 de ne <strong>participer qu\u2019\u00e0 certaines \u00e9tapes<\/strong>. \u00ab&nbsp;Les gens s\u2019inscrivent \u00e0 la journ\u00e9e et peuvent rester plus ou moins longtemps.&nbsp;\u00bb<\/p>\n\n\n\n<p class=\"has-text-align-right\"><strong><a href=\"https:\/\/actu.fr\/loisirs-culture\/jura-en-mai-la-3e-edition-du-biere-tour-passera-par-orgelet-et-la-ferte_41257561.html\" target=\"_blank\" rel=\"noreferrer noopener\">Joffrey Fodimbi, la Voix du Jura<\/a><\/strong><\/p>\n\n\n\n<p><span class=\"visually-hidden\">Mathieu Fromont <a href=\"https:\/\/www.facebook.com\/BrasseriePlumeJurassienne\">Brasserie Plume Jurassienne<\/a> (Cramans, Jura)<\/span><\/p>\n","protected":false},"excerpt":{"rendered":"<p>Lors du Bi\u00e8reTour, neuf acteurs de la fili\u00e8re brassicole seront visit\u00e9s, dont deux dans le Jura : la brasserie L\u2019Origine du Monde \u00e0 Orgelet, et la brasserie La Franche \u00e0 La Fert\u00e9. Apr\u00e8s une premi\u00e8re \u00e9dition en 2018 entre l\u2019Alsace et les Vosges, une seconde en 2019 dans les Pays &#8230; <\/p>\n<div><a href=\"https:\/\/www.altercampagne.net\/?p=21583\" class=\"more-link\">Read More<\/a><\/div>\n","protected":false},"author":214,"featured_media":21587,"comment_status":"closed","ping_status":"closed","sticky":false,"template":"","format":"standard","meta":{"footnotes":""},"categories":[3495,3574,4037,4198,239],"tags":[4309,4491,4471,4470,4469,4468,4467,4466,4465,4455,4454,4450,552,4308,4307,4153,4146,3567,1813,1018,950,612,598],"class_list":["post-21583","post","type-post","status-publish","format-standard","has-post-thumbnail","hentry","category-bourgogne-franche-comte","category-bieretour","category-biere","category-edition-2021","category-revue-de-presse","tag-joffrey-fodimbi","tag-4491","tag-houblon-du-moulin","tag-faux-semblables","tag-brasserie-du-val-dainan","tag-houblon-bocq","tag-commun-des-mortels","tag-brasserie-artisanale","tag-biere-artisanale","tag-biere-legere","tag-brasserie-plume","tag-brasserie-plume-jurassienne","tag-mathieu-fromont","tag-origine-du-monde","tag-la-franche","tag-bieres-du-temps","tag-marmotte-masquee","tag-bieretour","tag-voix-du-jura","tag-franche-comte","tag-biere","tag-cramans","tag-jura"],"yoast_head":"<!-- This site is optimized with the Yoast SEO plugin v27.3 - https:\/\/yoast.com\/product\/yoast-seo-wordpress\/ -->\n<title>Jura. En mai, la 3e \u00e9dition du Bi\u00e8re Tour passera par Orgelet et La Fert\u00e9 - AlterTour<\/title>\n<meta name=\"robots\" content=\"index, follow, max-snippet:-1, max-image-preview:large, max-video-preview:-1\" \/>\n<link rel=\"canonical\" href=\"https:\/\/www.altercampagne.net\/?p=21583\" \/>\n<meta property=\"og:locale\" content=\"fr_FR\" \/>\n<meta property=\"og:type\" content=\"article\" \/>\n<meta property=\"og:title\" content=\"Jura. En mai, la 3e \u00e9dition du Bi\u00e8re Tour passera par Orgelet et La Fert\u00e9 - AlterTour\" \/>\n<meta property=\"og:description\" content=\"Lors du Bi\u00e8reTour, neuf acteurs de la fili\u00e8re brassicole seront visit\u00e9s, dont deux dans le Jura : la brasserie L\u2019Origine du Monde \u00e0 Orgelet, et la brasserie La Franche \u00e0 La Fert\u00e9. Apr\u00e8s une premi\u00e8re \u00e9dition en 2018 entre l\u2019Alsace et les Vosges, une seconde en 2019 dans les Pays ... Read More\" \/>\n<meta property=\"og:url\" content=\"https:\/\/www.altercampagne.net\/?p=21583\" \/>\n<meta property=\"og:site_name\" content=\"AlterTour\" \/>\n<meta property=\"article:published_time\" content=\"2021-04-28T07:37:00+00:00\" \/>\n<meta property=\"article:modified_time\" content=\"2024-10-01T03:55:44+00:00\" \/>\n<meta property=\"og:image\" content=\"https:\/\/www.altercampagne.net\/wp-content\/uploads\/2021\/04\/20190428_164019.jpg\" \/>\n\t<meta property=\"og:image:width\" content=\"1200\" \/>\n\t<meta property=\"og:image:height\" content=\"630\" \/>\n\t<meta property=\"og:image:type\" content=\"image\/jpeg\" \/>\n<meta name=\"author\" content=\"Mathieu\" \/>\n<meta name=\"twitter:card\" content=\"summary_large_image\" \/>\n<meta name=\"twitter:label1\" content=\"\u00c9crit par\" \/>\n\t<meta name=\"twitter:data1\" content=\"Mathieu\" \/>\n\t<meta name=\"twitter:label2\" content=\"Dur\u00e9e de lecture estim\u00e9e\" \/>\n\t<meta name=\"twitter:data2\" content=\"3 minutes\" \/>\n<script type=\"application\/ld+json\" class=\"yoast-schema-graph\">{\"@context\":\"https:\\\/\\\/schema.org\",\"@graph\":[{\"@type\":\"Article\",\"@id\":\"https:\\\/\\\/www.altercampagne.net\\\/?p=21583#article\",\"isPartOf\":{\"@id\":\"https:\\\/\\\/www.altercampagne.net\\\/?p=21583\"},\"author\":{\"name\":\"Mathieu\",\"@id\":\"https:\\\/\\\/www.altercampagne.net\\\/#\\\/schema\\\/person\\\/0f261460c09e430caa0f9bcffa319109\"},\"headline\":\"Jura. En mai, la 3e \u00e9dition du Bi\u00e8re Tour passera par Orgelet et La Fert\u00e9\",\"datePublished\":\"2021-04-28T07:37:00+00:00\",\"dateModified\":\"2024-10-01T03:55:44+00:00\",\"mainEntityOfPage\":{\"@id\":\"https:\\\/\\\/www.altercampagne.net\\\/?p=21583\"},\"wordCount\":578,\"image\":{\"@id\":\"https:\\\/\\\/www.altercampagne.net\\\/?p=21583#primaryimage\"},\"thumbnailUrl\":\"https:\\\/\\\/www.altercampagne.net\\\/wp-content\\\/uploads\\\/2021\\\/04\\\/20190428_164019.jpg\",\"keywords\":[\"Joffrey Fodimbi\",\"39\",\"Houblon du Moulin\",\"Faux Semblables\",\"Brasserie du Val d'Ainan\",\"Houblon Bocq\",\"Commun des mortels\",\"Brasserie Artisanale\",\"bi\u00e8re artisanale\",\"bi\u00e8re l\u00e9g\u00e8re\",\"brasserie plume\",\"Brasserie Plume Jurassienne\",\"Mathieu Fromont\",\"Origine du monde\",\"LA Franche\",\"Bi\u00e8res du temps\",\"Marmotte Masqu\u00e9e\",\"Bi\u00e8reTour\",\"voix du jura\",\"Franche-Comt\u00e9\",\"bi\u00e8re\",\"Cramans\",\"jura\"],\"articleSection\":[\"Bourgogne-Franche-Comt\u00e9\",\"Bi\u00e8reTour\",\"Bi\u00e8re\",\"Edition 2021\",\"Revue de presse\"],\"inLanguage\":\"fr-FR\"},{\"@type\":\"WebPage\",\"@id\":\"https:\\\/\\\/www.altercampagne.net\\\/?p=21583\",\"url\":\"https:\\\/\\\/www.altercampagne.net\\\/?p=21583\",\"name\":\"Jura. En mai, la 3e \u00e9dition du Bi\u00e8re Tour passera par Orgelet et La Fert\u00e9 - AlterTour\",\"isPartOf\":{\"@id\":\"https:\\\/\\\/www.altercampagne.net\\\/#website\"},\"primaryImageOfPage\":{\"@id\":\"https:\\\/\\\/www.altercampagne.net\\\/?p=21583#primaryimage\"},\"image\":{\"@id\":\"https:\\\/\\\/www.altercampagne.net\\\/?p=21583#primaryimage\"},\"thumbnailUrl\":\"https:\\\/\\\/www.altercampagne.net\\\/wp-content\\\/uploads\\\/2021\\\/04\\\/20190428_164019.jpg\",\"datePublished\":\"2021-04-28T07:37:00+00:00\",\"dateModified\":\"2024-10-01T03:55:44+00:00\",\"author\":{\"@id\":\"https:\\\/\\\/www.altercampagne.net\\\/#\\\/schema\\\/person\\\/0f261460c09e430caa0f9bcffa319109\"},\"breadcrumb\":{\"@id\":\"https:\\\/\\\/www.altercampagne.net\\\/?p=21583#breadcrumb\"},\"inLanguage\":\"fr-FR\",\"potentialAction\":[{\"@type\":\"ReadAction\",\"target\":[\"https:\\\/\\\/www.altercampagne.net\\\/?p=21583\"]}]},{\"@type\":\"ImageObject\",\"inLanguage\":\"fr-FR\",\"@id\":\"https:\\\/\\\/www.altercampagne.net\\\/?p=21583#primaryimage\",\"url\":\"https:\\\/\\\/www.altercampagne.net\\\/wp-content\\\/uploads\\\/2021\\\/04\\\/20190428_164019.jpg\",\"contentUrl\":\"https:\\\/\\\/www.altercampagne.net\\\/wp-content\\\/uploads\\\/2021\\\/04\\\/20190428_164019.jpg\",\"width\":1200,\"height\":630},{\"@type\":\"BreadcrumbList\",\"@id\":\"https:\\\/\\\/www.altercampagne.net\\\/?p=21583#breadcrumb\",\"itemListElement\":[{\"@type\":\"ListItem\",\"position\":1,\"name\":\"Accueil\",\"item\":\"https:\\\/\\\/www.altercampagne.net\\\/\"},{\"@type\":\"ListItem\",\"position\":2,\"name\":\"Jura. En mai, la 3e \u00e9dition du Bi\u00e8re Tour passera par Orgelet et La Fert\u00e9\"}]},{\"@type\":\"WebSite\",\"@id\":\"https:\\\/\\\/www.altercampagne.net\\\/#website\",\"url\":\"https:\\\/\\\/www.altercampagne.net\\\/\",\"name\":\"AlterTour\",\"description\":\"Reliez les Alternatives \u00e0 v\u00e9lo\",\"potentialAction\":[{\"@type\":\"SearchAction\",\"target\":{\"@type\":\"EntryPoint\",\"urlTemplate\":\"https:\\\/\\\/www.altercampagne.net\\\/?s={search_term_string}\"},\"query-input\":{\"@type\":\"PropertyValueSpecification\",\"valueRequired\":true,\"valueName\":\"search_term_string\"}}],\"inLanguage\":\"fr-FR\"},{\"@type\":\"Person\",\"@id\":\"https:\\\/\\\/www.altercampagne.net\\\/#\\\/schema\\\/person\\\/0f261460c09e430caa0f9bcffa319109\",\"name\":\"Mathieu\",\"image\":{\"@type\":\"ImageObject\",\"inLanguage\":\"fr-FR\",\"@id\":\"https:\\\/\\\/secure.gravatar.com\\\/avatar\\\/aa9d3d24c83f2141e5e2709d0f63d09a99f6be6bb7a50abc4915838d9f54501a?s=96&d=mm&r=g\",\"url\":\"https:\\\/\\\/secure.gravatar.com\\\/avatar\\\/aa9d3d24c83f2141e5e2709d0f63d09a99f6be6bb7a50abc4915838d9f54501a?s=96&d=mm&r=g\",\"contentUrl\":\"https:\\\/\\\/secure.gravatar.com\\\/avatar\\\/aa9d3d24c83f2141e5e2709d0f63d09a99f6be6bb7a50abc4915838d9f54501a?s=96&d=mm&r=g\",\"caption\":\"Mathieu\"},\"url\":\"https:\\\/\\\/www.altercampagne.net\\\/?author=214\"}]}<\/script>\n<!-- \/ Yoast SEO plugin. -->","yoast_head_json":{"title":"Jura. En mai, la 3e \u00e9dition du Bi\u00e8re Tour passera par Orgelet et La Fert\u00e9 - AlterTour","robots":{"index":"index","follow":"follow","max-snippet":"max-snippet:-1","max-image-preview":"max-image-preview:large","max-video-preview":"max-video-preview:-1"},"canonical":"https:\/\/www.altercampagne.net\/?p=21583","og_locale":"fr_FR","og_type":"article","og_title":"Jura. En mai, la 3e \u00e9dition du Bi\u00e8re Tour passera par Orgelet et La Fert\u00e9 - AlterTour","og_description":"Lors du Bi\u00e8reTour, neuf acteurs de la fili\u00e8re brassicole seront visit\u00e9s, dont deux dans le Jura : la brasserie L\u2019Origine du Monde \u00e0 Orgelet, et la brasserie La Franche \u00e0 La Fert\u00e9. Apr\u00e8s une premi\u00e8re \u00e9dition en 2018 entre l\u2019Alsace et les Vosges, une seconde en 2019 dans les Pays ... Read More","og_url":"https:\/\/www.altercampagne.net\/?p=21583","og_site_name":"AlterTour","article_published_time":"2021-04-28T07:37:00+00:00","article_modified_time":"2024-10-01T03:55:44+00:00","og_image":[{"width":1200,"height":630,"url":"https:\/\/www.altercampagne.net\/wp-content\/uploads\/2021\/04\/20190428_164019.jpg","type":"image\/jpeg"}],"author":"Mathieu","twitter_card":"summary_large_image","twitter_misc":{"\u00c9crit par":"Mathieu","Dur\u00e9e de lecture estim\u00e9e":"3 minutes"},"schema":{"@context":"https:\/\/schema.org","@graph":[{"@type":"Article","@id":"https:\/\/www.altercampagne.net\/?p=21583#article","isPartOf":{"@id":"https:\/\/www.altercampagne.net\/?p=21583"},"author":{"name":"Mathieu","@id":"https:\/\/www.altercampagne.net\/#\/schema\/person\/0f261460c09e430caa0f9bcffa319109"},"headline":"Jura. En mai, la 3e \u00e9dition du Bi\u00e8re Tour passera par Orgelet et La Fert\u00e9","datePublished":"2021-04-28T07:37:00+00:00","dateModified":"2024-10-01T03:55:44+00:00","mainEntityOfPage":{"@id":"https:\/\/www.altercampagne.net\/?p=21583"},"wordCount":578,"image":{"@id":"https:\/\/www.altercampagne.net\/?p=21583#primaryimage"},"thumbnailUrl":"https:\/\/www.altercampagne.net\/wp-content\/uploads\/2021\/04\/20190428_164019.jpg","keywords":["Joffrey Fodimbi","39","Houblon du Moulin","Faux Semblables","Brasserie du Val d'Ainan","Houblon Bocq","Commun des mortels","Brasserie Artisanale","bi\u00e8re artisanale","bi\u00e8re l\u00e9g\u00e8re","brasserie plume","Brasserie Plume Jurassienne","Mathieu Fromont","Origine du monde","LA Franche","Bi\u00e8res du temps","Marmotte Masqu\u00e9e","Bi\u00e8reTour","voix du jura","Franche-Comt\u00e9","bi\u00e8re","Cramans","jura"],"articleSection":["Bourgogne-Franche-Comt\u00e9","Bi\u00e8reTour","Bi\u00e8re","Edition 2021","Revue de presse"],"inLanguage":"fr-FR"},{"@type":"WebPage","@id":"https:\/\/www.altercampagne.net\/?p=21583","url":"https:\/\/www.altercampagne.net\/?p=21583","name":"Jura. En mai, la 3e \u00e9dition du Bi\u00e8re Tour passera par Orgelet et La Fert\u00e9 - AlterTour","isPartOf":{"@id":"https:\/\/www.altercampagne.net\/#website"},"primaryImageOfPage":{"@id":"https:\/\/www.altercampagne.net\/?p=21583#primaryimage"},"image":{"@id":"https:\/\/www.altercampagne.net\/?p=21583#primaryimage"},"thumbnailUrl":"https:\/\/www.altercampagne.net\/wp-content\/uploads\/2021\/04\/20190428_164019.jpg","datePublished":"2021-04-28T07:37:00+00:00","dateModified":"2024-10-01T03:55:44+00:00","author":{"@id":"https:\/\/www.altercampagne.net\/#\/schema\/person\/0f261460c09e430caa0f9bcffa319109"},"breadcrumb":{"@id":"https:\/\/www.altercampagne.net\/?p=21583#breadcrumb"},"inLanguage":"fr-FR","potentialAction":[{"@type":"ReadAction","target":["https:\/\/www.altercampagne.net\/?p=21583"]}]},{"@type":"ImageObject","inLanguage":"fr-FR","@id":"https:\/\/www.altercampagne.net\/?p=21583#primaryimage","url":"https:\/\/www.altercampagne.net\/wp-content\/uploads\/2021\/04\/20190428_164019.jpg","contentUrl":"https:\/\/www.altercampagne.net\/wp-content\/uploads\/2021\/04\/20190428_164019.jpg","width":1200,"height":630},{"@type":"BreadcrumbList","@id":"https:\/\/www.altercampagne.net\/?p=21583#breadcrumb","itemListElement":[{"@type":"ListItem","position":1,"name":"Accueil","item":"https:\/\/www.altercampagne.net\/"},{"@type":"ListItem","position":2,"name":"Jura. En mai, la 3e \u00e9dition du Bi\u00e8re Tour passera par Orgelet et La Fert\u00e9"}]},{"@type":"WebSite","@id":"https:\/\/www.altercampagne.net\/#website","url":"https:\/\/www.altercampagne.net\/","name":"AlterTour","description":"Reliez les Alternatives \u00e0 v\u00e9lo","potentialAction":[{"@type":"SearchAction","target":{"@type":"EntryPoint","urlTemplate":"https:\/\/www.altercampagne.net\/?s={search_term_string}"},"query-input":{"@type":"PropertyValueSpecification","valueRequired":true,"valueName":"search_term_string"}}],"inLanguage":"fr-FR"},{"@type":"Person","@id":"https:\/\/www.altercampagne.net\/#\/schema\/person\/0f261460c09e430caa0f9bcffa319109","name":"Mathieu","image":{"@type":"ImageObject","inLanguage":"fr-FR","@id":"https:\/\/secure.gravatar.com\/avatar\/aa9d3d24c83f2141e5e2709d0f63d09a99f6be6bb7a50abc4915838d9f54501a?s=96&d=mm&r=g","url":"https:\/\/secure.gravatar.com\/avatar\/aa9d3d24c83f2141e5e2709d0f63d09a99f6be6bb7a50abc4915838d9f54501a?s=96&d=mm&r=g","contentUrl":"https:\/\/secure.gravatar.com\/avatar\/aa9d3d24c83f2141e5e2709d0f63d09a99f6be6bb7a50abc4915838d9f54501a?s=96&d=mm&r=g","caption":"Mathieu"},"url":"https:\/\/www.altercampagne.net\/?author=214"}]}},"_links":{"self":[{"href":"https:\/\/www.altercampagne.net\/index.php?rest_route=\/wp\/v2\/posts\/21583","targetHints":{"allow":["GET"]}}],"collection":[{"href":"https:\/\/www.altercampagne.net\/index.php?rest_route=\/wp\/v2\/posts"}],"about":[{"href":"https:\/\/www.altercampagne.net\/index.php?rest_route=\/wp\/v2\/types\/post"}],"author":[{"embeddable":true,"href":"https:\/\/www.altercampagne.net\/index.php?rest_route=\/wp\/v2\/users\/214"}],"replies":[{"embeddable":true,"href":"https:\/\/www.altercampagne.net\/index.php?rest_route=%2Fwp%2Fv2%2Fcomments&post=21583"}],"version-history":[{"count":9,"href":"https:\/\/www.altercampagne.net\/index.php?rest_route=\/wp\/v2\/posts\/21583\/revisions"}],"predecessor-version":[{"id":28587,"href":"https:\/\/www.altercampagne.net\/index.php?rest_route=\/wp\/v2\/posts\/21583\/revisions\/28587"}],"wp:featuredmedia":[{"embeddable":true,"href":"https:\/\/www.altercampagne.net\/index.php?rest_route=\/wp\/v2\/media\/21587"}],"wp:attachment":[{"href":"https:\/\/www.altercampagne.net\/index.php?rest_route=%2Fwp%2Fv2%2Fmedia&parent=21583"}],"wp:term":[{"taxonomy":"category","embeddable":true,"href":"https:\/\/www.altercampagne.net\/index.php?rest_route=%2Fwp%2Fv2%2Fcategories&post=21583"},{"taxonomy":"post_tag","embeddable":true,"href":"https:\/\/www.altercampagne.net\/index.php?rest_route=%2Fwp%2Fv2%2Ftags&post=21583"}],"curies":[{"name":"wp","href":"https:\/\/api.w.org\/{rel}","templated":true}]}}