{"id":2177,"date":"2015-10-02T15:56:50","date_gmt":"2015-10-02T13:56:50","guid":{"rendered":"http:\/\/www.altercampagne.net\/?p=2177"},"modified":"2020-02-24T17:24:12","modified_gmt":"2020-02-24T16:24:12","slug":"altertour-2016-choix-de-la-zone-geographique","status":"publish","type":"post","link":"https:\/\/www.altercampagne.net\/?p=2177","title":{"rendered":"AlterTour 2016 : choix de la zone g\u00e9ographique"},"content":{"rendered":"<p><a href=\"http:\/\/www.altercampagne.net\/wp-content\/uploads\/2015\/10\/AT2016-carte-departements-selectionnes.jpg\"><img loading=\"lazy\" decoding=\"async\" class=\" size-full wp-image-2186 alignleft\" src=\"http:\/\/www.altercampagne.net\/wp-content\/uploads\/2015\/10\/AT2016-carte-departements-selectionnes.jpg\" alt=\"AT2016-carte-departements-selectionnes\" width=\"580\" height=\"580\"><\/a>Suite \u00e0 la 1\u00e8re r\u00e9union de pr\u00e9paration de l\u2019AlterTour 2016, la zone g\u00e9ographique a \u00e9t\u00e9 d\u00e9finit !<br \/>\nCet \u00e9t\u00e9 nous visiterons l\u2019ouest de la France :<br \/>\n&#8211; &nbsp; &nbsp; &nbsp; &nbsp; &nbsp;Le Finist\u00e8re<\/p>\n<p>&#8211; &nbsp; &nbsp; &nbsp; &nbsp; &nbsp;Les C\u00f4tes d\u2019Armor<\/p>\n<p>&#8211; &nbsp; &nbsp; &nbsp; &nbsp; &nbsp;Le Morbihan<\/p>\n<p>&#8211; &nbsp; &nbsp; &nbsp; &nbsp; &nbsp;L\u2019Ille et Vilaine<\/p>\n<p>&#8211; &nbsp; &nbsp; &nbsp; &nbsp; &nbsp;La Loire Atlantique<\/p>\n<p>&#8211; &nbsp; &nbsp; &nbsp; &nbsp; &nbsp;La Sarthe<\/p>\n<p>&#8211; &nbsp; &nbsp; &nbsp; &nbsp; &nbsp;La Mayenne<\/p>\n<p>&#8211; &nbsp; &nbsp; &nbsp; &nbsp; &nbsp;L\u2019Orne<\/p>\n<p>&#8211; &nbsp; &nbsp; &nbsp; &nbsp; &nbsp;La Manche<\/p>\n<p>Pour la premi\u00e8re fois de l\u2019histoire de l\u2019AlterTour nous avons choisi une zone g\u00e9ographique restreinte que nous \u00e9tendrons au besoin aux prochaines pl\u00e9ni\u00e8res.<\/p>\n<p>Pourquoi cette zone ? Nous avons visit\u00e9 le nord de la France, la Belgique et le Luxembourg en 2015, le centre en 2014, l&rsquo;est de la France en 2013, en 2011 et 2012 nous \u00e9tions dans le sud. Il \u00e9tait logique de revenir en Bretagne et en Normandie respectivement 6 ans et 7 ans apr\u00e8s nos derniers passages.<\/p>\n<p>Dans l&rsquo;ouest de la France les Alternatives foisonnent ! Vivement l&rsquo;\u00e9t\u00e9 !<\/p>\n<h3>&nbsp;Aidez-nous \u00e0 trouver des lieux de passage, de visite, des h\u00e9bergements, des intervenants, des relais presses\u2026<\/h3>\n<p>Vous pouvez faire des propositions sur l\u2019adresse mail de l\u2019AlterTour&nbsp;: altertour@gmail.com<br \/>\nIl est important d\u2019indiquer au moins l\u2019adresse, le nom de la structure et ses coordonn\u00e9es mail et\/ou t\u00e9l\u00e9phonique<\/p>\n<h3>O\u00f9 chercher ?<\/h3>\n<p>Dans vos r\u00e9seaux de connaissances, dans les revues \u00e9colo (Silence, Passerelle Eco, Age de Faire, Reporterre\u2026), sur les agendas militants (Indymedia, demosphere\u2026) et sur diff\u00e9rents sites comme : R\u00e9seau semences paysannes, Colibris, Carnet de campagne, Demeter, Nature et progr\u00e8s, Compaillons, Sortir du nucl\u00e9aire, Terre de liens, Energie partag\u00e9e, Accueil Paysan, R\u00e9seaux de transition, Alternatiba\u2026<\/p>\n<h3>Prochaines r\u00e9unions pl\u00e9ni\u00e8res de pr\u00e9paration de l\u2019AlterTour 2016<\/h3>\n<p>Vous pouvez rejoindre l\u2019organisation \u00e0 tout moment de l\u2019ann\u00e9e, voici les dates de nos prochaines r\u00e9unions :<br \/>\n&#8211; &nbsp; &nbsp; &nbsp; &nbsp; &nbsp;17 et 18 octobre : Limours<\/p>\n<p>&#8211; &nbsp; &nbsp; &nbsp; &nbsp; &nbsp;14 et 15 novembre : pl\u00e9ni\u00e8re et AG \u00e0 la Conf\u00e9d\u00e9ration Paysanne \u00e0 Bagnolet, m\u00e9tro Robespierre ou Galli\u00e9ni \u2013 h\u00e9bergement possible sur place<\/p>\n<p>&#8211; &nbsp; &nbsp; &nbsp; &nbsp; &nbsp;5 et 6 d\u00e9cembre : \u00e0 Paris<\/p>\n<p>&#8211; &nbsp; &nbsp; &nbsp; &nbsp; &nbsp;9 et 10 janvier a priori en Bretagne, Lorient ?<\/p>\n<p>&#8211; &nbsp; &nbsp; &nbsp; &nbsp; &nbsp;6 et 7 f\u00e9vrier&nbsp;: lieu \u00e0 d\u00e9finir<\/p>\n<p>&#8211; &nbsp; &nbsp; &nbsp; &nbsp; &nbsp;5 et 6 mars : lieu \u00e0 d\u00e9finir<\/p>\n<p>&#8211; &nbsp; &nbsp; &nbsp; &nbsp; &nbsp;2 et 3 avril : lieu \u00e0 d\u00e9finir<\/p>\n<p>&#8211; &nbsp; &nbsp; &nbsp; &nbsp; &nbsp;5 au 8 mai : lieu \u00e0 d\u00e9finir<\/p>\n<p>&#8211; &nbsp; &nbsp; &nbsp; &nbsp; &nbsp;Juin en fonction des dates du Mini-AlterTour !<\/p>\n<p>Allez, ciao viva ! Portez-vous bien !<\/p>\n","protected":false},"excerpt":{"rendered":"<p>Suite \u00e0 la 1\u00e8re r\u00e9union de pr\u00e9paration de l\u2019AlterTour 2016, la zone g\u00e9ographique a \u00e9t\u00e9 d\u00e9finit ! Cet \u00e9t\u00e9 nous visiterons l\u2019ouest de la France : &#8211; &nbsp; &nbsp; &nbsp; &nbsp; &nbsp;Le Finist\u00e8re &#8211; &nbsp; &nbsp; &nbsp; &nbsp; &nbsp;Les C\u00f4tes d\u2019Armor &#8211; &nbsp; &nbsp; &nbsp; &nbsp; &nbsp;Le Morbihan &#8211; &nbsp; &#8230; <\/p>\n<div><a href=\"https:\/\/www.altercampagne.net\/?p=2177\" class=\"more-link\">Read More<\/a><\/div>\n","protected":false},"author":214,"featured_media":0,"comment_status":"closed","ping_status":"closed","sticky":false,"template":"","format":"standard","meta":{"footnotes":""},"categories":[3539,3459],"tags":[421,1669,1652,433,432,431,430,429,428,427,426,425,424,423,422,11,419,418,417,416,415,414,413,412,410,403,383,321,53,13],"class_list":["post-2177","post","type-post","status-publish","format-standard","hentry","category-we-de-preparation","category-edition-2016","tag-indymedia","tag-cotes-darmor","tag-1652","tag-plenieres","tag-reseaux-de-transition","tag-accueil-paysan","tag-energie-partagees","tag-terre-de-liens","tag-sortir-du-nucleaire","tag-compaillons","tag-nature-et-progres","tag-demeter","tag-colibris","tag-reseau-semences-paysannes","tag-demosphere","tag-alternatiba","tag-age-de-faire","tag-passerelle-eco","tag-orne","tag-mayenne","tag-sarthe","tag-loire-atlantique","tag-ille-et-vilaine","tag-morbihan","tag-finistere","tag-reporterre","tag-altertour-2016","tag-manche","tag-alternatives","tag-revue-silence","no-post-thumbnail"],"yoast_head":"<!-- This site is optimized with the Yoast SEO plugin v27.3 - https:\/\/yoast.com\/product\/yoast-seo-wordpress\/ -->\n<title>AlterTour 2016 : choix de la zone g\u00e9ographique - AlterTour<\/title>\n<meta name=\"robots\" content=\"index, follow, max-snippet:-1, max-image-preview:large, max-video-preview:-1\" \/>\n<link rel=\"canonical\" href=\"https:\/\/www.altercampagne.net\/?p=2177\" \/>\n<meta property=\"og:locale\" content=\"fr_FR\" \/>\n<meta property=\"og:type\" content=\"article\" \/>\n<meta property=\"og:title\" content=\"AlterTour 2016 : choix de la zone g\u00e9ographique - AlterTour\" \/>\n<meta property=\"og:description\" content=\"Suite \u00e0 la 1\u00e8re r\u00e9union de pr\u00e9paration de l\u2019AlterTour 2016, la zone g\u00e9ographique a \u00e9t\u00e9 d\u00e9finit ! Cet \u00e9t\u00e9 nous visiterons l\u2019ouest de la France : &#8211; &nbsp; &nbsp; &nbsp; &nbsp; &nbsp;Le Finist\u00e8re &#8211; &nbsp; &nbsp; &nbsp; &nbsp; &nbsp;Les C\u00f4tes d\u2019Armor &#8211; &nbsp; &nbsp; &nbsp; &nbsp; &nbsp;Le Morbihan &#8211; &nbsp; ... Read More\" \/>\n<meta property=\"og:url\" content=\"https:\/\/www.altercampagne.net\/?p=2177\" \/>\n<meta property=\"og:site_name\" content=\"AlterTour\" \/>\n<meta property=\"article:published_time\" content=\"2015-10-02T13:56:50+00:00\" \/>\n<meta property=\"article:modified_time\" content=\"2020-02-24T16:24:12+00:00\" \/>\n<meta property=\"og:image\" content=\"http:\/\/www.altercampagne.net\/wp-content\/uploads\/2015\/10\/AT2016-carte-departements-selectionnes.jpg\" \/>\n<meta name=\"author\" content=\"Mathieu\" \/>\n<meta name=\"twitter:card\" content=\"summary_large_image\" \/>\n<meta name=\"twitter:label1\" content=\"\u00c9crit par\" \/>\n\t<meta name=\"twitter:data1\" content=\"Mathieu\" \/>\n\t<meta name=\"twitter:label2\" content=\"Dur\u00e9e de lecture estim\u00e9e\" \/>\n\t<meta name=\"twitter:data2\" content=\"2 minutes\" \/>\n<script type=\"application\/ld+json\" class=\"yoast-schema-graph\">{\"@context\":\"https:\\\/\\\/schema.org\",\"@graph\":[{\"@type\":\"Article\",\"@id\":\"https:\\\/\\\/www.altercampagne.net\\\/?p=2177#article\",\"isPartOf\":{\"@id\":\"https:\\\/\\\/www.altercampagne.net\\\/?p=2177\"},\"author\":{\"name\":\"Mathieu\",\"@id\":\"https:\\\/\\\/www.altercampagne.net\\\/#\\\/schema\\\/person\\\/0f261460c09e430caa0f9bcffa319109\"},\"headline\":\"AlterTour 2016 : choix de la zone g\u00e9ographique\",\"datePublished\":\"2015-10-02T13:56:50+00:00\",\"dateModified\":\"2020-02-24T16:24:12+00:00\",\"mainEntityOfPage\":{\"@id\":\"https:\\\/\\\/www.altercampagne.net\\\/?p=2177\"},\"wordCount\":483,\"image\":{\"@id\":\"https:\\\/\\\/www.altercampagne.net\\\/?p=2177#primaryimage\"},\"thumbnailUrl\":\"http:\\\/\\\/www.altercampagne.net\\\/wp-content\\\/uploads\\\/2015\\\/10\\\/AT2016-carte-departements-selectionnes.jpg\",\"keywords\":[\"indymedia\",\"C\u00f4tes-d'Armor\",\"2016\",\"pl\u00e9ni\u00e8res\",\"r\u00e9seaux de transition\",\"accueil paysan\",\"energie partag\u00e9es\",\"terre de liens\",\"sortir du nucl\u00e9aire\",\"compaillons\",\"nature et progres\",\"demeter\",\"colibris\",\"r\u00e9seau semences paysannes\",\"demosphere\",\"alternatiba\",\"age de faire\",\"passerelle eco\",\"orne\",\"mayenne\",\"sarthe\",\"loire atlantique\",\"ille et vilaine\",\"morbihan\",\"finist\u00e8re\",\"reporterre\",\"AlterTour 2016\",\"manche\",\"Alternatives\",\"revue Silence\"],\"articleSection\":[\"WE de pr\u00e9paration\",\"\u00c9dition 2016\"],\"inLanguage\":\"fr-FR\"},{\"@type\":\"WebPage\",\"@id\":\"https:\\\/\\\/www.altercampagne.net\\\/?p=2177\",\"url\":\"https:\\\/\\\/www.altercampagne.net\\\/?p=2177\",\"name\":\"AlterTour 2016 : choix de la zone g\u00e9ographique - AlterTour\",\"isPartOf\":{\"@id\":\"https:\\\/\\\/www.altercampagne.net\\\/#website\"},\"primaryImageOfPage\":{\"@id\":\"https:\\\/\\\/www.altercampagne.net\\\/?p=2177#primaryimage\"},\"image\":{\"@id\":\"https:\\\/\\\/www.altercampagne.net\\\/?p=2177#primaryimage\"},\"thumbnailUrl\":\"http:\\\/\\\/www.altercampagne.net\\\/wp-content\\\/uploads\\\/2015\\\/10\\\/AT2016-carte-departements-selectionnes.jpg\",\"datePublished\":\"2015-10-02T13:56:50+00:00\",\"dateModified\":\"2020-02-24T16:24:12+00:00\",\"author\":{\"@id\":\"https:\\\/\\\/www.altercampagne.net\\\/#\\\/schema\\\/person\\\/0f261460c09e430caa0f9bcffa319109\"},\"breadcrumb\":{\"@id\":\"https:\\\/\\\/www.altercampagne.net\\\/?p=2177#breadcrumb\"},\"inLanguage\":\"fr-FR\",\"potentialAction\":[{\"@type\":\"ReadAction\",\"target\":[\"https:\\\/\\\/www.altercampagne.net\\\/?p=2177\"]}]},{\"@type\":\"ImageObject\",\"inLanguage\":\"fr-FR\",\"@id\":\"https:\\\/\\\/www.altercampagne.net\\\/?p=2177#primaryimage\",\"url\":\"http:\\\/\\\/www.altercampagne.net\\\/wp-content\\\/uploads\\\/2015\\\/10\\\/AT2016-carte-departements-selectionnes.jpg\",\"contentUrl\":\"http:\\\/\\\/www.altercampagne.net\\\/wp-content\\\/uploads\\\/2015\\\/10\\\/AT2016-carte-departements-selectionnes.jpg\"},{\"@type\":\"BreadcrumbList\",\"@id\":\"https:\\\/\\\/www.altercampagne.net\\\/?p=2177#breadcrumb\",\"itemListElement\":[{\"@type\":\"ListItem\",\"position\":1,\"name\":\"Accueil\",\"item\":\"https:\\\/\\\/www.altercampagne.net\\\/\"},{\"@type\":\"ListItem\",\"position\":2,\"name\":\"AlterTour 2016 : choix de la zone g\u00e9ographique\"}]},{\"@type\":\"WebSite\",\"@id\":\"https:\\\/\\\/www.altercampagne.net\\\/#website\",\"url\":\"https:\\\/\\\/www.altercampagne.net\\\/\",\"name\":\"AlterTour\",\"description\":\"Reliez les Alternatives \u00e0 v\u00e9lo\",\"potentialAction\":[{\"@type\":\"SearchAction\",\"target\":{\"@type\":\"EntryPoint\",\"urlTemplate\":\"https:\\\/\\\/www.altercampagne.net\\\/?s={search_term_string}\"},\"query-input\":{\"@type\":\"PropertyValueSpecification\",\"valueRequired\":true,\"valueName\":\"search_term_string\"}}],\"inLanguage\":\"fr-FR\"},{\"@type\":\"Person\",\"@id\":\"https:\\\/\\\/www.altercampagne.net\\\/#\\\/schema\\\/person\\\/0f261460c09e430caa0f9bcffa319109\",\"name\":\"Mathieu\",\"image\":{\"@type\":\"ImageObject\",\"inLanguage\":\"fr-FR\",\"@id\":\"https:\\\/\\\/secure.gravatar.com\\\/avatar\\\/aa9d3d24c83f2141e5e2709d0f63d09a99f6be6bb7a50abc4915838d9f54501a?s=96&d=mm&r=g\",\"url\":\"https:\\\/\\\/secure.gravatar.com\\\/avatar\\\/aa9d3d24c83f2141e5e2709d0f63d09a99f6be6bb7a50abc4915838d9f54501a?s=96&d=mm&r=g\",\"contentUrl\":\"https:\\\/\\\/secure.gravatar.com\\\/avatar\\\/aa9d3d24c83f2141e5e2709d0f63d09a99f6be6bb7a50abc4915838d9f54501a?s=96&d=mm&r=g\",\"caption\":\"Mathieu\"},\"url\":\"https:\\\/\\\/www.altercampagne.net\\\/?author=214\"}]}<\/script>\n<!-- \/ Yoast SEO plugin. -->","yoast_head_json":{"title":"AlterTour 2016 : choix de la zone g\u00e9ographique - AlterTour","robots":{"index":"index","follow":"follow","max-snippet":"max-snippet:-1","max-image-preview":"max-image-preview:large","max-video-preview":"max-video-preview:-1"},"canonical":"https:\/\/www.altercampagne.net\/?p=2177","og_locale":"fr_FR","og_type":"article","og_title":"AlterTour 2016 : choix de la zone g\u00e9ographique - AlterTour","og_description":"Suite \u00e0 la 1\u00e8re r\u00e9union de pr\u00e9paration de l\u2019AlterTour 2016, la zone g\u00e9ographique a \u00e9t\u00e9 d\u00e9finit ! Cet \u00e9t\u00e9 nous visiterons l\u2019ouest de la France : &#8211; &nbsp; &nbsp; &nbsp; &nbsp; &nbsp;Le Finist\u00e8re &#8211; &nbsp; &nbsp; &nbsp; &nbsp; &nbsp;Les C\u00f4tes d\u2019Armor &#8211; &nbsp; &nbsp; &nbsp; &nbsp; &nbsp;Le Morbihan &#8211; &nbsp; ... Read More","og_url":"https:\/\/www.altercampagne.net\/?p=2177","og_site_name":"AlterTour","article_published_time":"2015-10-02T13:56:50+00:00","article_modified_time":"2020-02-24T16:24:12+00:00","og_image":[{"url":"http:\/\/www.altercampagne.net\/wp-content\/uploads\/2015\/10\/AT2016-carte-departements-selectionnes.jpg","type":"","width":"","height":""}],"author":"Mathieu","twitter_card":"summary_large_image","twitter_misc":{"\u00c9crit par":"Mathieu","Dur\u00e9e de lecture estim\u00e9e":"2 minutes"},"schema":{"@context":"https:\/\/schema.org","@graph":[{"@type":"Article","@id":"https:\/\/www.altercampagne.net\/?p=2177#article","isPartOf":{"@id":"https:\/\/www.altercampagne.net\/?p=2177"},"author":{"name":"Mathieu","@id":"https:\/\/www.altercampagne.net\/#\/schema\/person\/0f261460c09e430caa0f9bcffa319109"},"headline":"AlterTour 2016 : choix de la zone g\u00e9ographique","datePublished":"2015-10-02T13:56:50+00:00","dateModified":"2020-02-24T16:24:12+00:00","mainEntityOfPage":{"@id":"https:\/\/www.altercampagne.net\/?p=2177"},"wordCount":483,"image":{"@id":"https:\/\/www.altercampagne.net\/?p=2177#primaryimage"},"thumbnailUrl":"http:\/\/www.altercampagne.net\/wp-content\/uploads\/2015\/10\/AT2016-carte-departements-selectionnes.jpg","keywords":["indymedia","C\u00f4tes-d'Armor","2016","pl\u00e9ni\u00e8res","r\u00e9seaux de transition","accueil paysan","energie partag\u00e9es","terre de liens","sortir du nucl\u00e9aire","compaillons","nature et progres","demeter","colibris","r\u00e9seau semences paysannes","demosphere","alternatiba","age de faire","passerelle eco","orne","mayenne","sarthe","loire atlantique","ille et vilaine","morbihan","finist\u00e8re","reporterre","AlterTour 2016","manche","Alternatives","revue Silence"],"articleSection":["WE de pr\u00e9paration","\u00c9dition 2016"],"inLanguage":"fr-FR"},{"@type":"WebPage","@id":"https:\/\/www.altercampagne.net\/?p=2177","url":"https:\/\/www.altercampagne.net\/?p=2177","name":"AlterTour 2016 : choix de la zone g\u00e9ographique - AlterTour","isPartOf":{"@id":"https:\/\/www.altercampagne.net\/#website"},"primaryImageOfPage":{"@id":"https:\/\/www.altercampagne.net\/?p=2177#primaryimage"},"image":{"@id":"https:\/\/www.altercampagne.net\/?p=2177#primaryimage"},"thumbnailUrl":"http:\/\/www.altercampagne.net\/wp-content\/uploads\/2015\/10\/AT2016-carte-departements-selectionnes.jpg","datePublished":"2015-10-02T13:56:50+00:00","dateModified":"2020-02-24T16:24:12+00:00","author":{"@id":"https:\/\/www.altercampagne.net\/#\/schema\/person\/0f261460c09e430caa0f9bcffa319109"},"breadcrumb":{"@id":"https:\/\/www.altercampagne.net\/?p=2177#breadcrumb"},"inLanguage":"fr-FR","potentialAction":[{"@type":"ReadAction","target":["https:\/\/www.altercampagne.net\/?p=2177"]}]},{"@type":"ImageObject","inLanguage":"fr-FR","@id":"https:\/\/www.altercampagne.net\/?p=2177#primaryimage","url":"http:\/\/www.altercampagne.net\/wp-content\/uploads\/2015\/10\/AT2016-carte-departements-selectionnes.jpg","contentUrl":"http:\/\/www.altercampagne.net\/wp-content\/uploads\/2015\/10\/AT2016-carte-departements-selectionnes.jpg"},{"@type":"BreadcrumbList","@id":"https:\/\/www.altercampagne.net\/?p=2177#breadcrumb","itemListElement":[{"@type":"ListItem","position":1,"name":"Accueil","item":"https:\/\/www.altercampagne.net\/"},{"@type":"ListItem","position":2,"name":"AlterTour 2016 : choix de la zone g\u00e9ographique"}]},{"@type":"WebSite","@id":"https:\/\/www.altercampagne.net\/#website","url":"https:\/\/www.altercampagne.net\/","name":"AlterTour","description":"Reliez les Alternatives \u00e0 v\u00e9lo","potentialAction":[{"@type":"SearchAction","target":{"@type":"EntryPoint","urlTemplate":"https:\/\/www.altercampagne.net\/?s={search_term_string}"},"query-input":{"@type":"PropertyValueSpecification","valueRequired":true,"valueName":"search_term_string"}}],"inLanguage":"fr-FR"},{"@type":"Person","@id":"https:\/\/www.altercampagne.net\/#\/schema\/person\/0f261460c09e430caa0f9bcffa319109","name":"Mathieu","image":{"@type":"ImageObject","inLanguage":"fr-FR","@id":"https:\/\/secure.gravatar.com\/avatar\/aa9d3d24c83f2141e5e2709d0f63d09a99f6be6bb7a50abc4915838d9f54501a?s=96&d=mm&r=g","url":"https:\/\/secure.gravatar.com\/avatar\/aa9d3d24c83f2141e5e2709d0f63d09a99f6be6bb7a50abc4915838d9f54501a?s=96&d=mm&r=g","contentUrl":"https:\/\/secure.gravatar.com\/avatar\/aa9d3d24c83f2141e5e2709d0f63d09a99f6be6bb7a50abc4915838d9f54501a?s=96&d=mm&r=g","caption":"Mathieu"},"url":"https:\/\/www.altercampagne.net\/?author=214"}]}},"_links":{"self":[{"href":"https:\/\/www.altercampagne.net\/index.php?rest_route=\/wp\/v2\/posts\/2177","targetHints":{"allow":["GET"]}}],"collection":[{"href":"https:\/\/www.altercampagne.net\/index.php?rest_route=\/wp\/v2\/posts"}],"about":[{"href":"https:\/\/www.altercampagne.net\/index.php?rest_route=\/wp\/v2\/types\/post"}],"author":[{"embeddable":true,"href":"https:\/\/www.altercampagne.net\/index.php?rest_route=\/wp\/v2\/users\/214"}],"replies":[{"embeddable":true,"href":"https:\/\/www.altercampagne.net\/index.php?rest_route=%2Fwp%2Fv2%2Fcomments&post=2177"}],"version-history":[{"count":1,"href":"https:\/\/www.altercampagne.net\/index.php?rest_route=\/wp\/v2\/posts\/2177\/revisions"}],"predecessor-version":[{"id":17450,"href":"https:\/\/www.altercampagne.net\/index.php?rest_route=\/wp\/v2\/posts\/2177\/revisions\/17450"}],"wp:attachment":[{"href":"https:\/\/www.altercampagne.net\/index.php?rest_route=%2Fwp%2Fv2%2Fmedia&parent=2177"}],"wp:term":[{"taxonomy":"category","embeddable":true,"href":"https:\/\/www.altercampagne.net\/index.php?rest_route=%2Fwp%2Fv2%2Fcategories&post=2177"},{"taxonomy":"post_tag","embeddable":true,"href":"https:\/\/www.altercampagne.net\/index.php?rest_route=%2Fwp%2Fv2%2Ftags&post=2177"}],"curies":[{"name":"wp","href":"https:\/\/api.w.org\/{rel}","templated":true}]}}