{"id":21836,"date":"2021-07-06T07:56:00","date_gmt":"2021-07-06T05:56:00","guid":{"rendered":"https:\/\/www.altercampagne.net\/?p=21836"},"modified":"2021-07-06T08:47:24","modified_gmt":"2021-07-06T06:47:24","slug":"hi-han-hi-han","status":"publish","type":"post","link":"https:\/\/www.altercampagne.net\/?p=21836","title":{"rendered":"Hi-Han Hi-Han !"},"content":{"rendered":"\n<p>Est-ce parce que les <strong>\u00e2nes<\/strong> braient qu\u2019on les retrouve si nombreux en <strong>pays de Bray<\/strong> ? Myst\u00e8re. En tout cas, ils r\u00e9pondent pr\u00e9sents pour des randonn\u00e9es ou la <strong>conduite de voitures omnibus<\/strong> \u00e0 l\u2019association du Coq \u00e0 l\u2019\u00e2ne ; leur <strong>lait est utilis\u00e9<\/strong> dans des produits de beaut\u00e9 chez Une F\u00e9e dans l\u2019Asinerie ; et ils sont <strong>mis \u00e0 contribution en traction animale<\/strong> chez les mara\u00eechers du Jardin des saint\u2019k sens, la Ferme de la Turbie et dans le potager d\u2019I.C.Art.<\/p>\n\n\n\n<p class=\"has-text-align-right\"><em>L\u2019esprit a autant besoin d\u2019\u00eatre nourri que l\u2019estomac. On ne peut pas choisir entre la <strong>culture et l\u2019agriculture<\/strong>, les deux sont aussi importants et, d\u2019ailleurs, ils sont en interaction, enchev\u00eatr\u00e9s et se r\u00e9pondent dans notre projet.<\/em><\/p>\n\n\n\n<h4 class=\"wp-block-heading\">Nature ou culture&#8230; Pourquoi choisir ?<\/h4>\n\n\n\n<p><strong><a href=\"http:\/\/i.c.art.free.fr\/\" target=\"_blank\" rel=\"noreferrer noopener\">I.C.Art<\/a><\/strong>, dont le nom condense <strong>I<\/strong>mage, <strong>C<\/strong>ulture et <strong>Art<\/strong>, est un <strong>\u00e9colieu<\/strong> qui a pour devise \u00ab\u00a0<em>les mains dans la terre, la t\u00eate dans les \u00e9toiles\u00a0\u00bb<\/em>. Il a \u00e9t\u00e9 fond\u00e9 \u00e0 Fontaine-en-Bray en 2004 par Laurence et Laurence, qui y habitent et l\u2019animent de mille activit\u00e9s.<\/p>\n\n\n\n<p class=\"has-text-align-right\"><em>Ce qui nous a motiv\u00e9es lors de la cr\u00e9ation du lieu est plus que jamais une lutte cruciale : contre notre rapport destructeur \u00e0 l\u2019environnement et contre le peu de place laiss\u00e9e \u00e0 la cr\u00e9ativit\u00e9 et \u00e0 l\u2019imaginaire. Ces deux aspects, <strong>nature et culture, sont li\u00e9s dans notre d\u00e9marche<\/strong>. Pour voir l\u2019humain comme une partie d\u2019un \u00e9cosyst\u00e8me complexe et en  \u00e9quilibre, et non plus se comporter comme des consommateurs pilleurs et pollueurs, il faut changer notre regard. Dans ce sens, l\u2019activit\u00e9 de photographie fait travailler notre \u0153il, en nous invitant \u00e0 regarder d\u2019abord et intervenir ensuit<\/em>e.<\/p>\n\n\n\n<h4 class=\"wp-block-heading\">Penser et valoriser le partage<\/h4>\n\n\n\n<p><strong>D\u00e9couverte de la faune et de la flore ou initiation \u00e0 l\u2019artisanat<\/strong>, il y en a pour tous les go\u00fbts. Des ateliers de cueillette et de cuisine, de vannerie ou de c\u00e9ramique, notamment \u00e0 <strong>destination des scolaires et des centres sociaux<\/strong>, un jardin partag\u00e9 pour les adh\u00e9rents, l\u2019accueil de festivals litt\u00e9raire ou de chant\u2026 \u00c7a fourmille !<\/p>\n\n\n\n<p class=\"has-text-align-right\"><em>Rechercher l\u2019essentiel faisait partie de nos objectifs en cr\u00e9ant I.C.Art et il nous tient aussi \u00e0 c\u0153ur de le partager. Nous r\u00eavons de <strong>toucher un public toujours plus large et plus divers<\/strong>.<\/em> <em>Notre essentiel n\u2019est pas le m\u00eame que celui du gouvernement !<\/em><\/p>\n\n\n\n<p>Nous rencontrerons les \u00e2nes et les \u00e2nesses d&rsquo;I.C.Art le 13 juillet \u00e0 Fontaine-en-Bray (76).<\/p>\n","protected":false},"excerpt":{"rendered":"<p>Est-ce parce que les \u00e2nes braient qu\u2019on les retrouve si nombreux en pays de Bray ? Myst\u00e8re. En tout cas, ils font partie des habitant.e.s d&rsquo;I.C.Art, l&rsquo;\u00e9colieu de Laurence et Laurence \u00e0 Fontaine en Bray !<\/p>\n","protected":false},"author":361,"featured_media":21590,"comment_status":"closed","ping_status":"closed","sticky":false,"template":"","format":"standard","meta":{"footnotes":""},"categories":[3483,4313,3490,4198,3478,3488],"tags":[],"class_list":["post-21836","post","type-post","status-publish","format-standard","has-post-thumbnail","hentry","category-agriculture","category-altertour","category-culture","category-edition-2021","category-normandie","category-social"],"yoast_head":"<!-- This site is optimized with the Yoast SEO plugin v27.3 - https:\/\/yoast.com\/product\/yoast-seo-wordpress\/ -->\n<title>Hi-Han Hi-Han ! - AlterTour<\/title>\n<meta name=\"robots\" content=\"index, follow, max-snippet:-1, max-image-preview:large, max-video-preview:-1\" \/>\n<link rel=\"canonical\" href=\"https:\/\/www.altercampagne.net\/?p=21836\" \/>\n<meta property=\"og:locale\" content=\"fr_FR\" \/>\n<meta property=\"og:type\" content=\"article\" \/>\n<meta property=\"og:title\" content=\"Hi-Han Hi-Han ! - AlterTour\" \/>\n<meta property=\"og:description\" content=\"Est-ce parce que les \u00e2nes braient qu\u2019on les retrouve si nombreux en pays de Bray ? Myst\u00e8re. En tout cas, ils font partie des habitant.e.s d&#039;I.C.Art, l&#039;\u00e9colieu de Laurence et Laurence \u00e0 Fontaine en Bray !\" \/>\n<meta property=\"og:url\" content=\"https:\/\/www.altercampagne.net\/?p=21836\" \/>\n<meta property=\"og:site_name\" content=\"AlterTour\" \/>\n<meta property=\"article:published_time\" content=\"2021-07-06T05:56:00+00:00\" \/>\n<meta property=\"article:modified_time\" content=\"2021-07-06T06:47:24+00:00\" \/>\n<meta property=\"og:image\" content=\"https:\/\/www.altercampagne.net\/wp-content\/uploads\/2021\/04\/2021-07-12-ICArt-1.jpg\" \/>\n\t<meta property=\"og:image:width\" content=\"1200\" \/>\n\t<meta property=\"og:image:height\" content=\"630\" \/>\n\t<meta property=\"og:image:type\" content=\"image\/jpeg\" \/>\n<meta name=\"author\" content=\"Pauline\" \/>\n<meta name=\"twitter:card\" content=\"summary_large_image\" \/>\n<meta name=\"twitter:label1\" content=\"\u00c9crit par\" \/>\n\t<meta name=\"twitter:data1\" content=\"Pauline\" \/>\n\t<meta name=\"twitter:label2\" content=\"Dur\u00e9e de lecture estim\u00e9e\" \/>\n\t<meta name=\"twitter:data2\" content=\"2 minutes\" \/>\n<script type=\"application\/ld+json\" class=\"yoast-schema-graph\">{\"@context\":\"https:\\\/\\\/schema.org\",\"@graph\":[{\"@type\":\"Article\",\"@id\":\"https:\\\/\\\/www.altercampagne.net\\\/?p=21836#article\",\"isPartOf\":{\"@id\":\"https:\\\/\\\/www.altercampagne.net\\\/?p=21836\"},\"author\":{\"name\":\"Pauline\",\"@id\":\"https:\\\/\\\/www.altercampagne.net\\\/#\\\/schema\\\/person\\\/caf30ed73e072285b8f761300370ddb5\"},\"headline\":\"Hi-Han Hi-Han !\",\"datePublished\":\"2021-07-06T05:56:00+00:00\",\"dateModified\":\"2021-07-06T06:47:24+00:00\",\"mainEntityOfPage\":{\"@id\":\"https:\\\/\\\/www.altercampagne.net\\\/?p=21836\"},\"wordCount\":422,\"image\":{\"@id\":\"https:\\\/\\\/www.altercampagne.net\\\/?p=21836#primaryimage\"},\"thumbnailUrl\":\"https:\\\/\\\/www.altercampagne.net\\\/wp-content\\\/uploads\\\/2021\\\/04\\\/2021-07-12-ICArt-1.jpg\",\"articleSection\":[\"Agriculture\",\"AlterTour\",\"Culture\",\"Edition 2021\",\"Normandie\",\"Social\"],\"inLanguage\":\"fr-FR\"},{\"@type\":\"WebPage\",\"@id\":\"https:\\\/\\\/www.altercampagne.net\\\/?p=21836\",\"url\":\"https:\\\/\\\/www.altercampagne.net\\\/?p=21836\",\"name\":\"Hi-Han Hi-Han ! - AlterTour\",\"isPartOf\":{\"@id\":\"https:\\\/\\\/www.altercampagne.net\\\/#website\"},\"primaryImageOfPage\":{\"@id\":\"https:\\\/\\\/www.altercampagne.net\\\/?p=21836#primaryimage\"},\"image\":{\"@id\":\"https:\\\/\\\/www.altercampagne.net\\\/?p=21836#primaryimage\"},\"thumbnailUrl\":\"https:\\\/\\\/www.altercampagne.net\\\/wp-content\\\/uploads\\\/2021\\\/04\\\/2021-07-12-ICArt-1.jpg\",\"datePublished\":\"2021-07-06T05:56:00+00:00\",\"dateModified\":\"2021-07-06T06:47:24+00:00\",\"author\":{\"@id\":\"https:\\\/\\\/www.altercampagne.net\\\/#\\\/schema\\\/person\\\/caf30ed73e072285b8f761300370ddb5\"},\"breadcrumb\":{\"@id\":\"https:\\\/\\\/www.altercampagne.net\\\/?p=21836#breadcrumb\"},\"inLanguage\":\"fr-FR\",\"potentialAction\":[{\"@type\":\"ReadAction\",\"target\":[\"https:\\\/\\\/www.altercampagne.net\\\/?p=21836\"]}]},{\"@type\":\"ImageObject\",\"inLanguage\":\"fr-FR\",\"@id\":\"https:\\\/\\\/www.altercampagne.net\\\/?p=21836#primaryimage\",\"url\":\"https:\\\/\\\/www.altercampagne.net\\\/wp-content\\\/uploads\\\/2021\\\/04\\\/2021-07-12-ICArt-1.jpg\",\"contentUrl\":\"https:\\\/\\\/www.altercampagne.net\\\/wp-content\\\/uploads\\\/2021\\\/04\\\/2021-07-12-ICArt-1.jpg\",\"width\":1200,\"height\":630,\"caption\":\"Photo pour illustrer l'article de blog\"},{\"@type\":\"BreadcrumbList\",\"@id\":\"https:\\\/\\\/www.altercampagne.net\\\/?p=21836#breadcrumb\",\"itemListElement\":[{\"@type\":\"ListItem\",\"position\":1,\"name\":\"Accueil\",\"item\":\"https:\\\/\\\/www.altercampagne.net\\\/\"},{\"@type\":\"ListItem\",\"position\":2,\"name\":\"Hi-Han Hi-Han !\"}]},{\"@type\":\"WebSite\",\"@id\":\"https:\\\/\\\/www.altercampagne.net\\\/#website\",\"url\":\"https:\\\/\\\/www.altercampagne.net\\\/\",\"name\":\"AlterTour\",\"description\":\"Reliez les Alternatives \u00e0 v\u00e9lo\",\"potentialAction\":[{\"@type\":\"SearchAction\",\"target\":{\"@type\":\"EntryPoint\",\"urlTemplate\":\"https:\\\/\\\/www.altercampagne.net\\\/?s={search_term_string}\"},\"query-input\":{\"@type\":\"PropertyValueSpecification\",\"valueRequired\":true,\"valueName\":\"search_term_string\"}}],\"inLanguage\":\"fr-FR\"},{\"@type\":\"Person\",\"@id\":\"https:\\\/\\\/www.altercampagne.net\\\/#\\\/schema\\\/person\\\/caf30ed73e072285b8f761300370ddb5\",\"name\":\"Pauline\",\"image\":{\"@type\":\"ImageObject\",\"inLanguage\":\"fr-FR\",\"@id\":\"https:\\\/\\\/secure.gravatar.com\\\/avatar\\\/f84b78638c34b3d6ac7339a8ef00413d11da3b09ee578a762504104ff060cde7?s=96&d=mm&r=g\",\"url\":\"https:\\\/\\\/secure.gravatar.com\\\/avatar\\\/f84b78638c34b3d6ac7339a8ef00413d11da3b09ee578a762504104ff060cde7?s=96&d=mm&r=g\",\"contentUrl\":\"https:\\\/\\\/secure.gravatar.com\\\/avatar\\\/f84b78638c34b3d6ac7339a8ef00413d11da3b09ee578a762504104ff060cde7?s=96&d=mm&r=g\",\"caption\":\"Pauline\"},\"url\":\"https:\\\/\\\/www.altercampagne.net\\\/?author=361\"}]}<\/script>\n<!-- \/ Yoast SEO plugin. -->","yoast_head_json":{"title":"Hi-Han Hi-Han ! - AlterTour","robots":{"index":"index","follow":"follow","max-snippet":"max-snippet:-1","max-image-preview":"max-image-preview:large","max-video-preview":"max-video-preview:-1"},"canonical":"https:\/\/www.altercampagne.net\/?p=21836","og_locale":"fr_FR","og_type":"article","og_title":"Hi-Han Hi-Han ! - AlterTour","og_description":"Est-ce parce que les \u00e2nes braient qu\u2019on les retrouve si nombreux en pays de Bray ? Myst\u00e8re. En tout cas, ils font partie des habitant.e.s d'I.C.Art, l'\u00e9colieu de Laurence et Laurence \u00e0 Fontaine en Bray !","og_url":"https:\/\/www.altercampagne.net\/?p=21836","og_site_name":"AlterTour","article_published_time":"2021-07-06T05:56:00+00:00","article_modified_time":"2021-07-06T06:47:24+00:00","og_image":[{"width":1200,"height":630,"url":"https:\/\/www.altercampagne.net\/wp-content\/uploads\/2021\/04\/2021-07-12-ICArt-1.jpg","type":"image\/jpeg"}],"author":"Pauline","twitter_card":"summary_large_image","twitter_misc":{"\u00c9crit par":"Pauline","Dur\u00e9e de lecture estim\u00e9e":"2 minutes"},"schema":{"@context":"https:\/\/schema.org","@graph":[{"@type":"Article","@id":"https:\/\/www.altercampagne.net\/?p=21836#article","isPartOf":{"@id":"https:\/\/www.altercampagne.net\/?p=21836"},"author":{"name":"Pauline","@id":"https:\/\/www.altercampagne.net\/#\/schema\/person\/caf30ed73e072285b8f761300370ddb5"},"headline":"Hi-Han Hi-Han !","datePublished":"2021-07-06T05:56:00+00:00","dateModified":"2021-07-06T06:47:24+00:00","mainEntityOfPage":{"@id":"https:\/\/www.altercampagne.net\/?p=21836"},"wordCount":422,"image":{"@id":"https:\/\/www.altercampagne.net\/?p=21836#primaryimage"},"thumbnailUrl":"https:\/\/www.altercampagne.net\/wp-content\/uploads\/2021\/04\/2021-07-12-ICArt-1.jpg","articleSection":["Agriculture","AlterTour","Culture","Edition 2021","Normandie","Social"],"inLanguage":"fr-FR"},{"@type":"WebPage","@id":"https:\/\/www.altercampagne.net\/?p=21836","url":"https:\/\/www.altercampagne.net\/?p=21836","name":"Hi-Han Hi-Han ! - AlterTour","isPartOf":{"@id":"https:\/\/www.altercampagne.net\/#website"},"primaryImageOfPage":{"@id":"https:\/\/www.altercampagne.net\/?p=21836#primaryimage"},"image":{"@id":"https:\/\/www.altercampagne.net\/?p=21836#primaryimage"},"thumbnailUrl":"https:\/\/www.altercampagne.net\/wp-content\/uploads\/2021\/04\/2021-07-12-ICArt-1.jpg","datePublished":"2021-07-06T05:56:00+00:00","dateModified":"2021-07-06T06:47:24+00:00","author":{"@id":"https:\/\/www.altercampagne.net\/#\/schema\/person\/caf30ed73e072285b8f761300370ddb5"},"breadcrumb":{"@id":"https:\/\/www.altercampagne.net\/?p=21836#breadcrumb"},"inLanguage":"fr-FR","potentialAction":[{"@type":"ReadAction","target":["https:\/\/www.altercampagne.net\/?p=21836"]}]},{"@type":"ImageObject","inLanguage":"fr-FR","@id":"https:\/\/www.altercampagne.net\/?p=21836#primaryimage","url":"https:\/\/www.altercampagne.net\/wp-content\/uploads\/2021\/04\/2021-07-12-ICArt-1.jpg","contentUrl":"https:\/\/www.altercampagne.net\/wp-content\/uploads\/2021\/04\/2021-07-12-ICArt-1.jpg","width":1200,"height":630,"caption":"Photo pour illustrer l'article de blog"},{"@type":"BreadcrumbList","@id":"https:\/\/www.altercampagne.net\/?p=21836#breadcrumb","itemListElement":[{"@type":"ListItem","position":1,"name":"Accueil","item":"https:\/\/www.altercampagne.net\/"},{"@type":"ListItem","position":2,"name":"Hi-Han Hi-Han !"}]},{"@type":"WebSite","@id":"https:\/\/www.altercampagne.net\/#website","url":"https:\/\/www.altercampagne.net\/","name":"AlterTour","description":"Reliez les Alternatives \u00e0 v\u00e9lo","potentialAction":[{"@type":"SearchAction","target":{"@type":"EntryPoint","urlTemplate":"https:\/\/www.altercampagne.net\/?s={search_term_string}"},"query-input":{"@type":"PropertyValueSpecification","valueRequired":true,"valueName":"search_term_string"}}],"inLanguage":"fr-FR"},{"@type":"Person","@id":"https:\/\/www.altercampagne.net\/#\/schema\/person\/caf30ed73e072285b8f761300370ddb5","name":"Pauline","image":{"@type":"ImageObject","inLanguage":"fr-FR","@id":"https:\/\/secure.gravatar.com\/avatar\/f84b78638c34b3d6ac7339a8ef00413d11da3b09ee578a762504104ff060cde7?s=96&d=mm&r=g","url":"https:\/\/secure.gravatar.com\/avatar\/f84b78638c34b3d6ac7339a8ef00413d11da3b09ee578a762504104ff060cde7?s=96&d=mm&r=g","contentUrl":"https:\/\/secure.gravatar.com\/avatar\/f84b78638c34b3d6ac7339a8ef00413d11da3b09ee578a762504104ff060cde7?s=96&d=mm&r=g","caption":"Pauline"},"url":"https:\/\/www.altercampagne.net\/?author=361"}]}},"_links":{"self":[{"href":"https:\/\/www.altercampagne.net\/index.php?rest_route=\/wp\/v2\/posts\/21836","targetHints":{"allow":["GET"]}}],"collection":[{"href":"https:\/\/www.altercampagne.net\/index.php?rest_route=\/wp\/v2\/posts"}],"about":[{"href":"https:\/\/www.altercampagne.net\/index.php?rest_route=\/wp\/v2\/types\/post"}],"author":[{"embeddable":true,"href":"https:\/\/www.altercampagne.net\/index.php?rest_route=\/wp\/v2\/users\/361"}],"replies":[{"embeddable":true,"href":"https:\/\/www.altercampagne.net\/index.php?rest_route=%2Fwp%2Fv2%2Fcomments&post=21836"}],"version-history":[{"count":3,"href":"https:\/\/www.altercampagne.net\/index.php?rest_route=\/wp\/v2\/posts\/21836\/revisions"}],"predecessor-version":[{"id":21866,"href":"https:\/\/www.altercampagne.net\/index.php?rest_route=\/wp\/v2\/posts\/21836\/revisions\/21866"}],"wp:featuredmedia":[{"embeddable":true,"href":"https:\/\/www.altercampagne.net\/index.php?rest_route=\/wp\/v2\/media\/21590"}],"wp:attachment":[{"href":"https:\/\/www.altercampagne.net\/index.php?rest_route=%2Fwp%2Fv2%2Fmedia&parent=21836"}],"wp:term":[{"taxonomy":"category","embeddable":true,"href":"https:\/\/www.altercampagne.net\/index.php?rest_route=%2Fwp%2Fv2%2Fcategories&post=21836"},{"taxonomy":"post_tag","embeddable":true,"href":"https:\/\/www.altercampagne.net\/index.php?rest_route=%2Fwp%2Fv2%2Ftags&post=21836"}],"curies":[{"name":"wp","href":"https:\/\/api.w.org\/{rel}","templated":true}]}}