{"id":21856,"date":"2021-05-03T11:35:00","date_gmt":"2021-05-03T09:35:00","guid":{"rendered":"https:\/\/www.altercampagne.net\/?p=21856"},"modified":"2021-05-10T11:45:15","modified_gmt":"2021-05-10T09:45:15","slug":"annulation-du-bieretour-2021","status":"publish","type":"post","link":"https:\/\/www.altercampagne.net\/?p=21856","title":{"rendered":"Annulation du Bi\u00e8reTour 2021"},"content":{"rendered":"\n<p>Avec l&rsquo;\u00e9quipe de b\u00e9n\u00e9voles, nous avions choisi la date du 3 mai comme date butoir pour prendre une d\u00e9cision quant \u00e0 la tenue ou non de l&rsquo;\u00e9v\u00e9nement.\u00a0Nous devons nous rendre \u00e0 l&rsquo;\u00e9vidence : il ne sera pas possible de r\u00e9aliser le Bi\u00e8reTour 2021 comme pr\u00e9vu, nous sommes contraints\u00a0de l&rsquo;annuler une nouvelle fois :'(<\/p>\n\n\n\n<p><br>Pour le moment, nous ne pouvons pas imaginer le reporter \u00e0 une date ult\u00e9rieure, on pr\u00e9f\u00e8re donc simplement dire qu&rsquo;il est annul\u00e9.<br>On aura pourtant tout fait pour &#8211; deux ann\u00e9es de suite m\u00eame &#8211; on avait vraiment envie vivre cette aventure, mais il y a des choses qui ne d\u00e9pendent pas de nous&#8230;<\/p>\n\n\n\n<p><\/p>\n\n\n\n<p>Les personnes inscrites peuvent se faire rembourser ou reporter leur inscription sur l&rsquo;AlterTour 2021 (dans la mesure des places disponibles). <\/p>\n","protected":false},"excerpt":{"rendered":"<p>Avec l&rsquo;\u00e9quipe de b\u00e9n\u00e9voles, nous avions choisi la date du 3 mai comme date butoir pour prendre une d\u00e9cision quant \u00e0 la tenue ou non de l&rsquo;\u00e9v\u00e9nement.\u00a0Nous devons nous rendre \u00e0 l&rsquo;\u00e9vidence : il ne sera pas possible de r\u00e9aliser le Bi\u00e8reTour 2021 comme pr\u00e9vu, nous sommes contraints\u00a0de l&rsquo;annuler une &#8230; <\/p>\n<div><a href=\"https:\/\/www.altercampagne.net\/?p=21856\" class=\"more-link\">Read More<\/a><\/div>\n","protected":false},"author":214,"featured_media":21859,"comment_status":"closed","ping_status":"closed","sticky":false,"template":"","format":"standard","meta":{"footnotes":""},"categories":[3471,3495,3574,4037,4198],"tags":[],"class_list":["post-21856","post","type-post","status-publish","format-standard","has-post-thumbnail","hentry","category-auvergne-rhone-alpes","category-bourgogne-franche-comte","category-bieretour","category-biere","category-edition-2021"],"yoast_head":"<!-- This site is optimized with the Yoast SEO plugin v27.3 - https:\/\/yoast.com\/product\/yoast-seo-wordpress\/ -->\n<title>Annulation du Bi\u00e8reTour 2021 - AlterTour<\/title>\n<meta name=\"robots\" content=\"index, follow, max-snippet:-1, max-image-preview:large, max-video-preview:-1\" \/>\n<link rel=\"canonical\" href=\"https:\/\/www.altercampagne.net\/?p=21856\" \/>\n<meta property=\"og:locale\" content=\"fr_FR\" \/>\n<meta property=\"og:type\" content=\"article\" \/>\n<meta property=\"og:title\" content=\"Annulation du Bi\u00e8reTour 2021 - AlterTour\" \/>\n<meta property=\"og:description\" content=\"Avec l&rsquo;\u00e9quipe de b\u00e9n\u00e9voles, nous avions choisi la date du 3 mai comme date butoir pour prendre une d\u00e9cision quant \u00e0 la tenue ou non de l&rsquo;\u00e9v\u00e9nement.\u00a0Nous devons nous rendre \u00e0 l&rsquo;\u00e9vidence : il ne sera pas possible de r\u00e9aliser le Bi\u00e8reTour 2021 comme pr\u00e9vu, nous sommes contraints\u00a0de l&rsquo;annuler une ... Read More\" \/>\n<meta property=\"og:url\" content=\"https:\/\/www.altercampagne.net\/?p=21856\" \/>\n<meta property=\"og:site_name\" content=\"AlterTour\" \/>\n<meta property=\"article:published_time\" content=\"2021-05-03T09:35:00+00:00\" \/>\n<meta property=\"article:modified_time\" content=\"2021-05-10T09:45:15+00:00\" \/>\n<meta property=\"og:image\" content=\"https:\/\/www.altercampagne.net\/wp-content\/uploads\/2021\/05\/Annulation-BT2021.jpg\" \/>\n\t<meta property=\"og:image:width\" content=\"1200\" \/>\n\t<meta property=\"og:image:height\" content=\"630\" \/>\n\t<meta property=\"og:image:type\" content=\"image\/jpeg\" \/>\n<meta name=\"author\" content=\"Mathieu\" \/>\n<meta name=\"twitter:card\" content=\"summary_large_image\" \/>\n<meta name=\"twitter:label1\" content=\"\u00c9crit par\" \/>\n\t<meta name=\"twitter:data1\" content=\"Mathieu\" \/>\n\t<meta name=\"twitter:label2\" content=\"Dur\u00e9e de lecture estim\u00e9e\" \/>\n\t<meta name=\"twitter:data2\" content=\"1 minute\" \/>\n<script type=\"application\/ld+json\" class=\"yoast-schema-graph\">{\"@context\":\"https:\\\/\\\/schema.org\",\"@graph\":[{\"@type\":\"Article\",\"@id\":\"https:\\\/\\\/www.altercampagne.net\\\/?p=21856#article\",\"isPartOf\":{\"@id\":\"https:\\\/\\\/www.altercampagne.net\\\/?p=21856\"},\"author\":{\"name\":\"Mathieu\",\"@id\":\"https:\\\/\\\/www.altercampagne.net\\\/#\\\/schema\\\/person\\\/0f261460c09e430caa0f9bcffa319109\"},\"headline\":\"Annulation du Bi\u00e8reTour 2021\",\"datePublished\":\"2021-05-03T09:35:00+00:00\",\"dateModified\":\"2021-05-10T09:45:15+00:00\",\"mainEntityOfPage\":{\"@id\":\"https:\\\/\\\/www.altercampagne.net\\\/?p=21856\"},\"wordCount\":144,\"image\":{\"@id\":\"https:\\\/\\\/www.altercampagne.net\\\/?p=21856#primaryimage\"},\"thumbnailUrl\":\"https:\\\/\\\/www.altercampagne.net\\\/wp-content\\\/uploads\\\/2021\\\/05\\\/Annulation-BT2021.jpg\",\"articleSection\":[\"Auvergne-Rh\u00f4ne-Alpes\",\"Bourgogne-Franche-Comt\u00e9\",\"Bi\u00e8reTour\",\"Bi\u00e8re\",\"Edition 2021\"],\"inLanguage\":\"fr-FR\"},{\"@type\":\"WebPage\",\"@id\":\"https:\\\/\\\/www.altercampagne.net\\\/?p=21856\",\"url\":\"https:\\\/\\\/www.altercampagne.net\\\/?p=21856\",\"name\":\"Annulation du Bi\u00e8reTour 2021 - AlterTour\",\"isPartOf\":{\"@id\":\"https:\\\/\\\/www.altercampagne.net\\\/#website\"},\"primaryImageOfPage\":{\"@id\":\"https:\\\/\\\/www.altercampagne.net\\\/?p=21856#primaryimage\"},\"image\":{\"@id\":\"https:\\\/\\\/www.altercampagne.net\\\/?p=21856#primaryimage\"},\"thumbnailUrl\":\"https:\\\/\\\/www.altercampagne.net\\\/wp-content\\\/uploads\\\/2021\\\/05\\\/Annulation-BT2021.jpg\",\"datePublished\":\"2021-05-03T09:35:00+00:00\",\"dateModified\":\"2021-05-10T09:45:15+00:00\",\"author\":{\"@id\":\"https:\\\/\\\/www.altercampagne.net\\\/#\\\/schema\\\/person\\\/0f261460c09e430caa0f9bcffa319109\"},\"breadcrumb\":{\"@id\":\"https:\\\/\\\/www.altercampagne.net\\\/?p=21856#breadcrumb\"},\"inLanguage\":\"fr-FR\",\"potentialAction\":[{\"@type\":\"ReadAction\",\"target\":[\"https:\\\/\\\/www.altercampagne.net\\\/?p=21856\"]}]},{\"@type\":\"ImageObject\",\"inLanguage\":\"fr-FR\",\"@id\":\"https:\\\/\\\/www.altercampagne.net\\\/?p=21856#primaryimage\",\"url\":\"https:\\\/\\\/www.altercampagne.net\\\/wp-content\\\/uploads\\\/2021\\\/05\\\/Annulation-BT2021.jpg\",\"contentUrl\":\"https:\\\/\\\/www.altercampagne.net\\\/wp-content\\\/uploads\\\/2021\\\/05\\\/Annulation-BT2021.jpg\",\"width\":1200,\"height\":630},{\"@type\":\"BreadcrumbList\",\"@id\":\"https:\\\/\\\/www.altercampagne.net\\\/?p=21856#breadcrumb\",\"itemListElement\":[{\"@type\":\"ListItem\",\"position\":1,\"name\":\"Accueil\",\"item\":\"https:\\\/\\\/www.altercampagne.net\\\/\"},{\"@type\":\"ListItem\",\"position\":2,\"name\":\"Annulation du Bi\u00e8reTour 2021\"}]},{\"@type\":\"WebSite\",\"@id\":\"https:\\\/\\\/www.altercampagne.net\\\/#website\",\"url\":\"https:\\\/\\\/www.altercampagne.net\\\/\",\"name\":\"AlterTour\",\"description\":\"Reliez les Alternatives \u00e0 v\u00e9lo\",\"potentialAction\":[{\"@type\":\"SearchAction\",\"target\":{\"@type\":\"EntryPoint\",\"urlTemplate\":\"https:\\\/\\\/www.altercampagne.net\\\/?s={search_term_string}\"},\"query-input\":{\"@type\":\"PropertyValueSpecification\",\"valueRequired\":true,\"valueName\":\"search_term_string\"}}],\"inLanguage\":\"fr-FR\"},{\"@type\":\"Person\",\"@id\":\"https:\\\/\\\/www.altercampagne.net\\\/#\\\/schema\\\/person\\\/0f261460c09e430caa0f9bcffa319109\",\"name\":\"Mathieu\",\"image\":{\"@type\":\"ImageObject\",\"inLanguage\":\"fr-FR\",\"@id\":\"https:\\\/\\\/secure.gravatar.com\\\/avatar\\\/aa9d3d24c83f2141e5e2709d0f63d09a99f6be6bb7a50abc4915838d9f54501a?s=96&d=mm&r=g\",\"url\":\"https:\\\/\\\/secure.gravatar.com\\\/avatar\\\/aa9d3d24c83f2141e5e2709d0f63d09a99f6be6bb7a50abc4915838d9f54501a?s=96&d=mm&r=g\",\"contentUrl\":\"https:\\\/\\\/secure.gravatar.com\\\/avatar\\\/aa9d3d24c83f2141e5e2709d0f63d09a99f6be6bb7a50abc4915838d9f54501a?s=96&d=mm&r=g\",\"caption\":\"Mathieu\"},\"url\":\"https:\\\/\\\/www.altercampagne.net\\\/?author=214\"}]}<\/script>\n<!-- \/ Yoast SEO plugin. -->","yoast_head_json":{"title":"Annulation du Bi\u00e8reTour 2021 - AlterTour","robots":{"index":"index","follow":"follow","max-snippet":"max-snippet:-1","max-image-preview":"max-image-preview:large","max-video-preview":"max-video-preview:-1"},"canonical":"https:\/\/www.altercampagne.net\/?p=21856","og_locale":"fr_FR","og_type":"article","og_title":"Annulation du Bi\u00e8reTour 2021 - AlterTour","og_description":"Avec l&rsquo;\u00e9quipe de b\u00e9n\u00e9voles, nous avions choisi la date du 3 mai comme date butoir pour prendre une d\u00e9cision quant \u00e0 la tenue ou non de l&rsquo;\u00e9v\u00e9nement.\u00a0Nous devons nous rendre \u00e0 l&rsquo;\u00e9vidence : il ne sera pas possible de r\u00e9aliser le Bi\u00e8reTour 2021 comme pr\u00e9vu, nous sommes contraints\u00a0de l&rsquo;annuler une ... Read More","og_url":"https:\/\/www.altercampagne.net\/?p=21856","og_site_name":"AlterTour","article_published_time":"2021-05-03T09:35:00+00:00","article_modified_time":"2021-05-10T09:45:15+00:00","og_image":[{"width":1200,"height":630,"url":"https:\/\/www.altercampagne.net\/wp-content\/uploads\/2021\/05\/Annulation-BT2021.jpg","type":"image\/jpeg"}],"author":"Mathieu","twitter_card":"summary_large_image","twitter_misc":{"\u00c9crit par":"Mathieu","Dur\u00e9e de lecture estim\u00e9e":"1 minute"},"schema":{"@context":"https:\/\/schema.org","@graph":[{"@type":"Article","@id":"https:\/\/www.altercampagne.net\/?p=21856#article","isPartOf":{"@id":"https:\/\/www.altercampagne.net\/?p=21856"},"author":{"name":"Mathieu","@id":"https:\/\/www.altercampagne.net\/#\/schema\/person\/0f261460c09e430caa0f9bcffa319109"},"headline":"Annulation du Bi\u00e8reTour 2021","datePublished":"2021-05-03T09:35:00+00:00","dateModified":"2021-05-10T09:45:15+00:00","mainEntityOfPage":{"@id":"https:\/\/www.altercampagne.net\/?p=21856"},"wordCount":144,"image":{"@id":"https:\/\/www.altercampagne.net\/?p=21856#primaryimage"},"thumbnailUrl":"https:\/\/www.altercampagne.net\/wp-content\/uploads\/2021\/05\/Annulation-BT2021.jpg","articleSection":["Auvergne-Rh\u00f4ne-Alpes","Bourgogne-Franche-Comt\u00e9","Bi\u00e8reTour","Bi\u00e8re","Edition 2021"],"inLanguage":"fr-FR"},{"@type":"WebPage","@id":"https:\/\/www.altercampagne.net\/?p=21856","url":"https:\/\/www.altercampagne.net\/?p=21856","name":"Annulation du Bi\u00e8reTour 2021 - AlterTour","isPartOf":{"@id":"https:\/\/www.altercampagne.net\/#website"},"primaryImageOfPage":{"@id":"https:\/\/www.altercampagne.net\/?p=21856#primaryimage"},"image":{"@id":"https:\/\/www.altercampagne.net\/?p=21856#primaryimage"},"thumbnailUrl":"https:\/\/www.altercampagne.net\/wp-content\/uploads\/2021\/05\/Annulation-BT2021.jpg","datePublished":"2021-05-03T09:35:00+00:00","dateModified":"2021-05-10T09:45:15+00:00","author":{"@id":"https:\/\/www.altercampagne.net\/#\/schema\/person\/0f261460c09e430caa0f9bcffa319109"},"breadcrumb":{"@id":"https:\/\/www.altercampagne.net\/?p=21856#breadcrumb"},"inLanguage":"fr-FR","potentialAction":[{"@type":"ReadAction","target":["https:\/\/www.altercampagne.net\/?p=21856"]}]},{"@type":"ImageObject","inLanguage":"fr-FR","@id":"https:\/\/www.altercampagne.net\/?p=21856#primaryimage","url":"https:\/\/www.altercampagne.net\/wp-content\/uploads\/2021\/05\/Annulation-BT2021.jpg","contentUrl":"https:\/\/www.altercampagne.net\/wp-content\/uploads\/2021\/05\/Annulation-BT2021.jpg","width":1200,"height":630},{"@type":"BreadcrumbList","@id":"https:\/\/www.altercampagne.net\/?p=21856#breadcrumb","itemListElement":[{"@type":"ListItem","position":1,"name":"Accueil","item":"https:\/\/www.altercampagne.net\/"},{"@type":"ListItem","position":2,"name":"Annulation du Bi\u00e8reTour 2021"}]},{"@type":"WebSite","@id":"https:\/\/www.altercampagne.net\/#website","url":"https:\/\/www.altercampagne.net\/","name":"AlterTour","description":"Reliez les Alternatives \u00e0 v\u00e9lo","potentialAction":[{"@type":"SearchAction","target":{"@type":"EntryPoint","urlTemplate":"https:\/\/www.altercampagne.net\/?s={search_term_string}"},"query-input":{"@type":"PropertyValueSpecification","valueRequired":true,"valueName":"search_term_string"}}],"inLanguage":"fr-FR"},{"@type":"Person","@id":"https:\/\/www.altercampagne.net\/#\/schema\/person\/0f261460c09e430caa0f9bcffa319109","name":"Mathieu","image":{"@type":"ImageObject","inLanguage":"fr-FR","@id":"https:\/\/secure.gravatar.com\/avatar\/aa9d3d24c83f2141e5e2709d0f63d09a99f6be6bb7a50abc4915838d9f54501a?s=96&d=mm&r=g","url":"https:\/\/secure.gravatar.com\/avatar\/aa9d3d24c83f2141e5e2709d0f63d09a99f6be6bb7a50abc4915838d9f54501a?s=96&d=mm&r=g","contentUrl":"https:\/\/secure.gravatar.com\/avatar\/aa9d3d24c83f2141e5e2709d0f63d09a99f6be6bb7a50abc4915838d9f54501a?s=96&d=mm&r=g","caption":"Mathieu"},"url":"https:\/\/www.altercampagne.net\/?author=214"}]}},"_links":{"self":[{"href":"https:\/\/www.altercampagne.net\/index.php?rest_route=\/wp\/v2\/posts\/21856","targetHints":{"allow":["GET"]}}],"collection":[{"href":"https:\/\/www.altercampagne.net\/index.php?rest_route=\/wp\/v2\/posts"}],"about":[{"href":"https:\/\/www.altercampagne.net\/index.php?rest_route=\/wp\/v2\/types\/post"}],"author":[{"embeddable":true,"href":"https:\/\/www.altercampagne.net\/index.php?rest_route=\/wp\/v2\/users\/214"}],"replies":[{"embeddable":true,"href":"https:\/\/www.altercampagne.net\/index.php?rest_route=%2Fwp%2Fv2%2Fcomments&post=21856"}],"version-history":[{"count":1,"href":"https:\/\/www.altercampagne.net\/index.php?rest_route=\/wp\/v2\/posts\/21856\/revisions"}],"predecessor-version":[{"id":21861,"href":"https:\/\/www.altercampagne.net\/index.php?rest_route=\/wp\/v2\/posts\/21856\/revisions\/21861"}],"wp:featuredmedia":[{"embeddable":true,"href":"https:\/\/www.altercampagne.net\/index.php?rest_route=\/wp\/v2\/media\/21859"}],"wp:attachment":[{"href":"https:\/\/www.altercampagne.net\/index.php?rest_route=%2Fwp%2Fv2%2Fmedia&parent=21856"}],"wp:term":[{"taxonomy":"category","embeddable":true,"href":"https:\/\/www.altercampagne.net\/index.php?rest_route=%2Fwp%2Fv2%2Fcategories&post=21856"},{"taxonomy":"post_tag","embeddable":true,"href":"https:\/\/www.altercampagne.net\/index.php?rest_route=%2Fwp%2Fv2%2Ftags&post=21856"}],"curies":[{"name":"wp","href":"https:\/\/api.w.org\/{rel}","templated":true}]}}